{"id":191426,"date":"2022-02-17T13:28:17","date_gmt":"2022-02-17T16:28:17","guid":{"rendered":"https:\/\/franciscanos.org.br\/vidacrista\/?p=191426"},"modified":"2022-02-18T05:54:40","modified_gmt":"2022-02-18T08:54:40","slug":"tome-a-sua-cruz-e-siga-me-a-metafora-da-vitoria","status":"publish","type":"post","link":"https:\/\/franciscanos.org.br\/vidacrista\/tome-a-sua-cruz-e-siga-me-a-metafora-da-vitoria\/","title":{"rendered":"Tome a sua cruz e siga-me! A met\u00e1fora da vit\u00f3ria!"},"content":{"rendered":"<div id=\"attachment_191427\" style=\"width: 850px\" class=\"wp-caption alignnone\"><img aria-describedby=\"caption-attachment-191427\" decoding=\"async\" loading=\"lazy\" class=\"wp-image-191427 size-full\" src=\"https:\/\/franciscanos.org.br\/vidacrista\/wp-content\/uploads\/2022\/02\/artigo_jacir.png\" alt=\"\" width=\"840\" height=\"450\" srcset=\"https:\/\/franciscanos.org.br\/vidacrista\/wp-content\/uploads\/2022\/02\/artigo_jacir.png 840w, https:\/\/franciscanos.org.br\/vidacrista\/wp-content\/uploads\/2022\/02\/artigo_jacir-450x241.png 450w, https:\/\/franciscanos.org.br\/vidacrista\/wp-content\/uploads\/2022\/02\/artigo_jacir-768x411.png 768w, https:\/\/franciscanos.org.br\/vidacrista\/wp-content\/uploads\/2022\/02\/artigo_jacir-150x80.png 150w\" sizes=\"(max-width: 840px) 100vw, 840px\" \/><p id=\"caption-attachment-191427\" class=\"wp-caption-text\"><em>\u00a0 \u00a0 \u00a0 \u00a0 \u00a0 \u00a0 \u00a0 \u00a0 \u00a0 \u00a0 \u00a0 \u00a0 \u00a0 \u00a0 \u00a0 \u00a0 \u00a0 \u00a0 \u00a0 \u00a0 \u00a0 \u00a0 \u00a0 \u00a0 \u00a0 \u00a0 \u00a0 \u00a0 \u00a0 \u00a0 \u00a0 \u00a0 \u00a0 \u00a0 \u00a0 \u00a0 \u00a0 \u00a0 \u00a0 \u00a0Imagem ilustrativa: Canva<\/em> (<a href=\"http:\/\/www.canva.com\/pt_br\/modelos\">www.canva.com\/pt_br\/modelos<\/a>)<\/p><\/div>\n<p><strong>(Mc 8,34-9,1)<\/strong><\/p>\n<p><em>Frei Jacir de Freitas Faria<\/em> <a href=\"#_ftn1\" name=\"_ftnref1\">[1]<\/a><\/p>\n<p>O texto sobre o qual vamos refletir hoje \u00e9 tirado de Mc 8,34\u20139,1. Trata-se de um texto emblem\u00e1tico, o qual coloca duas condi\u00e7\u00f5es para o seguimento de Jesus: o negar a si mesmo e tomar a cruz. Como isso foi compreendido pelos ap\u00f3stolos e pela Igreja? A l\u00f3gica da prega\u00e7\u00e3o de Jesus parece tr\u00e1gica. O que significa negar a si mesmo e tomar a cruz. Comecemos pela cruz.<\/p>\n<p>A cruz, por causa de suas hastes vertical e horizontal, c\u00e9u e terra, muito antes do cristianismo, j\u00e1 fazia parte do imagin\u00e1rio de povos. Os primeiros crist\u00e3os n\u00e3o a tinham como s\u00edmbolo do cristianismo, mas o peixe, que era utilizado nas celebra\u00e7\u00f5es eucar\u00edsticas. Foi somente a partir do s\u00e9culo segundo que a cruz foi identificada com os crist\u00e3os, os quais passaram a ser chamados de \u201cos devotos da Cruz\u201d. Com isso, a cruz passou a simbolizar a f\u00e9 na morte e na ressurrei\u00e7\u00e3o de Jesus, o perd\u00e3o dos pecados, a salva\u00e7\u00e3o, o sofrimento de Jesus e do ser humano na labuta da vida.<\/p>\n<p><iframe loading=\"lazy\" title=\"YouTube video player\" src=\"https:\/\/www.youtube.com\/embed\/cWUAwitUKxU\" width=\"100%\" height=\"500\" frameborder=\"0\" allowfullscreen=\"allowfullscreen\"><span data-mce-type=\"bookmark\" style=\"display: inline-block; width: 0px; overflow: hidden; line-height: 0;\" class=\"mce_SELRES_start\">\ufeff<\/span><\/iframe><\/p>\n<p>Mais tarde, a cruz feita na testa aparece como sinal de acolhimento do crist\u00e3o na comunidade, mas tamb\u00e9m de prote\u00e7\u00e3o contra o dem\u00f4nio e risco de vida. Por isso, diante de um perigo, h\u00e1 quem faz o sinal da cruz na testa e exclama: \u201cCruz Credo\u201d, ou seja, \u201cCreio na cruz que me salva\u201d.<\/p>\n<p>Na Idade M\u00e9dia, os portugueses que chegaram ao Brasil, assim como os espanh\u00f3is na Am\u00e9rica Latina, trouxeram nos navios a cruz e a espada. Em nome da cruz da catequese, eles mataram \u00e0 espada os ind\u00edgenas que n\u00e3o aceitavam a f\u00e9. Nos outeiros, nos montes, por onde passavam, os portugueses fincavam cruzes para simbolizar a posse, a conquista da terra para Cristo, isto \u00e9, para o imp\u00e9rio.<\/p>\n<p>Tamb\u00e9m de Portugal veio o costume de colocar nas estradas, no local onde morria uma pessoa, uma cruz para defender a alma do falecido das garras Capeta, que poderia lev\u00e1-la para o Inferno. E \u00e9 dessa tradi\u00e7\u00e3o \u00e9 que vem o ditado popular: \u201cquem me deve foge de mim, como o diabo foge da cruz\u201d. Esse costume de erguer cruzes \u00e0 beira dos caminhos tamb\u00e9m servia para lembrar o sofrimento de almas penadas e errantes, sa\u00eddas do Purgat\u00f3rio procurando encontrar os viandantes para lhes transmitir mensagens do Al\u00e9m.<\/p>\n<p>Tomar a cruz n\u00e3o \u00e9 sinal de conformismo com o sofrimento, como ensinou a Igreja, por muito tempo. Sofrimento n\u00e3o salva. O que salva \u00e9 a consci\u00eancia de que o sofrimento faz parte de nossa vida e que devemos conviver com ele para super\u00e1-lo. Jesus n\u00e3o morreu na cruz porque quis. Ele n\u00e3o precisava morrer na cruz para nos salvar. A cruz foi consequ\u00eancia de sua atua\u00e7\u00e3o pol\u00edtico-religiosa.<\/p>\n<p>Negar a si mesmo n\u00e3o significa anular-se, aniquilar-se ou desvalorizar-se, mas \u00e9, simplesmente, libertar-se dos seus pr\u00f3prios interesses, sair do seu mundo, do seu ego, descentrar-se. E \u00e9, nesse sentido, que a comunidade de Marcos entendeu como ela devia enfrentar a cruz que Jesus levou nas costas at\u00e9 o calv\u00e1rio. O mesmo poderia ocorrer com disc\u00edpulos e disc\u00edpulas do Reino.<\/p>\n<p>Ser crist\u00e3o \u00e9 assumir a cruz e suas consequ\u00eancias. Pertencer ao grupo de Jesus era e \u00e9 algo muito perigoso, subversivo. O imp\u00e9rio Romano, o dos primeiros s\u00e9culos do cristianismo, estava matando os seguidores do Nazareno. O medo diante da morte, da persegui\u00e7\u00e3o romana, transformou-se, por causa da lembran\u00e7a da cruz de Jesus, em resist\u00eancia. A cruz de Jesus, entendida \u00e0 \u00e9poca, por alguns, como fracasso, tornou-se sinal de vida, de ressurrei\u00e7\u00e3o e como consequ\u00eancia da atua\u00e7\u00e3o pol\u00edtica de Jesus e de seus seguidores.<\/p>\n<p>Assim \u00e9 a nossa vida, diante de cada trope\u00e7o \u00e9 importante erguer a cabe\u00e7a e recome\u00e7ar sempre, seja na vida pessoal seja na vida social e na pol\u00edtica. Os primeiros crist\u00e3os recome\u00e7aram a labuta. N\u00e3o pararam diante da cruz. Essa cruz salva!<\/p>\n<p>Recome\u00e7ar sempre! Acreditar sempre! Lutar sempre! A cruz, as cruzes estar\u00e3o sempre por a\u00ed. N\u00e3o h\u00e1 como fugir delas! Sofrer para salvar, n\u00e3o! Resistir, sim, de cabe\u00e7a erguida, com a bravura de um atacante que quer sempre o gol. Eis a met\u00e1fora da cruz, o seu sentido profundo \u00e9 o do perder para ganhar. Fazer um gol de placa na luta por um mundo de justi\u00e7a, de paz e bem, apesar dos sofrimentos que a vida nos acarreta. Essa \u00e9 a maturidade da f\u00e9 que nos salva! Am\u00e9m!<\/p>\n<hr \/>\n<p><a href=\"#_ftnref1\" name=\"_ftn1\">[1]<\/a>Doutor em Teologia B\u00edblica pela Faje (BH). Mestre em Ci\u00eancias B\u00edblicas (Exegese) pelo Pontif\u00edcio Instituto B\u00edblico de Roma. Professor de Exegese B\u00edblica. \u00c9 membro da Associa\u00e7\u00e3o Brasileira de Pesquisa B\u00edblica (ABIB). Sacerdote Franciscano. Autor de dez livros e coautor de quinze. Youtube: Frei Jacir B\u00edblia e Apocrifos. <a href=\"https:\/\/www.youtube.com\/channel\/UCwbSE97jnR6jQwHRigX1KlQ\">https:\/\/www.youtube.com\/channel\/UCwbSE97jnR6jQwHRigX1KlQ<\/a><\/p>\n","protected":false},"excerpt":{"rendered":"<p>Artigo de Frei Jacir de Freitas Faria<\/p>\n","protected":false},"author":3,"featured_media":191427,"comment_status":"open","ping_status":"open","sticky":false,"template":"","format":"standard","meta":{"footnotes":""},"categories":[26],"tags":[43],"yoast_head":"<!-- This site is optimized with the Yoast SEO plugin v19.4 - https:\/\/yoast.com\/wordpress\/plugins\/seo\/ -->\n<title>Tome a sua cruz e siga-me! A met\u00e1fora da vit\u00f3ria! - Vida Crist\u00e3 - Franciscanos<\/title>\n<meta name=\"robots\" content=\"index, follow, max-snippet:-1, max-image-preview:large, max-video-preview:-1\" \/>\n<link rel=\"canonical\" href=\"https:\/\/franciscanos.org.br\/vidacrista\/tome-a-sua-cruz-e-siga-me-a-metafora-da-vitoria\/\" \/>\n<meta property=\"og:locale\" content=\"pt_BR\" \/>\n<meta property=\"og:type\" content=\"article\" \/>\n<meta property=\"og:title\" content=\"Tome a sua cruz e siga-me! A met\u00e1fora da vit\u00f3ria! - Vida Crist\u00e3 - Franciscanos\" \/>\n<meta property=\"og:description\" content=\"Artigo de Frei Jacir de Freitas Faria\" \/>\n<meta property=\"og:url\" content=\"https:\/\/franciscanos.org.br\/vidacrista\/tome-a-sua-cruz-e-siga-me-a-metafora-da-vitoria\/\" \/>\n<meta property=\"og:site_name\" content=\"Vida Crist\u00e3 - Franciscanos\" \/>\n<meta property=\"article:published_time\" content=\"2022-02-17T16:28:17+00:00\" \/>\n<meta property=\"article:modified_time\" content=\"2022-02-18T08:54:40+00:00\" \/>\n<meta property=\"og:image\" content=\"https:\/\/franciscanos.org.br\/vidacrista\/wp-content\/uploads\/2022\/02\/artigo_jacir.png\" \/>\n\t<meta property=\"og:image:width\" content=\"840\" \/>\n\t<meta property=\"og:image:height\" content=\"450\" \/>\n\t<meta property=\"og:image:type\" content=\"image\/png\" \/>\n<meta name=\"author\" content=\"moacir\" \/>\n<meta name=\"twitter:card\" content=\"summary_large_image\" \/>\n<meta name=\"twitter:label1\" content=\"Escrito por\" \/>\n\t<meta name=\"twitter:data1\" content=\"moacir\" \/>\n\t<meta name=\"twitter:label2\" content=\"Est. tempo de leitura\" \/>\n\t<meta name=\"twitter:data2\" content=\"4 minutos\" \/>\n<script type=\"application\/ld+json\" class=\"yoast-schema-graph\">{\"@context\":\"https:\/\/schema.org\",\"@graph\":[{\"@type\":\"WebSite\",\"@id\":\"https:\/\/franciscanos.org.br\/vidacrista\/#website\",\"url\":\"https:\/\/franciscanos.org.br\/vidacrista\/\",\"name\":\"Vida Crist\u00e3 - Franciscanos\",\"description\":\"Prov\u00edncia Franciscana da Imaculada Concei\u00e7\u00e3o do Brasil - Ordem dos Frades Menores\",\"potentialAction\":[{\"@type\":\"SearchAction\",\"target\":{\"@type\":\"EntryPoint\",\"urlTemplate\":\"https:\/\/franciscanos.org.br\/vidacrista\/?s={search_term_string}\"},\"query-input\":\"required name=search_term_string\"}],\"inLanguage\":\"pt-BR\"},{\"@type\":\"WebPage\",\"@id\":\"https:\/\/franciscanos.org.br\/vidacrista\/tome-a-sua-cruz-e-siga-me-a-metafora-da-vitoria\/\",\"url\":\"https:\/\/franciscanos.org.br\/vidacrista\/tome-a-sua-cruz-e-siga-me-a-metafora-da-vitoria\/\",\"name\":\"Tome a sua cruz e siga-me! A met\u00e1fora da vit\u00f3ria! - Vida Crist\u00e3 - Franciscanos\",\"isPartOf\":{\"@id\":\"https:\/\/franciscanos.org.br\/vidacrista\/#website\"},\"datePublished\":\"2022-02-17T16:28:17+00:00\",\"dateModified\":\"2022-02-18T08:54:40+00:00\",\"author\":{\"@id\":\"https:\/\/franciscanos.org.br\/vidacrista\/#\/schema\/person\/1880bdd2c350b735648725ef7614736a\"},\"breadcrumb\":{\"@id\":\"https:\/\/franciscanos.org.br\/vidacrista\/tome-a-sua-cruz-e-siga-me-a-metafora-da-vitoria\/#breadcrumb\"},\"inLanguage\":\"pt-BR\",\"potentialAction\":[{\"@type\":\"ReadAction\",\"target\":[\"https:\/\/franciscanos.org.br\/vidacrista\/tome-a-sua-cruz-e-siga-me-a-metafora-da-vitoria\/\"]}]},{\"@type\":\"BreadcrumbList\",\"@id\":\"https:\/\/franciscanos.org.br\/vidacrista\/tome-a-sua-cruz-e-siga-me-a-metafora-da-vitoria\/#breadcrumb\",\"itemListElement\":[{\"@type\":\"ListItem\",\"position\":1,\"name\":\"Home\",\"item\":\"https:\/\/franciscanos.org.br\/vidacrista\/\"},{\"@type\":\"ListItem\",\"position\":2,\"name\":\"Tome a sua cruz e siga-me! A met\u00e1fora da vit\u00f3ria!\"}]},{\"@type\":\"Person\",\"@id\":\"https:\/\/franciscanos.org.br\/vidacrista\/#\/schema\/person\/1880bdd2c350b735648725ef7614736a\",\"name\":\"moacir\",\"image\":{\"@type\":\"ImageObject\",\"inLanguage\":\"pt-BR\",\"@id\":\"https:\/\/franciscanos.org.br\/vidacrista\/#\/schema\/person\/image\/\",\"url\":\"https:\/\/secure.gravatar.com\/avatar\/d08aa2ce4c8dd416d4479aa8536fcf64?s=96&d=mm&r=g\",\"contentUrl\":\"https:\/\/secure.gravatar.com\/avatar\/d08aa2ce4c8dd416d4479aa8536fcf64?s=96&d=mm&r=g\",\"caption\":\"moacir\"},\"url\":\"https:\/\/franciscanos.org.br\/vidacrista\/author\/moacir\/\"}]}<\/script>\n<!-- \/ Yoast SEO plugin. -->","yoast_head_json":{"title":"Tome a sua cruz e siga-me! A met\u00e1fora da vit\u00f3ria! - Vida Crist\u00e3 - Franciscanos","robots":{"index":"index","follow":"follow","max-snippet":"max-snippet:-1","max-image-preview":"max-image-preview:large","max-video-preview":"max-video-preview:-1"},"canonical":"https:\/\/franciscanos.org.br\/vidacrista\/tome-a-sua-cruz-e-siga-me-a-metafora-da-vitoria\/","og_locale":"pt_BR","og_type":"article","og_title":"Tome a sua cruz e siga-me! A met\u00e1fora da vit\u00f3ria! - Vida Crist\u00e3 - Franciscanos","og_description":"Artigo de Frei Jacir de Freitas Faria","og_url":"https:\/\/franciscanos.org.br\/vidacrista\/tome-a-sua-cruz-e-siga-me-a-metafora-da-vitoria\/","og_site_name":"Vida Crist\u00e3 - Franciscanos","article_published_time":"2022-02-17T16:28:17+00:00","article_modified_time":"2022-02-18T08:54:40+00:00","og_image":[{"width":840,"height":450,"url":"https:\/\/franciscanos.org.br\/vidacrista\/wp-content\/uploads\/2022\/02\/artigo_jacir.png","type":"image\/png"}],"author":"moacir","twitter_card":"summary_large_image","twitter_misc":{"Escrito por":"moacir","Est. tempo de leitura":"4 minutos"},"schema":{"@context":"https:\/\/schema.org","@graph":[{"@type":"WebSite","@id":"https:\/\/franciscanos.org.br\/vidacrista\/#website","url":"https:\/\/franciscanos.org.br\/vidacrista\/","name":"Vida Crist\u00e3 - Franciscanos","description":"Prov\u00edncia Franciscana da Imaculada Concei\u00e7\u00e3o do Brasil - Ordem dos Frades Menores","potentialAction":[{"@type":"SearchAction","target":{"@type":"EntryPoint","urlTemplate":"https:\/\/franciscanos.org.br\/vidacrista\/?s={search_term_string}"},"query-input":"required name=search_term_string"}],"inLanguage":"pt-BR"},{"@type":"WebPage","@id":"https:\/\/franciscanos.org.br\/vidacrista\/tome-a-sua-cruz-e-siga-me-a-metafora-da-vitoria\/","url":"https:\/\/franciscanos.org.br\/vidacrista\/tome-a-sua-cruz-e-siga-me-a-metafora-da-vitoria\/","name":"Tome a sua cruz e siga-me! A met\u00e1fora da vit\u00f3ria! - Vida Crist\u00e3 - Franciscanos","isPartOf":{"@id":"https:\/\/franciscanos.org.br\/vidacrista\/#website"},"datePublished":"2022-02-17T16:28:17+00:00","dateModified":"2022-02-18T08:54:40+00:00","author":{"@id":"https:\/\/franciscanos.org.br\/vidacrista\/#\/schema\/person\/1880bdd2c350b735648725ef7614736a"},"breadcrumb":{"@id":"https:\/\/franciscanos.org.br\/vidacrista\/tome-a-sua-cruz-e-siga-me-a-metafora-da-vitoria\/#breadcrumb"},"inLanguage":"pt-BR","potentialAction":[{"@type":"ReadAction","target":["https:\/\/franciscanos.org.br\/vidacrista\/tome-a-sua-cruz-e-siga-me-a-metafora-da-vitoria\/"]}]},{"@type":"BreadcrumbList","@id":"https:\/\/franciscanos.org.br\/vidacrista\/tome-a-sua-cruz-e-siga-me-a-metafora-da-vitoria\/#breadcrumb","itemListElement":[{"@type":"ListItem","position":1,"name":"Home","item":"https:\/\/franciscanos.org.br\/vidacrista\/"},{"@type":"ListItem","position":2,"name":"Tome a sua cruz e siga-me! A met\u00e1fora da vit\u00f3ria!"}]},{"@type":"Person","@id":"https:\/\/franciscanos.org.br\/vidacrista\/#\/schema\/person\/1880bdd2c350b735648725ef7614736a","name":"moacir","image":{"@type":"ImageObject","inLanguage":"pt-BR","@id":"https:\/\/franciscanos.org.br\/vidacrista\/#\/schema\/person\/image\/","url":"https:\/\/secure.gravatar.com\/avatar\/d08aa2ce4c8dd416d4479aa8536fcf64?s=96&d=mm&r=g","contentUrl":"https:\/\/secure.gravatar.com\/avatar\/d08aa2ce4c8dd416d4479aa8536fcf64?s=96&d=mm&r=g","caption":"moacir"},"url":"https:\/\/franciscanos.org.br\/vidacrista\/author\/moacir\/"}]}},"_links":{"self":[{"href":"https:\/\/franciscanos.org.br\/vidacrista\/wp-json\/wp\/v2\/posts\/191426"}],"collection":[{"href":"https:\/\/franciscanos.org.br\/vidacrista\/wp-json\/wp\/v2\/posts"}],"about":[{"href":"https:\/\/franciscanos.org.br\/vidacrista\/wp-json\/wp\/v2\/types\/post"}],"author":[{"embeddable":true,"href":"https:\/\/franciscanos.org.br\/vidacrista\/wp-json\/wp\/v2\/users\/3"}],"replies":[{"embeddable":true,"href":"https:\/\/franciscanos.org.br\/vidacrista\/wp-json\/wp\/v2\/comments?post=191426"}],"version-history":[{"count":3,"href":"https:\/\/franciscanos.org.br\/vidacrista\/wp-json\/wp\/v2\/posts\/191426\/revisions"}],"predecessor-version":[{"id":191430,"href":"https:\/\/franciscanos.org.br\/vidacrista\/wp-json\/wp\/v2\/posts\/191426\/revisions\/191430"}],"wp:featuredmedia":[{"embeddable":true,"href":"https:\/\/franciscanos.org.br\/vidacrista\/wp-json\/wp\/v2\/media\/191427"}],"wp:attachment":[{"href":"https:\/\/franciscanos.org.br\/vidacrista\/wp-json\/wp\/v2\/media?parent=191426"}],"wp:term":[{"taxonomy":"category","embeddable":true,"href":"https:\/\/franciscanos.org.br\/vidacrista\/wp-json\/wp\/v2\/categories?post=191426"},{"taxonomy":"post_tag","embeddable":true,"href":"https:\/\/franciscanos.org.br\/vidacrista\/wp-json\/wp\/v2\/tags?post=191426"}],"curies":[{"name":"wp","href":"https:\/\/api.w.org\/{rel}","templated":true}]}}