{"id":191374,"date":"2022-02-10T07:06:30","date_gmt":"2022-02-10T10:06:30","guid":{"rendered":"https:\/\/franciscanos.org.br\/vidacrista\/?p=191374"},"modified":"2022-02-10T07:12:33","modified_gmt":"2022-02-10T10:12:33","slug":"o-amor-e-forte-e-como-a-morte-uma-faisca-de-deus-ct-86-7","status":"publish","type":"post","link":"https:\/\/franciscanos.org.br\/vidacrista\/o-amor-e-forte-e-como-a-morte-uma-faisca-de-deus-ct-86-7\/","title":{"rendered":"O amor \u00e9 forte, \u00e9 como a morte, uma fa\u00edsca de Deus! (Ct 8,6-7)"},"content":{"rendered":"<div id=\"attachment_191375\" style=\"width: 850px\" class=\"wp-caption alignnone\"><img aria-describedby=\"caption-attachment-191375\" decoding=\"async\" loading=\"lazy\" class=\"wp-image-191375 size-full\" src=\"https:\/\/franciscanos.org.br\/vidacrista\/wp-content\/uploads\/2022\/02\/artigo_1002.jpg\" alt=\"\" width=\"840\" height=\"450\" srcset=\"https:\/\/franciscanos.org.br\/vidacrista\/wp-content\/uploads\/2022\/02\/artigo_1002.jpg 840w, https:\/\/franciscanos.org.br\/vidacrista\/wp-content\/uploads\/2022\/02\/artigo_1002-450x241.jpg 450w, https:\/\/franciscanos.org.br\/vidacrista\/wp-content\/uploads\/2022\/02\/artigo_1002-768x411.jpg 768w, https:\/\/franciscanos.org.br\/vidacrista\/wp-content\/uploads\/2022\/02\/artigo_1002-150x80.jpg 150w\" sizes=\"(max-width: 840px) 100vw, 840px\" \/><p id=\"caption-attachment-191375\" class=\"wp-caption-text\"><em> Imagem: Acervo Prov\u00edncia da Imaculada<\/em><\/p><\/div>\n<p><em>Frei Jacir de Freitas Faria<\/em> <a href=\"#_ftn1\" name=\"_ftnref1\">[1]<\/a><\/p>\n<p>O texto sobre o qual vamos refletir hoje \u00e9 tirado de um livro pouco conhecido e muito apreciado como poesia b\u00edblica. Trata-se de C\u00e2ntico dos C\u00e2nticos, o mais belo dos c\u00e2nticos de amor. Vamos tomar a passagem de Ct 8,6-7. Essa leitura \u00e9 utilizada na celebra\u00e7\u00e3o da mem\u00f3ria de Santa Escol\u00e1stica, italiana, fundadora da vida mon\u00e1stica beneditina e morta em 10 de fevereiro de 543.<\/p>\n<p>H\u00e1 muitos modos de interpretar C\u00e2ntico dos C\u00e2nticos. Infelizmente, algumas leituras piedosas, lit\u00fargicas e aleg\u00f3ricas tiraram o real sentido de suas palavras po\u00e9ticas, desconcertantes e prazerosas. C\u00e2nticos dos C\u00e2nticos \u00e9 o grito de mulheres que querem ter o direito de amar de forma livre, de n\u00e3o serem escolhidas ou desprezadas por homens machistas e mis\u00f3ginos. A leitura de g\u00eanero de C\u00e2nticos, isto \u00e9, a partir da rela\u00e7\u00e3o de poder entre homens e mulheres, \u00e9 um grande desafio para a interpreta\u00e7\u00e3o b\u00edblica.<br \/>\n<iframe loading=\"lazy\" title=\"YouTube video player\" src=\"https:\/\/www.youtube.com\/embed\/R0xTAtezwX4\" width=\"100%\" height=\"500\" frameborder=\"0\" allowfullscreen=\"allowfullscreen\"><span data-mce-type=\"bookmark\" style=\"display: inline-block; width: 0px; overflow: hidden; line-height: 0;\" class=\"mce_SELRES_start\">\ufeff<\/span><\/iframe><\/p>\n<p>C\u00e2ntico dos C\u00e2nticos foi escrito, provavelmente, por m\u00e3os de mulheres que rejeitaram a reforma religiosa do escriba Esdras, quando o povo voltou do ex\u00edlio da Babil\u00f4nia, em 536 a.E.C. Enviado para Jerusal\u00e9m, em 457 a.E.C., Esdras elaborou um projeto de reorganiza\u00e7\u00e3o do povo a partir da lei de ra\u00e7a pura. Israel \u00e9 um povo puro e devia estar separado de outros povos, ensinava Esdras. Ele exigiu que os homens que haviam se casado com mulheres estrangeiras que a repudiassem. Assim foi feito em pra\u00e7a p\u00fablica (Esd 9\u201410). Era uma tarde chuvosa, num choro coletivo, em nome de Deus, mulheres estrangeiras foram desprezadas. Imagine o drama e sofrimento delas.<\/p>\n<p>Em oposi\u00e7\u00e3o a Esdras, foram escritos, por exemplo, o livro de Rute, com o objetivo de demonstrar que o santo rei Davi teve como av\u00f3 a estrangeira Rute (Mt 1,5-6); assim como C\u00e2ntico dos C\u00e2nticos, sendo ele o grito de resist\u00eancia de mulheres contra o poder dos homens, e tendo como princ\u00edpio a afirmativa de que a rela\u00e7\u00e3o amorosa de um homem com uma mulher n\u00e3o \u00e9 somente para gerar filhos e multiplicar a ra\u00e7a de Israel, como rezava a m\u00e1xima de o livro de G\u00eanesis, com o seu crescer e multiplicar (Gn 1,28), mas \u00e9 tamb\u00e9m para o prazer. Al\u00e9m disso, a mulher n\u00e3o \u00e9 mero objeto do homem, mas protagonista. Pena que o modo de pensar de Esdras ainda continua vivo no meio de n\u00f3s.<\/p>\n<p>C\u00e2ntico \u00e9 um di\u00e1logo, um jogral de amor entre o amado e a amada. A mulher abre o livro de C\u00e2nticos convidando seu amado a beij\u00e1-la com os beijos de sua boca e dizendo-lhe que seus peitos s\u00e3o melhores que o vinho (Ct 1,2-3). O convite para o amor \u00e9 feito pela mulher, situa\u00e7\u00e3o impens\u00e1vel para a \u00e9poca. Aromas de flores, ma\u00e7\u00e3s, mandr\u00e1goras, leveza e glamour de animais s\u00e3o equiparados, ao longo do livro, ao amor fren\u00e9tico entre a amada e seu amado. Ela o campara a um gamo (veadinho) saltitante nas colinas (2,9). Ele, por sua vez, a compara com a mais bela \u00e9gua enfeitada do Fara\u00f3 (1,9) \u00e0 espera do amado garanh\u00e3o que chegaria das batalhas. Tudo simb\u00f3lico e l\u00fadico.<\/p>\n<p>Quando o amor foge, ela sai \u00e0s ruas e pra\u00e7as para procur\u00e1-lo, com o desejo de lev\u00e1-lo e possu\u00ed-lo na cama do quarto de sua m\u00e3e (3,1-4). Mais adiante, a amada convida o amado a entrar no seu jardim e comer de seus frutos saborosos (4,16c), a desfrald\u00e1-la na adega com a sua bandeira de amor (2,4). Suas amigas respondem ao c\u00e2ntico de amor da amada com o jarg\u00e3o: \u201cFilhas de Jerusal\u00e9m, pelas cervas e gazelas do campo, eu vos conjuro: n\u00e3o desperteis, n\u00e3o acordeis o amor, at\u00e9 que ele o queira!\u201d<\/p>\n<p>C\u00e2ntico \u00e9 uma poesia de amor \u00e0s avessas para a sua \u00e9poca. Enquanto Gn 3,16 sentencia que o desejo da mulher a levaria em dire\u00e7\u00e3o ao marido que a dominaria, a mulher livre de C\u00e2nticos declama: \u201cEu sou do meu amado, seu desejo o traz a mim\u201d (7,11). C\u00e2nticos \u00e9 o retrato de um amor puro e desejoso, que se expressa at\u00e9 em sonho er\u00f3tico (5,2-6).<\/p>\n<p>Numa \u00e9poca em que o casamento era feito por contrato e a mulher era comprada, nada melhor para finalizar o livro a passagem de Ct 8,6-7. Ela deixou registrado o desejo da mulher de que o amado gravasse no seu cora\u00e7\u00e3o e no seu bra\u00e7o o selo, a marca do amor eterno, do amor paix\u00e3o que \u00e9 forte como a morte e cruel como o abismo. O amor \u00e9 como chamas de fogo, fa\u00edsca de Deus (Jav\u00e9). Note-se que aqui \u00e9 o \u00fanico lugar que o livro menciona Deus. A conclus\u00e3o \u00e9 ainda mais emocionante: \u201cAs \u00e1guas da torrente jamais poder\u00e3o apagar o amor, nem os rios afog\u00e1-lo. Quisesse algu\u00e9m dar tudo que tem para comprar o amor&#8230; Seria tratado com desprezo\u201d (8,7). Com essas palavras o livro termina.<\/p>\n<p>Um copista piedoso e conservador da velha tradi\u00e7\u00e3o machista judaica acrescentou os vers\u00edculos 8 a 12. Outro, possivelmente uma mulher, acrescentou o vers\u00edculo 14: \u201cFoge logo, \u00f3 meu amado, como um gamo, um filhote de gazela pelos montes perfumados\u201d.<\/p>\n<p>Assim, a mulher abre e fecha o livro com o desejo de um amor sem regras preestabelecidas, livre como a liberdade que um p\u00e1ssaro que voa nos ares de um c\u00e9u sem limites. C\u00e2nticos n\u00e3o tem conclus\u00e3o definida. O amor \u00e9 assim, n\u00e3o tem o que concluir. Ele \u00e9 \u2018<em>ad infinitum<\/em>\u2019, isto \u00e9, sem fim, sem limites e intermin\u00e1vel.<\/p>\n<hr \/>\n<p><a href=\"#_ftnref1\" name=\"_ftn1\">[1]<\/a>Doutor em Teologia B\u00edblica pela FAJE (BH). Mestre em Ci\u00eancias B\u00edblicas (Exegese) pelo Pontif\u00edcio Instituto B\u00edblico de Roma. Professor de Exegese B\u00edblica. \u00c9 membro da Associa\u00e7\u00e3o Brasileira de Pesquisa B\u00edblica (ABIB). Sacerdote Franciscano. Autor de dez livros e coautor de quinze. Youtube: Frei Jacir B\u00edblia e Apocrifos. <a href=\"https:\/\/www.youtube.com\/channel\/UCwbSE97jnR6jQwHRigX1KlQ\">https:\/\/www.youtube.com\/channel\/UCwbSE97jnR6jQwHRigX1KlQ<\/a><\/p>\n","protected":false},"excerpt":{"rendered":"<p>Artigo de Frei Jacir de Freitas Faria<\/p>\n","protected":false},"author":3,"featured_media":191375,"comment_status":"open","ping_status":"open","sticky":false,"template":"","format":"standard","meta":{"footnotes":""},"categories":[26],"tags":[43],"yoast_head":"<!-- This site is optimized with the Yoast SEO plugin v19.4 - https:\/\/yoast.com\/wordpress\/plugins\/seo\/ -->\n<title>O amor \u00e9 forte, \u00e9 como a morte, uma fa\u00edsca de Deus! (Ct 8,6-7) - Vida Crist\u00e3 - Franciscanos<\/title>\n<meta name=\"robots\" content=\"index, follow, max-snippet:-1, max-image-preview:large, max-video-preview:-1\" \/>\n<link rel=\"canonical\" href=\"https:\/\/franciscanos.org.br\/vidacrista\/o-amor-e-forte-e-como-a-morte-uma-faisca-de-deus-ct-86-7\/\" \/>\n<meta property=\"og:locale\" content=\"pt_BR\" \/>\n<meta property=\"og:type\" content=\"article\" \/>\n<meta property=\"og:title\" content=\"O amor \u00e9 forte, \u00e9 como a morte, uma fa\u00edsca de Deus! (Ct 8,6-7) - Vida Crist\u00e3 - Franciscanos\" \/>\n<meta property=\"og:description\" content=\"Artigo de Frei Jacir de Freitas Faria\" \/>\n<meta property=\"og:url\" content=\"https:\/\/franciscanos.org.br\/vidacrista\/o-amor-e-forte-e-como-a-morte-uma-faisca-de-deus-ct-86-7\/\" \/>\n<meta property=\"og:site_name\" content=\"Vida Crist\u00e3 - Franciscanos\" \/>\n<meta property=\"article:published_time\" content=\"2022-02-10T10:06:30+00:00\" \/>\n<meta property=\"article:modified_time\" content=\"2022-02-10T10:12:33+00:00\" \/>\n<meta property=\"og:image\" content=\"https:\/\/franciscanos.org.br\/vidacrista\/wp-content\/uploads\/2022\/02\/artigo_1002.jpg\" \/>\n\t<meta property=\"og:image:width\" content=\"840\" \/>\n\t<meta property=\"og:image:height\" content=\"450\" \/>\n\t<meta property=\"og:image:type\" content=\"image\/jpeg\" \/>\n<meta name=\"author\" content=\"moacir\" \/>\n<meta name=\"twitter:card\" content=\"summary_large_image\" \/>\n<meta name=\"twitter:label1\" content=\"Escrito por\" \/>\n\t<meta name=\"twitter:data1\" content=\"moacir\" \/>\n\t<meta name=\"twitter:label2\" content=\"Est. tempo de leitura\" \/>\n\t<meta name=\"twitter:data2\" content=\"5 minutos\" \/>\n<script type=\"application\/ld+json\" class=\"yoast-schema-graph\">{\"@context\":\"https:\/\/schema.org\",\"@graph\":[{\"@type\":\"WebSite\",\"@id\":\"https:\/\/franciscanos.org.br\/vidacrista\/#website\",\"url\":\"https:\/\/franciscanos.org.br\/vidacrista\/\",\"name\":\"Vida Crist\u00e3 - Franciscanos\",\"description\":\"Prov\u00edncia Franciscana da Imaculada Concei\u00e7\u00e3o do Brasil - Ordem dos Frades Menores\",\"potentialAction\":[{\"@type\":\"SearchAction\",\"target\":{\"@type\":\"EntryPoint\",\"urlTemplate\":\"https:\/\/franciscanos.org.br\/vidacrista\/?s={search_term_string}\"},\"query-input\":\"required name=search_term_string\"}],\"inLanguage\":\"pt-BR\"},{\"@type\":\"WebPage\",\"@id\":\"https:\/\/franciscanos.org.br\/vidacrista\/o-amor-e-forte-e-como-a-morte-uma-faisca-de-deus-ct-86-7\/\",\"url\":\"https:\/\/franciscanos.org.br\/vidacrista\/o-amor-e-forte-e-como-a-morte-uma-faisca-de-deus-ct-86-7\/\",\"name\":\"O amor \u00e9 forte, \u00e9 como a morte, uma fa\u00edsca de Deus! (Ct 8,6-7) - Vida Crist\u00e3 - Franciscanos\",\"isPartOf\":{\"@id\":\"https:\/\/franciscanos.org.br\/vidacrista\/#website\"},\"datePublished\":\"2022-02-10T10:06:30+00:00\",\"dateModified\":\"2022-02-10T10:12:33+00:00\",\"author\":{\"@id\":\"https:\/\/franciscanos.org.br\/vidacrista\/#\/schema\/person\/1880bdd2c350b735648725ef7614736a\"},\"breadcrumb\":{\"@id\":\"https:\/\/franciscanos.org.br\/vidacrista\/o-amor-e-forte-e-como-a-morte-uma-faisca-de-deus-ct-86-7\/#breadcrumb\"},\"inLanguage\":\"pt-BR\",\"potentialAction\":[{\"@type\":\"ReadAction\",\"target\":[\"https:\/\/franciscanos.org.br\/vidacrista\/o-amor-e-forte-e-como-a-morte-uma-faisca-de-deus-ct-86-7\/\"]}]},{\"@type\":\"BreadcrumbList\",\"@id\":\"https:\/\/franciscanos.org.br\/vidacrista\/o-amor-e-forte-e-como-a-morte-uma-faisca-de-deus-ct-86-7\/#breadcrumb\",\"itemListElement\":[{\"@type\":\"ListItem\",\"position\":1,\"name\":\"Home\",\"item\":\"https:\/\/franciscanos.org.br\/vidacrista\/\"},{\"@type\":\"ListItem\",\"position\":2,\"name\":\"O amor \u00e9 forte, \u00e9 como a morte, uma fa\u00edsca de Deus! (Ct 8,6-7)\"}]},{\"@type\":\"Person\",\"@id\":\"https:\/\/franciscanos.org.br\/vidacrista\/#\/schema\/person\/1880bdd2c350b735648725ef7614736a\",\"name\":\"moacir\",\"image\":{\"@type\":\"ImageObject\",\"inLanguage\":\"pt-BR\",\"@id\":\"https:\/\/franciscanos.org.br\/vidacrista\/#\/schema\/person\/image\/\",\"url\":\"https:\/\/secure.gravatar.com\/avatar\/d08aa2ce4c8dd416d4479aa8536fcf64?s=96&d=mm&r=g\",\"contentUrl\":\"https:\/\/secure.gravatar.com\/avatar\/d08aa2ce4c8dd416d4479aa8536fcf64?s=96&d=mm&r=g\",\"caption\":\"moacir\"},\"url\":\"https:\/\/franciscanos.org.br\/vidacrista\/author\/moacir\/\"}]}<\/script>\n<!-- \/ Yoast SEO plugin. -->","yoast_head_json":{"title":"O amor \u00e9 forte, \u00e9 como a morte, uma fa\u00edsca de Deus! (Ct 8,6-7) - Vida Crist\u00e3 - Franciscanos","robots":{"index":"index","follow":"follow","max-snippet":"max-snippet:-1","max-image-preview":"max-image-preview:large","max-video-preview":"max-video-preview:-1"},"canonical":"https:\/\/franciscanos.org.br\/vidacrista\/o-amor-e-forte-e-como-a-morte-uma-faisca-de-deus-ct-86-7\/","og_locale":"pt_BR","og_type":"article","og_title":"O amor \u00e9 forte, \u00e9 como a morte, uma fa\u00edsca de Deus! (Ct 8,6-7) - Vida Crist\u00e3 - Franciscanos","og_description":"Artigo de Frei Jacir de Freitas Faria","og_url":"https:\/\/franciscanos.org.br\/vidacrista\/o-amor-e-forte-e-como-a-morte-uma-faisca-de-deus-ct-86-7\/","og_site_name":"Vida Crist\u00e3 - Franciscanos","article_published_time":"2022-02-10T10:06:30+00:00","article_modified_time":"2022-02-10T10:12:33+00:00","og_image":[{"width":840,"height":450,"url":"https:\/\/franciscanos.org.br\/vidacrista\/wp-content\/uploads\/2022\/02\/artigo_1002.jpg","type":"image\/jpeg"}],"author":"moacir","twitter_card":"summary_large_image","twitter_misc":{"Escrito por":"moacir","Est. tempo de leitura":"5 minutos"},"schema":{"@context":"https:\/\/schema.org","@graph":[{"@type":"WebSite","@id":"https:\/\/franciscanos.org.br\/vidacrista\/#website","url":"https:\/\/franciscanos.org.br\/vidacrista\/","name":"Vida Crist\u00e3 - Franciscanos","description":"Prov\u00edncia Franciscana da Imaculada Concei\u00e7\u00e3o do Brasil - Ordem dos Frades Menores","potentialAction":[{"@type":"SearchAction","target":{"@type":"EntryPoint","urlTemplate":"https:\/\/franciscanos.org.br\/vidacrista\/?s={search_term_string}"},"query-input":"required name=search_term_string"}],"inLanguage":"pt-BR"},{"@type":"WebPage","@id":"https:\/\/franciscanos.org.br\/vidacrista\/o-amor-e-forte-e-como-a-morte-uma-faisca-de-deus-ct-86-7\/","url":"https:\/\/franciscanos.org.br\/vidacrista\/o-amor-e-forte-e-como-a-morte-uma-faisca-de-deus-ct-86-7\/","name":"O amor \u00e9 forte, \u00e9 como a morte, uma fa\u00edsca de Deus! (Ct 8,6-7) - Vida Crist\u00e3 - Franciscanos","isPartOf":{"@id":"https:\/\/franciscanos.org.br\/vidacrista\/#website"},"datePublished":"2022-02-10T10:06:30+00:00","dateModified":"2022-02-10T10:12:33+00:00","author":{"@id":"https:\/\/franciscanos.org.br\/vidacrista\/#\/schema\/person\/1880bdd2c350b735648725ef7614736a"},"breadcrumb":{"@id":"https:\/\/franciscanos.org.br\/vidacrista\/o-amor-e-forte-e-como-a-morte-uma-faisca-de-deus-ct-86-7\/#breadcrumb"},"inLanguage":"pt-BR","potentialAction":[{"@type":"ReadAction","target":["https:\/\/franciscanos.org.br\/vidacrista\/o-amor-e-forte-e-como-a-morte-uma-faisca-de-deus-ct-86-7\/"]}]},{"@type":"BreadcrumbList","@id":"https:\/\/franciscanos.org.br\/vidacrista\/o-amor-e-forte-e-como-a-morte-uma-faisca-de-deus-ct-86-7\/#breadcrumb","itemListElement":[{"@type":"ListItem","position":1,"name":"Home","item":"https:\/\/franciscanos.org.br\/vidacrista\/"},{"@type":"ListItem","position":2,"name":"O amor \u00e9 forte, \u00e9 como a morte, uma fa\u00edsca de Deus! (Ct 8,6-7)"}]},{"@type":"Person","@id":"https:\/\/franciscanos.org.br\/vidacrista\/#\/schema\/person\/1880bdd2c350b735648725ef7614736a","name":"moacir","image":{"@type":"ImageObject","inLanguage":"pt-BR","@id":"https:\/\/franciscanos.org.br\/vidacrista\/#\/schema\/person\/image\/","url":"https:\/\/secure.gravatar.com\/avatar\/d08aa2ce4c8dd416d4479aa8536fcf64?s=96&d=mm&r=g","contentUrl":"https:\/\/secure.gravatar.com\/avatar\/d08aa2ce4c8dd416d4479aa8536fcf64?s=96&d=mm&r=g","caption":"moacir"},"url":"https:\/\/franciscanos.org.br\/vidacrista\/author\/moacir\/"}]}},"_links":{"self":[{"href":"https:\/\/franciscanos.org.br\/vidacrista\/wp-json\/wp\/v2\/posts\/191374"}],"collection":[{"href":"https:\/\/franciscanos.org.br\/vidacrista\/wp-json\/wp\/v2\/posts"}],"about":[{"href":"https:\/\/franciscanos.org.br\/vidacrista\/wp-json\/wp\/v2\/types\/post"}],"author":[{"embeddable":true,"href":"https:\/\/franciscanos.org.br\/vidacrista\/wp-json\/wp\/v2\/users\/3"}],"replies":[{"embeddable":true,"href":"https:\/\/franciscanos.org.br\/vidacrista\/wp-json\/wp\/v2\/comments?post=191374"}],"version-history":[{"count":3,"href":"https:\/\/franciscanos.org.br\/vidacrista\/wp-json\/wp\/v2\/posts\/191374\/revisions"}],"predecessor-version":[{"id":191378,"href":"https:\/\/franciscanos.org.br\/vidacrista\/wp-json\/wp\/v2\/posts\/191374\/revisions\/191378"}],"wp:featuredmedia":[{"embeddable":true,"href":"https:\/\/franciscanos.org.br\/vidacrista\/wp-json\/wp\/v2\/media\/191375"}],"wp:attachment":[{"href":"https:\/\/franciscanos.org.br\/vidacrista\/wp-json\/wp\/v2\/media?parent=191374"}],"wp:term":[{"taxonomy":"category","embeddable":true,"href":"https:\/\/franciscanos.org.br\/vidacrista\/wp-json\/wp\/v2\/categories?post=191374"},{"taxonomy":"post_tag","embeddable":true,"href":"https:\/\/franciscanos.org.br\/vidacrista\/wp-json\/wp\/v2\/tags?post=191374"}],"curies":[{"name":"wp","href":"https:\/\/api.w.org\/{rel}","templated":true}]}}