{"id":191308,"date":"2022-02-04T09:32:37","date_gmt":"2022-02-04T12:32:37","guid":{"rendered":"https:\/\/franciscanos.org.br\/vidacrista\/?p=191308"},"modified":"2022-02-04T09:33:14","modified_gmt":"2022-02-04T12:33:14","slug":"podes-me-receber","status":"publish","type":"post","link":"https:\/\/franciscanos.org.br\/vidacrista\/podes-me-receber\/","title":{"rendered":"\u201cPodes me receber?\u201d"},"content":{"rendered":"<div id=\"attachment_191309\" style=\"width: 850px\" class=\"wp-caption alignnone\"><img aria-describedby=\"caption-attachment-191309\" decoding=\"async\" loading=\"lazy\" class=\"wp-image-191309 size-full\" src=\"https:\/\/franciscanos.org.br\/vidacrista\/wp-content\/uploads\/2022\/02\/primeira_sexta_0402.jpg\" alt=\"\" width=\"840\" height=\"473\" srcset=\"https:\/\/franciscanos.org.br\/vidacrista\/wp-content\/uploads\/2022\/02\/primeira_sexta_0402.jpg 840w, https:\/\/franciscanos.org.br\/vidacrista\/wp-content\/uploads\/2022\/02\/primeira_sexta_0402-450x253.jpg 450w, https:\/\/franciscanos.org.br\/vidacrista\/wp-content\/uploads\/2022\/02\/primeira_sexta_0402-768x432.jpg 768w, https:\/\/franciscanos.org.br\/vidacrista\/wp-content\/uploads\/2022\/02\/primeira_sexta_0402-150x84.jpg 150w\" sizes=\"(max-width: 840px) 100vw, 840px\" \/><p id=\"caption-attachment-191309\" class=\"wp-caption-text\"><em>\u00a0 \u00a0 \u00a0 \u00a0 \u00a0 \u00a0 \u00a0 \u00a0 \u00a0 \u00a0 \u00a0 \u00a0 \u00a0 \u00a0 \u00a0Imagem: James Tissot (dom\u00ednio p\u00fablico, Wikip\u00e9dia)<\/em><\/p><\/div>\n<p>Em nosso caminhar de vida crist\u00e3, no come\u00e7o de cada m\u00eas, na primeira sexta-feira, dirigimos nossa aten\u00e7\u00e3o para Cristo Jesus do peito ferido, mostrando a hospedaria de seu Cora\u00e7\u00e3o. O lado fissurado do Senhor passou a ser para n\u00f3s o coroamento de uma vida de tal bondade que s\u00f3 poderia ser divina.<\/p>\n<p>Os evangelhos nos falam de v\u00e1rios encontros que Jesus teve. Alguns o procuravam com perguntas. Outras vezes, ele se insinuava na vida dos que passavam ou que encontrava ao sabor de suas andan\u00e7as. Um de seus marcantes encontros foi com um venal arrecadador de impostos de nome Zaqueu.<\/p>\n<p>Jesus ia passando. Sua vida era de peregrino e andarilho. Olhava as pessoas. Parava. Tinha a inten\u00e7\u00e3o de v\u00ea-las ou de tocar mais de perto sua hist\u00f3ria pessoal. Alguns, por sua vez, tinham curiosidade de v\u00ea-lo. Esse cobrador de impostos, de baixa estatura, talvez meio gordinho, n\u00e3o queria perder a oportunidade de ver esse famoso mestre passar. Sobe a uma \u00e1rvore. Dessa altura nada impediria de realizar seu prop\u00f3sito. Ajeita-se, senta num galho mais forte, e com as m\u00e3os afasta a folhagem e seu rosto fica bem \u00e0 vista. O Mestre passando perto levanta os olhos e se dirige a esse vulto no meio das folhagens: \u201cZaqueu desce depressa. Resolvi ficar em tua casa\u201d. Frase curta. Jesus se convida para ficar na casa de Zaqueu. \u201cPodes me receber? Tive vontade de chegar mais perto de ti, de teu interior. Vamos comer alguma coisa e conversar.\u201d<\/p>\n<p>O funcion\u00e1rio mal visto pelos seus compatriotas n\u00e3o teve tempo de pensar. A surpresa fora muito grande. Esse desprezado teve a gra\u00e7a de um olhar. Jesus n\u00e3o se importou com eventuais coment\u00e1rios a respeito de sua postura diante da figura do mal visto Zaqueu. Este desce depressa, recebe o Mestre com outros pecadores. E tudo muda. \u201cDevolvo os bens que usurpei. Vou dar tuto do que tenho aos pobres.\u201d<\/p>\n<p>Esse Jesus ressuscitado passa por ai e de uma forma ou de outra anda \u201ccatando\u201d vidas. H\u00e1 pessoas que foram levadas a situa\u00e7\u00f5es delicadas: um homem abandona a fam\u00edlia e se alimenta de uma ilus\u00e3o fugaz; durante anos outro sempre procurando seus interesses e esquecendo que muitos podiam ter sido levados em seu animal at\u00e9 uma hospedaria outros andaram tratando sem respeito seus subalternos, numa posi\u00e7\u00e3o de orgulho assassino; outros fizeram seus semelhantes chorarem de dor. Muitos se arrependem. Desesperam-se. Pode ser que Jesus, ou um disc\u00edpulo de Jesus se aproximem dele e \u201cse convidem\u201d para entrar na intimidade desses seres em decomposi\u00e7\u00e3o mesmo com os melhores carros e destilando os mais requintados perfumes. Jesus pode insinuar: \u201cGostaria de ficar em tua casa. Podes me receber?&#8221;<\/p>\n<p>Quando nos detemos diante da cena do Calv\u00e1rio, de modo especial quando nosso cora\u00e7\u00e3o pesa, quem sabe, possamos ouvir: \u201cPodes me receber?\u201d Afinal o Senhor \u00e9 m\u00e9dico. Veio salvar o que estava perdido.<\/p>\n<hr \/>\n<p><em>Frei Almir Ribeiro Guimar\u00e3es<\/em><\/p>\n","protected":false},"excerpt":{"rendered":"<p>Primeira Sexta-feira do M\u00eas<\/p>\n","protected":false},"author":3,"featured_media":0,"comment_status":"open","ping_status":"open","sticky":false,"template":"","format":"standard","meta":{"footnotes":""},"categories":[105],"tags":[212],"yoast_head":"<!-- This site is optimized with the Yoast SEO plugin v19.4 - https:\/\/yoast.com\/wordpress\/plugins\/seo\/ -->\n<title>\u201cPodes me receber?\u201d - Vida Crist\u00e3 - Franciscanos<\/title>\n<meta name=\"robots\" content=\"index, follow, max-snippet:-1, max-image-preview:large, max-video-preview:-1\" \/>\n<link rel=\"canonical\" href=\"https:\/\/franciscanos.org.br\/vidacrista\/podes-me-receber\/\" \/>\n<meta property=\"og:locale\" content=\"pt_BR\" \/>\n<meta property=\"og:type\" content=\"article\" \/>\n<meta property=\"og:title\" content=\"\u201cPodes me receber?\u201d - Vida Crist\u00e3 - Franciscanos\" \/>\n<meta property=\"og:description\" content=\"Primeira Sexta-feira do M\u00eas\" \/>\n<meta property=\"og:url\" content=\"https:\/\/franciscanos.org.br\/vidacrista\/podes-me-receber\/\" \/>\n<meta property=\"og:site_name\" content=\"Vida Crist\u00e3 - Franciscanos\" \/>\n<meta property=\"article:published_time\" content=\"2022-02-04T12:32:37+00:00\" \/>\n<meta property=\"article:modified_time\" content=\"2022-02-04T12:33:14+00:00\" \/>\n<meta property=\"og:image\" content=\"https:\/\/franciscanos.org.br\/vidacrista\/wp-content\/uploads\/2022\/02\/primeira_sexta_0402.jpg\" \/>\n<meta name=\"author\" content=\"moacir\" \/>\n<meta name=\"twitter:card\" content=\"summary_large_image\" \/>\n<meta name=\"twitter:label1\" content=\"Escrito por\" \/>\n\t<meta name=\"twitter:data1\" content=\"moacir\" \/>\n\t<meta name=\"twitter:label2\" content=\"Est. tempo de leitura\" \/>\n\t<meta name=\"twitter:data2\" content=\"3 minutos\" \/>\n<script type=\"application\/ld+json\" class=\"yoast-schema-graph\">{\"@context\":\"https:\/\/schema.org\",\"@graph\":[{\"@type\":\"WebSite\",\"@id\":\"https:\/\/franciscanos.org.br\/vidacrista\/#website\",\"url\":\"https:\/\/franciscanos.org.br\/vidacrista\/\",\"name\":\"Vida Crist\u00e3 - Franciscanos\",\"description\":\"Prov\u00edncia Franciscana da Imaculada Concei\u00e7\u00e3o do Brasil - Ordem dos Frades Menores\",\"potentialAction\":[{\"@type\":\"SearchAction\",\"target\":{\"@type\":\"EntryPoint\",\"urlTemplate\":\"https:\/\/franciscanos.org.br\/vidacrista\/?s={search_term_string}\"},\"query-input\":\"required name=search_term_string\"}],\"inLanguage\":\"pt-BR\"},{\"@type\":\"WebPage\",\"@id\":\"https:\/\/franciscanos.org.br\/vidacrista\/podes-me-receber\/\",\"url\":\"https:\/\/franciscanos.org.br\/vidacrista\/podes-me-receber\/\",\"name\":\"\u201cPodes me receber?\u201d - Vida Crist\u00e3 - Franciscanos\",\"isPartOf\":{\"@id\":\"https:\/\/franciscanos.org.br\/vidacrista\/#website\"},\"datePublished\":\"2022-02-04T12:32:37+00:00\",\"dateModified\":\"2022-02-04T12:33:14+00:00\",\"author\":{\"@id\":\"https:\/\/franciscanos.org.br\/vidacrista\/#\/schema\/person\/1880bdd2c350b735648725ef7614736a\"},\"breadcrumb\":{\"@id\":\"https:\/\/franciscanos.org.br\/vidacrista\/podes-me-receber\/#breadcrumb\"},\"inLanguage\":\"pt-BR\",\"potentialAction\":[{\"@type\":\"ReadAction\",\"target\":[\"https:\/\/franciscanos.org.br\/vidacrista\/podes-me-receber\/\"]}]},{\"@type\":\"BreadcrumbList\",\"@id\":\"https:\/\/franciscanos.org.br\/vidacrista\/podes-me-receber\/#breadcrumb\",\"itemListElement\":[{\"@type\":\"ListItem\",\"position\":1,\"name\":\"Home\",\"item\":\"https:\/\/franciscanos.org.br\/vidacrista\/\"},{\"@type\":\"ListItem\",\"position\":2,\"name\":\"\u201cPodes me receber?\u201d\"}]},{\"@type\":\"Person\",\"@id\":\"https:\/\/franciscanos.org.br\/vidacrista\/#\/schema\/person\/1880bdd2c350b735648725ef7614736a\",\"name\":\"moacir\",\"image\":{\"@type\":\"ImageObject\",\"inLanguage\":\"pt-BR\",\"@id\":\"https:\/\/franciscanos.org.br\/vidacrista\/#\/schema\/person\/image\/\",\"url\":\"https:\/\/secure.gravatar.com\/avatar\/d08aa2ce4c8dd416d4479aa8536fcf64?s=96&d=mm&r=g\",\"contentUrl\":\"https:\/\/secure.gravatar.com\/avatar\/d08aa2ce4c8dd416d4479aa8536fcf64?s=96&d=mm&r=g\",\"caption\":\"moacir\"},\"url\":\"https:\/\/franciscanos.org.br\/vidacrista\/author\/moacir\/\"}]}<\/script>\n<!-- \/ Yoast SEO plugin. -->","yoast_head_json":{"title":"\u201cPodes me receber?\u201d - Vida Crist\u00e3 - Franciscanos","robots":{"index":"index","follow":"follow","max-snippet":"max-snippet:-1","max-image-preview":"max-image-preview:large","max-video-preview":"max-video-preview:-1"},"canonical":"https:\/\/franciscanos.org.br\/vidacrista\/podes-me-receber\/","og_locale":"pt_BR","og_type":"article","og_title":"\u201cPodes me receber?\u201d - Vida Crist\u00e3 - Franciscanos","og_description":"Primeira Sexta-feira do M\u00eas","og_url":"https:\/\/franciscanos.org.br\/vidacrista\/podes-me-receber\/","og_site_name":"Vida Crist\u00e3 - Franciscanos","article_published_time":"2022-02-04T12:32:37+00:00","article_modified_time":"2022-02-04T12:33:14+00:00","og_image":[{"url":"https:\/\/franciscanos.org.br\/vidacrista\/wp-content\/uploads\/2022\/02\/primeira_sexta_0402.jpg"}],"author":"moacir","twitter_card":"summary_large_image","twitter_misc":{"Escrito por":"moacir","Est. tempo de leitura":"3 minutos"},"schema":{"@context":"https:\/\/schema.org","@graph":[{"@type":"WebSite","@id":"https:\/\/franciscanos.org.br\/vidacrista\/#website","url":"https:\/\/franciscanos.org.br\/vidacrista\/","name":"Vida Crist\u00e3 - Franciscanos","description":"Prov\u00edncia Franciscana da Imaculada Concei\u00e7\u00e3o do Brasil - Ordem dos Frades Menores","potentialAction":[{"@type":"SearchAction","target":{"@type":"EntryPoint","urlTemplate":"https:\/\/franciscanos.org.br\/vidacrista\/?s={search_term_string}"},"query-input":"required name=search_term_string"}],"inLanguage":"pt-BR"},{"@type":"WebPage","@id":"https:\/\/franciscanos.org.br\/vidacrista\/podes-me-receber\/","url":"https:\/\/franciscanos.org.br\/vidacrista\/podes-me-receber\/","name":"\u201cPodes me receber?\u201d - Vida Crist\u00e3 - Franciscanos","isPartOf":{"@id":"https:\/\/franciscanos.org.br\/vidacrista\/#website"},"datePublished":"2022-02-04T12:32:37+00:00","dateModified":"2022-02-04T12:33:14+00:00","author":{"@id":"https:\/\/franciscanos.org.br\/vidacrista\/#\/schema\/person\/1880bdd2c350b735648725ef7614736a"},"breadcrumb":{"@id":"https:\/\/franciscanos.org.br\/vidacrista\/podes-me-receber\/#breadcrumb"},"inLanguage":"pt-BR","potentialAction":[{"@type":"ReadAction","target":["https:\/\/franciscanos.org.br\/vidacrista\/podes-me-receber\/"]}]},{"@type":"BreadcrumbList","@id":"https:\/\/franciscanos.org.br\/vidacrista\/podes-me-receber\/#breadcrumb","itemListElement":[{"@type":"ListItem","position":1,"name":"Home","item":"https:\/\/franciscanos.org.br\/vidacrista\/"},{"@type":"ListItem","position":2,"name":"\u201cPodes me receber?\u201d"}]},{"@type":"Person","@id":"https:\/\/franciscanos.org.br\/vidacrista\/#\/schema\/person\/1880bdd2c350b735648725ef7614736a","name":"moacir","image":{"@type":"ImageObject","inLanguage":"pt-BR","@id":"https:\/\/franciscanos.org.br\/vidacrista\/#\/schema\/person\/image\/","url":"https:\/\/secure.gravatar.com\/avatar\/d08aa2ce4c8dd416d4479aa8536fcf64?s=96&d=mm&r=g","contentUrl":"https:\/\/secure.gravatar.com\/avatar\/d08aa2ce4c8dd416d4479aa8536fcf64?s=96&d=mm&r=g","caption":"moacir"},"url":"https:\/\/franciscanos.org.br\/vidacrista\/author\/moacir\/"}]}},"_links":{"self":[{"href":"https:\/\/franciscanos.org.br\/vidacrista\/wp-json\/wp\/v2\/posts\/191308"}],"collection":[{"href":"https:\/\/franciscanos.org.br\/vidacrista\/wp-json\/wp\/v2\/posts"}],"about":[{"href":"https:\/\/franciscanos.org.br\/vidacrista\/wp-json\/wp\/v2\/types\/post"}],"author":[{"embeddable":true,"href":"https:\/\/franciscanos.org.br\/vidacrista\/wp-json\/wp\/v2\/users\/3"}],"replies":[{"embeddable":true,"href":"https:\/\/franciscanos.org.br\/vidacrista\/wp-json\/wp\/v2\/comments?post=191308"}],"version-history":[{"count":2,"href":"https:\/\/franciscanos.org.br\/vidacrista\/wp-json\/wp\/v2\/posts\/191308\/revisions"}],"predecessor-version":[{"id":191311,"href":"https:\/\/franciscanos.org.br\/vidacrista\/wp-json\/wp\/v2\/posts\/191308\/revisions\/191311"}],"wp:attachment":[{"href":"https:\/\/franciscanos.org.br\/vidacrista\/wp-json\/wp\/v2\/media?parent=191308"}],"wp:term":[{"taxonomy":"category","embeddable":true,"href":"https:\/\/franciscanos.org.br\/vidacrista\/wp-json\/wp\/v2\/categories?post=191308"},{"taxonomy":"post_tag","embeddable":true,"href":"https:\/\/franciscanos.org.br\/vidacrista\/wp-json\/wp\/v2\/tags?post=191308"}],"curies":[{"name":"wp","href":"https:\/\/api.w.org\/{rel}","templated":true}]}}