{"id":191305,"date":"2022-02-04T07:21:29","date_gmt":"2022-02-04T10:21:29","guid":{"rendered":"https:\/\/franciscanos.org.br\/vidacrista\/?p=191305"},"modified":"2022-02-04T07:21:29","modified_gmt":"2022-02-04T10:21:29","slug":"habitar-a-terra-qual-o-caminho-para-a-fraternidade-universal","status":"publish","type":"post","link":"https:\/\/franciscanos.org.br\/vidacrista\/habitar-a-terra-qual-o-caminho-para-a-fraternidade-universal\/","title":{"rendered":"Habitar a Terra. Qual o caminho para a Fraternidade Universal?"},"content":{"rendered":"<div id=\"attachment_191306\" style=\"width: 850px\" class=\"wp-caption alignnone\"><img aria-describedby=\"caption-attachment-191306\" decoding=\"async\" loading=\"lazy\" class=\"wp-image-191306 size-full\" src=\"https:\/\/franciscanos.org.br\/vidacrista\/wp-content\/uploads\/2022\/02\/artigo_0402.png\" alt=\"\" width=\"840\" height=\"473\" srcset=\"https:\/\/franciscanos.org.br\/vidacrista\/wp-content\/uploads\/2022\/02\/artigo_0402.png 840w, https:\/\/franciscanos.org.br\/vidacrista\/wp-content\/uploads\/2022\/02\/artigo_0402-450x253.png 450w, https:\/\/franciscanos.org.br\/vidacrista\/wp-content\/uploads\/2022\/02\/artigo_0402-768x432.png 768w, https:\/\/franciscanos.org.br\/vidacrista\/wp-content\/uploads\/2022\/02\/artigo_0402-150x84.png 150w\" sizes=\"(max-width: 840px) 100vw, 840px\" \/><p id=\"caption-attachment-191306\" class=\"wp-caption-text\">\u00a0 \u00a0 \u00a0 \u00a0 \u00a0 \u00a0 \u00a0 \u00a0 \u00a0 \u00a0 \u00a0 \u00a0 \u00a0 \u00a0 \u00a0 \u00a0 \u00a0 \u00a0 \u00a0 \u00a0 \u00a0 <em>\u00a0 \u00a0 \u00a0Imagem ilustrativa: Canva (<a href=\"https:\/\/www.canva.com\/pt_br\/modelos\/\">www.canva.com\/pt_br\/modelos<\/a>)<\/em><\/p><\/div>\n<p><strong>Leonardo Boff<\/strong><\/p>\n<p>Faz-se uma constata\u00e7\u00e3o triste: o tipo de mundo no qual vivemos \u00e9 tudo menos fraternal. O que predomina \u00e9 o poder que, logo de in\u00edcio, estabelece uma divis\u00e3o entre quem tem poder e quem n\u00e3o tem poder. Trata-se do poder-domina\u00e7\u00e3o, pol\u00edtico, econ\u00f4mico, ideol\u00f3gico, midi\u00e1tico, tamb\u00e9m familiar e outros. Desta divis\u00e3o nasce toda sorte de desigualdades: uns se sobrepondo aos outros, a maioria colocada no andar de baixo e uns poucos no andar de cima.<\/p>\n<p>A desigualdade significa injusti\u00e7a social que \u00e9 eticamente inaceit\u00e1vel. Para as pessoas de f\u00e9, a injusti\u00e7a social representa um pecado contra o Criador porque ofende a Ele e a seus filhos e filhas. Portanto, estamos submetidos a uma situa\u00e7\u00e3o que n\u00e3o agrada a n\u00f3s e tamb\u00e9m n\u00e3o agrada a Deus.<\/p>\n<p>Grande \u00e9 a busca humana por uma sociedade livre, igualit\u00e1ria, justa e fraterna. Em nome dela se fizeram as grandes revolu\u00e7\u00f5es, sempre derrotadas, mas nunca definitivamente vencidas, pois o anelo humano por liberdade, igualdade e fraternidade \u00e9 imorredouro. Haver\u00e1 sempre pessoas e movimentos sociais que manter\u00e3o vivo este sonho e procurar\u00e3o concretiz\u00e1-lo na hist\u00f3ria.<\/p>\n<p>Muitos s\u00e3o os motivos que fundam a fraternidade. Primeiramente somos todos portadores da mesma humanidade, pouco importa a origem, a cor da pele, a religi\u00e3o e a vis\u00e3o de mundo. Todos possu\u00edmos o mesmo c\u00f3digo gen\u00e9tico de base, presente em todos os seres vivos: os vinte amino\u00e1cidos e as quatro bases nitrogenadas. Dito numa linguagem pedestre: somos constru\u00eddos por 20 tijolinhos diferentes e por quatro tipos de cimento. Combinados os tijolinhos e amalgamados pelos v\u00e1rios tipos de cimento, emerge a biodiversidade. Quer dizer, existe um la\u00e7o de fraternidade real entre todos os seres vivos e especialmente entre os humanos. A fraternidade \u00e9 universal, a natureza inclu\u00edda.<\/p>\n<p>Outra raz\u00e3o da fraternidade \u00e9 o fato de todos os seres, tamb\u00e9m os humanos, possu\u00edrem algo em comum: viemos do barro da Terra. <em>Homo<\/em>, ser humano, procede de <em>humus<\/em> terra boa e f\u00e9rtil. Da mesma forma, o nosso ancestral b\u00edblico <em>Adam<\/em> se deriva de <em>adamah<\/em> que quer dizer: terra ar\u00e1vel e fecunda. Desse barro o Criador nos tirou e moldou como suas criaturas, todos irmanados entre si.<\/p>\n<p>Estas ra\u00edzes comuns clamam para vivermos em fraternidade universal e ilimitada. Este foi o sonho de Jesus advertindo que ningu\u00e9m seja chamado de mestre, porque todos somos irm\u00e3os e irm\u00e3s. A fraternidade sem fronteiras foi a busca ardente de S\u00e3o Francisco de Assis que chamava a todos os seres da natureza com o doce nome de irm\u00e3os e irm\u00e3s. Foi conversar com o sult\u00e3o mu\u00e7ulmano no Egito porque queria uma fraternidade universal que implicava incluir crist\u00e3os e n\u00e3o crist\u00e3os. \u00c9 o grande sonho de Francisco de Roma, o atual Papa que escreveu uma corajosa enc\u00edclica <em>Fratelli tutti,<\/em> \u201ctodos irm\u00e3os e irm\u00e3s\u201d como resposta a um mundo globalizado que cria s\u00f3cios, mas n\u00e3o irm\u00e3os e irm\u00e3s, nos faz virtualmente pr\u00f3ximos, mas realmente distantes por causa da riqueza de alguns \u00e0 custa da pobreza de muitos.<\/p>\n<p>Dentro do mundo atual, fundado sobre o poder-domina\u00e7\u00e3o sobre pessoas, sobre povos e sobre a natureza, a fraternidade universal n\u00e3o possui condi\u00e7\u00f5es de realiza\u00e7\u00e3o. No entanto, se n\u00e3o conhece viabilidade, ela pode ser uma atitude permanente, um modo de ser, um esp\u00edrito que impregna todas as rela\u00e7\u00f5es entre as pessoas e tamb\u00e9m as institucionais, de participa\u00e7\u00e3o igualit\u00e1ria e cooperativa. Tudo isso \u00e0 condi\u00e7\u00e3o de renunciarmos ao poder-domina\u00e7\u00e3o e de termos humildade, n\u00e3o como uma virtude asc\u00e9tica, mas como um molhar nossas ra\u00edzes no mesmo <em>humus<\/em> de onde a natureza e n\u00f3s garantimos nossa exist\u00eancia, vendo cada ser e cada pessoa um irm\u00e3o e uma irm\u00e3, com a mesma origem e o mesmo destino. Entre irm\u00e3os e irm\u00e3s vigora amor, cuidado e um profundo sentimento de perten\u00e7a.<\/p>\n<p>Devido \u00e0s amea\u00e7as s\u00e9rias que pesam sobre a M\u00e3e Terra superexplorada e a dilacera\u00e7\u00e3o do tecido social das na\u00e7\u00f5es, a fraternidade sem fronteiras, como um novo tipo de presen\u00e7a no mundo, nos poder\u00e1 salvar. Este livro <em><strong>Habitar a Terra: qual o caminho para a fraternidade universal<\/strong> <\/em>quer trazer ao debate a urg\u00eancia do amor social e da fraternidade universal, pelo menos como um modo de ser terno e despojado da vontade de poder-domina\u00e7\u00e3o, criando um la\u00e7o de afeto e de cuidado entre todos do mundo natural e do mundo humano.<\/p>\n<hr \/>\n<p><strong>Leonardo Boff,<\/strong> <em>1938, doutorou-se em Munique em teologia sistem\u00e1tica. Foi professor de teologia por 22 anos no Instituo Teol\u00f3gico Franciscano de Petr\u00f3polis, posteriormente doutorou-se em filosofia na UERJ e foi professor de \u00c9tica, Filosofia da Religi\u00e3o e Ecologia Filos\u00f3fica na Universidade do Rio de Janeiro. Foi professor visitante em v\u00e1rias universidades europeias. Foi editor religioso por muitos anos da Editora Vozes e coordenou a publica\u00e7\u00e3o da obra completa de C.G.Jung. \u00c9 portador do pr\u00eamio Nobel alternativo da Paz de 2001 pelo Parlamento sueco. \u00c9 detentor de v\u00e1rios t\u00edtulos de doutorado honoris causa de distintas Universidades. Escreveu cerca de cem livros nas \u00e1reas da teologia, da filosofia, da espiritualidade e da ecologia.<\/em><\/p>\n","protected":false},"excerpt":{"rendered":"<p>Artigo de Leonardo Boff<\/p>\n","protected":false},"author":3,"featured_media":191306,"comment_status":"open","ping_status":"open","sticky":false,"template":"","format":"standard","meta":{"footnotes":""},"categories":[26],"tags":[59],"yoast_head":"<!-- This site is optimized with the Yoast SEO plugin v19.4 - https:\/\/yoast.com\/wordpress\/plugins\/seo\/ -->\n<title>Habitar a Terra. Qual o caminho para a Fraternidade Universal? - Vida Crist\u00e3 - Franciscanos<\/title>\n<meta name=\"robots\" content=\"index, follow, max-snippet:-1, max-image-preview:large, max-video-preview:-1\" \/>\n<link rel=\"canonical\" href=\"https:\/\/franciscanos.org.br\/vidacrista\/habitar-a-terra-qual-o-caminho-para-a-fraternidade-universal\/\" \/>\n<meta property=\"og:locale\" content=\"pt_BR\" \/>\n<meta property=\"og:type\" content=\"article\" \/>\n<meta property=\"og:title\" content=\"Habitar a Terra. Qual o caminho para a Fraternidade Universal? - Vida Crist\u00e3 - Franciscanos\" \/>\n<meta property=\"og:description\" content=\"Artigo de Leonardo Boff\" \/>\n<meta property=\"og:url\" content=\"https:\/\/franciscanos.org.br\/vidacrista\/habitar-a-terra-qual-o-caminho-para-a-fraternidade-universal\/\" \/>\n<meta property=\"og:site_name\" content=\"Vida Crist\u00e3 - Franciscanos\" \/>\n<meta property=\"article:published_time\" content=\"2022-02-04T10:21:29+00:00\" \/>\n<meta property=\"og:image\" content=\"https:\/\/franciscanos.org.br\/vidacrista\/wp-content\/uploads\/2022\/02\/artigo_0402.png\" \/>\n\t<meta property=\"og:image:width\" content=\"840\" \/>\n\t<meta property=\"og:image:height\" content=\"473\" \/>\n\t<meta property=\"og:image:type\" content=\"image\/png\" \/>\n<meta name=\"author\" content=\"moacir\" \/>\n<meta name=\"twitter:card\" content=\"summary_large_image\" \/>\n<meta name=\"twitter:label1\" content=\"Escrito por\" \/>\n\t<meta name=\"twitter:data1\" content=\"moacir\" \/>\n\t<meta name=\"twitter:label2\" content=\"Est. tempo de leitura\" \/>\n\t<meta name=\"twitter:data2\" content=\"5 minutos\" \/>\n<script type=\"application\/ld+json\" class=\"yoast-schema-graph\">{\"@context\":\"https:\/\/schema.org\",\"@graph\":[{\"@type\":\"WebSite\",\"@id\":\"https:\/\/franciscanos.org.br\/vidacrista\/#website\",\"url\":\"https:\/\/franciscanos.org.br\/vidacrista\/\",\"name\":\"Vida Crist\u00e3 - Franciscanos\",\"description\":\"Prov\u00edncia Franciscana da Imaculada Concei\u00e7\u00e3o do Brasil - Ordem dos Frades Menores\",\"potentialAction\":[{\"@type\":\"SearchAction\",\"target\":{\"@type\":\"EntryPoint\",\"urlTemplate\":\"https:\/\/franciscanos.org.br\/vidacrista\/?s={search_term_string}\"},\"query-input\":\"required name=search_term_string\"}],\"inLanguage\":\"pt-BR\"},{\"@type\":\"WebPage\",\"@id\":\"https:\/\/franciscanos.org.br\/vidacrista\/habitar-a-terra-qual-o-caminho-para-a-fraternidade-universal\/\",\"url\":\"https:\/\/franciscanos.org.br\/vidacrista\/habitar-a-terra-qual-o-caminho-para-a-fraternidade-universal\/\",\"name\":\"Habitar a Terra. Qual o caminho para a Fraternidade Universal? - Vida Crist\u00e3 - Franciscanos\",\"isPartOf\":{\"@id\":\"https:\/\/franciscanos.org.br\/vidacrista\/#website\"},\"datePublished\":\"2022-02-04T10:21:29+00:00\",\"dateModified\":\"2022-02-04T10:21:29+00:00\",\"author\":{\"@id\":\"https:\/\/franciscanos.org.br\/vidacrista\/#\/schema\/person\/1880bdd2c350b735648725ef7614736a\"},\"breadcrumb\":{\"@id\":\"https:\/\/franciscanos.org.br\/vidacrista\/habitar-a-terra-qual-o-caminho-para-a-fraternidade-universal\/#breadcrumb\"},\"inLanguage\":\"pt-BR\",\"potentialAction\":[{\"@type\":\"ReadAction\",\"target\":[\"https:\/\/franciscanos.org.br\/vidacrista\/habitar-a-terra-qual-o-caminho-para-a-fraternidade-universal\/\"]}]},{\"@type\":\"BreadcrumbList\",\"@id\":\"https:\/\/franciscanos.org.br\/vidacrista\/habitar-a-terra-qual-o-caminho-para-a-fraternidade-universal\/#breadcrumb\",\"itemListElement\":[{\"@type\":\"ListItem\",\"position\":1,\"name\":\"Home\",\"item\":\"https:\/\/franciscanos.org.br\/vidacrista\/\"},{\"@type\":\"ListItem\",\"position\":2,\"name\":\"Habitar a Terra. Qual o caminho para a Fraternidade Universal?\"}]},{\"@type\":\"Person\",\"@id\":\"https:\/\/franciscanos.org.br\/vidacrista\/#\/schema\/person\/1880bdd2c350b735648725ef7614736a\",\"name\":\"moacir\",\"image\":{\"@type\":\"ImageObject\",\"inLanguage\":\"pt-BR\",\"@id\":\"https:\/\/franciscanos.org.br\/vidacrista\/#\/schema\/person\/image\/\",\"url\":\"https:\/\/secure.gravatar.com\/avatar\/d08aa2ce4c8dd416d4479aa8536fcf64?s=96&d=mm&r=g\",\"contentUrl\":\"https:\/\/secure.gravatar.com\/avatar\/d08aa2ce4c8dd416d4479aa8536fcf64?s=96&d=mm&r=g\",\"caption\":\"moacir\"},\"url\":\"https:\/\/franciscanos.org.br\/vidacrista\/author\/moacir\/\"}]}<\/script>\n<!-- \/ Yoast SEO plugin. -->","yoast_head_json":{"title":"Habitar a Terra. Qual o caminho para a Fraternidade Universal? - Vida Crist\u00e3 - Franciscanos","robots":{"index":"index","follow":"follow","max-snippet":"max-snippet:-1","max-image-preview":"max-image-preview:large","max-video-preview":"max-video-preview:-1"},"canonical":"https:\/\/franciscanos.org.br\/vidacrista\/habitar-a-terra-qual-o-caminho-para-a-fraternidade-universal\/","og_locale":"pt_BR","og_type":"article","og_title":"Habitar a Terra. Qual o caminho para a Fraternidade Universal? - Vida Crist\u00e3 - Franciscanos","og_description":"Artigo de Leonardo Boff","og_url":"https:\/\/franciscanos.org.br\/vidacrista\/habitar-a-terra-qual-o-caminho-para-a-fraternidade-universal\/","og_site_name":"Vida Crist\u00e3 - Franciscanos","article_published_time":"2022-02-04T10:21:29+00:00","og_image":[{"width":840,"height":473,"url":"https:\/\/franciscanos.org.br\/vidacrista\/wp-content\/uploads\/2022\/02\/artigo_0402.png","type":"image\/png"}],"author":"moacir","twitter_card":"summary_large_image","twitter_misc":{"Escrito por":"moacir","Est. tempo de leitura":"5 minutos"},"schema":{"@context":"https:\/\/schema.org","@graph":[{"@type":"WebSite","@id":"https:\/\/franciscanos.org.br\/vidacrista\/#website","url":"https:\/\/franciscanos.org.br\/vidacrista\/","name":"Vida Crist\u00e3 - Franciscanos","description":"Prov\u00edncia Franciscana da Imaculada Concei\u00e7\u00e3o do Brasil - Ordem dos Frades Menores","potentialAction":[{"@type":"SearchAction","target":{"@type":"EntryPoint","urlTemplate":"https:\/\/franciscanos.org.br\/vidacrista\/?s={search_term_string}"},"query-input":"required name=search_term_string"}],"inLanguage":"pt-BR"},{"@type":"WebPage","@id":"https:\/\/franciscanos.org.br\/vidacrista\/habitar-a-terra-qual-o-caminho-para-a-fraternidade-universal\/","url":"https:\/\/franciscanos.org.br\/vidacrista\/habitar-a-terra-qual-o-caminho-para-a-fraternidade-universal\/","name":"Habitar a Terra. Qual o caminho para a Fraternidade Universal? - Vida Crist\u00e3 - Franciscanos","isPartOf":{"@id":"https:\/\/franciscanos.org.br\/vidacrista\/#website"},"datePublished":"2022-02-04T10:21:29+00:00","dateModified":"2022-02-04T10:21:29+00:00","author":{"@id":"https:\/\/franciscanos.org.br\/vidacrista\/#\/schema\/person\/1880bdd2c350b735648725ef7614736a"},"breadcrumb":{"@id":"https:\/\/franciscanos.org.br\/vidacrista\/habitar-a-terra-qual-o-caminho-para-a-fraternidade-universal\/#breadcrumb"},"inLanguage":"pt-BR","potentialAction":[{"@type":"ReadAction","target":["https:\/\/franciscanos.org.br\/vidacrista\/habitar-a-terra-qual-o-caminho-para-a-fraternidade-universal\/"]}]},{"@type":"BreadcrumbList","@id":"https:\/\/franciscanos.org.br\/vidacrista\/habitar-a-terra-qual-o-caminho-para-a-fraternidade-universal\/#breadcrumb","itemListElement":[{"@type":"ListItem","position":1,"name":"Home","item":"https:\/\/franciscanos.org.br\/vidacrista\/"},{"@type":"ListItem","position":2,"name":"Habitar a Terra. Qual o caminho para a Fraternidade Universal?"}]},{"@type":"Person","@id":"https:\/\/franciscanos.org.br\/vidacrista\/#\/schema\/person\/1880bdd2c350b735648725ef7614736a","name":"moacir","image":{"@type":"ImageObject","inLanguage":"pt-BR","@id":"https:\/\/franciscanos.org.br\/vidacrista\/#\/schema\/person\/image\/","url":"https:\/\/secure.gravatar.com\/avatar\/d08aa2ce4c8dd416d4479aa8536fcf64?s=96&d=mm&r=g","contentUrl":"https:\/\/secure.gravatar.com\/avatar\/d08aa2ce4c8dd416d4479aa8536fcf64?s=96&d=mm&r=g","caption":"moacir"},"url":"https:\/\/franciscanos.org.br\/vidacrista\/author\/moacir\/"}]}},"_links":{"self":[{"href":"https:\/\/franciscanos.org.br\/vidacrista\/wp-json\/wp\/v2\/posts\/191305"}],"collection":[{"href":"https:\/\/franciscanos.org.br\/vidacrista\/wp-json\/wp\/v2\/posts"}],"about":[{"href":"https:\/\/franciscanos.org.br\/vidacrista\/wp-json\/wp\/v2\/types\/post"}],"author":[{"embeddable":true,"href":"https:\/\/franciscanos.org.br\/vidacrista\/wp-json\/wp\/v2\/users\/3"}],"replies":[{"embeddable":true,"href":"https:\/\/franciscanos.org.br\/vidacrista\/wp-json\/wp\/v2\/comments?post=191305"}],"version-history":[{"count":1,"href":"https:\/\/franciscanos.org.br\/vidacrista\/wp-json\/wp\/v2\/posts\/191305\/revisions"}],"predecessor-version":[{"id":191307,"href":"https:\/\/franciscanos.org.br\/vidacrista\/wp-json\/wp\/v2\/posts\/191305\/revisions\/191307"}],"wp:featuredmedia":[{"embeddable":true,"href":"https:\/\/franciscanos.org.br\/vidacrista\/wp-json\/wp\/v2\/media\/191306"}],"wp:attachment":[{"href":"https:\/\/franciscanos.org.br\/vidacrista\/wp-json\/wp\/v2\/media?parent=191305"}],"wp:term":[{"taxonomy":"category","embeddable":true,"href":"https:\/\/franciscanos.org.br\/vidacrista\/wp-json\/wp\/v2\/categories?post=191305"},{"taxonomy":"post_tag","embeddable":true,"href":"https:\/\/franciscanos.org.br\/vidacrista\/wp-json\/wp\/v2\/tags?post=191305"}],"curies":[{"name":"wp","href":"https:\/\/api.w.org\/{rel}","templated":true}]}}