{"id":191302,"date":"2022-02-03T08:08:40","date_gmt":"2022-02-03T11:08:40","guid":{"rendered":"https:\/\/franciscanos.org.br\/vidacrista\/?p=191302"},"modified":"2022-02-03T08:08:40","modified_gmt":"2022-02-03T11:08:40","slug":"vacinar-as-criancas-um-ato-etico-e-de-amor","status":"publish","type":"post","link":"https:\/\/franciscanos.org.br\/vidacrista\/vacinar-as-criancas-um-ato-etico-e-de-amor\/","title":{"rendered":"Vacinar as crian\u00e7as, um ato \u00e9tico e de amor"},"content":{"rendered":"<div id=\"attachment_191303\" style=\"width: 850px\" class=\"wp-caption alignnone\"><img aria-describedby=\"caption-attachment-191303\" decoding=\"async\" loading=\"lazy\" class=\"wp-image-191303 size-full\" src=\"https:\/\/franciscanos.org.br\/vidacrista\/wp-content\/uploads\/2022\/02\/artigo_0302.png\" alt=\"\" width=\"840\" height=\"451\" srcset=\"https:\/\/franciscanos.org.br\/vidacrista\/wp-content\/uploads\/2022\/02\/artigo_0302.png 840w, https:\/\/franciscanos.org.br\/vidacrista\/wp-content\/uploads\/2022\/02\/artigo_0302-450x242.png 450w, https:\/\/franciscanos.org.br\/vidacrista\/wp-content\/uploads\/2022\/02\/artigo_0302-768x412.png 768w, https:\/\/franciscanos.org.br\/vidacrista\/wp-content\/uploads\/2022\/02\/artigo_0302-150x81.png 150w\" sizes=\"(max-width: 840px) 100vw, 840px\" \/><p id=\"caption-attachment-191303\" class=\"wp-caption-text\">\u00a0 \u00a0 \u00a0 \u00a0 \u00a0 \u00a0 \u00a0 \u00a0 \u00a0 \u00a0 \u00a0 \u00a0 \u00a0 \u00a0 \u00a0 \u00a0 \u00a0 \u00a0 \u00a0 <em>\u00a0 \u00a0 Imagem ilustrativa: Canva (<a href=\"https:\/\/www.canva.com\/pt_br\/modelos\/\">www.canva.com\/pt_br\/modelos<\/a>)<\/em><\/p><\/div>\n<p><strong>Robson Ribeiro de Oliveira Castro Chaves<\/strong><\/p>\n<p>Desde que nascemos, tomamos vacinas; o conhecimento atrelado \u00e0 informa\u00e7\u00e3o, juntamente com campanhas bem-sucedidas, fizeram com que a popula\u00e7\u00e3o se imunizasse e erradicasse muitas doen\u00e7as. Desde 2020, estamos vivendo uma pandemia: a Covid-19. Claro que estamos falando de uma realidade at\u00edpica, pois a pandemia da Covid-19, vivenciada pelo mundo inteiro, j\u00e1 fez milhares de v\u00edtimas.<\/p>\n<p>\u00c9 preciso apoiar-nos na realidade, encarar o que estamos vivendo. N\u00e3o podemos deixar de lado a gravidade dos acontecimentos e muito menos neg\u00e1-los. \u00c9 preciso um agir \u00e9tico, ou seja, pensar em condutas e valores que, honestamente, possam nortear nossas a\u00e7\u00f5es e decis\u00f5es. Dessa forma, a situa\u00e7\u00e3o da pandemia que vivemos \u00e9 um momento de refletir eticamente sobre a nossa realidade, sem perder a esperan\u00e7a e confiar, principalmente, nas vacinas!<\/p>\n<p>O Papa Francisco, aos 85 anos de idade, faz parte do grupo de risco e n\u00e3o hesitou em receber as doses da vacina contra o novo coronav\u00edrus. Recentemente, em uma mensagem em v\u00eddeo para os povos da Am\u00e9rica Latina, o Papa os convidou a vacinar-se contra o coronav\u00edrus: um gesto simples, mas profundo, para um futuro melhor. Em sua mensagem, Francisco acrescenta que \u201cGra\u00e7as a Deus e ao trabalho de muitos, hoje temos vacinas para nos proteger da Covid-19. Elas d\u00e3o a esperan\u00e7a de acabar com a pandemia, mas somente se elas estiverem dispon\u00edveis para todos e se colaborarmos uns com os outros.\u201d<\/p>\n<p>Diante desse contexto, somos convocados a assumir nossa postura \u00e9tica frente \u00e0 crise da Covid-19 e vacinar a todos e todas. A vacina\u00e7\u00e3o agora tem o foco nas crian\u00e7as de 5 a 11 anos. Infelizmente, diante de um negacionismo sem precedentes, estamos encarando o retorno de diversas doen\u00e7as. Nos dias atuais, a queda na imuniza\u00e7\u00e3o infantil em v\u00e1rios pa\u00edses, incluindo o Brasil, tem deixado os m\u00e9dicos em alerta. O n\u00famero de beb\u00eas sem a vacina contra sarampo \u00e9 o maior em 20 anos, o que aumenta a possibilidade de surtos. Esse \u00e9 apenas um caso de queda na imuniza\u00e7\u00e3o, o que compromete o bem-estar da popula\u00e7\u00e3o, afeta o bem comum e nos leva a ter o retorno de doen\u00e7as antes erradicadas.<\/p>\n<p>J\u00e1 com rela\u00e7\u00e3o \u00e0 realidade de vacinar as crian\u00e7as contra Covid-19, que iniciou na segunda quinzena de janeiro, tem gerado grandes debates e inclusive <em>fake news<\/em> comprometendo ainda mais o sucesso da imuniza\u00e7\u00e3o. Papa Francisco afirma que \u201cVacinar-se, com vacinas autorizadas pelas autoridades competentes, \u00e9 um ato de amor. E ajudar a fazer de modo que a maioria das pessoas se vacine \u00e9 um ato de amor. Amor por si mesmo, amor pelos familiares e amigos, amor por todos os povos. O amor tamb\u00e9m \u00e9 social e pol\u00edtico, h\u00e1 amor social e amor pol\u00edtico, \u00e9 universal, sempre transbordante de pequenos gestos de caridade pessoal capazes de transformar e melhorar as sociedades\u201d.<\/p>\n<p>Destarte, precisamos observar que vacinar-se \u00e9 cuidar, agir com coer\u00eancia, preocupar-se com o outro e, acima de tudo, ter amor para que possamos viver dias melhores. Francisco j\u00e1 apelou para a \u00e9tica social exortando-nos a \u201clutar para que todos no mundo tenham o mesmo acesso \u00e0 vacina, para que n\u00e3o haja &#8216;caprichos&#8217; na escolha da dose mais famosa e sobretudo que seja gratuita para quem precisa e n\u00e3o algo do qual obter um lucro f\u00e1cil\u201d, para tanto, \u00e9 necess\u00e1rio que o acesso \u00e0s vacinas seja de forma completa, atingindo a todos e todas e que ainda possamos observar nossas crian\u00e7as sendo vacinadas e respirando mais aliviadas, mesmo mantendo os protocolos sanit\u00e1rios, seguindo a vida.<\/p>\n<p>Pediatra e professora da Faculdade de Medicina da USP, Ana Escobar falou em entrevista \u00e0 CNN no dia 5 de janeiro de 2022. Ela fez um alerta aos pais e respons\u00e1veis sobre a import\u00e2ncia da vacina\u00e7\u00e3o de crian\u00e7as: \u201cEssa vacina \u00e9 segura, \u00e9 eficaz, o mundo inteiro est\u00e1 usando, n\u00e3o tem raz\u00e3o nenhuma para terem medo ou desconfian\u00e7a. Vacinem seus filhos, n\u00e3o h\u00e1 nenhum efeito colateral que justifique a n\u00e3o vacina\u00e7\u00e3o\u201d, disse a pediatra.<\/p>\n<p>A professora Ana continua ao alertar os pais sobre as informa\u00e7\u00f5es que leem e compartilham, pois a vacina s\u00f3 colabora para o bem de todos. \u201cN\u00e3o fiquem com medo desse e de outros efeitos colaterais. H\u00e1 muitas <em>fake news.<\/em> O que o mundo est\u00e1 mostrando \u00e9 que a vacina \u00e9 segura e eficaz, vacinem seus filhos assim que chegar a hora deles\u201d.<\/p>\n<p>Ao se comprometer com a sa\u00fade de seus filhos, diversos pais postaram nas redes sociais fotos de seus filhos sendo vacinados e o comprometimento \u00e9tico com a vida. O Papa Francisco apela aos cardeais latino-americanos ao afirmar em seu v\u00eddeo que vacinar-se \u00e9 uma forma simples, mas profunda de promover o bem comum e de gerar um cuidado para com todos, especialmente os mais vulner\u00e1veis. \u201cPe\u00e7o a Deus que cada um possa contribuir com seu pequeno gr\u00e3o de areia, seu pequeno gesto de amor. Por menor que seja, o amor \u00e9 sempre grande. Contribua com estes pequenos gestos para um futuro melhor.\u201d<\/p>\n<p>Por isso, vacinar \u00e9 um ato de amor, como nos afirma Francisco, um compromisso \u00e9tico com os outros e com o bem comum. Uma pessoa vacinada, por mais que tenha contra\u00eddo o v\u00edrus da Covid-19, pode apresentar sintomas leves e ter mais chances de se recuperar do que os que n\u00e3o se vacinaram. Sendo assim, acreditemos na ci\u00eancia, acreditemos nos cientistas que dedicaram tempo e estudos na realidade das vacinas, tanto em adultos quanto em crian\u00e7as.<\/p>\n<p>Francisco, no dia 10 de janeiro, refor\u00e7ou o pedido feito desde o in\u00edcio da campanha de vacina\u00e7\u00e3o e exortou \u00e0 comunidade internacional para &#8220;continuar os esfor\u00e7os&#8221; para vacinar a popula\u00e7\u00e3o e combater a desinforma\u00e7\u00e3o sobre o coronav\u00edrus. O Papa condena as mensagens falsas ou a desinforma\u00e7\u00e3o: \u201cInfelizmente, cada vez mais constatamos como vivemos em um mundo de fortes contrastes ideol\u00f3gicos. Muitas vezes nos deixamos influenciar pela ideologia do momento, geralmente baseada em not\u00edcias sem fundamento ou em fatos pouco documentados\u201d. Que possamos ser propagadores da boa not\u00edcia, do bom momento vivido com a queda dr\u00e1stica das mortes e a real possibilidade de ganhar a batalha contra este v\u00edrus. Portanto, como nos diz Francisco: \u201cVacinar \u00e9 um ato de amor!\u201d<\/p>\n<hr \/>\n<p><strong>Robson Ribeiro de Oliveira Castro Chaves<\/strong>\u00a0<em>\u00e9 mestre em Teologia pela Faculdade Jesu\u00edta de Filosofia e Teologia (FAJE), em BH, professor de teologia no Instituto Teol\u00f3gico Franciscano (ITF), em Petr\u00f3polis (RJ) e membro do Conselho Regional de Forma\u00e7\u00e3o (CRF) \u2013 LESTE II do CNLB.<\/em><\/p>\n","protected":false},"excerpt":{"rendered":"<p>Artigo de Robson Ribeiro de Oliveira Castro Chaves<\/p>\n","protected":false},"author":3,"featured_media":191303,"comment_status":"open","ping_status":"open","sticky":false,"template":"","format":"standard","meta":{"footnotes":""},"categories":[26],"tags":[355],"yoast_head":"<!-- This site is optimized with the Yoast SEO plugin v19.4 - https:\/\/yoast.com\/wordpress\/plugins\/seo\/ -->\n<title>Vacinar as crian\u00e7as, um ato \u00e9tico e de amor - Vida Crist\u00e3 - Franciscanos<\/title>\n<meta name=\"robots\" content=\"index, follow, max-snippet:-1, max-image-preview:large, max-video-preview:-1\" \/>\n<link rel=\"canonical\" href=\"https:\/\/franciscanos.org.br\/vidacrista\/vacinar-as-criancas-um-ato-etico-e-de-amor\/\" \/>\n<meta property=\"og:locale\" content=\"pt_BR\" \/>\n<meta property=\"og:type\" content=\"article\" \/>\n<meta property=\"og:title\" content=\"Vacinar as crian\u00e7as, um ato \u00e9tico e de amor - Vida Crist\u00e3 - Franciscanos\" \/>\n<meta property=\"og:description\" content=\"Artigo de Robson Ribeiro de Oliveira Castro Chaves\" \/>\n<meta property=\"og:url\" content=\"https:\/\/franciscanos.org.br\/vidacrista\/vacinar-as-criancas-um-ato-etico-e-de-amor\/\" \/>\n<meta property=\"og:site_name\" content=\"Vida Crist\u00e3 - Franciscanos\" \/>\n<meta property=\"article:published_time\" content=\"2022-02-03T11:08:40+00:00\" \/>\n<meta property=\"og:image\" content=\"https:\/\/franciscanos.org.br\/vidacrista\/wp-content\/uploads\/2022\/02\/artigo_0302.png\" \/>\n\t<meta property=\"og:image:width\" content=\"840\" \/>\n\t<meta property=\"og:image:height\" content=\"451\" \/>\n\t<meta property=\"og:image:type\" content=\"image\/png\" \/>\n<meta name=\"author\" content=\"moacir\" \/>\n<meta name=\"twitter:card\" content=\"summary_large_image\" \/>\n<meta name=\"twitter:label1\" content=\"Escrito por\" \/>\n\t<meta name=\"twitter:data1\" content=\"moacir\" \/>\n\t<meta name=\"twitter:label2\" content=\"Est. tempo de leitura\" \/>\n\t<meta name=\"twitter:data2\" content=\"6 minutos\" \/>\n<script type=\"application\/ld+json\" class=\"yoast-schema-graph\">{\"@context\":\"https:\/\/schema.org\",\"@graph\":[{\"@type\":\"WebSite\",\"@id\":\"https:\/\/franciscanos.org.br\/vidacrista\/#website\",\"url\":\"https:\/\/franciscanos.org.br\/vidacrista\/\",\"name\":\"Vida Crist\u00e3 - Franciscanos\",\"description\":\"Prov\u00edncia Franciscana da Imaculada Concei\u00e7\u00e3o do Brasil - Ordem dos Frades Menores\",\"potentialAction\":[{\"@type\":\"SearchAction\",\"target\":{\"@type\":\"EntryPoint\",\"urlTemplate\":\"https:\/\/franciscanos.org.br\/vidacrista\/?s={search_term_string}\"},\"query-input\":\"required name=search_term_string\"}],\"inLanguage\":\"pt-BR\"},{\"@type\":\"WebPage\",\"@id\":\"https:\/\/franciscanos.org.br\/vidacrista\/vacinar-as-criancas-um-ato-etico-e-de-amor\/\",\"url\":\"https:\/\/franciscanos.org.br\/vidacrista\/vacinar-as-criancas-um-ato-etico-e-de-amor\/\",\"name\":\"Vacinar as crian\u00e7as, um ato \u00e9tico e de amor - Vida Crist\u00e3 - Franciscanos\",\"isPartOf\":{\"@id\":\"https:\/\/franciscanos.org.br\/vidacrista\/#website\"},\"datePublished\":\"2022-02-03T11:08:40+00:00\",\"dateModified\":\"2022-02-03T11:08:40+00:00\",\"author\":{\"@id\":\"https:\/\/franciscanos.org.br\/vidacrista\/#\/schema\/person\/1880bdd2c350b735648725ef7614736a\"},\"breadcrumb\":{\"@id\":\"https:\/\/franciscanos.org.br\/vidacrista\/vacinar-as-criancas-um-ato-etico-e-de-amor\/#breadcrumb\"},\"inLanguage\":\"pt-BR\",\"potentialAction\":[{\"@type\":\"ReadAction\",\"target\":[\"https:\/\/franciscanos.org.br\/vidacrista\/vacinar-as-criancas-um-ato-etico-e-de-amor\/\"]}]},{\"@type\":\"BreadcrumbList\",\"@id\":\"https:\/\/franciscanos.org.br\/vidacrista\/vacinar-as-criancas-um-ato-etico-e-de-amor\/#breadcrumb\",\"itemListElement\":[{\"@type\":\"ListItem\",\"position\":1,\"name\":\"Home\",\"item\":\"https:\/\/franciscanos.org.br\/vidacrista\/\"},{\"@type\":\"ListItem\",\"position\":2,\"name\":\"Vacinar as crian\u00e7as, um ato \u00e9tico e de amor\"}]},{\"@type\":\"Person\",\"@id\":\"https:\/\/franciscanos.org.br\/vidacrista\/#\/schema\/person\/1880bdd2c350b735648725ef7614736a\",\"name\":\"moacir\",\"image\":{\"@type\":\"ImageObject\",\"inLanguage\":\"pt-BR\",\"@id\":\"https:\/\/franciscanos.org.br\/vidacrista\/#\/schema\/person\/image\/\",\"url\":\"https:\/\/secure.gravatar.com\/avatar\/d08aa2ce4c8dd416d4479aa8536fcf64?s=96&d=mm&r=g\",\"contentUrl\":\"https:\/\/secure.gravatar.com\/avatar\/d08aa2ce4c8dd416d4479aa8536fcf64?s=96&d=mm&r=g\",\"caption\":\"moacir\"},\"url\":\"https:\/\/franciscanos.org.br\/vidacrista\/author\/moacir\/\"}]}<\/script>\n<!-- \/ Yoast SEO plugin. -->","yoast_head_json":{"title":"Vacinar as crian\u00e7as, um ato \u00e9tico e de amor - Vida Crist\u00e3 - Franciscanos","robots":{"index":"index","follow":"follow","max-snippet":"max-snippet:-1","max-image-preview":"max-image-preview:large","max-video-preview":"max-video-preview:-1"},"canonical":"https:\/\/franciscanos.org.br\/vidacrista\/vacinar-as-criancas-um-ato-etico-e-de-amor\/","og_locale":"pt_BR","og_type":"article","og_title":"Vacinar as crian\u00e7as, um ato \u00e9tico e de amor - Vida Crist\u00e3 - Franciscanos","og_description":"Artigo de Robson Ribeiro de Oliveira Castro Chaves","og_url":"https:\/\/franciscanos.org.br\/vidacrista\/vacinar-as-criancas-um-ato-etico-e-de-amor\/","og_site_name":"Vida Crist\u00e3 - Franciscanos","article_published_time":"2022-02-03T11:08:40+00:00","og_image":[{"width":840,"height":451,"url":"https:\/\/franciscanos.org.br\/vidacrista\/wp-content\/uploads\/2022\/02\/artigo_0302.png","type":"image\/png"}],"author":"moacir","twitter_card":"summary_large_image","twitter_misc":{"Escrito por":"moacir","Est. tempo de leitura":"6 minutos"},"schema":{"@context":"https:\/\/schema.org","@graph":[{"@type":"WebSite","@id":"https:\/\/franciscanos.org.br\/vidacrista\/#website","url":"https:\/\/franciscanos.org.br\/vidacrista\/","name":"Vida Crist\u00e3 - Franciscanos","description":"Prov\u00edncia Franciscana da Imaculada Concei\u00e7\u00e3o do Brasil - Ordem dos Frades Menores","potentialAction":[{"@type":"SearchAction","target":{"@type":"EntryPoint","urlTemplate":"https:\/\/franciscanos.org.br\/vidacrista\/?s={search_term_string}"},"query-input":"required name=search_term_string"}],"inLanguage":"pt-BR"},{"@type":"WebPage","@id":"https:\/\/franciscanos.org.br\/vidacrista\/vacinar-as-criancas-um-ato-etico-e-de-amor\/","url":"https:\/\/franciscanos.org.br\/vidacrista\/vacinar-as-criancas-um-ato-etico-e-de-amor\/","name":"Vacinar as crian\u00e7as, um ato \u00e9tico e de amor - Vida Crist\u00e3 - Franciscanos","isPartOf":{"@id":"https:\/\/franciscanos.org.br\/vidacrista\/#website"},"datePublished":"2022-02-03T11:08:40+00:00","dateModified":"2022-02-03T11:08:40+00:00","author":{"@id":"https:\/\/franciscanos.org.br\/vidacrista\/#\/schema\/person\/1880bdd2c350b735648725ef7614736a"},"breadcrumb":{"@id":"https:\/\/franciscanos.org.br\/vidacrista\/vacinar-as-criancas-um-ato-etico-e-de-amor\/#breadcrumb"},"inLanguage":"pt-BR","potentialAction":[{"@type":"ReadAction","target":["https:\/\/franciscanos.org.br\/vidacrista\/vacinar-as-criancas-um-ato-etico-e-de-amor\/"]}]},{"@type":"BreadcrumbList","@id":"https:\/\/franciscanos.org.br\/vidacrista\/vacinar-as-criancas-um-ato-etico-e-de-amor\/#breadcrumb","itemListElement":[{"@type":"ListItem","position":1,"name":"Home","item":"https:\/\/franciscanos.org.br\/vidacrista\/"},{"@type":"ListItem","position":2,"name":"Vacinar as crian\u00e7as, um ato \u00e9tico e de amor"}]},{"@type":"Person","@id":"https:\/\/franciscanos.org.br\/vidacrista\/#\/schema\/person\/1880bdd2c350b735648725ef7614736a","name":"moacir","image":{"@type":"ImageObject","inLanguage":"pt-BR","@id":"https:\/\/franciscanos.org.br\/vidacrista\/#\/schema\/person\/image\/","url":"https:\/\/secure.gravatar.com\/avatar\/d08aa2ce4c8dd416d4479aa8536fcf64?s=96&d=mm&r=g","contentUrl":"https:\/\/secure.gravatar.com\/avatar\/d08aa2ce4c8dd416d4479aa8536fcf64?s=96&d=mm&r=g","caption":"moacir"},"url":"https:\/\/franciscanos.org.br\/vidacrista\/author\/moacir\/"}]}},"_links":{"self":[{"href":"https:\/\/franciscanos.org.br\/vidacrista\/wp-json\/wp\/v2\/posts\/191302"}],"collection":[{"href":"https:\/\/franciscanos.org.br\/vidacrista\/wp-json\/wp\/v2\/posts"}],"about":[{"href":"https:\/\/franciscanos.org.br\/vidacrista\/wp-json\/wp\/v2\/types\/post"}],"author":[{"embeddable":true,"href":"https:\/\/franciscanos.org.br\/vidacrista\/wp-json\/wp\/v2\/users\/3"}],"replies":[{"embeddable":true,"href":"https:\/\/franciscanos.org.br\/vidacrista\/wp-json\/wp\/v2\/comments?post=191302"}],"version-history":[{"count":1,"href":"https:\/\/franciscanos.org.br\/vidacrista\/wp-json\/wp\/v2\/posts\/191302\/revisions"}],"predecessor-version":[{"id":191304,"href":"https:\/\/franciscanos.org.br\/vidacrista\/wp-json\/wp\/v2\/posts\/191302\/revisions\/191304"}],"wp:featuredmedia":[{"embeddable":true,"href":"https:\/\/franciscanos.org.br\/vidacrista\/wp-json\/wp\/v2\/media\/191303"}],"wp:attachment":[{"href":"https:\/\/franciscanos.org.br\/vidacrista\/wp-json\/wp\/v2\/media?parent=191302"}],"wp:term":[{"taxonomy":"category","embeddable":true,"href":"https:\/\/franciscanos.org.br\/vidacrista\/wp-json\/wp\/v2\/categories?post=191302"},{"taxonomy":"post_tag","embeddable":true,"href":"https:\/\/franciscanos.org.br\/vidacrista\/wp-json\/wp\/v2\/tags?post=191302"}],"curies":[{"name":"wp","href":"https:\/\/api.w.org\/{rel}","templated":true}]}}