{"id":191299,"date":"2022-02-02T05:31:37","date_gmt":"2022-02-02T08:31:37","guid":{"rendered":"https:\/\/franciscanos.org.br\/vidacrista\/?p=191299"},"modified":"2022-02-02T05:31:37","modified_gmt":"2022-02-02T08:31:37","slug":"conheca-a-historia-e-devocao-de-nossa-senhora-das-candeias-ou-nossa-senhora-da-luz","status":"publish","type":"post","link":"https:\/\/franciscanos.org.br\/vidacrista\/conheca-a-historia-e-devocao-de-nossa-senhora-das-candeias-ou-nossa-senhora-da-luz\/","title":{"rendered":"Conhe\u00e7a a hist\u00f3ria e devo\u00e7\u00e3o de Nossa Senhora das Candeias ou Nossa Senhora da Luz"},"content":{"rendered":"<div id=\"attachment_191300\" style=\"width: 850px\" class=\"wp-caption alignnone\"><img aria-describedby=\"caption-attachment-191300\" decoding=\"async\" loading=\"lazy\" class=\"wp-image-191300 size-full\" src=\"https:\/\/franciscanos.org.br\/vidacrista\/wp-content\/uploads\/2022\/02\/luz_0202.jpg\" alt=\"\" width=\"840\" height=\"450\" srcset=\"https:\/\/franciscanos.org.br\/vidacrista\/wp-content\/uploads\/2022\/02\/luz_0202.jpg 840w, https:\/\/franciscanos.org.br\/vidacrista\/wp-content\/uploads\/2022\/02\/luz_0202-450x241.jpg 450w, https:\/\/franciscanos.org.br\/vidacrista\/wp-content\/uploads\/2022\/02\/luz_0202-768x411.jpg 768w, https:\/\/franciscanos.org.br\/vidacrista\/wp-content\/uploads\/2022\/02\/luz_0202-150x80.jpg 150w\" sizes=\"(max-width: 840px) 100vw, 840px\" \/><p id=\"caption-attachment-191300\" class=\"wp-caption-text\"><em>Importante imagem de Nossa Senhora da Luz do s\u00e9culo XVI, escultor portugu\u00eas (Wikip\u00e9dia, dom\u00ednio p\u00fablico)<\/em><\/p><\/div>\n<p><em>Frei Augusto Luiz Gabriel, OFM<\/em><\/p>\n<p>Celebrada no dia 2 de fevereiro, data em que a Igreja faz mem\u00f3ria da Festa Lit\u00fargica da Apresenta\u00e7\u00e3o do Senhor, Nossa Senhora das Candeias, da Luz, da Purifica\u00e7\u00e3o ou da Candel\u00e1ria &#8211; todos estes t\u00edtulos designam a mesma Nossa Senhora -, tem sua hist\u00f3ria e v\u00ednculo a partir da purifica\u00e7\u00e3o de Nossa Senhora e Apresenta\u00e7\u00e3o do Menino Jesus no Templo, quarenta dias ap\u00f3s o seu nascimento. Al\u00e9m disso, outras narra\u00e7\u00f5es relatam suas origens, como a lenda das Ilhas das Can\u00e1rias e tamb\u00e9m a partir da devo\u00e7\u00e3o popular.<\/p>\n<p>Segundo a tradi\u00e7\u00e3o mosaica, ap\u00f3s o parto, as parturientes eram consideradas impuras e deveriam ir ao Templo, quarenta dias ap\u00f3s o nascimento de seus filhos, para se apresentarem ao Sumo-Sacerdote e oferecer seus sacrif\u00edcios. Sendo assim, ap\u00f3s o nascimento de Jesus, Maria e Jos\u00e9 se dirigiram at\u00e9 Sime\u00e3o para cumprir este preceito. Assim nasceu a Festa da Apresenta\u00e7\u00e3o de Jesus no Templo e tamb\u00e9m a Festa da Purifica\u00e7\u00e3o de Nossa Senhora.<\/p>\n<p>Sobre a origem e apari\u00e7\u00e3o de Nossa Senhora das Candeias, encontram-se no livro &#8220;Maria, uma M\u00e3e, muitos t\u00edtulos&#8221;, do Pe. Jos\u00e9 Battisti, palotino, relatos que explicam a apari\u00e7\u00e3o de Nossa Senhora nas Ilhas das Can\u00e1rias, Espanha. L\u00ea-se que dois pastores guardavam costumeiramente seus animais perto de uma caverna de Tenerife, Ilhas Can\u00e1rias, e em um determinado dia observaram que os animais se recusaram a entrar no local. Os pastores, ent\u00e3o, aproximaram-se da gruta e descobriram a imagem de uma Senhora com um filho no colo. O fato se espalhou pela regi\u00e3o e o povo foi averiguar para validar o fato. Chegando l\u00e1, encontraram numerosas candeias sustentadas por seres invis\u00edveis que, com seus c\u00e2nticos, louvavam a Deus e \u00e0 Virgem Maria. Por isso, Maria ganhou o t\u00edtulo de Candel\u00e1ria, por causa das velas que iluminavam a imagem. J\u00e1 o nome \u201ccandeias\u201d faz refer\u00eancia \u00e0 chama da vela que, simbolicamente, apresenta Jesus Cristo ao mundo. \u00c9 por isso que as imagens devocionais ilustram Maria segurando o Menino Jesus ao colo.<\/p>\n<p>Pela devo\u00e7\u00e3o popular, nos prim\u00f3rdios do cristianismo, a festividade de Nossa Senhora era denominada &#8220;das Candeias&#8221; porque comemorava-se o trajeto de Maria at\u00e9 o Templo, com uma prociss\u00e3o, na qual os devotos portavam velas acesas durante o trajeto. A prociss\u00e3o dos luzeiros \u00e9 proveniente de um antigo costume dos romanos. Como a festividade era celebrada sempre no dia 2 de fevereiro, data em que os crist\u00e3os comemoravam a Purifica\u00e7\u00e3o de Maria, o Papa Gel\u00e1sio I (492-496) instituiu um solene cortejo noturno em homenagem \u00e0 M\u00e3e Sant\u00edssima, convidando o povo a participar com c\u00edrios e velas acesas e cantar hinos em louvor a Nossa Senhora. Esta celebra\u00e7\u00e3o propagou-se por toda a Igreja Romana e, em 542, Justiniano I instituiu-a no Imp\u00e9rio do Oriente ap\u00f3s ter cessado uma peste. Mas as festas religiosas come\u00e7aram a ser celebradas com prociss\u00e3o de velas a partir do s\u00e9culo X, um pouco mais tarde, mas que fazem mem\u00f3ria e celebram a f\u00e9 em Maria e no seu Filho Jesus.<\/p>\n<p>A partir destes fatos, pode-se afirmar teologicamente que Jesus \u00e9 Aquele cuja luz clarifica todos os povos e todas as gentes. Ent\u00e3o, Nossa Senhora das Candeias, pode ser tamb\u00e9m a Nossa Senhora da Luz, pois ambas apresentam Jesus, a Luz das na\u00e7\u00f5es. Nossa Senhora \u00e9 portadora da luz que \u00e9 Jesus. Todos os crist\u00e3os s\u00e3o convidados a receber essa luz e multiplicar as \u2018grandes maravilhas\u2019 operadas em Maria pelo Senhor. Assim como Jesus foi luz de todas as na\u00e7\u00f5es, todos os disc\u00edpulos seus, no cotidiano da vida podem ser tamb\u00e9m a luz do Senhor.<\/p>\n<hr \/>\n<p><strong>Frei Augusto Luiz Gabriel,<\/strong> <em>ofm, \u00e9 religioso franciscano da Ordem dos Frades Menores. Graduado em Filosofia pelo Centro Universit\u00e1rio de Curitiba (FAE), atualmente cursa o quarto ano de Teologia no Instituto Teol\u00f3gico Franciscano em Petr\u00f3polis (RJ).<\/em><\/p>\n<p><em>Este artigo foi publicado originalmente na \u201cRevista Ave-Maria\u201d.<\/em><\/p>\n","protected":false},"excerpt":{"rendered":"<p>Artigo de Frei Augusto Luiz Gabriel<\/p>\n","protected":false},"author":3,"featured_media":191300,"comment_status":"open","ping_status":"open","sticky":false,"template":"","format":"standard","meta":{"footnotes":""},"categories":[26],"tags":[352],"yoast_head":"<!-- This site is optimized with the Yoast SEO plugin v19.4 - https:\/\/yoast.com\/wordpress\/plugins\/seo\/ -->\n<title>Conhe\u00e7a a hist\u00f3ria e devo\u00e7\u00e3o de Nossa Senhora das Candeias ou Nossa Senhora da Luz - Vida Crist\u00e3 - Franciscanos<\/title>\n<meta name=\"robots\" content=\"index, follow, max-snippet:-1, max-image-preview:large, max-video-preview:-1\" \/>\n<link rel=\"canonical\" href=\"https:\/\/franciscanos.org.br\/vidacrista\/conheca-a-historia-e-devocao-de-nossa-senhora-das-candeias-ou-nossa-senhora-da-luz\/\" \/>\n<meta property=\"og:locale\" content=\"pt_BR\" \/>\n<meta property=\"og:type\" content=\"article\" \/>\n<meta property=\"og:title\" content=\"Conhe\u00e7a a hist\u00f3ria e devo\u00e7\u00e3o de Nossa Senhora das Candeias ou Nossa Senhora da Luz - Vida Crist\u00e3 - Franciscanos\" \/>\n<meta property=\"og:description\" content=\"Artigo de Frei Augusto Luiz Gabriel\" \/>\n<meta property=\"og:url\" content=\"https:\/\/franciscanos.org.br\/vidacrista\/conheca-a-historia-e-devocao-de-nossa-senhora-das-candeias-ou-nossa-senhora-da-luz\/\" \/>\n<meta property=\"og:site_name\" content=\"Vida Crist\u00e3 - Franciscanos\" \/>\n<meta property=\"article:published_time\" content=\"2022-02-02T08:31:37+00:00\" \/>\n<meta property=\"og:image\" content=\"https:\/\/franciscanos.org.br\/vidacrista\/wp-content\/uploads\/2022\/02\/luz_0202.jpg\" \/>\n\t<meta property=\"og:image:width\" content=\"840\" \/>\n\t<meta property=\"og:image:height\" content=\"450\" \/>\n\t<meta property=\"og:image:type\" content=\"image\/jpeg\" \/>\n<meta name=\"author\" content=\"moacir\" \/>\n<meta name=\"twitter:card\" content=\"summary_large_image\" \/>\n<meta name=\"twitter:label1\" content=\"Escrito por\" \/>\n\t<meta name=\"twitter:data1\" content=\"moacir\" \/>\n\t<meta name=\"twitter:label2\" content=\"Est. tempo de leitura\" \/>\n\t<meta name=\"twitter:data2\" content=\"4 minutos\" \/>\n<script type=\"application\/ld+json\" class=\"yoast-schema-graph\">{\"@context\":\"https:\/\/schema.org\",\"@graph\":[{\"@type\":\"WebSite\",\"@id\":\"https:\/\/franciscanos.org.br\/vidacrista\/#website\",\"url\":\"https:\/\/franciscanos.org.br\/vidacrista\/\",\"name\":\"Vida Crist\u00e3 - Franciscanos\",\"description\":\"Prov\u00edncia Franciscana da Imaculada Concei\u00e7\u00e3o do Brasil - Ordem dos Frades Menores\",\"potentialAction\":[{\"@type\":\"SearchAction\",\"target\":{\"@type\":\"EntryPoint\",\"urlTemplate\":\"https:\/\/franciscanos.org.br\/vidacrista\/?s={search_term_string}\"},\"query-input\":\"required name=search_term_string\"}],\"inLanguage\":\"pt-BR\"},{\"@type\":\"WebPage\",\"@id\":\"https:\/\/franciscanos.org.br\/vidacrista\/conheca-a-historia-e-devocao-de-nossa-senhora-das-candeias-ou-nossa-senhora-da-luz\/\",\"url\":\"https:\/\/franciscanos.org.br\/vidacrista\/conheca-a-historia-e-devocao-de-nossa-senhora-das-candeias-ou-nossa-senhora-da-luz\/\",\"name\":\"Conhe\u00e7a a hist\u00f3ria e devo\u00e7\u00e3o de Nossa Senhora das Candeias ou Nossa Senhora da Luz - Vida Crist\u00e3 - Franciscanos\",\"isPartOf\":{\"@id\":\"https:\/\/franciscanos.org.br\/vidacrista\/#website\"},\"datePublished\":\"2022-02-02T08:31:37+00:00\",\"dateModified\":\"2022-02-02T08:31:37+00:00\",\"author\":{\"@id\":\"https:\/\/franciscanos.org.br\/vidacrista\/#\/schema\/person\/1880bdd2c350b735648725ef7614736a\"},\"breadcrumb\":{\"@id\":\"https:\/\/franciscanos.org.br\/vidacrista\/conheca-a-historia-e-devocao-de-nossa-senhora-das-candeias-ou-nossa-senhora-da-luz\/#breadcrumb\"},\"inLanguage\":\"pt-BR\",\"potentialAction\":[{\"@type\":\"ReadAction\",\"target\":[\"https:\/\/franciscanos.org.br\/vidacrista\/conheca-a-historia-e-devocao-de-nossa-senhora-das-candeias-ou-nossa-senhora-da-luz\/\"]}]},{\"@type\":\"BreadcrumbList\",\"@id\":\"https:\/\/franciscanos.org.br\/vidacrista\/conheca-a-historia-e-devocao-de-nossa-senhora-das-candeias-ou-nossa-senhora-da-luz\/#breadcrumb\",\"itemListElement\":[{\"@type\":\"ListItem\",\"position\":1,\"name\":\"Home\",\"item\":\"https:\/\/franciscanos.org.br\/vidacrista\/\"},{\"@type\":\"ListItem\",\"position\":2,\"name\":\"Conhe\u00e7a a hist\u00f3ria e devo\u00e7\u00e3o de Nossa Senhora das Candeias ou Nossa Senhora da Luz\"}]},{\"@type\":\"Person\",\"@id\":\"https:\/\/franciscanos.org.br\/vidacrista\/#\/schema\/person\/1880bdd2c350b735648725ef7614736a\",\"name\":\"moacir\",\"image\":{\"@type\":\"ImageObject\",\"inLanguage\":\"pt-BR\",\"@id\":\"https:\/\/franciscanos.org.br\/vidacrista\/#\/schema\/person\/image\/\",\"url\":\"https:\/\/secure.gravatar.com\/avatar\/d08aa2ce4c8dd416d4479aa8536fcf64?s=96&d=mm&r=g\",\"contentUrl\":\"https:\/\/secure.gravatar.com\/avatar\/d08aa2ce4c8dd416d4479aa8536fcf64?s=96&d=mm&r=g\",\"caption\":\"moacir\"},\"url\":\"https:\/\/franciscanos.org.br\/vidacrista\/author\/moacir\/\"}]}<\/script>\n<!-- \/ Yoast SEO plugin. -->","yoast_head_json":{"title":"Conhe\u00e7a a hist\u00f3ria e devo\u00e7\u00e3o de Nossa Senhora das Candeias ou Nossa Senhora da Luz - Vida Crist\u00e3 - Franciscanos","robots":{"index":"index","follow":"follow","max-snippet":"max-snippet:-1","max-image-preview":"max-image-preview:large","max-video-preview":"max-video-preview:-1"},"canonical":"https:\/\/franciscanos.org.br\/vidacrista\/conheca-a-historia-e-devocao-de-nossa-senhora-das-candeias-ou-nossa-senhora-da-luz\/","og_locale":"pt_BR","og_type":"article","og_title":"Conhe\u00e7a a hist\u00f3ria e devo\u00e7\u00e3o de Nossa Senhora das Candeias ou Nossa Senhora da Luz - Vida Crist\u00e3 - Franciscanos","og_description":"Artigo de Frei Augusto Luiz Gabriel","og_url":"https:\/\/franciscanos.org.br\/vidacrista\/conheca-a-historia-e-devocao-de-nossa-senhora-das-candeias-ou-nossa-senhora-da-luz\/","og_site_name":"Vida Crist\u00e3 - Franciscanos","article_published_time":"2022-02-02T08:31:37+00:00","og_image":[{"width":840,"height":450,"url":"https:\/\/franciscanos.org.br\/vidacrista\/wp-content\/uploads\/2022\/02\/luz_0202.jpg","type":"image\/jpeg"}],"author":"moacir","twitter_card":"summary_large_image","twitter_misc":{"Escrito por":"moacir","Est. tempo de leitura":"4 minutos"},"schema":{"@context":"https:\/\/schema.org","@graph":[{"@type":"WebSite","@id":"https:\/\/franciscanos.org.br\/vidacrista\/#website","url":"https:\/\/franciscanos.org.br\/vidacrista\/","name":"Vida Crist\u00e3 - Franciscanos","description":"Prov\u00edncia Franciscana da Imaculada Concei\u00e7\u00e3o do Brasil - Ordem dos Frades Menores","potentialAction":[{"@type":"SearchAction","target":{"@type":"EntryPoint","urlTemplate":"https:\/\/franciscanos.org.br\/vidacrista\/?s={search_term_string}"},"query-input":"required name=search_term_string"}],"inLanguage":"pt-BR"},{"@type":"WebPage","@id":"https:\/\/franciscanos.org.br\/vidacrista\/conheca-a-historia-e-devocao-de-nossa-senhora-das-candeias-ou-nossa-senhora-da-luz\/","url":"https:\/\/franciscanos.org.br\/vidacrista\/conheca-a-historia-e-devocao-de-nossa-senhora-das-candeias-ou-nossa-senhora-da-luz\/","name":"Conhe\u00e7a a hist\u00f3ria e devo\u00e7\u00e3o de Nossa Senhora das Candeias ou Nossa Senhora da Luz - Vida Crist\u00e3 - Franciscanos","isPartOf":{"@id":"https:\/\/franciscanos.org.br\/vidacrista\/#website"},"datePublished":"2022-02-02T08:31:37+00:00","dateModified":"2022-02-02T08:31:37+00:00","author":{"@id":"https:\/\/franciscanos.org.br\/vidacrista\/#\/schema\/person\/1880bdd2c350b735648725ef7614736a"},"breadcrumb":{"@id":"https:\/\/franciscanos.org.br\/vidacrista\/conheca-a-historia-e-devocao-de-nossa-senhora-das-candeias-ou-nossa-senhora-da-luz\/#breadcrumb"},"inLanguage":"pt-BR","potentialAction":[{"@type":"ReadAction","target":["https:\/\/franciscanos.org.br\/vidacrista\/conheca-a-historia-e-devocao-de-nossa-senhora-das-candeias-ou-nossa-senhora-da-luz\/"]}]},{"@type":"BreadcrumbList","@id":"https:\/\/franciscanos.org.br\/vidacrista\/conheca-a-historia-e-devocao-de-nossa-senhora-das-candeias-ou-nossa-senhora-da-luz\/#breadcrumb","itemListElement":[{"@type":"ListItem","position":1,"name":"Home","item":"https:\/\/franciscanos.org.br\/vidacrista\/"},{"@type":"ListItem","position":2,"name":"Conhe\u00e7a a hist\u00f3ria e devo\u00e7\u00e3o de Nossa Senhora das Candeias ou Nossa Senhora da Luz"}]},{"@type":"Person","@id":"https:\/\/franciscanos.org.br\/vidacrista\/#\/schema\/person\/1880bdd2c350b735648725ef7614736a","name":"moacir","image":{"@type":"ImageObject","inLanguage":"pt-BR","@id":"https:\/\/franciscanos.org.br\/vidacrista\/#\/schema\/person\/image\/","url":"https:\/\/secure.gravatar.com\/avatar\/d08aa2ce4c8dd416d4479aa8536fcf64?s=96&d=mm&r=g","contentUrl":"https:\/\/secure.gravatar.com\/avatar\/d08aa2ce4c8dd416d4479aa8536fcf64?s=96&d=mm&r=g","caption":"moacir"},"url":"https:\/\/franciscanos.org.br\/vidacrista\/author\/moacir\/"}]}},"_links":{"self":[{"href":"https:\/\/franciscanos.org.br\/vidacrista\/wp-json\/wp\/v2\/posts\/191299"}],"collection":[{"href":"https:\/\/franciscanos.org.br\/vidacrista\/wp-json\/wp\/v2\/posts"}],"about":[{"href":"https:\/\/franciscanos.org.br\/vidacrista\/wp-json\/wp\/v2\/types\/post"}],"author":[{"embeddable":true,"href":"https:\/\/franciscanos.org.br\/vidacrista\/wp-json\/wp\/v2\/users\/3"}],"replies":[{"embeddable":true,"href":"https:\/\/franciscanos.org.br\/vidacrista\/wp-json\/wp\/v2\/comments?post=191299"}],"version-history":[{"count":1,"href":"https:\/\/franciscanos.org.br\/vidacrista\/wp-json\/wp\/v2\/posts\/191299\/revisions"}],"predecessor-version":[{"id":191301,"href":"https:\/\/franciscanos.org.br\/vidacrista\/wp-json\/wp\/v2\/posts\/191299\/revisions\/191301"}],"wp:featuredmedia":[{"embeddable":true,"href":"https:\/\/franciscanos.org.br\/vidacrista\/wp-json\/wp\/v2\/media\/191300"}],"wp:attachment":[{"href":"https:\/\/franciscanos.org.br\/vidacrista\/wp-json\/wp\/v2\/media?parent=191299"}],"wp:term":[{"taxonomy":"category","embeddable":true,"href":"https:\/\/franciscanos.org.br\/vidacrista\/wp-json\/wp\/v2\/categories?post=191299"},{"taxonomy":"post_tag","embeddable":true,"href":"https:\/\/franciscanos.org.br\/vidacrista\/wp-json\/wp\/v2\/tags?post=191299"}],"curies":[{"name":"wp","href":"https:\/\/api.w.org\/{rel}","templated":true}]}}