{"id":191268,"date":"2022-01-27T07:40:09","date_gmt":"2022-01-27T10:40:09","guid":{"rendered":"https:\/\/franciscanos.org.br\/vidacrista\/?p=191268"},"modified":"2022-01-27T07:40:09","modified_gmt":"2022-01-27T10:40:09","slug":"escutar-o-proximo-um-desafio-frente-ao-individualismo","status":"publish","type":"post","link":"https:\/\/franciscanos.org.br\/vidacrista\/escutar-o-proximo-um-desafio-frente-ao-individualismo\/","title":{"rendered":"Escutar o pr\u00f3ximo: um desafio frente ao individualismo"},"content":{"rendered":"<div id=\"attachment_191269\" style=\"width: 850px\" class=\"wp-caption alignnone\"><img aria-describedby=\"caption-attachment-191269\" decoding=\"async\" loading=\"lazy\" class=\"wp-image-191269 size-full\" src=\"https:\/\/franciscanos.org.br\/vidacrista\/wp-content\/uploads\/2022\/01\/artigo_2701.png\" alt=\"\" width=\"840\" height=\"450\" srcset=\"https:\/\/franciscanos.org.br\/vidacrista\/wp-content\/uploads\/2022\/01\/artigo_2701.png 840w, https:\/\/franciscanos.org.br\/vidacrista\/wp-content\/uploads\/2022\/01\/artigo_2701-450x241.png 450w, https:\/\/franciscanos.org.br\/vidacrista\/wp-content\/uploads\/2022\/01\/artigo_2701-768x411.png 768w, https:\/\/franciscanos.org.br\/vidacrista\/wp-content\/uploads\/2022\/01\/artigo_2701-150x80.png 150w\" sizes=\"(max-width: 840px) 100vw, 840px\" \/><p id=\"caption-attachment-191269\" class=\"wp-caption-text\">\u00a0 \u00a0 \u00a0 \u00a0 \u00a0 \u00a0 \u00a0 \u00a0 \u00a0 \u00a0 \u00a0 \u00a0 \u00a0 \u00a0 \u00a0 \u00a0 \u00a0 \u00a0 \u00a0 \u00a0 \u00a0 \u00a0 \u00a0 \u00a0 \u00a0 \u00a0 \u00a0 \u00a0<em> Imagem ilustrativa: Canva (<a href=\"https:\/\/www.canva.com\/pt_br\/modelos\/\">www.canva.com\/pt_br\/modelos<\/a>)<\/em><\/p><\/div>\n<p><strong>Robson Ribeiro de Oliveira Castro Chaves<\/strong><\/p>\n<p>O Papa Francisco, por conta do <strong><a href=\"https:\/\/franciscanos.org.br\/vidacrista\/mensagem-do-papa-para-o-lvi-dia-mundial-das-comunicacoes-sociais\/#gsc.tab=0\">56\u00ba Dia Mundial das Comunica\u00e7\u00f5es Sociais<\/a><\/strong>, nos coloca a reflex\u00e3o atrav\u00e9s do texto \u201cEscutar com o ouvido do cora\u00e7\u00e3o\u201d, onde analisa a dimens\u00e3o na escuta em tempos de redes sociais e a sua import\u00e2ncia no processo sinodal da Igreja.<\/p>\n<p>Em tempos em que o ser humano \u00e9 descart\u00e1vel, vivemos rela\u00e7\u00f5es que s\u00f3 visam o lucro. Francisco, na <em>Laudato Si\u2019<\/em> apresenta a preocupa\u00e7\u00e3o com o modo de como a humanidade vive hoje sob o poder tecnol\u00f3gico; e o ser humano se tornou um mero objeto a ser possu\u00eddo, dominado e consumido pelo poder (LS, 106).<\/p>\n<p>Hoje, com o avan\u00e7o dos meios de comunica\u00e7\u00e3o, estamos sendo bombardeados de todos os lados com not\u00edcias, coment\u00e1rios, <em>podcasts<\/em> e diversos tipos de comunica\u00e7\u00e3o. Entretanto, \u00e9 preciso parar e escutar com aten\u00e7\u00e3o, com o ouvido do cora\u00e7\u00e3o, o outro e sua dor, suas fraquezas e mazelas.<\/p>\n<p>Em sua carta, Francisco afirma que <em>\u201centre os cinco sentidos, parece que Deus privilegie precisamente o ouvido, talvez por ser menos invasivo, mais discreto do que a vis\u00e3o, deixando consequentemente mais livre o ser humano. A escuta corresponde ao estilo humilde de Deus. Ela permite a Deus revelar-Se como Aquele que, falando, cria o homem \u00e0 sua imagem e, ouvindo-o, reconhece-o como seu interlocutor. Deus ama o homem: por isso lhe dirige a Palavra, por isso \u00abinclina o ouvido\u00bb para o escutar.\u201d<\/em><\/p>\n<p>Francisco \u00e9 enf\u00e1tico ao afirmar que: <em>\u201cAssim temos, por um lado, Deus que sempre Se revela comunicando-Se livremente, e, por outro, o homem, a quem \u00e9 pedido para sintonizar-se, colocar-se \u00e0 escuta. O Senhor chama explicitamente o homem a uma alian\u00e7a de amor, para que possa tornar-se plenamente aquilo que \u00e9: imagem e semelhan\u00e7a de Deus na sua capacidade de ouvir, acolher, dar espa\u00e7o ao outro. No fundo, a escuta \u00e9 uma dimens\u00e3o do amor\u201d.<\/em><\/p>\n<p>Por isso \u00e9 necess\u00e1rio, cada vez mais, escutar o outro, suas necessidades, seus desejos e acima de tudo, respeitar. Francisco corrobora com seu pensamento ao manifestar que <em>\u201ca escuta \u00e9 o primeiro e indispens\u00e1vel ingrediente do di\u00e1logo e da boa comunica\u00e7\u00e3o\u201d. <\/em>Por isso Deus se prop\u00f5e a escutar a todos, coloca-se em nossa condi\u00e7\u00e3o para compreender cada fase e contexto de nossa vida.<\/p>\n<p>Infelizmente, o ser humano n\u00e3o se coloca a escutar, somente deseja falar sem dar aten\u00e7\u00e3o \u00e0quilo que mais necessita. O ser humano se tornou mais uma mercadoria a ser utilizada e descartada. Com a atual cultura do descart\u00e1vel, como nos apresenta o Papa Francisco, h\u00e1 uma tend\u00eancia a tornar a vida humana como \u201cparte do neg\u00f3cio\u201d, algo que se pode barganhar.<\/p>\n<p>Desta maneira, o Papa nos apresenta a necessidade de escutar a sociedade e afirma que \u00e9 a condi\u00e7\u00e3o mais necess\u00e1ria, principalmente em tempos t\u00e3o dif\u00edceis e obscuros. <em>\u201c\u00c9 preciso inclinar o ouvido e escutar em profundidade, sobretudo o mal-estar social agravado pelo abrandamento ou cessa\u00e7\u00e3o de muitas atividades econ\u00f4micas\u201d.<\/em><\/p>\n<p>Assim, com a confian\u00e7a de sermos aut\u00eanticos servidores e colaboradores do Reino devemos abrir nossos ouvidos dentro da Igreja. Francisco recorda que estamos em processo sinodal: <em>\u201cRecentemente deu-se in\u00edcio a um processo sinodal. Rezemos para que seja uma grande ocasi\u00e3o de escuta rec\u00edproca. Com efeito, a comunh\u00e3o n\u00e3o \u00e9 o resultado de estrat\u00e9gias e programas, mas edifica-se na escuta m\u00fatua entre irm\u00e3os e irm\u00e3s. Como num coro, a unidade requer, n\u00e3o a uniformidade, a monotonia, mas a pluralidade e variedade das vozes, a polifonia\u201d.<\/em><\/p>\n<p>O Papa conclui a mensagem analisando a dimens\u00e3o da escuta dentro da Igreja. <em>\u201cQuem n\u00e3o sabe escutar o irm\u00e3o, bem depressa deixar\u00e1 de ser capaz de escutar o pr\u00f3prio Deus.\u201d<\/em> Nesta proposta \u00e9 preciso descobrir uma <em>\u201cIgreja sinf\u00f4nica, na qual cada um \u00e9 capaz de cantar com a pr\u00f3pria voz, acolhendo como dom as dos outros, para manifestar a harmonia do conjunto que o Esp\u00edrito Santo comp\u00f5e\u201d.<\/em><\/p>\n<p>Por isso, \u00e9 necess\u00e1rio mudar! \u00c9 preciso olhar para a forma como tratamos e escutamos a cada um. Devemos tra\u00e7ar um caminho \u00e9tico pautado no zelo e no cuidado com o pr\u00f3ximo, pautado no bem comum e preocupa\u00e7\u00e3o com os mais fr\u00e1geis da sociedade. Jesus, com seu exemplo, nos mostra a realidade e como escutar de forma \u00e9tica, al\u00e9m de nos propor refletir nossas a\u00e7\u00f5es diante dos que necessitam.<\/p>\n<hr \/>\n<p><strong>Robson Ribeiro de Oliveira Castro Chaves<\/strong>\u00a0<em>\u00e9 mestre em Teologia pela Faculdade Jesu\u00edta de Filosofia e Teologia (FAJE), em BH, professor de teologia no Instituto Teol\u00f3gico Franciscano (ITF), em Petr\u00f3polis (RJ) e membro do Conselho Regional de Forma\u00e7\u00e3o (CRF) \u2013 LESTE II do CNLB.<\/em><\/p>\n","protected":false},"excerpt":{"rendered":"<p>Artigo de Robson Ribeiro de Oliveira Castro Chaves<\/p>\n","protected":false},"author":3,"featured_media":191269,"comment_status":"open","ping_status":"open","sticky":false,"template":"","format":"standard","meta":{"footnotes":""},"categories":[26],"tags":[355],"yoast_head":"<!-- This site is optimized with the Yoast SEO plugin v19.4 - https:\/\/yoast.com\/wordpress\/plugins\/seo\/ -->\n<title>Escutar o pr\u00f3ximo: um desafio frente ao individualismo - Vida Crist\u00e3 - Franciscanos<\/title>\n<meta name=\"robots\" content=\"index, follow, max-snippet:-1, max-image-preview:large, max-video-preview:-1\" \/>\n<link rel=\"canonical\" href=\"https:\/\/franciscanos.org.br\/vidacrista\/escutar-o-proximo-um-desafio-frente-ao-individualismo\/\" \/>\n<meta property=\"og:locale\" content=\"pt_BR\" \/>\n<meta property=\"og:type\" content=\"article\" \/>\n<meta property=\"og:title\" content=\"Escutar o pr\u00f3ximo: um desafio frente ao individualismo - Vida Crist\u00e3 - Franciscanos\" \/>\n<meta property=\"og:description\" content=\"Artigo de Robson Ribeiro de Oliveira Castro Chaves\" \/>\n<meta property=\"og:url\" content=\"https:\/\/franciscanos.org.br\/vidacrista\/escutar-o-proximo-um-desafio-frente-ao-individualismo\/\" \/>\n<meta property=\"og:site_name\" content=\"Vida Crist\u00e3 - Franciscanos\" \/>\n<meta property=\"article:published_time\" content=\"2022-01-27T10:40:09+00:00\" \/>\n<meta property=\"og:image\" content=\"https:\/\/franciscanos.org.br\/vidacrista\/wp-content\/uploads\/2022\/01\/artigo_2701.png\" \/>\n\t<meta property=\"og:image:width\" content=\"840\" \/>\n\t<meta property=\"og:image:height\" content=\"450\" \/>\n\t<meta property=\"og:image:type\" content=\"image\/png\" \/>\n<meta name=\"author\" content=\"moacir\" \/>\n<meta name=\"twitter:card\" content=\"summary_large_image\" \/>\n<meta name=\"twitter:label1\" content=\"Escrito por\" \/>\n\t<meta name=\"twitter:data1\" content=\"moacir\" \/>\n\t<meta name=\"twitter:label2\" content=\"Est. tempo de leitura\" \/>\n\t<meta name=\"twitter:data2\" content=\"4 minutos\" \/>\n<script type=\"application\/ld+json\" class=\"yoast-schema-graph\">{\"@context\":\"https:\/\/schema.org\",\"@graph\":[{\"@type\":\"WebSite\",\"@id\":\"https:\/\/franciscanos.org.br\/vidacrista\/#website\",\"url\":\"https:\/\/franciscanos.org.br\/vidacrista\/\",\"name\":\"Vida Crist\u00e3 - Franciscanos\",\"description\":\"Prov\u00edncia Franciscana da Imaculada Concei\u00e7\u00e3o do Brasil - Ordem dos Frades Menores\",\"potentialAction\":[{\"@type\":\"SearchAction\",\"target\":{\"@type\":\"EntryPoint\",\"urlTemplate\":\"https:\/\/franciscanos.org.br\/vidacrista\/?s={search_term_string}\"},\"query-input\":\"required name=search_term_string\"}],\"inLanguage\":\"pt-BR\"},{\"@type\":\"WebPage\",\"@id\":\"https:\/\/franciscanos.org.br\/vidacrista\/escutar-o-proximo-um-desafio-frente-ao-individualismo\/\",\"url\":\"https:\/\/franciscanos.org.br\/vidacrista\/escutar-o-proximo-um-desafio-frente-ao-individualismo\/\",\"name\":\"Escutar o pr\u00f3ximo: um desafio frente ao individualismo - Vida Crist\u00e3 - Franciscanos\",\"isPartOf\":{\"@id\":\"https:\/\/franciscanos.org.br\/vidacrista\/#website\"},\"datePublished\":\"2022-01-27T10:40:09+00:00\",\"dateModified\":\"2022-01-27T10:40:09+00:00\",\"author\":{\"@id\":\"https:\/\/franciscanos.org.br\/vidacrista\/#\/schema\/person\/1880bdd2c350b735648725ef7614736a\"},\"breadcrumb\":{\"@id\":\"https:\/\/franciscanos.org.br\/vidacrista\/escutar-o-proximo-um-desafio-frente-ao-individualismo\/#breadcrumb\"},\"inLanguage\":\"pt-BR\",\"potentialAction\":[{\"@type\":\"ReadAction\",\"target\":[\"https:\/\/franciscanos.org.br\/vidacrista\/escutar-o-proximo-um-desafio-frente-ao-individualismo\/\"]}]},{\"@type\":\"BreadcrumbList\",\"@id\":\"https:\/\/franciscanos.org.br\/vidacrista\/escutar-o-proximo-um-desafio-frente-ao-individualismo\/#breadcrumb\",\"itemListElement\":[{\"@type\":\"ListItem\",\"position\":1,\"name\":\"Home\",\"item\":\"https:\/\/franciscanos.org.br\/vidacrista\/\"},{\"@type\":\"ListItem\",\"position\":2,\"name\":\"Escutar o pr\u00f3ximo: um desafio frente ao individualismo\"}]},{\"@type\":\"Person\",\"@id\":\"https:\/\/franciscanos.org.br\/vidacrista\/#\/schema\/person\/1880bdd2c350b735648725ef7614736a\",\"name\":\"moacir\",\"image\":{\"@type\":\"ImageObject\",\"inLanguage\":\"pt-BR\",\"@id\":\"https:\/\/franciscanos.org.br\/vidacrista\/#\/schema\/person\/image\/\",\"url\":\"https:\/\/secure.gravatar.com\/avatar\/d08aa2ce4c8dd416d4479aa8536fcf64?s=96&d=mm&r=g\",\"contentUrl\":\"https:\/\/secure.gravatar.com\/avatar\/d08aa2ce4c8dd416d4479aa8536fcf64?s=96&d=mm&r=g\",\"caption\":\"moacir\"},\"url\":\"https:\/\/franciscanos.org.br\/vidacrista\/author\/moacir\/\"}]}<\/script>\n<!-- \/ Yoast SEO plugin. -->","yoast_head_json":{"title":"Escutar o pr\u00f3ximo: um desafio frente ao individualismo - Vida Crist\u00e3 - Franciscanos","robots":{"index":"index","follow":"follow","max-snippet":"max-snippet:-1","max-image-preview":"max-image-preview:large","max-video-preview":"max-video-preview:-1"},"canonical":"https:\/\/franciscanos.org.br\/vidacrista\/escutar-o-proximo-um-desafio-frente-ao-individualismo\/","og_locale":"pt_BR","og_type":"article","og_title":"Escutar o pr\u00f3ximo: um desafio frente ao individualismo - Vida Crist\u00e3 - Franciscanos","og_description":"Artigo de Robson Ribeiro de Oliveira Castro Chaves","og_url":"https:\/\/franciscanos.org.br\/vidacrista\/escutar-o-proximo-um-desafio-frente-ao-individualismo\/","og_site_name":"Vida Crist\u00e3 - Franciscanos","article_published_time":"2022-01-27T10:40:09+00:00","og_image":[{"width":840,"height":450,"url":"https:\/\/franciscanos.org.br\/vidacrista\/wp-content\/uploads\/2022\/01\/artigo_2701.png","type":"image\/png"}],"author":"moacir","twitter_card":"summary_large_image","twitter_misc":{"Escrito por":"moacir","Est. tempo de leitura":"4 minutos"},"schema":{"@context":"https:\/\/schema.org","@graph":[{"@type":"WebSite","@id":"https:\/\/franciscanos.org.br\/vidacrista\/#website","url":"https:\/\/franciscanos.org.br\/vidacrista\/","name":"Vida Crist\u00e3 - Franciscanos","description":"Prov\u00edncia Franciscana da Imaculada Concei\u00e7\u00e3o do Brasil - Ordem dos Frades Menores","potentialAction":[{"@type":"SearchAction","target":{"@type":"EntryPoint","urlTemplate":"https:\/\/franciscanos.org.br\/vidacrista\/?s={search_term_string}"},"query-input":"required name=search_term_string"}],"inLanguage":"pt-BR"},{"@type":"WebPage","@id":"https:\/\/franciscanos.org.br\/vidacrista\/escutar-o-proximo-um-desafio-frente-ao-individualismo\/","url":"https:\/\/franciscanos.org.br\/vidacrista\/escutar-o-proximo-um-desafio-frente-ao-individualismo\/","name":"Escutar o pr\u00f3ximo: um desafio frente ao individualismo - Vida Crist\u00e3 - Franciscanos","isPartOf":{"@id":"https:\/\/franciscanos.org.br\/vidacrista\/#website"},"datePublished":"2022-01-27T10:40:09+00:00","dateModified":"2022-01-27T10:40:09+00:00","author":{"@id":"https:\/\/franciscanos.org.br\/vidacrista\/#\/schema\/person\/1880bdd2c350b735648725ef7614736a"},"breadcrumb":{"@id":"https:\/\/franciscanos.org.br\/vidacrista\/escutar-o-proximo-um-desafio-frente-ao-individualismo\/#breadcrumb"},"inLanguage":"pt-BR","potentialAction":[{"@type":"ReadAction","target":["https:\/\/franciscanos.org.br\/vidacrista\/escutar-o-proximo-um-desafio-frente-ao-individualismo\/"]}]},{"@type":"BreadcrumbList","@id":"https:\/\/franciscanos.org.br\/vidacrista\/escutar-o-proximo-um-desafio-frente-ao-individualismo\/#breadcrumb","itemListElement":[{"@type":"ListItem","position":1,"name":"Home","item":"https:\/\/franciscanos.org.br\/vidacrista\/"},{"@type":"ListItem","position":2,"name":"Escutar o pr\u00f3ximo: um desafio frente ao individualismo"}]},{"@type":"Person","@id":"https:\/\/franciscanos.org.br\/vidacrista\/#\/schema\/person\/1880bdd2c350b735648725ef7614736a","name":"moacir","image":{"@type":"ImageObject","inLanguage":"pt-BR","@id":"https:\/\/franciscanos.org.br\/vidacrista\/#\/schema\/person\/image\/","url":"https:\/\/secure.gravatar.com\/avatar\/d08aa2ce4c8dd416d4479aa8536fcf64?s=96&d=mm&r=g","contentUrl":"https:\/\/secure.gravatar.com\/avatar\/d08aa2ce4c8dd416d4479aa8536fcf64?s=96&d=mm&r=g","caption":"moacir"},"url":"https:\/\/franciscanos.org.br\/vidacrista\/author\/moacir\/"}]}},"_links":{"self":[{"href":"https:\/\/franciscanos.org.br\/vidacrista\/wp-json\/wp\/v2\/posts\/191268"}],"collection":[{"href":"https:\/\/franciscanos.org.br\/vidacrista\/wp-json\/wp\/v2\/posts"}],"about":[{"href":"https:\/\/franciscanos.org.br\/vidacrista\/wp-json\/wp\/v2\/types\/post"}],"author":[{"embeddable":true,"href":"https:\/\/franciscanos.org.br\/vidacrista\/wp-json\/wp\/v2\/users\/3"}],"replies":[{"embeddable":true,"href":"https:\/\/franciscanos.org.br\/vidacrista\/wp-json\/wp\/v2\/comments?post=191268"}],"version-history":[{"count":1,"href":"https:\/\/franciscanos.org.br\/vidacrista\/wp-json\/wp\/v2\/posts\/191268\/revisions"}],"predecessor-version":[{"id":191273,"href":"https:\/\/franciscanos.org.br\/vidacrista\/wp-json\/wp\/v2\/posts\/191268\/revisions\/191273"}],"wp:featuredmedia":[{"embeddable":true,"href":"https:\/\/franciscanos.org.br\/vidacrista\/wp-json\/wp\/v2\/media\/191269"}],"wp:attachment":[{"href":"https:\/\/franciscanos.org.br\/vidacrista\/wp-json\/wp\/v2\/media?parent=191268"}],"wp:term":[{"taxonomy":"category","embeddable":true,"href":"https:\/\/franciscanos.org.br\/vidacrista\/wp-json\/wp\/v2\/categories?post=191268"},{"taxonomy":"post_tag","embeddable":true,"href":"https:\/\/franciscanos.org.br\/vidacrista\/wp-json\/wp\/v2\/tags?post=191268"}],"curies":[{"name":"wp","href":"https:\/\/api.w.org\/{rel}","templated":true}]}}