{"id":191256,"date":"2022-01-20T14:13:34","date_gmt":"2022-01-20T17:13:34","guid":{"rendered":"https:\/\/franciscanos.org.br\/vidacrista\/?p=191256"},"modified":"2022-01-22T07:53:26","modified_gmt":"2022-01-22T10:53:26","slug":"eles-nao-podiam-comer-mc-320-21-o-pior-e-a-fome","status":"publish","type":"post","link":"https:\/\/franciscanos.org.br\/vidacrista\/eles-nao-podiam-comer-mc-320-21-o-pior-e-a-fome\/","title":{"rendered":"Eles n\u00e3o podiam comer (Mc 3,20-21) \u2013 \u201cO pior \u00e9 a fome\u201d"},"content":{"rendered":"<div id=\"attachment_191257\" style=\"width: 850px\" class=\"wp-caption alignnone\"><img aria-describedby=\"caption-attachment-191257\" decoding=\"async\" loading=\"lazy\" class=\"wp-image-191257 size-full\" src=\"https:\/\/franciscanos.org.br\/vidacrista\/wp-content\/uploads\/2022\/01\/comida_2001.jpg\" alt=\"\" width=\"840\" height=\"450\" srcset=\"https:\/\/franciscanos.org.br\/vidacrista\/wp-content\/uploads\/2022\/01\/comida_2001.jpg 840w, https:\/\/franciscanos.org.br\/vidacrista\/wp-content\/uploads\/2022\/01\/comida_2001-450x241.jpg 450w, https:\/\/franciscanos.org.br\/vidacrista\/wp-content\/uploads\/2022\/01\/comida_2001-768x411.jpg 768w, https:\/\/franciscanos.org.br\/vidacrista\/wp-content\/uploads\/2022\/01\/comida_2001-150x80.jpg 150w\" sizes=\"(max-width: 840px) 100vw, 840px\" \/><p id=\"caption-attachment-191257\" class=\"wp-caption-text\"><em>\u00a0 \u00a0 \u00a0 \u00a0 \u00a0 \u00a0 \u00a0 \u00a0 \u00a0 \u00a0 \u00a0 \u00a0 \u00a0 \u00a0 \u00a0 \u00a0 \u00a0 \u00a0 \u00a0 \u00a0 \u00a0 \u00a0 \u00a0 \u00a0 \u00a0 \u00a0 \u00a0 \u00a0 \u00a0 \u00a0 \u00a0 \u00a0 \u00a0 \u00a0 \u00a0 Imagem: Catholic Pic (<a href=\"https:\/\/www.cathopic.com\">https:\/\/www.cathopic.com<\/a>\/)<\/em><\/p><\/div>\n<p><em>Frei Jacir de Freitas Faria<\/em> <a href=\"#_ftn1\" name=\"_ftnref1\">[1]<\/a><\/p>\n<p>O evangelho sobre o qual vamos refletir hoje \u00e9 de Mc 3,20-21. Dois vers\u00edculos apenas. Gostaria de destacar nele tr\u00eas pontos essenciais: a casa, o comer e os parentes de Jesus. Primeiramente, devemos situar essa passagem na estrutura do evangelho de Marcos. Ela faz parte do bloco de textos que vai do cap\u00edtulo 3,7 ao cap\u00edtulo 6,6a.<\/p>\n<p><iframe loading=\"lazy\" title=\"YouTube video player\" src=\"https:\/\/www.youtube.com\/embed\/Dyg6XO8XycE\" width=\"100%\" height=\"500\" frameborder=\"0\" allowfullscreen=\"allowfullscreen\"><span data-mce-type=\"bookmark\" style=\"display: inline-block; width: 0px; overflow: hidden; line-height: 0;\" class=\"mce_SELRES_start\">\ufeff<\/span><\/iframe><\/p>\n<p>No primeiro bloco, Mc1,14\u20143,6, Jesus est\u00e1 em conflito com o sistema opressor pol\u00edtico-religioso, representado pelos fariseus e seus escribas, na sinagoga. Nela, ele entra pela primeira vez, num s\u00e1bado, prega com autoridade e expulsa um dem\u00f4nio (Mc 1,21-28). No fim do bloco, ele entra novamente e cura um homem que tinha uma m\u00e3o seca (Mc 3,1-6). Essa disposi\u00e7\u00e3o dos relatos chama-se inclus\u00e3o, isto \u00e9, a mesma coisa \u00e9 colocada no in\u00edcio e no fim do bloco narrativo. Recorde-se que o autor b\u00edblico n\u00e3o escreveu seguindo a divis\u00e3o de cap\u00edtulos e vers\u00edculos da B\u00edblia que temos. Isso s\u00f3 come\u00e7ou a ser feito pelo arcebispo de Cantu\u00e1ria, Stephen Langton, primeiramente por cap\u00edtulos, em 1227, e finalizado, em 1551, pelo franc\u00eas Robert Esti\u00e9nne. Os autores b\u00edblicos escreviam por tem\u00e1tica, com essas inclus\u00f5es e outras figuras de linguagem.<\/p>\n<p>Bom, agora podemos voltar ao texto de nossa reflex\u00e3o, no bloco que vai de Mc 3,7 ao cap\u00edtulo 6,6a. Nessa parte, a sinagoga d\u00e1 ao lugar ao mar, que aparece 12 vezes (3,7.8.10.20.32; 4,1.35; 5,21.24.27.30.31) e \u00e0 casa, que aparece 7 vezes (3,20.25.27; 5,19.35.38; 6,4). O mar passa a ser o lugar da multid\u00e3o que encontra Jesus, mas, sobretudo, o lugar do chamado dos disc\u00edpulos.<\/p>\n<p>Jesus est\u00e1 na sua casa, de portas abertas para a multid\u00e3o. Por isso, seus parentes chegam e querem controlar a situa\u00e7\u00e3o. Eles tinham feito alian\u00e7a com os escribas fariseus, os quais foram enviados para julgar Jesus. Da\u00ed a atitude furiosa deles de quererem agarrar Jesus. Outro detalhe importante, os escribas tinham dito que Jesus estava possu\u00eddo do esp\u00edrito de Beelzebul, que significa \u201cSenhor da morada\u201d. Que contraste, Jesus est\u00e1 na sua casa, mas o dono dela \u00e9 Beelzebul. E o que \u00e9 pior, os parentes fazem a mesma acusa\u00e7\u00e3o dos fariseus: \u201cele enlouqueceu\u201d, isto \u00e9, tem possess\u00e3o diab\u00f3lica.<\/p>\n<p>Os parentes de Jesus, sua m\u00e3e e seus irm\u00e3os ainda n\u00e3o tinham compreendido o que significava entrar na casa de Jesus, isto \u00e9, encontrar a salva\u00e7\u00e3o, o Messias. Eles tamb\u00e9m tiveram que fazer um processo de convers\u00e3o e abandonar o sistema opressor pol\u00edtico-religioso. Por isso, na continuidade dessa passagem, Jesus afirma que quem o segue \u00e9 que \u00e9 a sua m\u00e3e e seus irm\u00e3os. N\u00e3o se trata de rejei\u00e7\u00e3o da sua fam\u00edlia.<\/p>\n<p>Outro detalhe importante no texto \u00e9 o fato de que a multid\u00e3o n\u00e3o podia comer. As casas n\u00e3o tinham portas. Todos podiam entrar, comer e participar de um banquete. Comer juntos \u00e9 sinal de uni\u00e3o. Por isso, Jesus, antes de sua morte e condena\u00e7\u00e3o pela multid\u00e3o, lideran\u00e7as religiosas judaicas e pol\u00edticos romanos, fez a sua \u00faltima refei\u00e7\u00e3o na casa de um amigo e disc\u00edpulo, mas de forma reservada.<\/p>\n<p>Comer \u00e9 um gesto sublime que todos n\u00f3s precisamos exercitar a cada dia de nossas vidas, para que o sopro de vida seja perpetuado em nossos corpos. Comer \u00e9 prazeroso. Prazer na saciedade, no descanso do corpo que se nutre de vitaminas. A gula n\u00e3o \u00e9 saud\u00e1vel. A Teologia Moral da Igreja Cat\u00f3lica, j\u00e1 no s\u00e9culo VI e, depois, com Santo Tom\u00e1s de Aquino, no s\u00e9culo 13, definiu a gula como \u201cbusca incessante aos prazeres da comida e da bebida\u201d e a colocou no rol dos sete pecados capitais<\/p>\n<p>Saber comer \u00e9 uma arte! Saber combinar os alimentos e com\u00ea-los como conv\u00e9m exige esfor\u00e7o e modera\u00e7\u00e3o. Por outro lado, existe um abismo entre o saber comer e o n\u00e3o ter o que comer. No mundo, milh\u00f5es sofrem de fome. No Brasil, mais da metade da popula\u00e7\u00e3o vive de inseguran\u00e7a alimentar. Vinte milh\u00f5es passam fome diariamente. Uma triste realidade que est\u00e1 diretamente ligada \u00e0s desigualdades de ra\u00e7a, nesse gigante Brasil de terras f\u00e9rteis, que alimenta o mundo com o melhor das iguarias aqui produzidas e deixa seus filhos morrerem de fome. T\u00eam culpa os governos que insistem em n\u00e3o fazer valer o sagrado direito \u00e0 alimenta\u00e7\u00e3o. Tem culpa, em menor escala, a pandemia da Covid 19 que simplesmente agravou essa situa\u00e7\u00e3o.<\/p>\n<p>Iniciamos a nossa reflex\u00e3o com tr\u00eas pontos, gostaria de termin\u00e1-la com outros tr\u00eas. Primeiro, a multid\u00e3o que estava na casa de Jesus n\u00e3o podia comer porque estava sendo saciada pelas palavras e presen\u00e7a de Jesus. Segundo, o alimento espiritual \u00e9 importante, mas ele deve vir junto com o ter o que comer para sobreviver. \u201cO pior \u00e9 a fome\u201d, ouvi, no fim da d\u00e9cada de 1980, de uma prostituta, seu nome era D\u00e9bora, em uma entrevista concedida a uma jornalista, num encontro de mulheres marginalizadas, em Ipatinga (MG), quando perguntou sobre o que \u00e9 o pior no meretr\u00edcio. Triste realidade que se agravou entre os marginalizados e empobrecidos. Terceiro, saber comer e jejuar \u00e9 tamb\u00e9m uma arte necess\u00e1ria para uma vida saud\u00e1vel. Caso contr\u00e1rio, a comida nos adoece e nos leva \u00e0 morte. E \u00e9 isso que prop\u00f5e o nosso retiro hol\u00edstico B\u00edblico Corporal de Purifica\u00e7\u00e3o, que acontece todos os anos, no m\u00eas de janeiro, em Divin\u00f3polis (MG), numa semana de reflex\u00e3o, ora\u00e7\u00e3o, jejum e purifica\u00e7\u00e3o.<\/p>\n<p>A oposi\u00e7\u00e3o entre poderes estabelecidos e a proposta de Jesus continuam a nos desafiar na luta contra as desigualdades sociais, a fome e a religi\u00e3o que matam em nome de Deus e de suas leis. Lutemos para que todos tenhamos casa e comida, para que todos possamos comer as mais variadas formas de alimento nas casas do mundo. Fora os que n\u00e3o est\u00e3o nesse projeto! Fora os fariseus da pol\u00edtica e da religi\u00e3o que mataram Jesus e continuam mantando os empobrecidos!<\/p>\n<hr \/>\n<p><a href=\"#_ftnref1\" name=\"_ftn1\">[1]<\/a>Doutor em Teologia B\u00edblica pela FAJE (BH). Mestre em Ci\u00eancias B\u00edblicas (Exegese) pelo Pontif\u00edcio Instituto B\u00edblico de Roma. Professor de Exegese B\u00edblica. \u00c9 membro da Associa\u00e7\u00e3o Brasileira de Pesquisa B\u00edblica (ABIB). Sacerdote Franciscano. Autor de dez livros e coautor de quinze. Youtube: Frei Jacir B\u00edblia e Apocrifos. <a href=\"https:\/\/www.youtube.com\/channel\/UCwbSE97jnR6jQwHRigX1KlQ\">https:\/\/www.youtube.com\/channel\/UCwbSE97jnR6jQwHRigX1KlQ<\/a><\/p>\n","protected":false},"excerpt":{"rendered":"<p>Artigo de Frei Jacir de Freitas Faria<\/p>\n","protected":false},"author":3,"featured_media":191257,"comment_status":"open","ping_status":"open","sticky":false,"template":"","format":"standard","meta":{"footnotes":""},"categories":[26],"tags":[43],"yoast_head":"<!-- This site is optimized with the Yoast SEO plugin v19.4 - https:\/\/yoast.com\/wordpress\/plugins\/seo\/ -->\n<title>Eles n\u00e3o podiam comer (Mc 3,20-21) \u2013 \u201cO pior \u00e9 a fome\u201d - Vida Crist\u00e3 - Franciscanos<\/title>\n<meta name=\"robots\" content=\"index, follow, max-snippet:-1, max-image-preview:large, max-video-preview:-1\" \/>\n<link rel=\"canonical\" href=\"https:\/\/franciscanos.org.br\/vidacrista\/eles-nao-podiam-comer-mc-320-21-o-pior-e-a-fome\/\" \/>\n<meta property=\"og:locale\" content=\"pt_BR\" \/>\n<meta property=\"og:type\" content=\"article\" \/>\n<meta property=\"og:title\" content=\"Eles n\u00e3o podiam comer (Mc 3,20-21) \u2013 \u201cO pior \u00e9 a fome\u201d - Vida Crist\u00e3 - Franciscanos\" \/>\n<meta property=\"og:description\" content=\"Artigo de Frei Jacir de Freitas Faria\" \/>\n<meta property=\"og:url\" content=\"https:\/\/franciscanos.org.br\/vidacrista\/eles-nao-podiam-comer-mc-320-21-o-pior-e-a-fome\/\" \/>\n<meta property=\"og:site_name\" content=\"Vida Crist\u00e3 - Franciscanos\" \/>\n<meta property=\"article:published_time\" content=\"2022-01-20T17:13:34+00:00\" \/>\n<meta property=\"article:modified_time\" content=\"2022-01-22T10:53:26+00:00\" \/>\n<meta property=\"og:image\" content=\"https:\/\/franciscanos.org.br\/vidacrista\/wp-content\/uploads\/2022\/01\/comida_2001.jpg\" \/>\n\t<meta property=\"og:image:width\" content=\"840\" \/>\n\t<meta property=\"og:image:height\" content=\"450\" \/>\n\t<meta property=\"og:image:type\" content=\"image\/jpeg\" \/>\n<meta name=\"author\" content=\"moacir\" \/>\n<meta name=\"twitter:card\" content=\"summary_large_image\" \/>\n<meta name=\"twitter:label1\" content=\"Escrito por\" \/>\n\t<meta name=\"twitter:data1\" content=\"moacir\" \/>\n\t<meta name=\"twitter:label2\" content=\"Est. tempo de leitura\" \/>\n\t<meta name=\"twitter:data2\" content=\"6 minutos\" \/>\n<script type=\"application\/ld+json\" class=\"yoast-schema-graph\">{\"@context\":\"https:\/\/schema.org\",\"@graph\":[{\"@type\":\"WebSite\",\"@id\":\"https:\/\/franciscanos.org.br\/vidacrista\/#website\",\"url\":\"https:\/\/franciscanos.org.br\/vidacrista\/\",\"name\":\"Vida Crist\u00e3 - Franciscanos\",\"description\":\"Prov\u00edncia Franciscana da Imaculada Concei\u00e7\u00e3o do Brasil - Ordem dos Frades Menores\",\"potentialAction\":[{\"@type\":\"SearchAction\",\"target\":{\"@type\":\"EntryPoint\",\"urlTemplate\":\"https:\/\/franciscanos.org.br\/vidacrista\/?s={search_term_string}\"},\"query-input\":\"required name=search_term_string\"}],\"inLanguage\":\"pt-BR\"},{\"@type\":\"WebPage\",\"@id\":\"https:\/\/franciscanos.org.br\/vidacrista\/eles-nao-podiam-comer-mc-320-21-o-pior-e-a-fome\/\",\"url\":\"https:\/\/franciscanos.org.br\/vidacrista\/eles-nao-podiam-comer-mc-320-21-o-pior-e-a-fome\/\",\"name\":\"Eles n\u00e3o podiam comer (Mc 3,20-21) \u2013 \u201cO pior \u00e9 a fome\u201d - Vida Crist\u00e3 - Franciscanos\",\"isPartOf\":{\"@id\":\"https:\/\/franciscanos.org.br\/vidacrista\/#website\"},\"datePublished\":\"2022-01-20T17:13:34+00:00\",\"dateModified\":\"2022-01-22T10:53:26+00:00\",\"author\":{\"@id\":\"https:\/\/franciscanos.org.br\/vidacrista\/#\/schema\/person\/1880bdd2c350b735648725ef7614736a\"},\"breadcrumb\":{\"@id\":\"https:\/\/franciscanos.org.br\/vidacrista\/eles-nao-podiam-comer-mc-320-21-o-pior-e-a-fome\/#breadcrumb\"},\"inLanguage\":\"pt-BR\",\"potentialAction\":[{\"@type\":\"ReadAction\",\"target\":[\"https:\/\/franciscanos.org.br\/vidacrista\/eles-nao-podiam-comer-mc-320-21-o-pior-e-a-fome\/\"]}]},{\"@type\":\"BreadcrumbList\",\"@id\":\"https:\/\/franciscanos.org.br\/vidacrista\/eles-nao-podiam-comer-mc-320-21-o-pior-e-a-fome\/#breadcrumb\",\"itemListElement\":[{\"@type\":\"ListItem\",\"position\":1,\"name\":\"Home\",\"item\":\"https:\/\/franciscanos.org.br\/vidacrista\/\"},{\"@type\":\"ListItem\",\"position\":2,\"name\":\"Eles n\u00e3o podiam comer (Mc 3,20-21) \u2013 \u201cO pior \u00e9 a fome\u201d\"}]},{\"@type\":\"Person\",\"@id\":\"https:\/\/franciscanos.org.br\/vidacrista\/#\/schema\/person\/1880bdd2c350b735648725ef7614736a\",\"name\":\"moacir\",\"image\":{\"@type\":\"ImageObject\",\"inLanguage\":\"pt-BR\",\"@id\":\"https:\/\/franciscanos.org.br\/vidacrista\/#\/schema\/person\/image\/\",\"url\":\"https:\/\/secure.gravatar.com\/avatar\/d08aa2ce4c8dd416d4479aa8536fcf64?s=96&d=mm&r=g\",\"contentUrl\":\"https:\/\/secure.gravatar.com\/avatar\/d08aa2ce4c8dd416d4479aa8536fcf64?s=96&d=mm&r=g\",\"caption\":\"moacir\"},\"url\":\"https:\/\/franciscanos.org.br\/vidacrista\/author\/moacir\/\"}]}<\/script>\n<!-- \/ Yoast SEO plugin. -->","yoast_head_json":{"title":"Eles n\u00e3o podiam comer (Mc 3,20-21) \u2013 \u201cO pior \u00e9 a fome\u201d - Vida Crist\u00e3 - Franciscanos","robots":{"index":"index","follow":"follow","max-snippet":"max-snippet:-1","max-image-preview":"max-image-preview:large","max-video-preview":"max-video-preview:-1"},"canonical":"https:\/\/franciscanos.org.br\/vidacrista\/eles-nao-podiam-comer-mc-320-21-o-pior-e-a-fome\/","og_locale":"pt_BR","og_type":"article","og_title":"Eles n\u00e3o podiam comer (Mc 3,20-21) \u2013 \u201cO pior \u00e9 a fome\u201d - Vida Crist\u00e3 - Franciscanos","og_description":"Artigo de Frei Jacir de Freitas Faria","og_url":"https:\/\/franciscanos.org.br\/vidacrista\/eles-nao-podiam-comer-mc-320-21-o-pior-e-a-fome\/","og_site_name":"Vida Crist\u00e3 - Franciscanos","article_published_time":"2022-01-20T17:13:34+00:00","article_modified_time":"2022-01-22T10:53:26+00:00","og_image":[{"width":840,"height":450,"url":"https:\/\/franciscanos.org.br\/vidacrista\/wp-content\/uploads\/2022\/01\/comida_2001.jpg","type":"image\/jpeg"}],"author":"moacir","twitter_card":"summary_large_image","twitter_misc":{"Escrito por":"moacir","Est. tempo de leitura":"6 minutos"},"schema":{"@context":"https:\/\/schema.org","@graph":[{"@type":"WebSite","@id":"https:\/\/franciscanos.org.br\/vidacrista\/#website","url":"https:\/\/franciscanos.org.br\/vidacrista\/","name":"Vida Crist\u00e3 - Franciscanos","description":"Prov\u00edncia Franciscana da Imaculada Concei\u00e7\u00e3o do Brasil - Ordem dos Frades Menores","potentialAction":[{"@type":"SearchAction","target":{"@type":"EntryPoint","urlTemplate":"https:\/\/franciscanos.org.br\/vidacrista\/?s={search_term_string}"},"query-input":"required name=search_term_string"}],"inLanguage":"pt-BR"},{"@type":"WebPage","@id":"https:\/\/franciscanos.org.br\/vidacrista\/eles-nao-podiam-comer-mc-320-21-o-pior-e-a-fome\/","url":"https:\/\/franciscanos.org.br\/vidacrista\/eles-nao-podiam-comer-mc-320-21-o-pior-e-a-fome\/","name":"Eles n\u00e3o podiam comer (Mc 3,20-21) \u2013 \u201cO pior \u00e9 a fome\u201d - Vida Crist\u00e3 - Franciscanos","isPartOf":{"@id":"https:\/\/franciscanos.org.br\/vidacrista\/#website"},"datePublished":"2022-01-20T17:13:34+00:00","dateModified":"2022-01-22T10:53:26+00:00","author":{"@id":"https:\/\/franciscanos.org.br\/vidacrista\/#\/schema\/person\/1880bdd2c350b735648725ef7614736a"},"breadcrumb":{"@id":"https:\/\/franciscanos.org.br\/vidacrista\/eles-nao-podiam-comer-mc-320-21-o-pior-e-a-fome\/#breadcrumb"},"inLanguage":"pt-BR","potentialAction":[{"@type":"ReadAction","target":["https:\/\/franciscanos.org.br\/vidacrista\/eles-nao-podiam-comer-mc-320-21-o-pior-e-a-fome\/"]}]},{"@type":"BreadcrumbList","@id":"https:\/\/franciscanos.org.br\/vidacrista\/eles-nao-podiam-comer-mc-320-21-o-pior-e-a-fome\/#breadcrumb","itemListElement":[{"@type":"ListItem","position":1,"name":"Home","item":"https:\/\/franciscanos.org.br\/vidacrista\/"},{"@type":"ListItem","position":2,"name":"Eles n\u00e3o podiam comer (Mc 3,20-21) \u2013 \u201cO pior \u00e9 a fome\u201d"}]},{"@type":"Person","@id":"https:\/\/franciscanos.org.br\/vidacrista\/#\/schema\/person\/1880bdd2c350b735648725ef7614736a","name":"moacir","image":{"@type":"ImageObject","inLanguage":"pt-BR","@id":"https:\/\/franciscanos.org.br\/vidacrista\/#\/schema\/person\/image\/","url":"https:\/\/secure.gravatar.com\/avatar\/d08aa2ce4c8dd416d4479aa8536fcf64?s=96&d=mm&r=g","contentUrl":"https:\/\/secure.gravatar.com\/avatar\/d08aa2ce4c8dd416d4479aa8536fcf64?s=96&d=mm&r=g","caption":"moacir"},"url":"https:\/\/franciscanos.org.br\/vidacrista\/author\/moacir\/"}]}},"_links":{"self":[{"href":"https:\/\/franciscanos.org.br\/vidacrista\/wp-json\/wp\/v2\/posts\/191256"}],"collection":[{"href":"https:\/\/franciscanos.org.br\/vidacrista\/wp-json\/wp\/v2\/posts"}],"about":[{"href":"https:\/\/franciscanos.org.br\/vidacrista\/wp-json\/wp\/v2\/types\/post"}],"author":[{"embeddable":true,"href":"https:\/\/franciscanos.org.br\/vidacrista\/wp-json\/wp\/v2\/users\/3"}],"replies":[{"embeddable":true,"href":"https:\/\/franciscanos.org.br\/vidacrista\/wp-json\/wp\/v2\/comments?post=191256"}],"version-history":[{"count":3,"href":"https:\/\/franciscanos.org.br\/vidacrista\/wp-json\/wp\/v2\/posts\/191256\/revisions"}],"predecessor-version":[{"id":191260,"href":"https:\/\/franciscanos.org.br\/vidacrista\/wp-json\/wp\/v2\/posts\/191256\/revisions\/191260"}],"wp:featuredmedia":[{"embeddable":true,"href":"https:\/\/franciscanos.org.br\/vidacrista\/wp-json\/wp\/v2\/media\/191257"}],"wp:attachment":[{"href":"https:\/\/franciscanos.org.br\/vidacrista\/wp-json\/wp\/v2\/media?parent=191256"}],"wp:term":[{"taxonomy":"category","embeddable":true,"href":"https:\/\/franciscanos.org.br\/vidacrista\/wp-json\/wp\/v2\/categories?post=191256"},{"taxonomy":"post_tag","embeddable":true,"href":"https:\/\/franciscanos.org.br\/vidacrista\/wp-json\/wp\/v2\/tags?post=191256"}],"curies":[{"name":"wp","href":"https:\/\/api.w.org\/{rel}","templated":true}]}}