{"id":191253,"date":"2022-01-20T08:24:06","date_gmt":"2022-01-20T11:24:06","guid":{"rendered":"https:\/\/franciscanos.org.br\/vidacrista\/?p=191253"},"modified":"2022-01-20T08:24:06","modified_gmt":"2022-01-20T11:24:06","slug":"de-quanta-terra-precisa-um-homem","status":"publish","type":"post","link":"https:\/\/franciscanos.org.br\/vidacrista\/de-quanta-terra-precisa-um-homem\/","title":{"rendered":"De quanta terra precisa um homem?"},"content":{"rendered":"<div id=\"attachment_191254\" style=\"width: 850px\" class=\"wp-caption alignnone\"><img aria-describedby=\"caption-attachment-191254\" decoding=\"async\" loading=\"lazy\" class=\"wp-image-191254 size-full\" src=\"https:\/\/franciscanos.org.br\/vidacrista\/wp-content\/uploads\/2022\/01\/artigo_2001.png\" alt=\"\" width=\"840\" height=\"450\" srcset=\"https:\/\/franciscanos.org.br\/vidacrista\/wp-content\/uploads\/2022\/01\/artigo_2001.png 840w, https:\/\/franciscanos.org.br\/vidacrista\/wp-content\/uploads\/2022\/01\/artigo_2001-450x241.png 450w, https:\/\/franciscanos.org.br\/vidacrista\/wp-content\/uploads\/2022\/01\/artigo_2001-768x411.png 768w, https:\/\/franciscanos.org.br\/vidacrista\/wp-content\/uploads\/2022\/01\/artigo_2001-150x80.png 150w\" sizes=\"(max-width: 840px) 100vw, 840px\" \/><p id=\"caption-attachment-191254\" class=\"wp-caption-text\">\u00a0 \u00a0 \u00a0 \u00a0 \u00a0 \u00a0 \u00a0 \u00a0 \u00a0 \u00a0 \u00a0 \u00a0 \u00a0 \u00a0 \u00a0 \u00a0 \u00a0 \u00a0 \u00a0 \u00a0 \u00a0 \u00a0 \u00a0 \u00a0 \u00a0 \u00a0 \u00a0 \u00a0 \u00a0 \u00a0 \u00a0 \u00a0 \u00a0 \u00a0 \u00a0 \u00a0 \u00a0 \u00a0<em> Imagem ilustrativa: Canva (<a href=\"https:\/\/www.canva.com\/pt_br\/modelos\/\">www.canva.com\/pt_br\/modelos<\/a>)<\/em><\/p><\/div>\n<p><strong>Leonardo Boff<\/strong><\/p>\n<p>Numa roda, cercado de r\u00fasticos pe\u00f5es de sua fazenda Yasnaya Polyana, L\u00e9on Tolst\u00f3i (1828-1910) o grande escritor russo, contou-lhes a seguinte est\u00f3ria que eu me permito resumir para exemplificar como funciona a cabe\u00e7a de um capitalista.<\/p>\n<p>\u201cHavia um campon\u00eas pobre mas muito desejoso de possuir mais a mais terra para cultivar e ficar rico. Pensou: \u201cVou fazer um pacto com o diabo. Este vai me dar sorte\u201d, disse ele \u00e0 mulher, que torceu o nariz e advertiu-o: \u201cMeu marido, cuidado com o diabo, nunca sai coisa boa fazendo um pacto com ele; essa sua vontade de ficar rico, vai ainda p\u00f4-lo a perder\u201d.<\/p>\n<p>Mas, por insist\u00eancia do marido, resolveu acompanh\u00e1-lo. Com tal que partiram, levando poucos pertences.<\/p>\n<p>Souberam que longe da\u00ed havia um grupo de ciganos que vendiam terras baratas. Para aquelas paragens rumou o casal. Chegando l\u00e1, eis que o diabo j\u00e1 estava de p\u00e9, todo apessoado, dando ares de um influente mercador de terras. O campon\u00eas e sua mulher cumprimentaram educadamente os ciganos. Quando iam expressar seu desejo de adquirir terras deles, o diabo, sem cerim\u00f4nias, logo se antecipou e disse:<\/p>\n<p>\u201cBom senhor, vejo que veio de longe e \u00e9 tomado por um grande desejo de fazer fortuna. Tenho uma excelente proposta para voc\u00ea, melhor do que aquela dos ciganos. Fa\u00e7o-lhe a seguinte proposta: voc\u00ea deixa uma quantia razo\u00e1vel de dinheiro numa bolsa aqui onde estou de p\u00e9. Se voc\u00ea percorrer um territ\u00f3rio durante o tempo de um dia, do nascer ao p\u00f4r do sol, e estiver de volta antes de o sol se p\u00f4r, toda a terra percorrida ser\u00e1 sua. Caso contr\u00e1rio perder\u00e1 as terras percorridas e o dinheiro da bolsa\u201d.<\/p>\n<p>Os olhos do campon\u00eas, \u00e1vido por riqueza, brilharam de emo\u00e7\u00e3o e disse:<\/p>\n<p>\u201cAcho uma excelente proposta. Tenho pernas fortes e aceito. Amanh\u00e3 bem cedo, ao nascer do sol, ponho-me a correr e todo o territ\u00f3rio que minhas pernas puderem alcan\u00e7ar, ser\u00e1 meu\u201d.<\/p>\n<p>O diabo, sempre malicioso, sorriu todo faceiro.<\/p>\n<p>De fato, bem cedo, mal o sol rompeu a f\u00edmbria do horizonte, o campon\u00eas, tomado de cobi\u00e7a, se p\u00f4s a correr. Correu e correu muito. Pulou cercas, atravessou riachos e, n\u00e3o contente, sequer parou para descansar. Via diante de si uma ridente plan\u00edcie verde e logo pensou: \u201caqui vou plantar trigo em abund\u00e2ncia\u201d. Olhando \u00e0 esquerda, se descortinava um vale muito plano e pensou: \u201caqui posso fazer toda uma planta\u00e7\u00e3o de linho para dar e vender\u201d.<\/p>\n<p>Subiu, ofegante, uma pequena colina e eis, que l\u00e1 em baixo se abria um campo de terra virgem. Logo pensou: \u201cquero tamb\u00e9m aquela terra. A\u00ed vou criar gado e ovelhas e vou encher as burras com muito dinheiro.<\/p>\n<p>E assim percorreu muitos quil\u00f4metros, n\u00e3o satisfeito com o que tinha conquistado, pois os lugares que via, eram atraentes e alimentavam ainda mais seu desejo incontido de tamb\u00e9m possui-los.<\/p>\n<p>De repente olhou para o c\u00e9u e se deu conta de que o sol estava se pondo atr\u00e1s da montanha. Disse de si para consigo mesmo:<\/p>\n<p>\u201cN\u00e3o h\u00e1 tempo a perder. Tenho que voltar correndo, sen\u00e3o perco todos os terrenos percorridos e, por cima ainda, o dinheiro. \u201cUm dia de dor, uma vida de amor\u201d, pensou como dizia seu av\u00f4.<\/p>\n<p>P\u00f4s-se a correr com uma velocidade espantosa para suas pernas cansadas. Mas tinha que correr sem reparar os limites dos m\u00fasculos retesados. Sempre olhava a posi\u00e7\u00e3o do sol, j\u00e1 perto do horizonte, enorme e vermelho como sangue. Mas n\u00e3o se havia ainda posto totalmente. Mesmo cansad\u00edssimo, corria mais e mais e j\u00e1 nem sentia as pernas. Pesaroso pensou: \u201ctalvez abarquei demais terras e posso perder tudo. Mas vamos em frente\u201d.<\/p>\n<p>Vendo, por\u00e9m, ao longe o diabo, solenemente, de p\u00e9 e ao seu lado a sacola de dinheiro, recobrou mais o \u00e2nimo, certo de que iria chegar antes do p\u00f4r do sol. Reuniu todas as energias que tinha e fez um derradeiro esfor\u00e7o. Pulou uma cerca, atravessou um riacho e corria, quase voando. N\u00e3o muito longe da chegada, atirou-se para frente, quase perdendo o equil\u00edbrio. Refeito, deu ainda alguns passos longos.<\/p>\n<p>Foi ent\u00e3o que, extenuado e j\u00e1 sem nenhuma for\u00e7a, se estatelou no ch\u00e3o. E morreu. A boca sangrava e todo o corpo estava coberto de arranh\u00f5es e de suor.<\/p>\n<p>O diabo, maldosamente, apenas sorriu e tomou para si a bolsa de dinheiro. Indiferente ao destino do morto, deu-se ainda ao trabalho de fazer uma cova com o tamanho do campon\u00eas e ajeitou-o l\u00e1 dentro. Eram apenas sete palmos de terra, a parte menor que lhe cabia de todos os terrenos andados. N\u00e3o precisava de mais do que isso. A mulher, petrificada, assistia a tudo, chorando copiosamente\u201d.<\/p>\n<p>Esse conto nos faz lembrar o poeta pernambucano Jo\u00e3o Cabral de Melo Neto (1920-1999) que nos deixou a comovente obra Morte e Vida Severina (1995). No funeral do lavrador diz:<\/p>\n<p>\u201cEsta cova em que est\u00e1s, com palmos medida, \u00e9 a conta menor que tiraste em vida; \u00e9 a parte que te cabe deste latif\u00fandio\u201d.<\/p>\n<p>A mulher do campon\u00eas estava certa em sua advert\u00eancia: \u201cCuidado com o diabo, pois, te estimula a ter mais e mais e, por fim, acaba contigo e toma todo o teu dinheiro\u201d. \u00c9 a l\u00f3gica do capital. Nele vivemos e sofremos. Avan\u00e7ando sobre as florestas ele nos trouxe o Covid-10. Como nos livraremos dele?<\/p>\n<hr \/>\n<p><strong>Leonardo Boff<\/strong> <em>\u00e9 escritor e escreveu: &#8220;Habitar a Terra:qual o caminho para a fraternidade universal?&#8221; Vozes 2021.<\/em><\/p>\n","protected":false},"excerpt":{"rendered":"<p>Artigo Leonardo Boff<\/p>\n","protected":false},"author":3,"featured_media":191254,"comment_status":"open","ping_status":"open","sticky":false,"template":"","format":"standard","meta":{"footnotes":""},"categories":[26],"tags":[59],"yoast_head":"<!-- This site is optimized with the Yoast SEO plugin v19.4 - https:\/\/yoast.com\/wordpress\/plugins\/seo\/ -->\n<title>De quanta terra precisa um homem? - Vida Crist\u00e3 - Franciscanos<\/title>\n<meta name=\"robots\" content=\"index, follow, max-snippet:-1, max-image-preview:large, max-video-preview:-1\" \/>\n<link rel=\"canonical\" href=\"https:\/\/franciscanos.org.br\/vidacrista\/de-quanta-terra-precisa-um-homem\/\" \/>\n<meta property=\"og:locale\" content=\"pt_BR\" \/>\n<meta property=\"og:type\" content=\"article\" \/>\n<meta property=\"og:title\" content=\"De quanta terra precisa um homem? - Vida Crist\u00e3 - Franciscanos\" \/>\n<meta property=\"og:description\" content=\"Artigo Leonardo Boff\" \/>\n<meta property=\"og:url\" content=\"https:\/\/franciscanos.org.br\/vidacrista\/de-quanta-terra-precisa-um-homem\/\" \/>\n<meta property=\"og:site_name\" content=\"Vida Crist\u00e3 - Franciscanos\" \/>\n<meta property=\"article:published_time\" content=\"2022-01-20T11:24:06+00:00\" \/>\n<meta property=\"og:image\" content=\"https:\/\/franciscanos.org.br\/vidacrista\/wp-content\/uploads\/2022\/01\/artigo_2001.png\" \/>\n\t<meta property=\"og:image:width\" content=\"840\" \/>\n\t<meta property=\"og:image:height\" content=\"450\" \/>\n\t<meta property=\"og:image:type\" content=\"image\/png\" \/>\n<meta name=\"author\" content=\"moacir\" \/>\n<meta name=\"twitter:card\" content=\"summary_large_image\" \/>\n<meta name=\"twitter:label1\" content=\"Escrito por\" \/>\n\t<meta name=\"twitter:data1\" content=\"moacir\" \/>\n\t<meta name=\"twitter:label2\" content=\"Est. tempo de leitura\" \/>\n\t<meta name=\"twitter:data2\" content=\"5 minutos\" \/>\n<script type=\"application\/ld+json\" class=\"yoast-schema-graph\">{\"@context\":\"https:\/\/schema.org\",\"@graph\":[{\"@type\":\"WebSite\",\"@id\":\"https:\/\/franciscanos.org.br\/vidacrista\/#website\",\"url\":\"https:\/\/franciscanos.org.br\/vidacrista\/\",\"name\":\"Vida Crist\u00e3 - Franciscanos\",\"description\":\"Prov\u00edncia Franciscana da Imaculada Concei\u00e7\u00e3o do Brasil - Ordem dos Frades Menores\",\"potentialAction\":[{\"@type\":\"SearchAction\",\"target\":{\"@type\":\"EntryPoint\",\"urlTemplate\":\"https:\/\/franciscanos.org.br\/vidacrista\/?s={search_term_string}\"},\"query-input\":\"required name=search_term_string\"}],\"inLanguage\":\"pt-BR\"},{\"@type\":\"WebPage\",\"@id\":\"https:\/\/franciscanos.org.br\/vidacrista\/de-quanta-terra-precisa-um-homem\/\",\"url\":\"https:\/\/franciscanos.org.br\/vidacrista\/de-quanta-terra-precisa-um-homem\/\",\"name\":\"De quanta terra precisa um homem? - Vida Crist\u00e3 - Franciscanos\",\"isPartOf\":{\"@id\":\"https:\/\/franciscanos.org.br\/vidacrista\/#website\"},\"datePublished\":\"2022-01-20T11:24:06+00:00\",\"dateModified\":\"2022-01-20T11:24:06+00:00\",\"author\":{\"@id\":\"https:\/\/franciscanos.org.br\/vidacrista\/#\/schema\/person\/1880bdd2c350b735648725ef7614736a\"},\"breadcrumb\":{\"@id\":\"https:\/\/franciscanos.org.br\/vidacrista\/de-quanta-terra-precisa-um-homem\/#breadcrumb\"},\"inLanguage\":\"pt-BR\",\"potentialAction\":[{\"@type\":\"ReadAction\",\"target\":[\"https:\/\/franciscanos.org.br\/vidacrista\/de-quanta-terra-precisa-um-homem\/\"]}]},{\"@type\":\"BreadcrumbList\",\"@id\":\"https:\/\/franciscanos.org.br\/vidacrista\/de-quanta-terra-precisa-um-homem\/#breadcrumb\",\"itemListElement\":[{\"@type\":\"ListItem\",\"position\":1,\"name\":\"Home\",\"item\":\"https:\/\/franciscanos.org.br\/vidacrista\/\"},{\"@type\":\"ListItem\",\"position\":2,\"name\":\"De quanta terra precisa um homem?\"}]},{\"@type\":\"Person\",\"@id\":\"https:\/\/franciscanos.org.br\/vidacrista\/#\/schema\/person\/1880bdd2c350b735648725ef7614736a\",\"name\":\"moacir\",\"image\":{\"@type\":\"ImageObject\",\"inLanguage\":\"pt-BR\",\"@id\":\"https:\/\/franciscanos.org.br\/vidacrista\/#\/schema\/person\/image\/\",\"url\":\"https:\/\/secure.gravatar.com\/avatar\/d08aa2ce4c8dd416d4479aa8536fcf64?s=96&d=mm&r=g\",\"contentUrl\":\"https:\/\/secure.gravatar.com\/avatar\/d08aa2ce4c8dd416d4479aa8536fcf64?s=96&d=mm&r=g\",\"caption\":\"moacir\"},\"url\":\"https:\/\/franciscanos.org.br\/vidacrista\/author\/moacir\/\"}]}<\/script>\n<!-- \/ Yoast SEO plugin. -->","yoast_head_json":{"title":"De quanta terra precisa um homem? - Vida Crist\u00e3 - Franciscanos","robots":{"index":"index","follow":"follow","max-snippet":"max-snippet:-1","max-image-preview":"max-image-preview:large","max-video-preview":"max-video-preview:-1"},"canonical":"https:\/\/franciscanos.org.br\/vidacrista\/de-quanta-terra-precisa-um-homem\/","og_locale":"pt_BR","og_type":"article","og_title":"De quanta terra precisa um homem? - Vida Crist\u00e3 - Franciscanos","og_description":"Artigo Leonardo Boff","og_url":"https:\/\/franciscanos.org.br\/vidacrista\/de-quanta-terra-precisa-um-homem\/","og_site_name":"Vida Crist\u00e3 - Franciscanos","article_published_time":"2022-01-20T11:24:06+00:00","og_image":[{"width":840,"height":450,"url":"https:\/\/franciscanos.org.br\/vidacrista\/wp-content\/uploads\/2022\/01\/artigo_2001.png","type":"image\/png"}],"author":"moacir","twitter_card":"summary_large_image","twitter_misc":{"Escrito por":"moacir","Est. tempo de leitura":"5 minutos"},"schema":{"@context":"https:\/\/schema.org","@graph":[{"@type":"WebSite","@id":"https:\/\/franciscanos.org.br\/vidacrista\/#website","url":"https:\/\/franciscanos.org.br\/vidacrista\/","name":"Vida Crist\u00e3 - Franciscanos","description":"Prov\u00edncia Franciscana da Imaculada Concei\u00e7\u00e3o do Brasil - Ordem dos Frades Menores","potentialAction":[{"@type":"SearchAction","target":{"@type":"EntryPoint","urlTemplate":"https:\/\/franciscanos.org.br\/vidacrista\/?s={search_term_string}"},"query-input":"required name=search_term_string"}],"inLanguage":"pt-BR"},{"@type":"WebPage","@id":"https:\/\/franciscanos.org.br\/vidacrista\/de-quanta-terra-precisa-um-homem\/","url":"https:\/\/franciscanos.org.br\/vidacrista\/de-quanta-terra-precisa-um-homem\/","name":"De quanta terra precisa um homem? - Vida Crist\u00e3 - Franciscanos","isPartOf":{"@id":"https:\/\/franciscanos.org.br\/vidacrista\/#website"},"datePublished":"2022-01-20T11:24:06+00:00","dateModified":"2022-01-20T11:24:06+00:00","author":{"@id":"https:\/\/franciscanos.org.br\/vidacrista\/#\/schema\/person\/1880bdd2c350b735648725ef7614736a"},"breadcrumb":{"@id":"https:\/\/franciscanos.org.br\/vidacrista\/de-quanta-terra-precisa-um-homem\/#breadcrumb"},"inLanguage":"pt-BR","potentialAction":[{"@type":"ReadAction","target":["https:\/\/franciscanos.org.br\/vidacrista\/de-quanta-terra-precisa-um-homem\/"]}]},{"@type":"BreadcrumbList","@id":"https:\/\/franciscanos.org.br\/vidacrista\/de-quanta-terra-precisa-um-homem\/#breadcrumb","itemListElement":[{"@type":"ListItem","position":1,"name":"Home","item":"https:\/\/franciscanos.org.br\/vidacrista\/"},{"@type":"ListItem","position":2,"name":"De quanta terra precisa um homem?"}]},{"@type":"Person","@id":"https:\/\/franciscanos.org.br\/vidacrista\/#\/schema\/person\/1880bdd2c350b735648725ef7614736a","name":"moacir","image":{"@type":"ImageObject","inLanguage":"pt-BR","@id":"https:\/\/franciscanos.org.br\/vidacrista\/#\/schema\/person\/image\/","url":"https:\/\/secure.gravatar.com\/avatar\/d08aa2ce4c8dd416d4479aa8536fcf64?s=96&d=mm&r=g","contentUrl":"https:\/\/secure.gravatar.com\/avatar\/d08aa2ce4c8dd416d4479aa8536fcf64?s=96&d=mm&r=g","caption":"moacir"},"url":"https:\/\/franciscanos.org.br\/vidacrista\/author\/moacir\/"}]}},"_links":{"self":[{"href":"https:\/\/franciscanos.org.br\/vidacrista\/wp-json\/wp\/v2\/posts\/191253"}],"collection":[{"href":"https:\/\/franciscanos.org.br\/vidacrista\/wp-json\/wp\/v2\/posts"}],"about":[{"href":"https:\/\/franciscanos.org.br\/vidacrista\/wp-json\/wp\/v2\/types\/post"}],"author":[{"embeddable":true,"href":"https:\/\/franciscanos.org.br\/vidacrista\/wp-json\/wp\/v2\/users\/3"}],"replies":[{"embeddable":true,"href":"https:\/\/franciscanos.org.br\/vidacrista\/wp-json\/wp\/v2\/comments?post=191253"}],"version-history":[{"count":1,"href":"https:\/\/franciscanos.org.br\/vidacrista\/wp-json\/wp\/v2\/posts\/191253\/revisions"}],"predecessor-version":[{"id":191255,"href":"https:\/\/franciscanos.org.br\/vidacrista\/wp-json\/wp\/v2\/posts\/191253\/revisions\/191255"}],"wp:featuredmedia":[{"embeddable":true,"href":"https:\/\/franciscanos.org.br\/vidacrista\/wp-json\/wp\/v2\/media\/191254"}],"wp:attachment":[{"href":"https:\/\/franciscanos.org.br\/vidacrista\/wp-json\/wp\/v2\/media?parent=191253"}],"wp:term":[{"taxonomy":"category","embeddable":true,"href":"https:\/\/franciscanos.org.br\/vidacrista\/wp-json\/wp\/v2\/categories?post=191253"},{"taxonomy":"post_tag","embeddable":true,"href":"https:\/\/franciscanos.org.br\/vidacrista\/wp-json\/wp\/v2\/tags?post=191253"}],"curies":[{"name":"wp","href":"https:\/\/api.w.org\/{rel}","templated":true}]}}