{"id":191229,"date":"2022-01-06T14:23:36","date_gmt":"2022-01-06T17:23:36","guid":{"rendered":"https:\/\/franciscanos.org.br\/vidacrista\/?p=191229"},"modified":"2022-01-08T17:52:38","modified_gmt":"2022-01-08T20:52:38","slug":"o-batismo-de-jesus-na-perspectiva-judaica-e-seu-significado-para-os-cristaos-lc-315-16-21-22","status":"publish","type":"post","link":"https:\/\/franciscanos.org.br\/vidacrista\/o-batismo-de-jesus-na-perspectiva-judaica-e-seu-significado-para-os-cristaos-lc-315-16-21-22\/","title":{"rendered":"O batismo de Jesus na perspectiva judaica e seu significado para os crist\u00e3os (Lc 3,15-16.21-22)"},"content":{"rendered":"<div id=\"attachment_191231\" style=\"width: 850px\" class=\"wp-caption alignnone\"><img aria-describedby=\"caption-attachment-191231\" decoding=\"async\" loading=\"lazy\" class=\"wp-image-191231 size-full\" src=\"https:\/\/franciscanos.org.br\/vidacrista\/wp-content\/uploads\/2022\/01\/giotto_0601-1.jpg\" alt=\"\" width=\"840\" height=\"456\" srcset=\"https:\/\/franciscanos.org.br\/vidacrista\/wp-content\/uploads\/2022\/01\/giotto_0601-1.jpg 840w, https:\/\/franciscanos.org.br\/vidacrista\/wp-content\/uploads\/2022\/01\/giotto_0601-1-450x244.jpg 450w, https:\/\/franciscanos.org.br\/vidacrista\/wp-content\/uploads\/2022\/01\/giotto_0601-1-768x417.jpg 768w, https:\/\/franciscanos.org.br\/vidacrista\/wp-content\/uploads\/2022\/01\/giotto_0601-1-150x81.jpg 150w\" sizes=\"(max-width: 840px) 100vw, 840px\" \/><p id=\"caption-attachment-191231\" class=\"wp-caption-text\"><em>\u00a0 \u00a0 \u00a0 \u00a0 \u00a0 \u00a0 \u00a0 \u00a0 \u00a0 \u00a0 \u00a0 \u00a0 \u00a0 \u00a0 \u00a0 \u00a0 \u00a0 \u00a0 \u00a0 \u00a0 \u00a0 \u00a0 \u00a0 \u00a0 \u00a0 \u00a0 \u00a0 \u00a0 \u00a0 \u00a0 \u00a0 \u00a0 \u00a0 \u00a0 \u00a0 \u00a0 \u00a0 \u00a0 \u00a0 \u00a0 \u00a0 \u00a0 \u00a0 \u00a0 \u00a0 \u00a0 \u00a0 \u00a0 \u00a0 \u00a0 \u00a0Imagem: Giotto di Bondone (dom\u00ednio p\u00fablico)<\/em><\/p><\/div>\n<p><em>Frei Jacir de Freitas Faria<\/em> <a href=\"#_ftn1\" name=\"_ftnref1\">[1]<\/a><\/p>\n<p>O texto sobre o qual vamos refletir hoje \u00e9 tirado de Lc 3,15-16.21-22. Trata-se do Batismo do Senhor, festa celebrada na Igreja Cat\u00f3lica para encerrar o tempo lit\u00fargico do Natal e iniciar o Tempo Comum. O batismo para o crist\u00e3o \u00e9 o in\u00edcio de uma vida de f\u00e9 na comunidade, a partir do qual, ele se torna disc\u00edpulo de Jesus e filho de Deus.<\/p>\n<p>Tendo como base o texto de Lucas, vamos refletir sobre o batismo de Jesus na perspectiva judaica e seu significado no cristianismo a partir dos simbolismos do tempo, da pomba, da Tor\u00e1 (a Lei judaica), da \u00e1gua e do fogo.<\/p>\n<p><iframe loading=\"lazy\" title=\"YouTube video player\" src=\"https:\/\/www.youtube.com\/embed\/fCfTe37iPNU\" width=\"100%\" height=\"500\" frameborder=\"0\" allowfullscreen=\"allowfullscreen\"><span data-mce-type=\"bookmark\" style=\"display: inline-block; width: 0px; overflow: hidden; line-height: 0;\" class=\"mce_SELRES_start\">\ufeff<\/span><\/iframe><\/p>\n<p>O tempo cronol\u00f3gico de nossas vidas \u00e9 marcado pelo nascimento e pela morte. E entre esses dois pontos, para o crist\u00e3o, est\u00e1 a encarna\u00e7\u00e3o de Jesus, que veio nos trazer a Boa Nova do Reino de Deus e nos convocar a sermos seus evangelizadores.<\/p>\n<p>Judeus e crist\u00e3os das comunidades dos evangelhos n\u00e3o se contentaram em reconhecer que Jesus fora judeu plenamente, mas era preciso demonstrar que a <em>Tor\u00e1<\/em>, a Lei, tamb\u00e9m se encarnou Nele. Como isso aconteceu? \u00c9 o que diz a mem\u00f3ria do batismo de Jesus conservada em todos os evangelhos, quando afirmam: <strong>\u201c<\/strong>O Esp\u00edrito Santo desceu sobre ele em forma de pomba\u201d (Mc 1,9-11; Mt 3, 13-17; Lc 3, 22 e Jo 1, 32-34). Por que em forma de pomba? Vejamos.<\/p>\n<p>A pomba, em hebraico <em>Yon\u00e1<\/em>, tamb\u00e9m Jonas em portugu\u00eas, \u00e9 uma ave fr\u00e1gil, de not\u00f3ria candura e fiel ao seu companheiro. Por isso, os judeus fizeram dela o s\u00edmbolo da paz e do povo de Israel, que quer a paz, mas vive sempre, por causa da sua fragilidade, perseguido pelas na\u00e7\u00f5es do mundo. Em tempos atuais, n\u00e3o sei se poder\u00edamos dizer o mesmo de Israel. Basta ver as suas a\u00e7\u00f5es pol\u00edticas e econ\u00f4micas em rela\u00e7\u00e3o aos palestinos.<\/p>\n<p>Assim como a pomba s\u00f3 pode se defender com as suas duas asas, Israel s\u00f3 tem as duas t\u00e1buas da Lei, dadas no Sinai a Mois\u00e9s. Com isso, a pomba passou a ser a imagem da Presen\u00e7a divina e s\u00edmbolo da Tor\u00e1, assim como para n\u00f3s, hoje, uma raposa, um galo ou um tamandu\u00e1 podem representar um time de futebol.<\/p>\n<p>Portanto, no batismo de Jesus, o que desce sobre Ele \u00e9 a <em>Tor\u00e1-Pomba<\/em> para lhe conferir a dignidade de <em>Tor\u00e1-Personificada<\/em>. <em>Tor\u00e1 <\/em>confirma <em>Tor\u00e1.<\/em> Deus envia seu Filho. Os crist\u00e3os compreenderam no batismo de Jesus que Deus mesmo se lhes oferecia em Jesus, em forma de <em>Tor\u00e1<\/em>.\u00a0 A presen\u00e7a simb\u00f3lica de uma pomba no batismo de Jesus quer ser a sua confirma\u00e7\u00e3o como israelita, judeu e membro do povo de Deus, que se faz presente como sinal de esperan\u00e7a e de for\u00e7a, na fragilidade e na candura de uma <em>Yon\u00e1<\/em>.<\/p>\n<p>O fato de Jesus ser batizado por Jo\u00e3o \u00e9 um dado hist\u00f3rico muito importante. Com isso, Lucas quer dizer que Jesus se une ao movimento penitencial para assumir a cruz, elemento importante na caminhada mission\u00e1ria de Jesus. Ele inicia a\u00ed a sua miss\u00e3o com o batismo, mas no fim da estrada est\u00e1 uma cruz esperando-O, assim como ocorre com todo crist\u00e3o comprometido com a causa do reino anunciado por ele. Por isso, no batismo acolhemos nossas crian\u00e7as com o sinal da cruz. N\u00e3o h\u00e1 vida sem cruz.<\/p>\n<p>No momento do batismo de Jesus, o c\u00e9u rasga-se e o Esp\u00edrito Santo, em forma de pomba, desce e diz que Ele \u00e9 o seu Filho amado. O c\u00e9u rasgou-se, assim como o desejo do profeta Isa\u00edas pedindo a Deus que fendesse o c\u00e9u e descesse (Is 63,19). O povo sonhava novamente com uma descida de Deus no meio de seu povo, assim como ocorreu a manifesta\u00e7\u00e3o no monte Sinai, a teofania, quando ele estava no deserto. No batismo, Deus se manifesta novamente, agora em seu Filho amado, o judeu e Messias Jesus, conforme previa a tradi\u00e7\u00e3o (Sl 2,7; Is 42,1). Assim como Deus desceu, no tempo da escravid\u00e3o no Egito, para libertar o seu povo (Ex 3, 7-8), o Esp\u00edrito de Deus veio sobre Jesus para iniciar uma nova etapa na hist\u00f3ria da salva\u00e7\u00e3o.<\/p>\n<p>O batismo de Jo\u00e3o Batista \u00e9 o da \u00e1gua para a purifica\u00e7\u00e3o. N\u00f3s tamb\u00e9m hoje realizamos o batismo, utilizando-nos da \u00e1gua. H\u00e1 diferen\u00e7as entre esses dois batismos. Jo\u00e3o Batista insistia na \u00e1gua para demonstrar a vinda do messias. O povo precisava passar por uma purifica\u00e7\u00e3o para receber o enviado de Deus e come\u00e7ar uma nova hist\u00f3ria. J\u00e1 o nosso batismo tem rela\u00e7\u00e3o com a morte e ressurrei\u00e7\u00e3o de Jesus e seu discipulado.<\/p>\n<p>No batismo de Jesus, Deus volta a falar com o povo. Uma nova rela\u00e7\u00e3o \u00e9 restabelecida. Em e com Jesus n\u00e3o existe mais porta fechada para falar com Deus. Batismo n\u00e3o \u00e9 para lavar pecados e livrar-se de culpas passadas do simb\u00f3lico ser humano, chamado Ad\u00e3o. Uma crian\u00e7a batizada \u00e9 confirmada na Gra\u00e7a de Deus, na qual ela nasceu sem pecado. Ser batizado \u00e9 um recome\u00e7ar nas \u00e1guas que nos lava no Esp\u00edrito e no fogo que purifica. Na celebra\u00e7\u00e3o do Batismo do Senhor renovemos nosso batismo, nosso compromisso com a vida de f\u00e9 na comunidade e na transforma\u00e7\u00e3o da sociedade. Sejamos instrumentos de paz e bem!<\/p>\n<hr \/>\n<p><a href=\"#_ftnref1\" name=\"_ftn1\">[1]<\/a>Doutor em Teologia B\u00edblica pela FAJE (BH). Mestre em Ci\u00eancias B\u00edblicas (Exegese) pelo Pontif\u00edcio Instituto B\u00edblico de Roma. Professor de Exegese B\u00edblica. \u00c9 membro da Associa\u00e7\u00e3o Brasileira de Pesquisa B\u00edblica (ABIB). Sacerdote Franciscano. Autor de dez livros e coautor de quinze. Youtube: Frei Jacir B\u00edblia e Apocrifos. <a href=\"https:\/\/www.youtube.com\/channel\/UCwbSE97jnR6jQwHRigX1KlQ\">https:\/\/www.youtube.com\/channel\/UCwbSE97jnR6jQwHRigX1KlQ<\/a><\/p>\n","protected":false},"excerpt":{"rendered":"<p>Artigo de Frei Jacir de Freitas Faria<\/p>\n","protected":false},"author":3,"featured_media":191230,"comment_status":"open","ping_status":"open","sticky":false,"template":"","format":"standard","meta":{"footnotes":""},"categories":[26],"tags":[43],"yoast_head":"<!-- This site is optimized with the Yoast SEO plugin v19.4 - https:\/\/yoast.com\/wordpress\/plugins\/seo\/ -->\n<title>O batismo de Jesus na perspectiva judaica e seu significado para os crist\u00e3os (Lc 3,15-16.21-22) - Vida Crist\u00e3 - Franciscanos<\/title>\n<meta name=\"robots\" content=\"index, follow, max-snippet:-1, max-image-preview:large, max-video-preview:-1\" \/>\n<link rel=\"canonical\" href=\"https:\/\/franciscanos.org.br\/vidacrista\/o-batismo-de-jesus-na-perspectiva-judaica-e-seu-significado-para-os-cristaos-lc-315-16-21-22\/\" \/>\n<meta property=\"og:locale\" content=\"pt_BR\" \/>\n<meta property=\"og:type\" content=\"article\" \/>\n<meta property=\"og:title\" content=\"O batismo de Jesus na perspectiva judaica e seu significado para os crist\u00e3os (Lc 3,15-16.21-22) - Vida Crist\u00e3 - Franciscanos\" \/>\n<meta property=\"og:description\" content=\"Artigo de Frei Jacir de Freitas Faria\" \/>\n<meta property=\"og:url\" content=\"https:\/\/franciscanos.org.br\/vidacrista\/o-batismo-de-jesus-na-perspectiva-judaica-e-seu-significado-para-os-cristaos-lc-315-16-21-22\/\" \/>\n<meta property=\"og:site_name\" content=\"Vida Crist\u00e3 - Franciscanos\" \/>\n<meta property=\"article:published_time\" content=\"2022-01-06T17:23:36+00:00\" \/>\n<meta property=\"article:modified_time\" content=\"2022-01-08T20:52:38+00:00\" \/>\n<meta property=\"og:image\" content=\"https:\/\/franciscanos.org.br\/vidacrista\/wp-content\/uploads\/2022\/01\/giotto_0601.jpg\" \/>\n\t<meta property=\"og:image:width\" content=\"840\" \/>\n\t<meta property=\"og:image:height\" content=\"456\" \/>\n\t<meta property=\"og:image:type\" content=\"image\/jpeg\" \/>\n<meta name=\"author\" content=\"moacir\" \/>\n<meta name=\"twitter:card\" content=\"summary_large_image\" \/>\n<meta name=\"twitter:label1\" content=\"Escrito por\" \/>\n\t<meta name=\"twitter:data1\" content=\"moacir\" \/>\n\t<meta name=\"twitter:label2\" content=\"Est. tempo de leitura\" \/>\n\t<meta name=\"twitter:data2\" content=\"5 minutos\" \/>\n<script type=\"application\/ld+json\" class=\"yoast-schema-graph\">{\"@context\":\"https:\/\/schema.org\",\"@graph\":[{\"@type\":\"WebSite\",\"@id\":\"https:\/\/franciscanos.org.br\/vidacrista\/#website\",\"url\":\"https:\/\/franciscanos.org.br\/vidacrista\/\",\"name\":\"Vida Crist\u00e3 - Franciscanos\",\"description\":\"Prov\u00edncia Franciscana da Imaculada Concei\u00e7\u00e3o do Brasil - Ordem dos Frades Menores\",\"potentialAction\":[{\"@type\":\"SearchAction\",\"target\":{\"@type\":\"EntryPoint\",\"urlTemplate\":\"https:\/\/franciscanos.org.br\/vidacrista\/?s={search_term_string}\"},\"query-input\":\"required name=search_term_string\"}],\"inLanguage\":\"pt-BR\"},{\"@type\":\"WebPage\",\"@id\":\"https:\/\/franciscanos.org.br\/vidacrista\/o-batismo-de-jesus-na-perspectiva-judaica-e-seu-significado-para-os-cristaos-lc-315-16-21-22\/\",\"url\":\"https:\/\/franciscanos.org.br\/vidacrista\/o-batismo-de-jesus-na-perspectiva-judaica-e-seu-significado-para-os-cristaos-lc-315-16-21-22\/\",\"name\":\"O batismo de Jesus na perspectiva judaica e seu significado para os crist\u00e3os (Lc 3,15-16.21-22) - Vida Crist\u00e3 - Franciscanos\",\"isPartOf\":{\"@id\":\"https:\/\/franciscanos.org.br\/vidacrista\/#website\"},\"datePublished\":\"2022-01-06T17:23:36+00:00\",\"dateModified\":\"2022-01-08T20:52:38+00:00\",\"author\":{\"@id\":\"https:\/\/franciscanos.org.br\/vidacrista\/#\/schema\/person\/1880bdd2c350b735648725ef7614736a\"},\"breadcrumb\":{\"@id\":\"https:\/\/franciscanos.org.br\/vidacrista\/o-batismo-de-jesus-na-perspectiva-judaica-e-seu-significado-para-os-cristaos-lc-315-16-21-22\/#breadcrumb\"},\"inLanguage\":\"pt-BR\",\"potentialAction\":[{\"@type\":\"ReadAction\",\"target\":[\"https:\/\/franciscanos.org.br\/vidacrista\/o-batismo-de-jesus-na-perspectiva-judaica-e-seu-significado-para-os-cristaos-lc-315-16-21-22\/\"]}]},{\"@type\":\"BreadcrumbList\",\"@id\":\"https:\/\/franciscanos.org.br\/vidacrista\/o-batismo-de-jesus-na-perspectiva-judaica-e-seu-significado-para-os-cristaos-lc-315-16-21-22\/#breadcrumb\",\"itemListElement\":[{\"@type\":\"ListItem\",\"position\":1,\"name\":\"Home\",\"item\":\"https:\/\/franciscanos.org.br\/vidacrista\/\"},{\"@type\":\"ListItem\",\"position\":2,\"name\":\"O batismo de Jesus na perspectiva judaica e seu significado para os crist\u00e3os (Lc 3,15-16.21-22)\"}]},{\"@type\":\"Person\",\"@id\":\"https:\/\/franciscanos.org.br\/vidacrista\/#\/schema\/person\/1880bdd2c350b735648725ef7614736a\",\"name\":\"moacir\",\"image\":{\"@type\":\"ImageObject\",\"inLanguage\":\"pt-BR\",\"@id\":\"https:\/\/franciscanos.org.br\/vidacrista\/#\/schema\/person\/image\/\",\"url\":\"https:\/\/secure.gravatar.com\/avatar\/d08aa2ce4c8dd416d4479aa8536fcf64?s=96&d=mm&r=g\",\"contentUrl\":\"https:\/\/secure.gravatar.com\/avatar\/d08aa2ce4c8dd416d4479aa8536fcf64?s=96&d=mm&r=g\",\"caption\":\"moacir\"},\"url\":\"https:\/\/franciscanos.org.br\/vidacrista\/author\/moacir\/\"}]}<\/script>\n<!-- \/ Yoast SEO plugin. -->","yoast_head_json":{"title":"O batismo de Jesus na perspectiva judaica e seu significado para os crist\u00e3os (Lc 3,15-16.21-22) - Vida Crist\u00e3 - Franciscanos","robots":{"index":"index","follow":"follow","max-snippet":"max-snippet:-1","max-image-preview":"max-image-preview:large","max-video-preview":"max-video-preview:-1"},"canonical":"https:\/\/franciscanos.org.br\/vidacrista\/o-batismo-de-jesus-na-perspectiva-judaica-e-seu-significado-para-os-cristaos-lc-315-16-21-22\/","og_locale":"pt_BR","og_type":"article","og_title":"O batismo de Jesus na perspectiva judaica e seu significado para os crist\u00e3os (Lc 3,15-16.21-22) - Vida Crist\u00e3 - Franciscanos","og_description":"Artigo de Frei Jacir de Freitas Faria","og_url":"https:\/\/franciscanos.org.br\/vidacrista\/o-batismo-de-jesus-na-perspectiva-judaica-e-seu-significado-para-os-cristaos-lc-315-16-21-22\/","og_site_name":"Vida Crist\u00e3 - Franciscanos","article_published_time":"2022-01-06T17:23:36+00:00","article_modified_time":"2022-01-08T20:52:38+00:00","og_image":[{"width":840,"height":456,"url":"https:\/\/franciscanos.org.br\/vidacrista\/wp-content\/uploads\/2022\/01\/giotto_0601.jpg","type":"image\/jpeg"}],"author":"moacir","twitter_card":"summary_large_image","twitter_misc":{"Escrito por":"moacir","Est. tempo de leitura":"5 minutos"},"schema":{"@context":"https:\/\/schema.org","@graph":[{"@type":"WebSite","@id":"https:\/\/franciscanos.org.br\/vidacrista\/#website","url":"https:\/\/franciscanos.org.br\/vidacrista\/","name":"Vida Crist\u00e3 - Franciscanos","description":"Prov\u00edncia Franciscana da Imaculada Concei\u00e7\u00e3o do Brasil - Ordem dos Frades Menores","potentialAction":[{"@type":"SearchAction","target":{"@type":"EntryPoint","urlTemplate":"https:\/\/franciscanos.org.br\/vidacrista\/?s={search_term_string}"},"query-input":"required name=search_term_string"}],"inLanguage":"pt-BR"},{"@type":"WebPage","@id":"https:\/\/franciscanos.org.br\/vidacrista\/o-batismo-de-jesus-na-perspectiva-judaica-e-seu-significado-para-os-cristaos-lc-315-16-21-22\/","url":"https:\/\/franciscanos.org.br\/vidacrista\/o-batismo-de-jesus-na-perspectiva-judaica-e-seu-significado-para-os-cristaos-lc-315-16-21-22\/","name":"O batismo de Jesus na perspectiva judaica e seu significado para os crist\u00e3os (Lc 3,15-16.21-22) - Vida Crist\u00e3 - Franciscanos","isPartOf":{"@id":"https:\/\/franciscanos.org.br\/vidacrista\/#website"},"datePublished":"2022-01-06T17:23:36+00:00","dateModified":"2022-01-08T20:52:38+00:00","author":{"@id":"https:\/\/franciscanos.org.br\/vidacrista\/#\/schema\/person\/1880bdd2c350b735648725ef7614736a"},"breadcrumb":{"@id":"https:\/\/franciscanos.org.br\/vidacrista\/o-batismo-de-jesus-na-perspectiva-judaica-e-seu-significado-para-os-cristaos-lc-315-16-21-22\/#breadcrumb"},"inLanguage":"pt-BR","potentialAction":[{"@type":"ReadAction","target":["https:\/\/franciscanos.org.br\/vidacrista\/o-batismo-de-jesus-na-perspectiva-judaica-e-seu-significado-para-os-cristaos-lc-315-16-21-22\/"]}]},{"@type":"BreadcrumbList","@id":"https:\/\/franciscanos.org.br\/vidacrista\/o-batismo-de-jesus-na-perspectiva-judaica-e-seu-significado-para-os-cristaos-lc-315-16-21-22\/#breadcrumb","itemListElement":[{"@type":"ListItem","position":1,"name":"Home","item":"https:\/\/franciscanos.org.br\/vidacrista\/"},{"@type":"ListItem","position":2,"name":"O batismo de Jesus na perspectiva judaica e seu significado para os crist\u00e3os (Lc 3,15-16.21-22)"}]},{"@type":"Person","@id":"https:\/\/franciscanos.org.br\/vidacrista\/#\/schema\/person\/1880bdd2c350b735648725ef7614736a","name":"moacir","image":{"@type":"ImageObject","inLanguage":"pt-BR","@id":"https:\/\/franciscanos.org.br\/vidacrista\/#\/schema\/person\/image\/","url":"https:\/\/secure.gravatar.com\/avatar\/d08aa2ce4c8dd416d4479aa8536fcf64?s=96&d=mm&r=g","contentUrl":"https:\/\/secure.gravatar.com\/avatar\/d08aa2ce4c8dd416d4479aa8536fcf64?s=96&d=mm&r=g","caption":"moacir"},"url":"https:\/\/franciscanos.org.br\/vidacrista\/author\/moacir\/"}]}},"_links":{"self":[{"href":"https:\/\/franciscanos.org.br\/vidacrista\/wp-json\/wp\/v2\/posts\/191229"}],"collection":[{"href":"https:\/\/franciscanos.org.br\/vidacrista\/wp-json\/wp\/v2\/posts"}],"about":[{"href":"https:\/\/franciscanos.org.br\/vidacrista\/wp-json\/wp\/v2\/types\/post"}],"author":[{"embeddable":true,"href":"https:\/\/franciscanos.org.br\/vidacrista\/wp-json\/wp\/v2\/users\/3"}],"replies":[{"embeddable":true,"href":"https:\/\/franciscanos.org.br\/vidacrista\/wp-json\/wp\/v2\/comments?post=191229"}],"version-history":[{"count":3,"href":"https:\/\/franciscanos.org.br\/vidacrista\/wp-json\/wp\/v2\/posts\/191229\/revisions"}],"predecessor-version":[{"id":191235,"href":"https:\/\/franciscanos.org.br\/vidacrista\/wp-json\/wp\/v2\/posts\/191229\/revisions\/191235"}],"wp:featuredmedia":[{"embeddable":true,"href":"https:\/\/franciscanos.org.br\/vidacrista\/wp-json\/wp\/v2\/media\/191230"}],"wp:attachment":[{"href":"https:\/\/franciscanos.org.br\/vidacrista\/wp-json\/wp\/v2\/media?parent=191229"}],"wp:term":[{"taxonomy":"category","embeddable":true,"href":"https:\/\/franciscanos.org.br\/vidacrista\/wp-json\/wp\/v2\/categories?post=191229"},{"taxonomy":"post_tag","embeddable":true,"href":"https:\/\/franciscanos.org.br\/vidacrista\/wp-json\/wp\/v2\/tags?post=191229"}],"curies":[{"name":"wp","href":"https:\/\/api.w.org\/{rel}","templated":true}]}}