{"id":191216,"date":"2022-01-06T06:50:02","date_gmt":"2022-01-06T09:50:02","guid":{"rendered":"https:\/\/franciscanos.org.br\/vidacrista\/?p=191216"},"modified":"2022-01-06T06:50:02","modified_gmt":"2022-01-06T09:50:02","slug":"deus-sedutor","status":"publish","type":"post","link":"https:\/\/franciscanos.org.br\/vidacrista\/deus-sedutor\/","title":{"rendered":"Deus sedutor"},"content":{"rendered":"<div id=\"attachment_191217\" style=\"width: 850px\" class=\"wp-caption alignnone\"><img aria-describedby=\"caption-attachment-191217\" decoding=\"async\" loading=\"lazy\" class=\"wp-image-191217 size-full\" src=\"https:\/\/franciscanos.org.br\/vidacrista\/wp-content\/uploads\/2022\/01\/sistina_060122.png\" alt=\"\" width=\"840\" height=\"450\" srcset=\"https:\/\/franciscanos.org.br\/vidacrista\/wp-content\/uploads\/2022\/01\/sistina_060122.png 840w, https:\/\/franciscanos.org.br\/vidacrista\/wp-content\/uploads\/2022\/01\/sistina_060122-450x241.png 450w, https:\/\/franciscanos.org.br\/vidacrista\/wp-content\/uploads\/2022\/01\/sistina_060122-768x411.png 768w, https:\/\/franciscanos.org.br\/vidacrista\/wp-content\/uploads\/2022\/01\/sistina_060122-150x80.png 150w\" sizes=\"(max-width: 840px) 100vw, 840px\" \/><p id=\"caption-attachment-191217\" class=\"wp-caption-text\">\u00a0 \u00a0 \u00a0 \u00a0 \u00a0 \u00a0 \u00a0 \u00a0 \u00a0 \u00a0 \u00a0 \u00a0 \u00a0 \u00a0 \u00a0 \u00a0 \u00a0 \u00a0 \u00a0<em>Imagem: &#8220;A Cria\u00e7\u00e3o de Ad\u00e3o&#8221;, Michelangelo, Capela Sistina (Wikipedia, dom\u00ednio p\u00fablico)<\/em><\/p><\/div>\n<p><strong>Pe. Ademir Guedes Azevedo, cp.<\/strong><\/p>\n<p>Como ser\u00e1 que me seduziste? Ser\u00e1 que foi com um olhar, uma palavra, um gesto? O que foi que me fizeste que n\u00e3o consigo deixar de pensar em ti? Mesmo se ouso distanciar-me, continuas agindo como Deus sedutor, com teu modo misterioso de buscar-me e de carregar-me em teu colo.<\/p>\n<p>Teu modo sedutor \u00e9 irresist\u00edvel. Nunca \u00e9s invasivo, mas sempre discreto. N\u00e3o me desnudas com rapidez, pois sabes o quanto me envergonharia a minha nudez. Mas como n\u00e3o sabes ser outra coisa sen\u00e3o um Deus sedutor, tiras aos poucos o v\u00e9u que esconde o meu mist\u00e9rio e, sutilmente, me apresentas o que realmente sou, como tu que tamb\u00e9m na Cruz te deparaste com tua nudez extrema e sentiste at\u00e9 onde teu amor te conduziu.<\/p>\n<p>Por que te excitas tanto com a minha nudez? O que tem ela de t\u00e3o especial?\u00a0 Se ainda n\u00e3o sou todo teu e se nem sempre sou todo para os outros, por que v\u00eas brilho em mim, se h\u00e1 trevas nesse cora\u00e7\u00e3o? Porque vives da arte de seduzir, sei que teu <em>eros<\/em> \u00e9 incontrol\u00e1vel e que n\u00e3o julgas meu pecado, mas olhas com ternura meu sofrimento e meu lamento, minha dor e meu pranto. O que levas o teu <em>eros<\/em> a buscar-me \u00e9 justo meu sofrimento, como sempre fizeste com aqueles que encontraste nos caminhos empoeirados por onde passaste.<\/p>\n<p>Deus sedutor, como \u00e9s irresist\u00edvel! Tua sutileza est\u00e1 na ordem do dia: na m\u00e3o daqueles que me levantam, nas conversas dos que insistem em tempos melhores, no abra\u00e7o que encoraja, na despedida dos que partem com um cora\u00e7\u00e3o apertado.<\/p>\n<p>Seduzir \u00e9 tua especialidade, sem d\u00favidas. Tua sedu\u00e7\u00e3o \u00e9 concomitante a tua paci\u00eancia, pois sabes cativar desde o ventre materno. Consegues falar a l\u00edngua das crian\u00e7as; tu entendes bem os dramas da adolesc\u00eancia e como ningu\u00e9m acompanhas nosso desenvolvimento, porque para cada pessoa tu tens um projeto e, em tua arte de seduzir, vais revelando sem pressa, mas sempre com uma doce e suave aproxima\u00e7\u00e3o do mist\u00e9rio que somos.<\/p>\n<p>S\u00f3 seduzindo, Deus consegue resgatar para si aquilo que Ele mais ama: eu e voc\u00ea. Porque ningu\u00e9m resiste a uma sedu\u00e7\u00e3o que toca no profundo dos nossos dramas e do nosso mist\u00e9rio. S\u00f3 por meio da sedu\u00e7\u00e3o, a gente se entrega voluntariamente a um Deus que nos quer com Ele, sobretudo l\u00e1 onde nossos enigmas s\u00e3o traduzidos numa linguagem que n\u00e3o nos envergonha e condena, mas nos orgulha daquilo que nos tornamos. Deixemo-nos seduzir por este Deus.<\/p>\n<hr \/>\n<p><strong>Pe. Ademir Guedes Azevedo<\/strong>,\u00a0<em>cp, \u00e9 mission\u00e1rio passionista e mestre em Teologia Fundamental na Pontif\u00edcia Universidade Gregoriana. Atualmente reside em Camaragibe \u2013 PE, no Semin\u00e1rio para a etapa do Postulantado dos Passionistas.<\/em><\/p>\n","protected":false},"excerpt":{"rendered":"<p>Artigo de Pe. Ademir Guedes Azevedo, cp.<\/p>\n","protected":false},"author":3,"featured_media":191217,"comment_status":"open","ping_status":"open","sticky":false,"template":"","format":"standard","meta":{"footnotes":""},"categories":[26],"tags":[189,188],"yoast_head":"<!-- This site is optimized with the Yoast SEO plugin v19.4 - https:\/\/yoast.com\/wordpress\/plugins\/seo\/ -->\n<title>Deus sedutor - Vida Crist\u00e3 - Franciscanos<\/title>\n<meta name=\"robots\" content=\"index, follow, max-snippet:-1, max-image-preview:large, max-video-preview:-1\" \/>\n<link rel=\"canonical\" href=\"https:\/\/franciscanos.org.br\/vidacrista\/deus-sedutor\/\" \/>\n<meta property=\"og:locale\" content=\"pt_BR\" \/>\n<meta property=\"og:type\" content=\"article\" \/>\n<meta property=\"og:title\" content=\"Deus sedutor - Vida Crist\u00e3 - Franciscanos\" \/>\n<meta property=\"og:description\" content=\"Artigo de Pe. Ademir Guedes Azevedo, cp.\" \/>\n<meta property=\"og:url\" content=\"https:\/\/franciscanos.org.br\/vidacrista\/deus-sedutor\/\" \/>\n<meta property=\"og:site_name\" content=\"Vida Crist\u00e3 - Franciscanos\" \/>\n<meta property=\"article:published_time\" content=\"2022-01-06T09:50:02+00:00\" \/>\n<meta property=\"og:image\" content=\"https:\/\/franciscanos.org.br\/vidacrista\/wp-content\/uploads\/2022\/01\/sistina_060122.png\" \/>\n\t<meta property=\"og:image:width\" content=\"840\" \/>\n\t<meta property=\"og:image:height\" content=\"450\" \/>\n\t<meta property=\"og:image:type\" content=\"image\/png\" \/>\n<meta name=\"author\" content=\"moacir\" \/>\n<meta name=\"twitter:card\" content=\"summary_large_image\" \/>\n<meta name=\"twitter:label1\" content=\"Escrito por\" \/>\n\t<meta name=\"twitter:data1\" content=\"moacir\" \/>\n\t<meta name=\"twitter:label2\" content=\"Est. tempo de leitura\" \/>\n\t<meta name=\"twitter:data2\" content=\"2 minutos\" \/>\n<script type=\"application\/ld+json\" class=\"yoast-schema-graph\">{\"@context\":\"https:\/\/schema.org\",\"@graph\":[{\"@type\":\"WebSite\",\"@id\":\"https:\/\/franciscanos.org.br\/vidacrista\/#website\",\"url\":\"https:\/\/franciscanos.org.br\/vidacrista\/\",\"name\":\"Vida Crist\u00e3 - Franciscanos\",\"description\":\"Prov\u00edncia Franciscana da Imaculada Concei\u00e7\u00e3o do Brasil - Ordem dos Frades Menores\",\"potentialAction\":[{\"@type\":\"SearchAction\",\"target\":{\"@type\":\"EntryPoint\",\"urlTemplate\":\"https:\/\/franciscanos.org.br\/vidacrista\/?s={search_term_string}\"},\"query-input\":\"required name=search_term_string\"}],\"inLanguage\":\"pt-BR\"},{\"@type\":\"WebPage\",\"@id\":\"https:\/\/franciscanos.org.br\/vidacrista\/deus-sedutor\/\",\"url\":\"https:\/\/franciscanos.org.br\/vidacrista\/deus-sedutor\/\",\"name\":\"Deus sedutor - Vida Crist\u00e3 - Franciscanos\",\"isPartOf\":{\"@id\":\"https:\/\/franciscanos.org.br\/vidacrista\/#website\"},\"datePublished\":\"2022-01-06T09:50:02+00:00\",\"dateModified\":\"2022-01-06T09:50:02+00:00\",\"author\":{\"@id\":\"https:\/\/franciscanos.org.br\/vidacrista\/#\/schema\/person\/1880bdd2c350b735648725ef7614736a\"},\"breadcrumb\":{\"@id\":\"https:\/\/franciscanos.org.br\/vidacrista\/deus-sedutor\/#breadcrumb\"},\"inLanguage\":\"pt-BR\",\"potentialAction\":[{\"@type\":\"ReadAction\",\"target\":[\"https:\/\/franciscanos.org.br\/vidacrista\/deus-sedutor\/\"]}]},{\"@type\":\"BreadcrumbList\",\"@id\":\"https:\/\/franciscanos.org.br\/vidacrista\/deus-sedutor\/#breadcrumb\",\"itemListElement\":[{\"@type\":\"ListItem\",\"position\":1,\"name\":\"Home\",\"item\":\"https:\/\/franciscanos.org.br\/vidacrista\/\"},{\"@type\":\"ListItem\",\"position\":2,\"name\":\"Deus sedutor\"}]},{\"@type\":\"Person\",\"@id\":\"https:\/\/franciscanos.org.br\/vidacrista\/#\/schema\/person\/1880bdd2c350b735648725ef7614736a\",\"name\":\"moacir\",\"image\":{\"@type\":\"ImageObject\",\"inLanguage\":\"pt-BR\",\"@id\":\"https:\/\/franciscanos.org.br\/vidacrista\/#\/schema\/person\/image\/\",\"url\":\"https:\/\/secure.gravatar.com\/avatar\/d08aa2ce4c8dd416d4479aa8536fcf64?s=96&d=mm&r=g\",\"contentUrl\":\"https:\/\/secure.gravatar.com\/avatar\/d08aa2ce4c8dd416d4479aa8536fcf64?s=96&d=mm&r=g\",\"caption\":\"moacir\"},\"url\":\"https:\/\/franciscanos.org.br\/vidacrista\/author\/moacir\/\"}]}<\/script>\n<!-- \/ Yoast SEO plugin. -->","yoast_head_json":{"title":"Deus sedutor - Vida Crist\u00e3 - Franciscanos","robots":{"index":"index","follow":"follow","max-snippet":"max-snippet:-1","max-image-preview":"max-image-preview:large","max-video-preview":"max-video-preview:-1"},"canonical":"https:\/\/franciscanos.org.br\/vidacrista\/deus-sedutor\/","og_locale":"pt_BR","og_type":"article","og_title":"Deus sedutor - Vida Crist\u00e3 - Franciscanos","og_description":"Artigo de Pe. Ademir Guedes Azevedo, cp.","og_url":"https:\/\/franciscanos.org.br\/vidacrista\/deus-sedutor\/","og_site_name":"Vida Crist\u00e3 - Franciscanos","article_published_time":"2022-01-06T09:50:02+00:00","og_image":[{"width":840,"height":450,"url":"https:\/\/franciscanos.org.br\/vidacrista\/wp-content\/uploads\/2022\/01\/sistina_060122.png","type":"image\/png"}],"author":"moacir","twitter_card":"summary_large_image","twitter_misc":{"Escrito por":"moacir","Est. tempo de leitura":"2 minutos"},"schema":{"@context":"https:\/\/schema.org","@graph":[{"@type":"WebSite","@id":"https:\/\/franciscanos.org.br\/vidacrista\/#website","url":"https:\/\/franciscanos.org.br\/vidacrista\/","name":"Vida Crist\u00e3 - Franciscanos","description":"Prov\u00edncia Franciscana da Imaculada Concei\u00e7\u00e3o do Brasil - Ordem dos Frades Menores","potentialAction":[{"@type":"SearchAction","target":{"@type":"EntryPoint","urlTemplate":"https:\/\/franciscanos.org.br\/vidacrista\/?s={search_term_string}"},"query-input":"required name=search_term_string"}],"inLanguage":"pt-BR"},{"@type":"WebPage","@id":"https:\/\/franciscanos.org.br\/vidacrista\/deus-sedutor\/","url":"https:\/\/franciscanos.org.br\/vidacrista\/deus-sedutor\/","name":"Deus sedutor - Vida Crist\u00e3 - Franciscanos","isPartOf":{"@id":"https:\/\/franciscanos.org.br\/vidacrista\/#website"},"datePublished":"2022-01-06T09:50:02+00:00","dateModified":"2022-01-06T09:50:02+00:00","author":{"@id":"https:\/\/franciscanos.org.br\/vidacrista\/#\/schema\/person\/1880bdd2c350b735648725ef7614736a"},"breadcrumb":{"@id":"https:\/\/franciscanos.org.br\/vidacrista\/deus-sedutor\/#breadcrumb"},"inLanguage":"pt-BR","potentialAction":[{"@type":"ReadAction","target":["https:\/\/franciscanos.org.br\/vidacrista\/deus-sedutor\/"]}]},{"@type":"BreadcrumbList","@id":"https:\/\/franciscanos.org.br\/vidacrista\/deus-sedutor\/#breadcrumb","itemListElement":[{"@type":"ListItem","position":1,"name":"Home","item":"https:\/\/franciscanos.org.br\/vidacrista\/"},{"@type":"ListItem","position":2,"name":"Deus sedutor"}]},{"@type":"Person","@id":"https:\/\/franciscanos.org.br\/vidacrista\/#\/schema\/person\/1880bdd2c350b735648725ef7614736a","name":"moacir","image":{"@type":"ImageObject","inLanguage":"pt-BR","@id":"https:\/\/franciscanos.org.br\/vidacrista\/#\/schema\/person\/image\/","url":"https:\/\/secure.gravatar.com\/avatar\/d08aa2ce4c8dd416d4479aa8536fcf64?s=96&d=mm&r=g","contentUrl":"https:\/\/secure.gravatar.com\/avatar\/d08aa2ce4c8dd416d4479aa8536fcf64?s=96&d=mm&r=g","caption":"moacir"},"url":"https:\/\/franciscanos.org.br\/vidacrista\/author\/moacir\/"}]}},"_links":{"self":[{"href":"https:\/\/franciscanos.org.br\/vidacrista\/wp-json\/wp\/v2\/posts\/191216"}],"collection":[{"href":"https:\/\/franciscanos.org.br\/vidacrista\/wp-json\/wp\/v2\/posts"}],"about":[{"href":"https:\/\/franciscanos.org.br\/vidacrista\/wp-json\/wp\/v2\/types\/post"}],"author":[{"embeddable":true,"href":"https:\/\/franciscanos.org.br\/vidacrista\/wp-json\/wp\/v2\/users\/3"}],"replies":[{"embeddable":true,"href":"https:\/\/franciscanos.org.br\/vidacrista\/wp-json\/wp\/v2\/comments?post=191216"}],"version-history":[{"count":1,"href":"https:\/\/franciscanos.org.br\/vidacrista\/wp-json\/wp\/v2\/posts\/191216\/revisions"}],"predecessor-version":[{"id":191218,"href":"https:\/\/franciscanos.org.br\/vidacrista\/wp-json\/wp\/v2\/posts\/191216\/revisions\/191218"}],"wp:featuredmedia":[{"embeddable":true,"href":"https:\/\/franciscanos.org.br\/vidacrista\/wp-json\/wp\/v2\/media\/191217"}],"wp:attachment":[{"href":"https:\/\/franciscanos.org.br\/vidacrista\/wp-json\/wp\/v2\/media?parent=191216"}],"wp:term":[{"taxonomy":"category","embeddable":true,"href":"https:\/\/franciscanos.org.br\/vidacrista\/wp-json\/wp\/v2\/categories?post=191216"},{"taxonomy":"post_tag","embeddable":true,"href":"https:\/\/franciscanos.org.br\/vidacrista\/wp-json\/wp\/v2\/tags?post=191216"}],"curies":[{"name":"wp","href":"https:\/\/api.w.org\/{rel}","templated":true}]}}