{"id":191207,"date":"2022-01-05T05:55:51","date_gmt":"2022-01-05T08:55:51","guid":{"rendered":"https:\/\/franciscanos.org.br\/vidacrista\/?p=191207"},"modified":"2022-01-05T05:55:51","modified_gmt":"2022-01-05T08:55:51","slug":"mensageiros-da-paz","status":"publish","type":"post","link":"https:\/\/franciscanos.org.br\/vidacrista\/mensageiros-da-paz\/","title":{"rendered":"Mensageiros da paz"},"content":{"rendered":"<div id=\"attachment_191208\" style=\"width: 850px\" class=\"wp-caption alignnone\"><img aria-describedby=\"caption-attachment-191208\" decoding=\"async\" loading=\"lazy\" class=\"wp-image-191208 size-full\" src=\"https:\/\/franciscanos.org.br\/vidacrista\/wp-content\/uploads\/2022\/01\/artigo_0501.png\" alt=\"\" width=\"840\" height=\"450\" srcset=\"https:\/\/franciscanos.org.br\/vidacrista\/wp-content\/uploads\/2022\/01\/artigo_0501.png 840w, https:\/\/franciscanos.org.br\/vidacrista\/wp-content\/uploads\/2022\/01\/artigo_0501-450x241.png 450w, https:\/\/franciscanos.org.br\/vidacrista\/wp-content\/uploads\/2022\/01\/artigo_0501-768x411.png 768w, https:\/\/franciscanos.org.br\/vidacrista\/wp-content\/uploads\/2022\/01\/artigo_0501-150x80.png 150w\" sizes=\"(max-width: 840px) 100vw, 840px\" \/><p id=\"caption-attachment-191208\" class=\"wp-caption-text\">\u00a0 \u00a0 \u00a0 \u00a0 \u00a0 \u00a0 \u00a0 \u00a0 \u00a0 \u00a0 \u00a0 \u00a0 \u00a0 \u00a0 \u00a0 \u00a0 \u00a0 \u00a0 \u00a0 \u00a0 \u00a0 \u00a0 \u00a0 \u00a0 \u00a0 \u00a0 \u00a0 \u00a0 \u00a0 \u00a0 \u00a0 <em>\u00a0 \u00a0 \u00a0 \u00a0 \u00a0 \u00a0 Imagem ilustrativa: Canva (<a href=\"https:\/\/www.canva.com\/pt_br\/modelos\/\">www.canva.com\/pt_br\/modelos<\/a>)<\/em><\/p><\/div>\n<p><strong>Dom Walmor Oliveira de Azevedo<\/strong><\/p>\n<p>Os votos de um ano novo aben\u00e7oado precisam estar vinculados ao compromisso de ser mensageiro da paz. E para bem assumir essa tarefa, \u00e9 preciso cuidar da pr\u00f3pria interioridade, pois o cora\u00e7\u00e3o humano \u00e9 construtor da paz, com reflexos nas din\u00e2micas familiares, institucionais e sociais. Por isso mesmo, na abertura de um ciclo novo, no in\u00edcio do ano civil, deve-se cuidar do tecido interior, muitas vezes contaminado pela indiferen\u00e7a, \u00f3dio e insensibilidade, que destroem o sonho da paz. Esse sonho n\u00e3o se realiza pela influ\u00eancia das cores das roupas, nem por barulhos, fogos de artif\u00edcios, excessos de comida e bebida. \u00c9 a interioridade de cada pessoa que tem for\u00e7a para impulsionar o nascimento de um tempo esperado por muitos.<\/p>\n<p>Conv\u00e9m, pois, emoldurar a festa da chegada do novo ano com o sil\u00eancio da ora\u00e7\u00e3o, eivado por especial gratid\u00e3o pelo dom da vida, dedicando particular rever\u00eancia aos que j\u00e1 partiram. O novo ano necessita, particularmente, do compromisso, de todos, com a (re)constru\u00e7\u00e3o da sociedade, desfigurada por vergonhosas desigualdades sociais, pela fome que sacrifica tantas pessoas. Compreende-se, pois, que o grande projeto da constru\u00e7\u00e3o da paz \u00e9 muito mais do que simplesmente buscar por quietude, ou quietudes \u2013 n\u00e3o raramente sustentadas pelas comodidades e garantias alcan\u00e7adas de modo ego\u00edsta. Ao inv\u00e9s disso, urge a consci\u00eancia individual e comunit\u00e1ria dos que buscam ser mensageiros da paz.<\/p>\n<p>Tornar-se mensageiro da paz deve ser projeto de vida pessoal, sustentando articula\u00e7\u00f5es sociais e pol\u00edticas para que a sociedade alcance rumos novos, a partir de escolhas acertadas em 2022. Para recuperar o que foi perdido, recompor aquilo que foi destru\u00eddo, com consequ\u00eancias agravadas pela pandemia, por inabilidades governamentais e pelo inadequado exerc\u00edcio da cidadania \u00e9 preciso intelig\u00eancia, com o aprendizado de li\u00e7\u00f5es muitas vezes decorrentes do sofrimento. Pode-se, deste modo, reconhecer, na exemplaridade dos gestos solid\u00e1rios, uma alavanca para o desenvolvimento integral. Um prop\u00f3sito que demanda investimento na interioridade humana. Nesse sentido, a f\u00e9 crist\u00e3 indica pr\u00e1ticas muito pertinentes, ensinando: o cora\u00e7\u00e3o n\u00e3o pode ser hospedagem de sentimentos que abrem portas para fracassos e at\u00e9 mesmo para ilus\u00f3rios progressos \u2013 aqueles que s\u00e3o incontestavelmente frutos de preju\u00edzos e perversidades.<\/p>\n<p>Os mensageiros da paz est\u00e3o desafiados a rever prop\u00f3sitos e a reconfigurar l\u00f3gicas para promover a justi\u00e7a e a igualdade social, essenciais \u00e0 paz. Uma tarefa que demanda a coragem prof\u00e9tica de redimensionar privil\u00e9gios para corrigir os descompassos de uma sociedade altamente excludente e garantir o respeito \u00e0 vida de todos. Um quadro de prop\u00f3sitos, pequenos e grandes, precisa ser configurado como compromisso cidad\u00e3o e crist\u00e3o, na singularidade da vida de cada pessoa, especialmente ouvindo os clamores dos pobres. Um exerc\u00edcio oportuno para a passagem de ano, que pode efetivar corre\u00e7\u00f5es, escolhas mais adequadas e o amadurecimento pessoal, com desdobramentos para a vida social.<\/p>\n<p>Na lista de prop\u00f3sitos para o novo ano, inclua-se, de modo inegoci\u00e1vel, o compromisso de trabalhar pelo di\u00e1logo, convoca\u00e7\u00e3o do Papa Francisco, na sua mensagem para o Dia Mundial da Paz, 1\u00ba de janeiro de 2022. O Papa Francisco cita o profeta Isa\u00edas, quando exalta os formosos p\u00e9s do mensageiro que anuncia a paz, manifestando consola\u00e7\u00e3o e al\u00edvio para um povo extenuado pelas viol\u00eancias e abusos, exposto \u00e0 inf\u00e2mia e \u00e0 morte. \u00c9 indispens\u00e1vel e inadi\u00e1vel investir em di\u00e1logos construtivos, mesmo entremeados pela desola\u00e7\u00e3o dos confrontos entre na\u00e7\u00f5es. Promover di\u00e1logos entre segmentos sociais e pol\u00edticos, superando manipula\u00e7\u00f5es interesseiras que prejudicam principalmente os pobres e o bem comum para satisfazer interesses ego\u00edstas de um modelo econ\u00f4mico na contram\u00e3o da partilha solid\u00e1ria.<\/p>\n<p>Urge-se a habilidade para edificar mais frentes de di\u00e1logo, que n\u00e3o pode ser confundido com \u201cconversa fiada\u201d ou repeti\u00e7\u00f5es demag\u00f3gicas, comprova\u00e7\u00e3o da esterilidade de discursos. A indica\u00e7\u00e3o do Papa Francisco \u00e9 preciosa ao lembrar que, em cada \u00e9poca, a paz \u00e9 conjuntamente d\u00e1diva do Alto e fruto de uma dedica\u00e7\u00e3o partilhada por todos aqueles que constroem a sociedade: institui\u00e7\u00f5es e particularmente cidad\u00e3os, que podem edificar um mundo mais pac\u00edfico a partir do seu pr\u00f3prio cora\u00e7\u00e3o e de suas fam\u00edlias, com incid\u00eancias no campo social, ambiental, nas rela\u00e7\u00f5es entre povos e estados. Nesta passagem de ano, seja, pois, especialmente acolhida esta convoca\u00e7\u00e3o: a partir da sincera escuta dos clamores dos pobres, todos procurem se tornar mensageiros da paz.<\/p>\n<hr \/>\n<p><strong>Dom Walmor Oliveira de Azevedo<\/strong> <em>\u00e9 Arcebispo de Belo Horizonte (MG) e presidente da Confer\u00eancia Nacional dos Bispos do Brasil (CNBB).<\/em><\/p>\n","protected":false},"excerpt":{"rendered":"<p>Artigo de Dom Walmor Oliveira de Azevedo <\/p>\n","protected":false},"author":3,"featured_media":191208,"comment_status":"open","ping_status":"open","sticky":false,"template":"","format":"standard","meta":{"footnotes":""},"categories":[26],"tags":[271],"yoast_head":"<!-- This site is optimized with the Yoast SEO plugin v19.4 - https:\/\/yoast.com\/wordpress\/plugins\/seo\/ -->\n<title>Mensageiros da paz - Vida Crist\u00e3 - Franciscanos<\/title>\n<meta name=\"robots\" content=\"index, follow, max-snippet:-1, max-image-preview:large, max-video-preview:-1\" \/>\n<link rel=\"canonical\" href=\"https:\/\/franciscanos.org.br\/vidacrista\/mensageiros-da-paz\/\" \/>\n<meta property=\"og:locale\" content=\"pt_BR\" \/>\n<meta property=\"og:type\" content=\"article\" \/>\n<meta property=\"og:title\" content=\"Mensageiros da paz - Vida Crist\u00e3 - Franciscanos\" \/>\n<meta property=\"og:description\" content=\"Artigo de Dom Walmor Oliveira de Azevedo\" \/>\n<meta property=\"og:url\" content=\"https:\/\/franciscanos.org.br\/vidacrista\/mensageiros-da-paz\/\" \/>\n<meta property=\"og:site_name\" content=\"Vida Crist\u00e3 - Franciscanos\" \/>\n<meta property=\"article:published_time\" content=\"2022-01-05T08:55:51+00:00\" \/>\n<meta property=\"og:image\" content=\"https:\/\/franciscanos.org.br\/vidacrista\/wp-content\/uploads\/2022\/01\/artigo_0501.png\" \/>\n\t<meta property=\"og:image:width\" content=\"840\" \/>\n\t<meta property=\"og:image:height\" content=\"450\" \/>\n\t<meta property=\"og:image:type\" content=\"image\/png\" \/>\n<meta name=\"author\" content=\"moacir\" \/>\n<meta name=\"twitter:card\" content=\"summary_large_image\" \/>\n<meta name=\"twitter:label1\" content=\"Escrito por\" \/>\n\t<meta name=\"twitter:data1\" content=\"moacir\" \/>\n\t<meta name=\"twitter:label2\" content=\"Est. tempo de leitura\" \/>\n\t<meta name=\"twitter:data2\" content=\"4 minutos\" \/>\n<script type=\"application\/ld+json\" class=\"yoast-schema-graph\">{\"@context\":\"https:\/\/schema.org\",\"@graph\":[{\"@type\":\"WebSite\",\"@id\":\"https:\/\/franciscanos.org.br\/vidacrista\/#website\",\"url\":\"https:\/\/franciscanos.org.br\/vidacrista\/\",\"name\":\"Vida Crist\u00e3 - Franciscanos\",\"description\":\"Prov\u00edncia Franciscana da Imaculada Concei\u00e7\u00e3o do Brasil - Ordem dos Frades Menores\",\"potentialAction\":[{\"@type\":\"SearchAction\",\"target\":{\"@type\":\"EntryPoint\",\"urlTemplate\":\"https:\/\/franciscanos.org.br\/vidacrista\/?s={search_term_string}\"},\"query-input\":\"required name=search_term_string\"}],\"inLanguage\":\"pt-BR\"},{\"@type\":\"WebPage\",\"@id\":\"https:\/\/franciscanos.org.br\/vidacrista\/mensageiros-da-paz\/\",\"url\":\"https:\/\/franciscanos.org.br\/vidacrista\/mensageiros-da-paz\/\",\"name\":\"Mensageiros da paz - Vida Crist\u00e3 - Franciscanos\",\"isPartOf\":{\"@id\":\"https:\/\/franciscanos.org.br\/vidacrista\/#website\"},\"datePublished\":\"2022-01-05T08:55:51+00:00\",\"dateModified\":\"2022-01-05T08:55:51+00:00\",\"author\":{\"@id\":\"https:\/\/franciscanos.org.br\/vidacrista\/#\/schema\/person\/1880bdd2c350b735648725ef7614736a\"},\"breadcrumb\":{\"@id\":\"https:\/\/franciscanos.org.br\/vidacrista\/mensageiros-da-paz\/#breadcrumb\"},\"inLanguage\":\"pt-BR\",\"potentialAction\":[{\"@type\":\"ReadAction\",\"target\":[\"https:\/\/franciscanos.org.br\/vidacrista\/mensageiros-da-paz\/\"]}]},{\"@type\":\"BreadcrumbList\",\"@id\":\"https:\/\/franciscanos.org.br\/vidacrista\/mensageiros-da-paz\/#breadcrumb\",\"itemListElement\":[{\"@type\":\"ListItem\",\"position\":1,\"name\":\"Home\",\"item\":\"https:\/\/franciscanos.org.br\/vidacrista\/\"},{\"@type\":\"ListItem\",\"position\":2,\"name\":\"Mensageiros da paz\"}]},{\"@type\":\"Person\",\"@id\":\"https:\/\/franciscanos.org.br\/vidacrista\/#\/schema\/person\/1880bdd2c350b735648725ef7614736a\",\"name\":\"moacir\",\"image\":{\"@type\":\"ImageObject\",\"inLanguage\":\"pt-BR\",\"@id\":\"https:\/\/franciscanos.org.br\/vidacrista\/#\/schema\/person\/image\/\",\"url\":\"https:\/\/secure.gravatar.com\/avatar\/d08aa2ce4c8dd416d4479aa8536fcf64?s=96&d=mm&r=g\",\"contentUrl\":\"https:\/\/secure.gravatar.com\/avatar\/d08aa2ce4c8dd416d4479aa8536fcf64?s=96&d=mm&r=g\",\"caption\":\"moacir\"},\"url\":\"https:\/\/franciscanos.org.br\/vidacrista\/author\/moacir\/\"}]}<\/script>\n<!-- \/ Yoast SEO plugin. -->","yoast_head_json":{"title":"Mensageiros da paz - Vida Crist\u00e3 - Franciscanos","robots":{"index":"index","follow":"follow","max-snippet":"max-snippet:-1","max-image-preview":"max-image-preview:large","max-video-preview":"max-video-preview:-1"},"canonical":"https:\/\/franciscanos.org.br\/vidacrista\/mensageiros-da-paz\/","og_locale":"pt_BR","og_type":"article","og_title":"Mensageiros da paz - Vida Crist\u00e3 - Franciscanos","og_description":"Artigo de Dom Walmor Oliveira de Azevedo","og_url":"https:\/\/franciscanos.org.br\/vidacrista\/mensageiros-da-paz\/","og_site_name":"Vida Crist\u00e3 - Franciscanos","article_published_time":"2022-01-05T08:55:51+00:00","og_image":[{"width":840,"height":450,"url":"https:\/\/franciscanos.org.br\/vidacrista\/wp-content\/uploads\/2022\/01\/artigo_0501.png","type":"image\/png"}],"author":"moacir","twitter_card":"summary_large_image","twitter_misc":{"Escrito por":"moacir","Est. tempo de leitura":"4 minutos"},"schema":{"@context":"https:\/\/schema.org","@graph":[{"@type":"WebSite","@id":"https:\/\/franciscanos.org.br\/vidacrista\/#website","url":"https:\/\/franciscanos.org.br\/vidacrista\/","name":"Vida Crist\u00e3 - Franciscanos","description":"Prov\u00edncia Franciscana da Imaculada Concei\u00e7\u00e3o do Brasil - Ordem dos Frades Menores","potentialAction":[{"@type":"SearchAction","target":{"@type":"EntryPoint","urlTemplate":"https:\/\/franciscanos.org.br\/vidacrista\/?s={search_term_string}"},"query-input":"required name=search_term_string"}],"inLanguage":"pt-BR"},{"@type":"WebPage","@id":"https:\/\/franciscanos.org.br\/vidacrista\/mensageiros-da-paz\/","url":"https:\/\/franciscanos.org.br\/vidacrista\/mensageiros-da-paz\/","name":"Mensageiros da paz - Vida Crist\u00e3 - Franciscanos","isPartOf":{"@id":"https:\/\/franciscanos.org.br\/vidacrista\/#website"},"datePublished":"2022-01-05T08:55:51+00:00","dateModified":"2022-01-05T08:55:51+00:00","author":{"@id":"https:\/\/franciscanos.org.br\/vidacrista\/#\/schema\/person\/1880bdd2c350b735648725ef7614736a"},"breadcrumb":{"@id":"https:\/\/franciscanos.org.br\/vidacrista\/mensageiros-da-paz\/#breadcrumb"},"inLanguage":"pt-BR","potentialAction":[{"@type":"ReadAction","target":["https:\/\/franciscanos.org.br\/vidacrista\/mensageiros-da-paz\/"]}]},{"@type":"BreadcrumbList","@id":"https:\/\/franciscanos.org.br\/vidacrista\/mensageiros-da-paz\/#breadcrumb","itemListElement":[{"@type":"ListItem","position":1,"name":"Home","item":"https:\/\/franciscanos.org.br\/vidacrista\/"},{"@type":"ListItem","position":2,"name":"Mensageiros da paz"}]},{"@type":"Person","@id":"https:\/\/franciscanos.org.br\/vidacrista\/#\/schema\/person\/1880bdd2c350b735648725ef7614736a","name":"moacir","image":{"@type":"ImageObject","inLanguage":"pt-BR","@id":"https:\/\/franciscanos.org.br\/vidacrista\/#\/schema\/person\/image\/","url":"https:\/\/secure.gravatar.com\/avatar\/d08aa2ce4c8dd416d4479aa8536fcf64?s=96&d=mm&r=g","contentUrl":"https:\/\/secure.gravatar.com\/avatar\/d08aa2ce4c8dd416d4479aa8536fcf64?s=96&d=mm&r=g","caption":"moacir"},"url":"https:\/\/franciscanos.org.br\/vidacrista\/author\/moacir\/"}]}},"_links":{"self":[{"href":"https:\/\/franciscanos.org.br\/vidacrista\/wp-json\/wp\/v2\/posts\/191207"}],"collection":[{"href":"https:\/\/franciscanos.org.br\/vidacrista\/wp-json\/wp\/v2\/posts"}],"about":[{"href":"https:\/\/franciscanos.org.br\/vidacrista\/wp-json\/wp\/v2\/types\/post"}],"author":[{"embeddable":true,"href":"https:\/\/franciscanos.org.br\/vidacrista\/wp-json\/wp\/v2\/users\/3"}],"replies":[{"embeddable":true,"href":"https:\/\/franciscanos.org.br\/vidacrista\/wp-json\/wp\/v2\/comments?post=191207"}],"version-history":[{"count":1,"href":"https:\/\/franciscanos.org.br\/vidacrista\/wp-json\/wp\/v2\/posts\/191207\/revisions"}],"predecessor-version":[{"id":191209,"href":"https:\/\/franciscanos.org.br\/vidacrista\/wp-json\/wp\/v2\/posts\/191207\/revisions\/191209"}],"wp:featuredmedia":[{"embeddable":true,"href":"https:\/\/franciscanos.org.br\/vidacrista\/wp-json\/wp\/v2\/media\/191208"}],"wp:attachment":[{"href":"https:\/\/franciscanos.org.br\/vidacrista\/wp-json\/wp\/v2\/media?parent=191207"}],"wp:term":[{"taxonomy":"category","embeddable":true,"href":"https:\/\/franciscanos.org.br\/vidacrista\/wp-json\/wp\/v2\/categories?post=191207"},{"taxonomy":"post_tag","embeddable":true,"href":"https:\/\/franciscanos.org.br\/vidacrista\/wp-json\/wp\/v2\/tags?post=191207"}],"curies":[{"name":"wp","href":"https:\/\/api.w.org\/{rel}","templated":true}]}}