{"id":191126,"date":"2021-12-26T22:47:07","date_gmt":"2021-12-27T01:47:07","guid":{"rendered":"https:\/\/franciscanos.org.br\/vidacrista\/?p=191126"},"modified":"2021-12-26T22:47:49","modified_gmt":"2021-12-27T01:47:49","slug":"carta-do-santo-padre-francisco-aos-esposos-por-ocasiao-do-ano-familia-amoris-laetitia","status":"publish","type":"post","link":"https:\/\/franciscanos.org.br\/vidacrista\/carta-do-santo-padre-francisco-aos-esposos-por-ocasiao-do-ano-familia-amoris-laetitia\/","title":{"rendered":"Carta do Santo Padre Francisco aos esposos por ocasi\u00e3o do Ano &#8220;Fam\u00edlia Amoris Laetitia&#8221;"},"content":{"rendered":"<div class=\"testo\">\n<div class=\"abstract text parbase vaticanrichtext\">\n<div class=\"clearfix\">\n<div id=\"attachment_191127\" style=\"width: 850px\" class=\"wp-caption alignnone\"><img aria-describedby=\"caption-attachment-191127\" decoding=\"async\" loading=\"lazy\" class=\"wp-image-191127 size-full\" src=\"https:\/\/franciscanos.org.br\/vidacrista\/wp-content\/uploads\/2021\/12\/amoris_laetitia_2712.jpg\" alt=\"\" width=\"840\" height=\"450\" srcset=\"https:\/\/franciscanos.org.br\/vidacrista\/wp-content\/uploads\/2021\/12\/amoris_laetitia_2712.jpg 840w, https:\/\/franciscanos.org.br\/vidacrista\/wp-content\/uploads\/2021\/12\/amoris_laetitia_2712-450x241.jpg 450w, https:\/\/franciscanos.org.br\/vidacrista\/wp-content\/uploads\/2021\/12\/amoris_laetitia_2712-768x411.jpg 768w, https:\/\/franciscanos.org.br\/vidacrista\/wp-content\/uploads\/2021\/12\/amoris_laetitia_2712-150x80.jpg 150w\" sizes=\"(max-width: 840px) 100vw, 840px\" \/><p id=\"caption-attachment-191127\" class=\"wp-caption-text\"><em>\u00a0 \u00a0 \u00a0 \u00a0 \u00a0 \u00a0 \u00a0 \u00a0 \u00a0 \u00a0 \u00a0 \u00a0 \u00a0 \u00a0 \u00a0 \u00a0 \u00a0 \u00a0 \u00a0 \u00a0 \u00a0 \u00a0 \u00a0 \u00a0 \u00a0 \u00a0 \u00a0 \u00a0 \u00a0 \u00a0 \u00a0 \u00a0 \u00a0 \u00a0 \u00a0 \u00a0 Imagem ilustrativa: Canva (<a href=\"https:\/\/www.canva.com\/pt_br\/modelos\/\">www.canva.com\/pt_br\/modelos<\/a>)<\/em><\/p><\/div>\n<\/div>\n<\/div>\n<div class=\"text parbase vaticanrichtext\">\n<p><i>Queridos maridos e esposas do mundo inteiro!<\/i><\/p>\n<p>Por ocasi\u00e3o do Ano \u00abFam\u00edlia\u00a0<i>Amoris l\u00e6titia<\/i>\u00bb, dirijo-me a v\u00f3s para vos manifestar a minha estima e proximidade neste tempo t\u00e3o especial que estamos a viver. Sempre tive presente as fam\u00edlias nas minhas ora\u00e7\u00f5es, mas mais ainda durante a pandemia que colocou todos duramente \u00e0 prova, sobretudo os mais vulner\u00e1veis. O momento que estamos a atravessar leva-me a aproximar, com humildade, estima e compreens\u00e3o, de toda a pessoa, casal e fam\u00edlia na sua situa\u00e7\u00e3o concreta.<\/p>\n<p>Este contexto particular convida-nos a viver as palavras com que o Senhor chama Abra\u00e3o para partir da sua terra e da casa do seu pai rumo a uma terra\u00a0<i>desconhecida<\/i>\u00a0que Ele pr\u00f3prio lhe indicar\u00e1 (cf.\u00a0<i>Gn\u00a0<\/i>12, 1). Tamb\u00e9m n\u00f3s vivemos enormemente a incerteza, a solid\u00e3o, a perda de entes queridos e fomos impelidos a sair das nossas seguran\u00e7as, dos nossos espa\u00e7os de \u00abcontrole\u00bb, da nossa forma de fazer as coisas, das nossas ambi\u00e7\u00f5es, para nos interessarmos n\u00e3o apenas pelo bem da nossa fam\u00edlia, mas tamb\u00e9m pelo da sociedade, que depende igualmente do nosso comportamento pessoal.<\/p>\n<p>A rela\u00e7\u00e3o com Deus molda-nos, acompanha-nos e coloca-nos em movimento como pessoas e, em \u00faltima inst\u00e2ncia, ajuda-nos a \u00absair da nossa terra\u00bb, em muitos casos com um certo receio e at\u00e9 medo do desconhecido, mas sabemos, pela nossa f\u00e9 crist\u00e3, que n\u00e3o estamos sozinhos porque Deus est\u00e1 em n\u00f3s, connosco e no meio de n\u00f3s: na fam\u00edlia, na vizinhan\u00e7a, no local de trabalho ou de estudo, na cidade onde habitamos.<\/p>\n<p>\u00c0 semelhan\u00e7a de Abra\u00e3o, cada um dos esposos sai da sua terra desde o momento em que, tendo ouvido a chamada ao amor conjugal, decide dar-se ao outro sem reservas. Assim, o noivado j\u00e1 implica a sa\u00edda da pr\u00f3pria terra, porque exige percorrer juntos o caminho que conduz ao casamento. As diferentes situa\u00e7\u00f5es da vida \u2013 a idade que vai passando, a chegada dos filhos, o trabalho, as doen\u00e7as \u2013 s\u00e3o circunst\u00e2ncias em que o compromisso mutuamente assumido obriga cada um a abandonar a pr\u00f3pria in\u00e9rcia, as certezas, os espa\u00e7os de tranquilidade para sair rumo \u00e0 terra que Deus promete: ser dois em Cristo,\u00a0<i>dois num s\u00f3<\/i>, formando uma \u00fanica vida, um \u00abn\u00f3s\u00bb na comunh\u00e3o de amor com Jesus, vivo e presente em cada momento da vossa exist\u00eancia. Deus acompanha-vos, ama-vos incondicionalmente. N\u00e3o estais sozinhos!<\/p>\n<p>Queridos esposos, sabei que os vossos filhos \u2013 especialmente os mais novos\u2013 vos observam com aten\u00e7\u00e3o e procuram em v\u00f3s o testemunho dum amor forte e fidedigno. \u00abComo \u00e9 importante, para os jovens, ver com os pr\u00f3prios olhos o amor de Cristo vivo e presente no amor dos esposos, que testemunham com a sua vida concreta que o amor para sempre \u00e9 poss\u00edvel\u00bb\u00a0<a class=\" cleaner\" href=\"https:\/\/www.vatican.va\/content\/francesco\/pt\/letters\/2021\/documents\/20211226-lettera-sposi-anno-famiglia-amorislaetitia.html#_ftn1\" name=\"_ftnref1\">[1]<\/a>. Os filhos s\u00e3o um dom, sempre; mudam a hist\u00f3ria de cada fam\u00edlia. T\u00eam sede de amor, reconhecimento, estima e confian\u00e7a. A paternidade e a maternidade convidam-vos a ser progenitores para dar aos vossos filhos a alegria de se descobrirem filhos de Deus, filhos dum Pai que os amou ternamente, desde o primeiro instante, e todos os dias os leva pela m\u00e3o. Esta descoberta pode dar aos vossos filhos a f\u00e9 e a capacidade de confiar em Deus.<\/p>\n<p>Claro, educar os filhos n\u00e3o \u00e9 nada f\u00e1cil. Mas n\u00e3o esque\u00e7amos que tamb\u00e9m eles nos educam. O primeiro ambiente educativo continua sempre a ser a fam\u00edlia, nos pequenos gestos que s\u00e3o mais eloquentes do que as palavras. Educar \u00e9, antes de tudo, acompanhar os processos de crescimento, estar presente de v\u00e1rias formas para que os filhos possam contar com os pais em cada momento. O educador \u00e9 uma pessoa que \u00abgera\u00bb em sentido espiritual e sobretudo que \u00abse d\u00e1\u00bb ao colocar-se em rela\u00e7\u00e3o. Como pai e m\u00e3e, \u00e9 importante relacionar-se com os filhos partindo duma autoridade conquistada dia ap\u00f3s dia. Eles precisam duma seguran\u00e7a que os ajude a sentir confian\u00e7a em v\u00f3s, na beleza da vossa vida, na certeza de nunca estarem sozinhos, aconte\u00e7a o que acontecer.<\/p>\n<p>Por outro lado, como tenho j\u00e1 assinalado, cresceu a consci\u00eancia da identidade e miss\u00e3o dos leigos na Igreja e na sociedade. V\u00f3s tendes a miss\u00e3o de transformar a sociedade com a vossa presen\u00e7a no mundo do trabalho e fazer com que as necessidades das fam\u00edlias sejam tidas em conta. Tamb\u00e9m os c\u00f4njuges devem \u201cprimeirear\u201d\u00a0<a class=\" cleaner\" href=\"https:\/\/www.vatican.va\/content\/francesco\/pt\/letters\/2021\/documents\/20211226-lettera-sposi-anno-famiglia-amorislaetitia.html#_ftn2\" name=\"_ftnref2\">[2]<\/a>\u00a0no seio da comunidade paroquial e diocesana com as suas iniciativas e criatividade, buscando a complementaridade dos carismas e das voca\u00e7\u00f5es como express\u00e3o da comunh\u00e3o eclesial, em particular a comunh\u00e3o dos \u00abc\u00f4njuges ao lado de pastores, para caminhar com outras fam\u00edlias, para ajudar os mais fracos, para anunciar que, at\u00e9 nas dificuldades, Cristo Se faz presente\u00bb\u00a0<a class=\" cleaner\" href=\"https:\/\/www.vatican.va\/content\/francesco\/pt\/letters\/2021\/documents\/20211226-lettera-sposi-anno-famiglia-amorislaetitia.html#_ftn3\" name=\"_ftnref3\">[3]<\/a>.<\/p>\n<p>Por isso vos exorto, queridos esposos, a colaborar na Igreja, especialmente na pastoral familiar. Com efeito, \u00aba corresponsabilidade pela miss\u00e3o chama os c\u00f4njuges e os ministros ordenados, especialmente os bispos, a cooperar de forma fecunda no cuidado e na tutela das igrejas dom\u00e9sticas\u00bb\u00a0<a class=\" cleaner\" href=\"https:\/\/www.vatican.va\/content\/francesco\/pt\/letters\/2021\/documents\/20211226-lettera-sposi-anno-famiglia-amorislaetitia.html#_ftn4\" name=\"_ftnref4\">[4]<\/a>. Lembrai-vos que a fam\u00edlia \u00e9 a \u00abc\u00e9lula fundamental da sociedade\u00bb (Francisco, Exort. ap.\u00a0<i><a href=\"https:\/\/www.vatican.va\/content\/francesco\/pt\/apost_exhortations\/documents\/papa-francesco_esortazione-ap_20131124_evangelii-gaudium.html#Alguns_desafios_culturais\">Evangelii gaudium<\/a><\/i>, 66). O casamento \u00e9 realmente um projeto de constru\u00e7\u00e3o da \u00abcultura do encontro\u00bb (Francisco, Carta enc.\u00a0<i><a href=\"https:\/\/www.vatican.va\/content\/francesco\/pt\/encyclicals\/documents\/papa-francesco_20201003_enciclica-fratelli-tutti.html#216\">Fratelli tutti<\/a><\/i>, 216). Por isso, compete \u00e0s fam\u00edlias o desafio de lan\u00e7ar pontes entre as gera\u00e7\u00f5es para a transmiss\u00e3o dos valores que constroem a humanidade. \u00c9 necess\u00e1ria uma nova criatividade para expressar, nos desafios atuais, os valores que nos constituem como povo nas nossas sociedades, e como Povo de Deus na Igreja.<\/p>\n<p>A voca\u00e7\u00e3o ao casamento \u00e9 uma chamada para guiar um barco inst\u00e1vel \u2013 mas seguro, pela realidade do sacramento \u2013 em mar \u00e0s vezes agitado. Quantas vezes tendes vontade de dizer ou, melhor, de gritar como os ap\u00f3stolos: \u00abMestre, n\u00e3o Te importas que pere\u00e7amos?\u00bb (<i>Mc<\/i>\u00a04, 38). N\u00e3o esque\u00e7amos que, gra\u00e7as ao sacramento do Matrim\u00f3nio, Jesus est\u00e1 presente neste barco; olha por v\u00f3s, permanece convosco a todo o momento, no sobe e desce do barco agitado pelas \u00e1guas. Noutra passagem do Evangelho, l\u00ea-se que os disc\u00edpulos, encontrando-se em dificuldade, veem Jesus aproximar-Se no meio da tempestade e acolhem-No no barco; assim tamb\u00e9m v\u00f3s, quando enfurecer a tempestade, deixai Jesus subir para o barco, porque ent\u00e3o, quando \u00absubiu para o barco, para junto deles, o vento amainou\u00bb (<i>Mc<\/i>\u00a06, 51). \u00c9 importante que, juntos, mantenhais o olhar fixo em Jesus. S\u00f3 assim tereis a paz, superareis os conflitos e encontrareis solu\u00e7\u00f5es para muitos dos vossos problemas: n\u00e3o porque estes tenham desaparecido, mas por serdes capazes de os ver doutra perspetiva.<\/p>\n<p>S\u00f3 abandonando-se nas m\u00e3os do Senhor \u00e9 que podereis viver o que parece imposs\u00edvel. O caminho \u00e9 reconhecer a pr\u00f3pria fragilidade e impot\u00eancia que experimentais perante tantas situa\u00e7\u00f5es ao vosso redor, mas ao mesmo tempo ter a certeza de que assim a for\u00e7a de Cristo se manifesta na vossa fraqueza (cf.\u00a0<i>2 Cor<\/i>\u00a012, 9). Foi precisamente no meio duma tempestade que os ap\u00f3stolos chegaram a reconhecer a realeza e divindade de Jesus (cf.\u00a0<i>Mt<\/i>\u00a014, 33) e aprenderam a confiar n\u2019Ele.<\/p>\n<p>\u00c0 luz destas refer\u00eancias b\u00edblicas, quero aproveitar a ocasi\u00e3o para refletir sobre algumas\u00a0<i>dificuldades<\/i>\u00a0e\u00a0<i>oportunidades<\/i>\u00a0que as fam\u00edlias t\u00eam vivido neste tempo de pandemia. Por exemplo, aumentou o tempo para estarem juntos, proporcionando uma oportunidade \u00fanica para cultivar o di\u00e1logo em fam\u00edlia. Obviamente isto requer um exerc\u00edcio especial de paci\u00eancia; n\u00e3o \u00e9 f\u00e1cil estar juntos o dia todo, quando se tem que trabalhar, estudar, divertir-se e descansar na mesma casa. Que o cansa\u00e7o n\u00e3o vos ven\u00e7a; possa a for\u00e7a do amor tornar-vos capazes de vos preocupardes mais com o outro \u2013 o c\u00f4njuge, os filhos \u2013 do que com o pr\u00f3prio cansa\u00e7o. Recordai o que escrevi na Exorta\u00e7\u00e3o\u00a0<i><a href=\"https:\/\/www.vatican.va\/content\/francesco\/pt\/apost_exhortations\/documents\/papa-francesco_esortazione-ap_20160319_amoris-laetitia.html\">Amoris l\u00e6titia<\/a><\/i>\u00a0(cf. nn. 90-119), ao comentar o hino paulino da caridade (cf.\u00a0<i>1 Cor<\/i>\u00a013,<b>\u00a0<\/b>1-13). Pedi, com insist\u00eancia, este dom \u00e0 Sagrada Fam\u00edlia; lede uma vez e outra o elogio da caridade, para que seja ela a inspirar as vossas decis\u00f5es e a\u00e7\u00f5es (cf.\u00a0<i>Rm<\/i>\u00a08, 15;\u00a0<i>Gl<\/i>\u00a04, 6).<\/p>\n<p>Assim, o estar juntos n\u00e3o ser\u00e1 uma penit\u00eancia, mas um ref\u00fagio no meio das tempestades. Que a fam\u00edlia seja um lugar de acolhimento e compreens\u00e3o. Guardai no cora\u00e7\u00e3o o conselho, que dei aos esposos, de usarem estas tr\u00eas palavras: \u00abcom licen\u00e7a, obrigado, desculpa\u00bb\u00a0<a class=\" cleaner\" href=\"https:\/\/www.vatican.va\/content\/francesco\/pt\/letters\/2021\/documents\/20211226-lettera-sposi-anno-famiglia-amorislaetitia.html#_ftn5\" name=\"_ftnref5\">[5]<\/a>. E, se surgir algum conflito, \u00abnunca termineis o dia sem fazer as pazes\u00bb\u00a0<a class=\" cleaner\" href=\"https:\/\/www.vatican.va\/content\/francesco\/pt\/letters\/2021\/documents\/20211226-lettera-sposi-anno-famiglia-amorislaetitia.html#_ftn6\" name=\"_ftnref6\">[6]<\/a>. N\u00e3o vos envergonheis de ajoelhar, juntos, diante de Jesus na Eucaristia para encontrar momentos de paz e um olhar rec\u00edproco feito de ternura e bondade; ou de pegar na m\u00e3o do outro, quando est\u00e1 um pouco zangado, para lhe arrancar a cumplicidade dum sorriso. Fazei, talvez, uma breve ora\u00e7\u00e3o, rezada conjuntamente em voz alta \u00e0 noite antes de adormecerdes com Jesus presente no meio de v\u00f3s.<\/p>\n<p>Entretanto, para alguns casais, a conviv\u00eancia a que foram for\u00e7ados durante a quarentena revelou-se particularmente dif\u00edcil. Os problemas, que j\u00e1 existiam, agravaram-se, gerando conflitos que se tornaram muitas vezes quase insuport\u00e1veis. E v\u00e1rios chegaram at\u00e9 \u00e0 rutura da sua rela\u00e7\u00e3o, sobre a qual gravava uma crise que n\u00e3o souberam ou n\u00e3o puderam superar. A estas pessoas, desejo manifestar-lhes tamb\u00e9m a minha proximidade e afeto.<\/p>\n<p>A rutura duma rela\u00e7\u00e3o conjugal gera muito sofrimento por causa de tantas aspira\u00e7\u00f5es malogradas; a falta de entendimento provoca discuss\u00f5es e feridas que n\u00e3o s\u00e3o f\u00e1ceis de remediar. Nem sequer \u00e9 poss\u00edvel poupar aos filhos a amargura de ver que os seus pais j\u00e1 n\u00e3o est\u00e3o juntos. Mesmo assim, n\u00e3o cesseis de buscar ajuda para que se possa dalguma forma superar os conflitos, a fim de que estes n\u00e3o provoquem ainda mais sofrimento entre v\u00f3s e aos vossos filhos. O Senhor Jesus, na sua infinita miseric\u00f3rdia, inspirar-vos-\u00e1 o modo de avan\u00e7ar no meio de tantas dificuldades e dissabores. N\u00e3o deixeis de O invocar e procurar n\u2019Ele um ref\u00fagio, uma luz para o caminho e, na comunidade, uma \u00abcasa paterna onde h\u00e1 lugar para todos com a sua vida fadigosa\u00bb (Exort. ap.\u00a0<i><a href=\"https:\/\/www.vatican.va\/content\/francesco\/pt\/apost_exhortations\/documents\/papa-francesco_esortazione-ap_20131124_evangelii-gaudium.html#V._Uma_m%C3%A3e_de_cora%C3%A7%C3%A3o_aberto\">Evangelii gaudium<\/a><\/i>, 47).<\/p>\n<p>N\u00e3o esque\u00e7ais que o perd\u00e3o cura todas as feridas. O perd\u00e3o m\u00fatuo \u00e9 o resultado duma decis\u00e3o interior que amadurece na ora\u00e7\u00e3o, na rela\u00e7\u00e3o com Deus, como um dom que brota da gra\u00e7a com que Cristo cumula o casal quando os dois se voltam para Ele e O deixam agir. Cristo \u00abhabita\u00bb no vosso casamento e espera que Lhe abrais os vossos cora\u00e7\u00f5es, para vos apoiar com a for\u00e7a do seu amor, como aos disc\u00edpulos no barco. O nosso amor humano \u00e9 fr\u00e1gil, precisa da for\u00e7a do amor fiel de Jesus. Com Ele, podeis verdadeiramente construir a \u00abcasa sobre a rocha\u00bb (<i>Mt<\/i>\u00a07, 24).<\/p>\n<p>A prop\u00f3sito, permiti que dirija uma palavra aos jovens que se preparam para o casamento. Se antes da pandemia j\u00e1 era complicado, para os noivos, projetar um futuro pela dificuldade de encontrar um emprego est\u00e1vel, agora aumenta ainda mais a incerteza laboral. Apesar disso convido os noivos a n\u00e3o desanimarem, a terem a \u00abcoragem criativa\u00bb que teve S\u00e3o Jos\u00e9, cuja mem\u00f3ria quis honrar neste Ano a ele dedicado. Assim tamb\u00e9m v\u00f3s, quando vos virdes com poucos meios para enfrentar o caminho do casamento, mantende viva confian\u00e7a na Provid\u00eancia divina, porque, \u00ab\u00e0s vezes, s\u00e3o precisamente as dificuldades que fazem sair de cada um de n\u00f3s recursos que nem pens\u00e1vamos ter\u00bb (Francisco, Carta ap.\u00a0<i><a href=\"https:\/\/www.vatican.va\/content\/francesco\/pt\/apost_letters\/documents\/papa-francesco-lettera-ap_20201208_patris-corde.html\">Patris corde<\/a><\/i>, 5). N\u00e3o hesiteis em procurar apoio nas vossas fam\u00edlias e nas vossas amizades, na comunidade eclesial, na par\u00f3quia, para viverdes a futura vida conjugal e familiar, aprendendo de quantos j\u00e1 passaram pelo caminho que estais a come\u00e7ar.<\/p>\n<p>Antes de concluir, desejo enviar uma sauda\u00e7\u00e3o especial aos av\u00f4s e \u00e0s av\u00f3s que se viram impossibilitados, durante o per\u00edodo de isolamento, de ver os netos e estar com eles, \u00e0s pessoas idosas que sofreram de maneira ainda mais dura a solid\u00e3o. A fam\u00edlia n\u00e3o pode prescindir dos av\u00f3s, pois s\u00e3o a mem\u00f3ria viva da humanidade; \u00abesta mem\u00f3ria pode ajudar a construir um mundo mais humano, mais acolhedor\u00bb\u00a0<a class=\" cleaner\" href=\"https:\/\/www.vatican.va\/content\/francesco\/pt\/letters\/2021\/documents\/20211226-lettera-sposi-anno-famiglia-amorislaetitia.html#_ftn7\" name=\"_ftnref7\">[7]<\/a>.<\/p>\n<p>S\u00e3o Jos\u00e9 inspire a todas as fam\u00edlias a coragem criativa, t\u00e3o necess\u00e1ria nesta mudan\u00e7a de \u00e9poca que estamos a viver, e Nossa Senhora acompanhe na vossa vida conjugal a gesta\u00e7\u00e3o da cultura do encontro, t\u00e3o urgente para superar as adversidades e os contrastes que obscurecem o nosso tempo. Os numerosos desafios n\u00e3o podem roubar a alegria a quantos sabem que est\u00e3o a caminhar com o Senhor. Vivei intensamente a vossa voca\u00e7\u00e3o. N\u00e3o deixeis ensombrar os vossos rostos com uma fisionomia triste; o vosso marido ou a vossa esposa tem necessidade do vosso sorriso; os vossos filhos precisam de olhares dos pais que os encorajem. Os pastores e as outras fam\u00edlias necessitam da vossa presen\u00e7a e da vossa alegria \u2013 a alegria que vem do Senhor!<\/p>\n<p>Com afeto, vos sa\u00fado, exortando-vos a prosseguir na viv\u00eancia da miss\u00e3o que Jesus nos confiou, perseverando na ora\u00e7\u00e3o e na \u00abfra\u00e7\u00e3o do p\u00e3o\u00bb (<i>At<\/i>\u00a02, 42). E, por favor, n\u00e3o vos esque\u00e7ais de rezar por mim; todos os dias, o fa\u00e7o por v\u00f3s.<\/p>\n<p>Fraternamente,<\/p>\n<p><b>Francisco<\/b><\/p>\n<p>Roma, S\u00e3o Jo\u00e3o de Latr\u00e3o, na Festa da Sagrada Fam\u00edlia, 26 de dezembro de 2021.<\/p>\n<hr align=\"left\" size=\"1\" width=\"33%\" \/>\n<p><a class=\" cleaner\" href=\"https:\/\/www.vatican.va\/content\/francesco\/pt\/letters\/2021\/documents\/20211226-lettera-sposi-anno-famiglia-amorislaetitia.html#_ftnref1\" name=\"_ftn1\">[1]<\/a>\u00a0\u00a0<a href=\"https:\/\/www.vatican.va\/content\/francesco\/pt\/messages\/pont-messages\/2021\/documents\/videomessaggio-forum-amorislaetitia-20210609.html\"><i>Mensagem-v\u00eddeo aos participantes no F\u00f3rum \u00abA que ponto estamos com a aplica\u00e7\u00e3o da<\/i>\u00a0Amoris l\u00e6titia\u00bb<\/a>\u00a0(09\/VI\/2021).<\/p>\n<p><a class=\" cleaner\" href=\"https:\/\/www.vatican.va\/content\/francesco\/pt\/letters\/2021\/documents\/20211226-lettera-sposi-anno-famiglia-amorislaetitia.html#_ftnref2\" name=\"_ftn2\">[2]<\/a>\u00a0Cf. Exort. ap.\u00a0<i><a href=\"https:\/\/www.vatican.va\/content\/francesco\/pt\/apost_exhortations\/documents\/papa-francesco_esortazione-ap_20131124_evangelii-gaudium.html#%C2%ABPrimeirear%C2%BB,_envolver-se,_acompanhar,_frutificar_e_festejar\">Evangelii gaudium<\/a><\/i>, 24.<\/p>\n<p><a class=\" cleaner\" href=\"https:\/\/www.vatican.va\/content\/francesco\/pt\/letters\/2021\/documents\/20211226-lettera-sposi-anno-famiglia-amorislaetitia.html#_ftnref3\" name=\"_ftn3\">[3]<\/a>\u00a0\u00a0<a href=\"https:\/\/www.vatican.va\/content\/francesco\/pt\/messages\/pont-messages\/2021\/documents\/videomessaggio-forum-amorislaetitia-20210609.html\"><i>Mensagem-v\u00eddeo aos participantes no F\u00f3rum \u00abA que ponto estamos com a aplica\u00e7\u00e3o da<\/i>\u00a0Amoris l\u00e6titia\u00bb<\/a>\u00a0(09\/VI\/2021).<\/p>\n<p><a class=\" cleaner\" href=\"https:\/\/www.vatican.va\/content\/francesco\/pt\/letters\/2021\/documents\/20211226-lettera-sposi-anno-famiglia-amorislaetitia.html#_ftnref4\" name=\"_ftn4\">[4]<\/a>\u00a0<i><a href=\"https:\/\/www.vatican.va\/content\/francesco\/pt\/messages\/pont-messages\/2021\/documents\/videomessaggio-forum-amorislaetitia-20210609.html\">Ibidem<\/a><\/i>.<\/p>\n<p><a class=\" cleaner\" href=\"https:\/\/www.vatican.va\/content\/francesco\/pt\/letters\/2021\/documents\/20211226-lettera-sposi-anno-famiglia-amorislaetitia.html#_ftnref5\" name=\"_ftn5\">[5]<\/a>\u00a0<i><a href=\"https:\/\/www.vatican.va\/content\/francesco\/pt\/speeches\/2013\/october\/documents\/papa-francesco_20131026_pellegrinaggio-famiglie.html\">Discurso \u00e0s fam\u00edlias do mundo inteiro por ocasi\u00e3o da sua peregrina\u00e7\u00e3o a Roma no Ano da F\u00e9<\/a><\/i>\u00a0(26\/X\/2013); cf. Idem,Exort. ap. p\u00f3s-sinodal\u00a0<i><a href=\"https:\/\/www.vatican.va\/content\/francesco\/pt\/apost_exhortations\/documents\/papa-francesco_esortazione-ap_20160319_amoris-laetitia.html\">Amoris l\u00e6titia<\/a><\/i>, 133.<\/p>\n<p><a class=\" cleaner\" href=\"https:\/\/www.vatican.va\/content\/francesco\/pt\/letters\/2021\/documents\/20211226-lettera-sposi-anno-famiglia-amorislaetitia.html#_ftnref6\" name=\"_ftn6\">[6]<\/a>\u00a0<i><a href=\"https:\/\/www.vatican.va\/content\/francesco\/pt\/audiences\/2015\/documents\/papa-francesco_20150513_udienza-generale.html\">Catequese<\/a><\/i>\u00a0no dia 13\/V\/2015; cf. Exort. ap. p\u00f3s-sinodal\u00a0<i><a href=\"https:\/\/www.vatican.va\/content\/francesco\/pt\/apost_exhortations\/documents\/papa-francesco_esortazione-ap_20160319_amoris-laetitia.html\">Amoris l\u00e6titia<\/a><\/i>, 104.<\/p>\n<p><a class=\" cleaner\" href=\"https:\/\/www.vatican.va\/content\/francesco\/pt\/letters\/2021\/documents\/20211226-lettera-sposi-anno-famiglia-amorislaetitia.html#_ftnref7\" name=\"_ftn7\">[7]<\/a>\u00a0<i><a href=\"https:\/\/www.vatican.va\/content\/francesco\/pt\/messages\/nonni\/documents\/20210531-messaggio-nonni-anziani.html\">Mensagem para o I Dia Mundial dos Av\u00f3s e dos Idosos \u00abEu estou contigo todos os dias\u00bb<\/a>\u00a0<\/i>(31\/V\/2021).<\/p>\n<div class=\"clearfix\"><\/div>\n<\/div>\n<div class=\"content parsys\"><\/div>\n<\/div>\n","protected":false},"excerpt":{"rendered":"<p> Ano &#8220;Fam\u00edlia Amoris Laetitia&#8221;<\/p>\n","protected":false},"author":3,"featured_media":191127,"comment_status":"open","ping_status":"open","sticky":false,"template":"","format":"standard","meta":{"footnotes":""},"categories":[22],"tags":[363,362],"yoast_head":"<!-- This site is optimized with the Yoast SEO plugin v19.4 - https:\/\/yoast.com\/wordpress\/plugins\/seo\/ -->\n<title>Carta do Santo Padre Francisco aos esposos por ocasi\u00e3o do Ano &quot;Fam\u00edlia Amoris Laetitia&quot; - Vida Crist\u00e3 - Franciscanos<\/title>\n<meta name=\"robots\" content=\"index, follow, max-snippet:-1, max-image-preview:large, max-video-preview:-1\" \/>\n<link rel=\"canonical\" href=\"https:\/\/franciscanos.org.br\/vidacrista\/carta-do-santo-padre-francisco-aos-esposos-por-ocasiao-do-ano-familia-amoris-laetitia\/\" \/>\n<meta property=\"og:locale\" content=\"pt_BR\" \/>\n<meta property=\"og:type\" content=\"article\" \/>\n<meta property=\"og:title\" content=\"Carta do Santo Padre Francisco aos esposos por ocasi\u00e3o do Ano &quot;Fam\u00edlia Amoris Laetitia&quot; - Vida Crist\u00e3 - Franciscanos\" \/>\n<meta property=\"og:description\" content=\"Ano &quot;Fam\u00edlia Amoris Laetitia&quot;\" \/>\n<meta property=\"og:url\" content=\"https:\/\/franciscanos.org.br\/vidacrista\/carta-do-santo-padre-francisco-aos-esposos-por-ocasiao-do-ano-familia-amoris-laetitia\/\" \/>\n<meta property=\"og:site_name\" content=\"Vida Crist\u00e3 - Franciscanos\" \/>\n<meta property=\"article:published_time\" content=\"2021-12-27T01:47:07+00:00\" \/>\n<meta property=\"article:modified_time\" content=\"2021-12-27T01:47:49+00:00\" \/>\n<meta property=\"og:image\" content=\"https:\/\/franciscanos.org.br\/vidacrista\/wp-content\/uploads\/2021\/12\/amoris_laetitia_2712.jpg\" \/>\n\t<meta property=\"og:image:width\" content=\"840\" \/>\n\t<meta property=\"og:image:height\" content=\"450\" \/>\n\t<meta property=\"og:image:type\" content=\"image\/jpeg\" \/>\n<meta name=\"author\" content=\"moacir\" \/>\n<meta name=\"twitter:card\" content=\"summary_large_image\" \/>\n<meta name=\"twitter:label1\" content=\"Escrito por\" \/>\n\t<meta name=\"twitter:data1\" content=\"moacir\" \/>\n\t<meta name=\"twitter:label2\" content=\"Est. tempo de leitura\" \/>\n\t<meta name=\"twitter:data2\" content=\"12 minutos\" \/>\n<script type=\"application\/ld+json\" class=\"yoast-schema-graph\">{\"@context\":\"https:\/\/schema.org\",\"@graph\":[{\"@type\":\"WebSite\",\"@id\":\"https:\/\/franciscanos.org.br\/vidacrista\/#website\",\"url\":\"https:\/\/franciscanos.org.br\/vidacrista\/\",\"name\":\"Vida Crist\u00e3 - Franciscanos\",\"description\":\"Prov\u00edncia Franciscana da Imaculada Concei\u00e7\u00e3o do Brasil - Ordem dos Frades Menores\",\"potentialAction\":[{\"@type\":\"SearchAction\",\"target\":{\"@type\":\"EntryPoint\",\"urlTemplate\":\"https:\/\/franciscanos.org.br\/vidacrista\/?s={search_term_string}\"},\"query-input\":\"required name=search_term_string\"}],\"inLanguage\":\"pt-BR\"},{\"@type\":\"WebPage\",\"@id\":\"https:\/\/franciscanos.org.br\/vidacrista\/carta-do-santo-padre-francisco-aos-esposos-por-ocasiao-do-ano-familia-amoris-laetitia\/\",\"url\":\"https:\/\/franciscanos.org.br\/vidacrista\/carta-do-santo-padre-francisco-aos-esposos-por-ocasiao-do-ano-familia-amoris-laetitia\/\",\"name\":\"Carta do Santo Padre Francisco aos esposos por ocasi\u00e3o do Ano \\\"Fam\u00edlia Amoris Laetitia\\\" - Vida Crist\u00e3 - Franciscanos\",\"isPartOf\":{\"@id\":\"https:\/\/franciscanos.org.br\/vidacrista\/#website\"},\"datePublished\":\"2021-12-27T01:47:07+00:00\",\"dateModified\":\"2021-12-27T01:47:49+00:00\",\"author\":{\"@id\":\"https:\/\/franciscanos.org.br\/vidacrista\/#\/schema\/person\/1880bdd2c350b735648725ef7614736a\"},\"breadcrumb\":{\"@id\":\"https:\/\/franciscanos.org.br\/vidacrista\/carta-do-santo-padre-francisco-aos-esposos-por-ocasiao-do-ano-familia-amoris-laetitia\/#breadcrumb\"},\"inLanguage\":\"pt-BR\",\"potentialAction\":[{\"@type\":\"ReadAction\",\"target\":[\"https:\/\/franciscanos.org.br\/vidacrista\/carta-do-santo-padre-francisco-aos-esposos-por-ocasiao-do-ano-familia-amoris-laetitia\/\"]}]},{\"@type\":\"BreadcrumbList\",\"@id\":\"https:\/\/franciscanos.org.br\/vidacrista\/carta-do-santo-padre-francisco-aos-esposos-por-ocasiao-do-ano-familia-amoris-laetitia\/#breadcrumb\",\"itemListElement\":[{\"@type\":\"ListItem\",\"position\":1,\"name\":\"Home\",\"item\":\"https:\/\/franciscanos.org.br\/vidacrista\/\"},{\"@type\":\"ListItem\",\"position\":2,\"name\":\"Carta do Santo Padre Francisco aos esposos por ocasi\u00e3o do Ano &#8220;Fam\u00edlia Amoris Laetitia&#8221;\"}]},{\"@type\":\"Person\",\"@id\":\"https:\/\/franciscanos.org.br\/vidacrista\/#\/schema\/person\/1880bdd2c350b735648725ef7614736a\",\"name\":\"moacir\",\"image\":{\"@type\":\"ImageObject\",\"inLanguage\":\"pt-BR\",\"@id\":\"https:\/\/franciscanos.org.br\/vidacrista\/#\/schema\/person\/image\/\",\"url\":\"https:\/\/secure.gravatar.com\/avatar\/d08aa2ce4c8dd416d4479aa8536fcf64?s=96&d=mm&r=g\",\"contentUrl\":\"https:\/\/secure.gravatar.com\/avatar\/d08aa2ce4c8dd416d4479aa8536fcf64?s=96&d=mm&r=g\",\"caption\":\"moacir\"},\"url\":\"https:\/\/franciscanos.org.br\/vidacrista\/author\/moacir\/\"}]}<\/script>\n<!-- \/ Yoast SEO plugin. -->","yoast_head_json":{"title":"Carta do Santo Padre Francisco aos esposos por ocasi\u00e3o do Ano \"Fam\u00edlia Amoris Laetitia\" - Vida Crist\u00e3 - Franciscanos","robots":{"index":"index","follow":"follow","max-snippet":"max-snippet:-1","max-image-preview":"max-image-preview:large","max-video-preview":"max-video-preview:-1"},"canonical":"https:\/\/franciscanos.org.br\/vidacrista\/carta-do-santo-padre-francisco-aos-esposos-por-ocasiao-do-ano-familia-amoris-laetitia\/","og_locale":"pt_BR","og_type":"article","og_title":"Carta do Santo Padre Francisco aos esposos por ocasi\u00e3o do Ano \"Fam\u00edlia Amoris Laetitia\" - Vida Crist\u00e3 - Franciscanos","og_description":"Ano \"Fam\u00edlia Amoris Laetitia\"","og_url":"https:\/\/franciscanos.org.br\/vidacrista\/carta-do-santo-padre-francisco-aos-esposos-por-ocasiao-do-ano-familia-amoris-laetitia\/","og_site_name":"Vida Crist\u00e3 - Franciscanos","article_published_time":"2021-12-27T01:47:07+00:00","article_modified_time":"2021-12-27T01:47:49+00:00","og_image":[{"width":840,"height":450,"url":"https:\/\/franciscanos.org.br\/vidacrista\/wp-content\/uploads\/2021\/12\/amoris_laetitia_2712.jpg","type":"image\/jpeg"}],"author":"moacir","twitter_card":"summary_large_image","twitter_misc":{"Escrito por":"moacir","Est. tempo de leitura":"12 minutos"},"schema":{"@context":"https:\/\/schema.org","@graph":[{"@type":"WebSite","@id":"https:\/\/franciscanos.org.br\/vidacrista\/#website","url":"https:\/\/franciscanos.org.br\/vidacrista\/","name":"Vida Crist\u00e3 - Franciscanos","description":"Prov\u00edncia Franciscana da Imaculada Concei\u00e7\u00e3o do Brasil - Ordem dos Frades Menores","potentialAction":[{"@type":"SearchAction","target":{"@type":"EntryPoint","urlTemplate":"https:\/\/franciscanos.org.br\/vidacrista\/?s={search_term_string}"},"query-input":"required name=search_term_string"}],"inLanguage":"pt-BR"},{"@type":"WebPage","@id":"https:\/\/franciscanos.org.br\/vidacrista\/carta-do-santo-padre-francisco-aos-esposos-por-ocasiao-do-ano-familia-amoris-laetitia\/","url":"https:\/\/franciscanos.org.br\/vidacrista\/carta-do-santo-padre-francisco-aos-esposos-por-ocasiao-do-ano-familia-amoris-laetitia\/","name":"Carta do Santo Padre Francisco aos esposos por ocasi\u00e3o do Ano \"Fam\u00edlia Amoris Laetitia\" - Vida Crist\u00e3 - Franciscanos","isPartOf":{"@id":"https:\/\/franciscanos.org.br\/vidacrista\/#website"},"datePublished":"2021-12-27T01:47:07+00:00","dateModified":"2021-12-27T01:47:49+00:00","author":{"@id":"https:\/\/franciscanos.org.br\/vidacrista\/#\/schema\/person\/1880bdd2c350b735648725ef7614736a"},"breadcrumb":{"@id":"https:\/\/franciscanos.org.br\/vidacrista\/carta-do-santo-padre-francisco-aos-esposos-por-ocasiao-do-ano-familia-amoris-laetitia\/#breadcrumb"},"inLanguage":"pt-BR","potentialAction":[{"@type":"ReadAction","target":["https:\/\/franciscanos.org.br\/vidacrista\/carta-do-santo-padre-francisco-aos-esposos-por-ocasiao-do-ano-familia-amoris-laetitia\/"]}]},{"@type":"BreadcrumbList","@id":"https:\/\/franciscanos.org.br\/vidacrista\/carta-do-santo-padre-francisco-aos-esposos-por-ocasiao-do-ano-familia-amoris-laetitia\/#breadcrumb","itemListElement":[{"@type":"ListItem","position":1,"name":"Home","item":"https:\/\/franciscanos.org.br\/vidacrista\/"},{"@type":"ListItem","position":2,"name":"Carta do Santo Padre Francisco aos esposos por ocasi\u00e3o do Ano &#8220;Fam\u00edlia Amoris Laetitia&#8221;"}]},{"@type":"Person","@id":"https:\/\/franciscanos.org.br\/vidacrista\/#\/schema\/person\/1880bdd2c350b735648725ef7614736a","name":"moacir","image":{"@type":"ImageObject","inLanguage":"pt-BR","@id":"https:\/\/franciscanos.org.br\/vidacrista\/#\/schema\/person\/image\/","url":"https:\/\/secure.gravatar.com\/avatar\/d08aa2ce4c8dd416d4479aa8536fcf64?s=96&d=mm&r=g","contentUrl":"https:\/\/secure.gravatar.com\/avatar\/d08aa2ce4c8dd416d4479aa8536fcf64?s=96&d=mm&r=g","caption":"moacir"},"url":"https:\/\/franciscanos.org.br\/vidacrista\/author\/moacir\/"}]}},"_links":{"self":[{"href":"https:\/\/franciscanos.org.br\/vidacrista\/wp-json\/wp\/v2\/posts\/191126"}],"collection":[{"href":"https:\/\/franciscanos.org.br\/vidacrista\/wp-json\/wp\/v2\/posts"}],"about":[{"href":"https:\/\/franciscanos.org.br\/vidacrista\/wp-json\/wp\/v2\/types\/post"}],"author":[{"embeddable":true,"href":"https:\/\/franciscanos.org.br\/vidacrista\/wp-json\/wp\/v2\/users\/3"}],"replies":[{"embeddable":true,"href":"https:\/\/franciscanos.org.br\/vidacrista\/wp-json\/wp\/v2\/comments?post=191126"}],"version-history":[{"count":2,"href":"https:\/\/franciscanos.org.br\/vidacrista\/wp-json\/wp\/v2\/posts\/191126\/revisions"}],"predecessor-version":[{"id":191129,"href":"https:\/\/franciscanos.org.br\/vidacrista\/wp-json\/wp\/v2\/posts\/191126\/revisions\/191129"}],"wp:featuredmedia":[{"embeddable":true,"href":"https:\/\/franciscanos.org.br\/vidacrista\/wp-json\/wp\/v2\/media\/191127"}],"wp:attachment":[{"href":"https:\/\/franciscanos.org.br\/vidacrista\/wp-json\/wp\/v2\/media?parent=191126"}],"wp:term":[{"taxonomy":"category","embeddable":true,"href":"https:\/\/franciscanos.org.br\/vidacrista\/wp-json\/wp\/v2\/categories?post=191126"},{"taxonomy":"post_tag","embeddable":true,"href":"https:\/\/franciscanos.org.br\/vidacrista\/wp-json\/wp\/v2\/tags?post=191126"}],"curies":[{"name":"wp","href":"https:\/\/api.w.org\/{rel}","templated":true}]}}