{"id":191117,"date":"2021-12-24T07:30:10","date_gmt":"2021-12-24T10:30:10","guid":{"rendered":"https:\/\/franciscanos.org.br\/vidacrista\/?p=191117"},"modified":"2021-12-24T07:30:10","modified_gmt":"2021-12-24T10:30:10","slug":"o-natal-cristao-e-o-sentido-da-vida","status":"publish","type":"post","link":"https:\/\/franciscanos.org.br\/vidacrista\/o-natal-cristao-e-o-sentido-da-vida\/","title":{"rendered":"O Natal Crist\u00e3o e o sentido da vida"},"content":{"rendered":"<div id=\"attachment_191118\" style=\"width: 850px\" class=\"wp-caption alignnone\"><img aria-describedby=\"caption-attachment-191118\" decoding=\"async\" loading=\"lazy\" class=\"wp-image-191118 size-full\" src=\"https:\/\/franciscanos.org.br\/vidacrista\/wp-content\/uploads\/2021\/12\/artigo_2412.jpg\" alt=\"\" width=\"840\" height=\"498\" srcset=\"https:\/\/franciscanos.org.br\/vidacrista\/wp-content\/uploads\/2021\/12\/artigo_2412.jpg 840w, https:\/\/franciscanos.org.br\/vidacrista\/wp-content\/uploads\/2021\/12\/artigo_2412-450x267.jpg 450w, https:\/\/franciscanos.org.br\/vidacrista\/wp-content\/uploads\/2021\/12\/artigo_2412-768x455.jpg 768w, https:\/\/franciscanos.org.br\/vidacrista\/wp-content\/uploads\/2021\/12\/artigo_2412-150x89.jpg 150w\" sizes=\"(max-width: 840px) 100vw, 840px\" \/><p id=\"caption-attachment-191118\" class=\"wp-caption-text\">\u00a0 \u00a0 \u00a0 \u00a0 \u00a0 \u00a0 \u00a0 \u00a0 \u00a0 \u00a0 \u00a0 \u00a0 \u00a0 \u00a0 \u00a0 \u00a0 \u00a0 \u00a0 \u00a0 \u00a0 \u00a0 \u00a0 \u00a0 \u00a0 \u00a0 \u00a0 \u00a0 \u00a0 \u00a0 \u00a0 <em>\u00a0 \u00a0 \u00a0 \u00a0 \u00a0Imagem: Julius Frank (Wikimedia Commons, dom\u00ednio p\u00fablico)<\/em><\/p><\/div>\n<p><strong>Robson Ribeiro de Oliveira Castro Chaves<\/strong><\/p>\n<p>Quando nos aproximamos do fim do ano, sempre nos deparamos com os enfeites natalinos, a cor predominante que \u00e9 o vermelho e a imagem do \u201cPapai Noel\u201d. Assim o Natal \u00e9 marco da hist\u00f3ria crist\u00e3, esta data n\u00e3o significa apenas a troca de presentes, mas sim a salva\u00e7\u00e3o de todos n\u00f3s. Essa salva\u00e7\u00e3o s\u00f3 foi poss\u00edvel diante da vinda do Salvador, Jesus Cristo, pois sem ele nada teria significado e n\u00e3o teria sentindo a celebra\u00e7\u00e3o do Natal.<\/p>\n<p>A celebra\u00e7\u00e3o do dia 25 de dezembro \u00e9, sem sombra de d\u00favidas, um marco na hist\u00f3ria, tanto religiosa quanto mundial, pois a partir do nascimento de Cristo temos a era denominada Crist\u00e3 que se inicia no seu nascimento. Deus N\u00e3o deseja que os homens se percam no mundo, ele os ama de todo o cora\u00e7\u00e3o, por isso deu seu filho Jesus.<\/p>\n<p>Com a vinda de Cristo, temos a salva\u00e7\u00e3o, pois ele \u00e9 a luz que ilumina as nossas vidas e \u00e9 a vida em sua plenitude divina que nos eleva e nos santifica. Na B\u00edblia encontramos a certeza disso: <em>\u201cPois Deus amou de tal forma o mundo, que entregou o seu Filho \u00fanico, para que todo o que nele acredita n\u00e3o morra, mas tenha vida eterna.\u201d <\/em>(Jo 3:16). E cristo afirma tal projeto que foi proposto pelo pai, pois ele mesmo disse aos disc\u00edpulos <em>\u201cEu sou o Caminho, a Verdade e a Vida. Ningu\u00e9m vai ao Pai sen\u00e3o por mim.\u201d<\/em> (Jo 14:6). Mas o que seria a vida? O que \u00e9 o dom da vida?<\/p>\n<p>Tais concep\u00e7\u00f5es n\u00e3o eram pensadas antes da vinda de Cristo. Observa-se que a vinda de Jesus, e da forma como ele veio, transformou o sentido da vida, que vai muito al\u00e9m do nascimento de um ser da esp\u00e9cie humana, mas tamb\u00e9m de um ser humano que tem uma personalidade. Ele veio para dar testemunho da Verdade, e mostrar o caminho para a Salva\u00e7\u00e3o. E seus valores v\u00e3o muito al\u00e9m da realidade social de sua \u00e9poca, suas atitudes n\u00e3o eram compreendidas, pois os homens ainda n\u00e3o compreendiam o verdadeiro sentido da Vida.<\/p>\n<p>Cristo \u00e9 a b\u00ean\u00e7\u00e3o para o mundo, o seu nascimento transformou a f\u00e9 dos homens e fez valer as palavras dos profetas, que j\u00e1 o anunciavam muito antes da sua vinda ao mundo. Ele veio para dar cumprimento da presen\u00e7a real de Deus no mundo, ou seja, a sua presen\u00e7a santificou o humano. Jesus, em sua simplicidade e humanidade, \u00e9 a express\u00e3o de Deus na sua plenitude.<\/p>\n<p>Em an\u00e1lise da sagrada escritura, encontramos no Evangelho de S\u00e3o Jo\u00e3o o significado de Cristo. O evangelista retrata a vinda do Salvador diferentemente dos outros tr\u00eas \u2013 Mateus, Marcos e Lucas \u2013, onde ele cita que no come\u00e7o a <em>\u201cPalavra j\u00e1 existia: a Palavra estava voltada para Deus, e a Palavra era Deus. Nela estava a vida, e a vida era a luz dos homens. Essa luz brilha nas trevas e as trevas n\u00e3o conseguiram apag\u00e1-la.\u201d<\/em> (Jo 1:1;4-5).<\/p>\n<p>Essa luz \u00e9 a divindade de Cristo que nos transforma em filhos de Deus. Diante de toda a simplicidade e humildade a qual Ele veio, conseguimos compreender o projeto Divino. O Filho de Deus veio para os humildes de cora\u00e7\u00e3o e n\u00e3o para os poderosos. Assim temos Jesus Cristo como nosso irm\u00e3o, o que nos salva e liberta do pecado.<\/p>\n<p>Para entender o verdadeiro esp\u00edrito do Natal, precisamos fazer uma reflex\u00e3o sobre a vinda de Cristo, onde, a partir do seu nascimento, tudo se transforma e se torna claro. No Evangelho de S\u00e3o Jo\u00e3o temos os relatos do projeto divino para conosco, onde a vinda de Cristo nos eleva a filhos de Deus e seu irm\u00e3o na f\u00e9 e essa dign\u00edssima luz \u201c[\u2026] <em>deu o poder de se tornarem filhos de Deus a todos aqueles que a receberam, isto \u00e9, \u00e0queles que acreditam no seu nome. Estes n\u00e3o nasceram do sangue, nem do impulso da carne, nem do desejo do homem, mas nasceram de Deus.\u201d<\/em> (Jo 1:12-13).<\/p>\n<p><em>\u00a0<\/em>Cristo n\u00e3o fez distin\u00e7\u00e3o de povo nem de ra\u00e7a, acolheu a todos, dando-lhes significado \u00e0 vida, por\u00e9m para cada um de uma maneira diferente, assim \u00e9 o Natal. Como n\u00e3o pensar no envolvimento de Jos\u00e9 e Maria que acreditaram na palavra do anjo e seguiram a sua f\u00e9 em Deus, acreditando, assim, no projeto divino. Diante disso temos o Natal como confirma\u00e7\u00e3o da vida, onde Deus envia seu filho para ser testemunho do seu amor por n\u00f3s.<\/p>\n<p>A vida por si s\u00f3 j\u00e1 tem seu significado cient\u00edfico, por\u00e9m com a vinda de Cristo, pelo ventre de Maria, concebida sem pecado, eleva o sentido da vida como algo divino, ou melhor, algo aben\u00e7oado, sendo Ele, Cristo, a ben\u00e7\u00e3o. Sempre que nos deparamos com uma vida nova, agradecemos a Deus e a Cristo pelo dom da vida, relembrando assim o Natal e a vinda de Cristo que veio como cada um de n\u00f3s em um local simples e aben\u00e7oado.<\/p>\n<p>Desta forma, o Natal crist\u00e3o \u00e9 a confirma\u00e7\u00e3o do amor de Deus e a completa entrega de seu filho no meio de n\u00f3s como homem, dando sentido \u00e0 nossa vida. Cristo nos acompanha a cada momento nos aconselhando e nos livrando do mal, conforme os des\u00edgnios do Pai.<\/p>\n<hr \/>\n<p><strong>Robson Ribeiro de Oliveira Castro Chaves<\/strong>\u00a0<em>\u00e9 mestre em Teologia pela Faculdade Jesu\u00edta de Filosofia e Teologia (FAJE), em BH, professor de teologia no Instituto Teol\u00f3gico Franciscano (ITF), em Petr\u00f3polis (RJ) e membro do Conselho Regional de Forma\u00e7\u00e3o (CRF) \u2013 LESTE II do CNLB.<\/em><\/p>\n","protected":false},"excerpt":{"rendered":"<p>Artigo de Robson Ribeiro de Oliveira Castro Chaves<\/p>\n","protected":false},"author":3,"featured_media":191118,"comment_status":"open","ping_status":"open","sticky":false,"template":"","format":"standard","meta":{"footnotes":""},"categories":[26],"tags":[355],"yoast_head":"<!-- This site is optimized with the Yoast SEO plugin v19.4 - https:\/\/yoast.com\/wordpress\/plugins\/seo\/ -->\n<title>O Natal Crist\u00e3o e o sentido da vida - Vida Crist\u00e3 - Franciscanos<\/title>\n<meta name=\"robots\" content=\"index, follow, max-snippet:-1, max-image-preview:large, max-video-preview:-1\" \/>\n<link rel=\"canonical\" href=\"https:\/\/franciscanos.org.br\/vidacrista\/o-natal-cristao-e-o-sentido-da-vida\/\" \/>\n<meta property=\"og:locale\" content=\"pt_BR\" \/>\n<meta property=\"og:type\" content=\"article\" \/>\n<meta property=\"og:title\" content=\"O Natal Crist\u00e3o e o sentido da vida - Vida Crist\u00e3 - Franciscanos\" \/>\n<meta property=\"og:description\" content=\"Artigo de Robson Ribeiro de Oliveira Castro Chaves\" \/>\n<meta property=\"og:url\" content=\"https:\/\/franciscanos.org.br\/vidacrista\/o-natal-cristao-e-o-sentido-da-vida\/\" \/>\n<meta property=\"og:site_name\" content=\"Vida Crist\u00e3 - Franciscanos\" \/>\n<meta property=\"article:published_time\" content=\"2021-12-24T10:30:10+00:00\" \/>\n<meta property=\"og:image\" content=\"https:\/\/franciscanos.org.br\/vidacrista\/wp-content\/uploads\/2021\/12\/artigo_2412.jpg\" \/>\n\t<meta property=\"og:image:width\" content=\"840\" \/>\n\t<meta property=\"og:image:height\" content=\"498\" \/>\n\t<meta property=\"og:image:type\" content=\"image\/jpeg\" \/>\n<meta name=\"author\" content=\"moacir\" \/>\n<meta name=\"twitter:card\" content=\"summary_large_image\" \/>\n<meta name=\"twitter:label1\" content=\"Escrito por\" \/>\n\t<meta name=\"twitter:data1\" content=\"moacir\" \/>\n\t<meta name=\"twitter:label2\" content=\"Est. tempo de leitura\" \/>\n\t<meta name=\"twitter:data2\" content=\"5 minutos\" \/>\n<script type=\"application\/ld+json\" class=\"yoast-schema-graph\">{\"@context\":\"https:\/\/schema.org\",\"@graph\":[{\"@type\":\"WebSite\",\"@id\":\"https:\/\/franciscanos.org.br\/vidacrista\/#website\",\"url\":\"https:\/\/franciscanos.org.br\/vidacrista\/\",\"name\":\"Vida Crist\u00e3 - Franciscanos\",\"description\":\"Prov\u00edncia Franciscana da Imaculada Concei\u00e7\u00e3o do Brasil - Ordem dos Frades Menores\",\"potentialAction\":[{\"@type\":\"SearchAction\",\"target\":{\"@type\":\"EntryPoint\",\"urlTemplate\":\"https:\/\/franciscanos.org.br\/vidacrista\/?s={search_term_string}\"},\"query-input\":\"required name=search_term_string\"}],\"inLanguage\":\"pt-BR\"},{\"@type\":\"WebPage\",\"@id\":\"https:\/\/franciscanos.org.br\/vidacrista\/o-natal-cristao-e-o-sentido-da-vida\/\",\"url\":\"https:\/\/franciscanos.org.br\/vidacrista\/o-natal-cristao-e-o-sentido-da-vida\/\",\"name\":\"O Natal Crist\u00e3o e o sentido da vida - Vida Crist\u00e3 - Franciscanos\",\"isPartOf\":{\"@id\":\"https:\/\/franciscanos.org.br\/vidacrista\/#website\"},\"datePublished\":\"2021-12-24T10:30:10+00:00\",\"dateModified\":\"2021-12-24T10:30:10+00:00\",\"author\":{\"@id\":\"https:\/\/franciscanos.org.br\/vidacrista\/#\/schema\/person\/1880bdd2c350b735648725ef7614736a\"},\"breadcrumb\":{\"@id\":\"https:\/\/franciscanos.org.br\/vidacrista\/o-natal-cristao-e-o-sentido-da-vida\/#breadcrumb\"},\"inLanguage\":\"pt-BR\",\"potentialAction\":[{\"@type\":\"ReadAction\",\"target\":[\"https:\/\/franciscanos.org.br\/vidacrista\/o-natal-cristao-e-o-sentido-da-vida\/\"]}]},{\"@type\":\"BreadcrumbList\",\"@id\":\"https:\/\/franciscanos.org.br\/vidacrista\/o-natal-cristao-e-o-sentido-da-vida\/#breadcrumb\",\"itemListElement\":[{\"@type\":\"ListItem\",\"position\":1,\"name\":\"Home\",\"item\":\"https:\/\/franciscanos.org.br\/vidacrista\/\"},{\"@type\":\"ListItem\",\"position\":2,\"name\":\"O Natal Crist\u00e3o e o sentido da vida\"}]},{\"@type\":\"Person\",\"@id\":\"https:\/\/franciscanos.org.br\/vidacrista\/#\/schema\/person\/1880bdd2c350b735648725ef7614736a\",\"name\":\"moacir\",\"image\":{\"@type\":\"ImageObject\",\"inLanguage\":\"pt-BR\",\"@id\":\"https:\/\/franciscanos.org.br\/vidacrista\/#\/schema\/person\/image\/\",\"url\":\"https:\/\/secure.gravatar.com\/avatar\/d08aa2ce4c8dd416d4479aa8536fcf64?s=96&d=mm&r=g\",\"contentUrl\":\"https:\/\/secure.gravatar.com\/avatar\/d08aa2ce4c8dd416d4479aa8536fcf64?s=96&d=mm&r=g\",\"caption\":\"moacir\"},\"url\":\"https:\/\/franciscanos.org.br\/vidacrista\/author\/moacir\/\"}]}<\/script>\n<!-- \/ Yoast SEO plugin. -->","yoast_head_json":{"title":"O Natal Crist\u00e3o e o sentido da vida - Vida Crist\u00e3 - Franciscanos","robots":{"index":"index","follow":"follow","max-snippet":"max-snippet:-1","max-image-preview":"max-image-preview:large","max-video-preview":"max-video-preview:-1"},"canonical":"https:\/\/franciscanos.org.br\/vidacrista\/o-natal-cristao-e-o-sentido-da-vida\/","og_locale":"pt_BR","og_type":"article","og_title":"O Natal Crist\u00e3o e o sentido da vida - Vida Crist\u00e3 - Franciscanos","og_description":"Artigo de Robson Ribeiro de Oliveira Castro Chaves","og_url":"https:\/\/franciscanos.org.br\/vidacrista\/o-natal-cristao-e-o-sentido-da-vida\/","og_site_name":"Vida Crist\u00e3 - Franciscanos","article_published_time":"2021-12-24T10:30:10+00:00","og_image":[{"width":840,"height":498,"url":"https:\/\/franciscanos.org.br\/vidacrista\/wp-content\/uploads\/2021\/12\/artigo_2412.jpg","type":"image\/jpeg"}],"author":"moacir","twitter_card":"summary_large_image","twitter_misc":{"Escrito por":"moacir","Est. tempo de leitura":"5 minutos"},"schema":{"@context":"https:\/\/schema.org","@graph":[{"@type":"WebSite","@id":"https:\/\/franciscanos.org.br\/vidacrista\/#website","url":"https:\/\/franciscanos.org.br\/vidacrista\/","name":"Vida Crist\u00e3 - Franciscanos","description":"Prov\u00edncia Franciscana da Imaculada Concei\u00e7\u00e3o do Brasil - Ordem dos Frades Menores","potentialAction":[{"@type":"SearchAction","target":{"@type":"EntryPoint","urlTemplate":"https:\/\/franciscanos.org.br\/vidacrista\/?s={search_term_string}"},"query-input":"required name=search_term_string"}],"inLanguage":"pt-BR"},{"@type":"WebPage","@id":"https:\/\/franciscanos.org.br\/vidacrista\/o-natal-cristao-e-o-sentido-da-vida\/","url":"https:\/\/franciscanos.org.br\/vidacrista\/o-natal-cristao-e-o-sentido-da-vida\/","name":"O Natal Crist\u00e3o e o sentido da vida - Vida Crist\u00e3 - Franciscanos","isPartOf":{"@id":"https:\/\/franciscanos.org.br\/vidacrista\/#website"},"datePublished":"2021-12-24T10:30:10+00:00","dateModified":"2021-12-24T10:30:10+00:00","author":{"@id":"https:\/\/franciscanos.org.br\/vidacrista\/#\/schema\/person\/1880bdd2c350b735648725ef7614736a"},"breadcrumb":{"@id":"https:\/\/franciscanos.org.br\/vidacrista\/o-natal-cristao-e-o-sentido-da-vida\/#breadcrumb"},"inLanguage":"pt-BR","potentialAction":[{"@type":"ReadAction","target":["https:\/\/franciscanos.org.br\/vidacrista\/o-natal-cristao-e-o-sentido-da-vida\/"]}]},{"@type":"BreadcrumbList","@id":"https:\/\/franciscanos.org.br\/vidacrista\/o-natal-cristao-e-o-sentido-da-vida\/#breadcrumb","itemListElement":[{"@type":"ListItem","position":1,"name":"Home","item":"https:\/\/franciscanos.org.br\/vidacrista\/"},{"@type":"ListItem","position":2,"name":"O Natal Crist\u00e3o e o sentido da vida"}]},{"@type":"Person","@id":"https:\/\/franciscanos.org.br\/vidacrista\/#\/schema\/person\/1880bdd2c350b735648725ef7614736a","name":"moacir","image":{"@type":"ImageObject","inLanguage":"pt-BR","@id":"https:\/\/franciscanos.org.br\/vidacrista\/#\/schema\/person\/image\/","url":"https:\/\/secure.gravatar.com\/avatar\/d08aa2ce4c8dd416d4479aa8536fcf64?s=96&d=mm&r=g","contentUrl":"https:\/\/secure.gravatar.com\/avatar\/d08aa2ce4c8dd416d4479aa8536fcf64?s=96&d=mm&r=g","caption":"moacir"},"url":"https:\/\/franciscanos.org.br\/vidacrista\/author\/moacir\/"}]}},"_links":{"self":[{"href":"https:\/\/franciscanos.org.br\/vidacrista\/wp-json\/wp\/v2\/posts\/191117"}],"collection":[{"href":"https:\/\/franciscanos.org.br\/vidacrista\/wp-json\/wp\/v2\/posts"}],"about":[{"href":"https:\/\/franciscanos.org.br\/vidacrista\/wp-json\/wp\/v2\/types\/post"}],"author":[{"embeddable":true,"href":"https:\/\/franciscanos.org.br\/vidacrista\/wp-json\/wp\/v2\/users\/3"}],"replies":[{"embeddable":true,"href":"https:\/\/franciscanos.org.br\/vidacrista\/wp-json\/wp\/v2\/comments?post=191117"}],"version-history":[{"count":1,"href":"https:\/\/franciscanos.org.br\/vidacrista\/wp-json\/wp\/v2\/posts\/191117\/revisions"}],"predecessor-version":[{"id":191119,"href":"https:\/\/franciscanos.org.br\/vidacrista\/wp-json\/wp\/v2\/posts\/191117\/revisions\/191119"}],"wp:featuredmedia":[{"embeddable":true,"href":"https:\/\/franciscanos.org.br\/vidacrista\/wp-json\/wp\/v2\/media\/191118"}],"wp:attachment":[{"href":"https:\/\/franciscanos.org.br\/vidacrista\/wp-json\/wp\/v2\/media?parent=191117"}],"wp:term":[{"taxonomy":"category","embeddable":true,"href":"https:\/\/franciscanos.org.br\/vidacrista\/wp-json\/wp\/v2\/categories?post=191117"},{"taxonomy":"post_tag","embeddable":true,"href":"https:\/\/franciscanos.org.br\/vidacrista\/wp-json\/wp\/v2\/tags?post=191117"}],"curies":[{"name":"wp","href":"https:\/\/api.w.org\/{rel}","templated":true}]}}