{"id":191112,"date":"2021-12-26T00:17:50","date_gmt":"2021-12-26T03:17:50","guid":{"rendered":"https:\/\/franciscanos.org.br\/vidacrista\/?p=191112"},"modified":"2021-12-26T06:09:32","modified_gmt":"2021-12-26T09:09:32","slug":"a-crise-nas-familias-o-mandamento-de-honrar-pai-e-mae-eclo-33-7-14-17-e-a-sagrada-familia-de-nazare","status":"publish","type":"post","link":"https:\/\/franciscanos.org.br\/vidacrista\/a-crise-nas-familias-o-mandamento-de-honrar-pai-e-mae-eclo-33-7-14-17-e-a-sagrada-familia-de-nazare\/","title":{"rendered":"A crise nas fam\u00edlias, o mandamento de honrar pai e m\u00e3e (Eclo 3,3-7.14-17) e a Sagrada Fam\u00edlia de Nazar\u00e9"},"content":{"rendered":"<div id=\"attachment_191113\" style=\"width: 850px\" class=\"wp-caption alignnone\"><img aria-describedby=\"caption-attachment-191113\" decoding=\"async\" loading=\"lazy\" class=\"wp-image-191113 size-full\" src=\"https:\/\/franciscanos.org.br\/vidacrista\/wp-content\/uploads\/2021\/12\/familia_2312.jpg\" alt=\"\" width=\"840\" height=\"450\" srcset=\"https:\/\/franciscanos.org.br\/vidacrista\/wp-content\/uploads\/2021\/12\/familia_2312.jpg 840w, https:\/\/franciscanos.org.br\/vidacrista\/wp-content\/uploads\/2021\/12\/familia_2312-450x241.jpg 450w, https:\/\/franciscanos.org.br\/vidacrista\/wp-content\/uploads\/2021\/12\/familia_2312-768x411.jpg 768w, https:\/\/franciscanos.org.br\/vidacrista\/wp-content\/uploads\/2021\/12\/familia_2312-150x80.jpg 150w\" sizes=\"(max-width: 840px) 100vw, 840px\" \/><p id=\"caption-attachment-191113\" class=\"wp-caption-text\"><em>\u00a0 \u00a0 \u00a0 \u00a0 \u00a0 \u00a0 \u00a0 \u00a0 \u00a0 \u00a0 \u00a0 \u00a0 \u00a0 \u00a0 \u00a0 \u00a0 \u00a0 \u00a0 \u00a0 \u00a0 \u00a0 \u00a0 \u00a0 \u00a0 \u00a0 \u00a0 \u00a0 \u00a0 \u00a0 \u00a0 \u00a0 \u00a0 \u00a0 \u00a0 \u00a0 Imagem: Rafael Sanzio (1483\u20131520) &#8211; Wikimedia Commons, dom\u00ednio p\u00fablico<\/em><\/p><\/div>\n<p><em>Frei Jacir de Freitas Faria<\/em> <a href=\"#_ftn1\" name=\"_ftnref1\">[1]<\/a><\/p>\n<p>O texto sobre o qual vamos refletir hoje \u00e9 tirado do livro do Eclesi\u00e1stico 3,3-7.14-17. Trata-se de conselhos de sabedoria que um s\u00e1bio judeu, que viveu por volta do ano 250 a.E.C., deu aos jovens em rela\u00e7\u00e3o aos seus pais. No juda\u00edsmo, desde cedo os filhos eram educados a praticar o mandamento de honrar pai e m\u00e3e (Dt 5,16). Posteriormente, os crist\u00e3os entenderam que Jos\u00e9, Maria e Jesus eram o modelo de fam\u00edlia sagrada, perfeita.<\/p>\n<p>Em nosso tempo, as fam\u00edlias passam por momentos de crise. Novos modelos de fam\u00edlia surgem. Nesse contexto, ousamos perguntar: Qual o significado e atualidade do mandamento de honrar pai e m\u00e3e? Em que a Sagrada Fam\u00edlia de Nazar\u00e9 nos ajuda a superar essa crise?<\/p>\n<p><iframe loading=\"lazy\" title=\"YouTube video player\" src=\"https:\/\/www.youtube.com\/embed\/PVRRou-F4U0\" width=\"100%\" height=\"500\" frameborder=\"0\" allowfullscreen=\"allowfullscreen\"><span data-mce-type=\"bookmark\" style=\"display: inline-block; width: 0px; overflow: hidden; line-height: 0;\" class=\"mce_SELRES_start\">\ufeff<\/span><\/iframe><\/p>\n<p>O quinto mandamento \u00e9 o \u00fanico que vem com uma promessa de recompensa, ao afirmar: \u201cHonra teu pai e tua m\u00e3e, conforme te ordenou Jav\u00e9 teu Deus, para que os teus dias se prolonguem e tudo corra bem na terra que o Senhor teu Deus te d\u00e1\u201d (Dt 5,16). O quarto mandamento j\u00e1 se havia referido ao pai como figura de autoridade sobre os filhos, respons\u00e1vel pela casa e pelo cumprimento do s\u00e1bado como dia de descanso obrigat\u00f3rio para todos, animais e pessoas.<\/p>\n<p>Esses dois mandamentos, o de guardar o s\u00e1bado e o de honrar pai e m\u00e3e, s\u00e3o centrais no Dec\u00e1logo (Dt 5,6-21). Quem os cumpre, cumpre todos os mandamentos. Eles s\u00e3o os \u00fanicos mandamentos escritos de forma positiva no dec\u00e1logo e est\u00e3o ligados a Deus (guardar o S\u00e1bado e reverenciar os pais) e ao pr\u00f3ximo (descanso para todos e cuidado dos pais empobrecidos). Observe que os mandamentos que v\u00eam antes (Dt 5,6-11 \u2013 amar a Deus) e depois (Dt 5,17-21 \u2013 amar o pr\u00f3ximo) dos mandamentos do s\u00e1bado e o de honrar pai e m\u00e3e s\u00e3o negativos, sempre come\u00e7ando com \u2018n\u00e3o\u2019&#8230; Somente guardar o s\u00e1bado e honrar os pais s\u00e3o positivos. Segundo o modo de pensar e de escrever do judeu, esses mandamentos s\u00e3o os mais importantes, pois est\u00e3o no centro da narrativa.<\/p>\n<p>Honrar pai e m\u00e3e \u00e9 um mandamento direcionado aos filhos, os quais t\u00eam o dever de honrar os pais. O que isso significa? Ele pode ser interpretado de tr\u00eas modos: a) Ele se dirige aos jovens israelitas, prescrevendo a submiss\u00e3o total \u00e0 autoridade paterna\/materna. b) Prescreve aos adultos a rever\u00eancia que esses devem ter para com os pais, transmissores da Alian\u00e7a. c) Ele se dirige aos filhos adultos, prescrevendo a assist\u00eancia financeira que esses devem dispensar aos pais idosos, quando incapazes de se manterem.<\/p>\n<p>Eclesi\u00e1stico 3 reitera o valor de honrar pai e m\u00e3e. Primeiro, porque honrar pai e m\u00e3e tem a ver com a obedi\u00eancia exigida do filho. O c\u00f3digo deuteron\u00f4mico previa que o filho rebelde deveria morrer apedrejado na porta da cidade (Dt 21,18-21). N\u00e3o se admitia a desobedi\u00eancia. O uso da vara corretiva era permitido (Pr 13,24). Os pais deviam educar os filhos conforme a lei judaica (Dt 6,20) e na f\u00e9 judaica (1Sm 1,24), o que justifica o fato de Jos\u00e9 e Maria terem levado o menino Jesus para as festas judaica, o Templo de Jerusal\u00e9m (Lc 2,41-50). Respeitar os pais significava respeitar a Lei e, por conseguinte, a Deus.<\/p>\n<p>Segundo, pai e m\u00e3e s\u00e3o os transmissores da vida e das b\u00ean\u00e7\u00e3os divinas para os filhos. Atrav\u00e9s dos pais, cada israelita se torna um filho de Abra\u00e3o. Da\u00ed a nossa tradi\u00e7\u00e3o de pedir b\u00ean\u00e7\u00e3os aos pais. Terceiro, o prover o sustento financeiro dos pais na velhice significa agir como Deus que sempre tem cuidado para com os pobres e necessitados. O idoso, depois de uma vida de dedica\u00e7\u00e3o aos filhos, merece respeito e assist\u00eancia financeira dos filhos. Assim como o filho que um dia foi pobre e necessitado de um colo materno e paterno para sobreviver, agora o idoso merece respeito e dignidade. Jos\u00e9 e Maria cuidaram do menino Jesus, fazendo crescer em gra\u00e7a e sabedoria (Lc 2,51-52). \u00a0Pais e m\u00e3es idosos voltam a ser crian\u00e7as necessitadas, como foram os seus filhos. Jesus, no momento de sua morte na cruz, demonstrou ser um filho judeu exemplar ao pedir a Jo\u00e3o que cuidasse da sua m\u00e3e (Jo 19,25-27).<\/p>\n<p>Os idosos, segundo a mais tenra tradi\u00e7\u00e3o legal de Israel, merecem a honra e o respeito dos seus filhos e da sociedade. \u201cN\u00e3o despreze um homem em sua velhice, porque muitos de n\u00f3s envelhecemos\u201d, ensina Eclo 8,6. E o c\u00f3digo da Santidade \u00e9 mais categ\u00f3rico: \u201cLevantar-te-\u00e1s diante de uma pessoa de cabelos brancos e honrar\u00e1s o anci\u00e3o e temer\u00e1s o teu Deus. Eu sou o Senhor\u201d (Lv 19,32). Promover e respeitar a vida dos pais idosos \u00e9 fazer justi\u00e7a, \u00e9 agir como Deus, que agiu com justi\u00e7a para com os israelitas ao libert\u00e1-los da escravid\u00e3o do Egito. Assim, a vida como dom e oferta pode continuar no ciclo da exist\u00eancia humana que n\u00e3o para com a morte.<\/p>\n<p>A sabedoria de Eclesi\u00e1stico \u00e9 confirmada nos conselhos dados aos filhos: \u201cFilho, cuida de teu pai na velhice, n\u00e3o o desgostes em vida. Mesmo que esteja perdendo a lucidez, n\u00e3o o menospreze, tu que est\u00e1s em pleno vigor\u201d (Eclo 3,12-13).<\/p>\n<p>Eclo 3 enumera as vantagens prometidas para os filhos que honrarem pai e m\u00e3e. Eles ser\u00e3o atendidos na ora\u00e7\u00e3o cotidiana; ajuntar\u00e3o tesouros; ter\u00e3o a alegria em seus pr\u00f3prios filhos; ter\u00e3o vida longa; ser\u00e3o aben\u00e7oados; ser\u00e3o lembrados no dia da afli\u00e7\u00e3o e, por fim, ter\u00e3o os seus pecados perdoados.<\/p>\n<p>Em nossos dias, \u00e9 lament\u00e1vel ver como as rela\u00e7\u00f5es familiares est\u00e3o abaladas pelas divis\u00f5es causadas por brigas, divis\u00f5es, disputas por heran\u00e7as etc. Raras s\u00e3o as fam\u00edlias, nas quais n\u00e3o h\u00e1 brigas por heran\u00e7as. Morrem os pais, a fam\u00edlia desintegra. Acrescente-se a isso a realidade de que na fren\u00e9tica vida moderna as rela\u00e7\u00f5es fraternas do comer juntos, do apoio m\u00fatuo est\u00e3o esquecidas nos n\u00facleos familiares.<\/p>\n<p>H\u00e1 muitas feridas abertas nas rela\u00e7\u00f5es familiares que n\u00e3o cicatrizam por falta de di\u00e1logo. H\u00e1 filhos que levam seus pais para um asilo ou casas de repouso e a\u00ed os abandonam at\u00e9 que a morte os leve. Filhos abastados n\u00e3o aceitam prover o sustento de pais empobrecidos.<\/p>\n<p>Nisso tudo uma certeza: a falta de amor, de perd\u00e3o, de miseric\u00f3rdia, de f\u00e9, de compreens\u00e3o e do firme prop\u00f3sito de resgatar os la\u00e7os familiares. Valores que a Sagrada Fam\u00edlia deixou para n\u00f3s. Gostaria de terminar com a intui\u00e7\u00e3o po\u00e9tica e orante de Padre Zezinho: \u201cQue nenhuma fam\u00edlia termine por falta de amor\u201d e acrescento: por falta de p\u00e3o, de cuidado e de perd\u00e3o! Que a Sagrada Fam\u00edlia de Nazar\u00e9 seja a nossa inspira\u00e7\u00e3o e nossa prote\u00e7\u00e3o. Aben\u00e7oa, Senhor, a minha, a sua, as nossas fam\u00edlias!<\/p>\n<hr \/>\n<p><a href=\"#_ftnref1\" name=\"_ftn1\">[1]<\/a>Doutor em Teologia B\u00edblica pela FAJE (BH). Mestre em Ci\u00eancias B\u00edblicas (Exegese) pelo Pontif\u00edcio Instituto B\u00edblico de Roma. Professor de Exegese B\u00edblica. \u00c9 membro da Associa\u00e7\u00e3o Brasileira de Pesquisa B\u00edblica (ABIB). Sacerdote Franciscano. Autor de dez livros e coautor de quinze. Youtube: Frei Jacir B\u00edblia e Apocrifos. <a href=\"https:\/\/www.youtube.com\/channel\/UCwbSE97jnR6jQwHRigX1KlQ\">https:\/\/www.youtube.com\/channel\/UCwbSE97jnR6jQwHRigX1KlQ<\/a><\/p>\n","protected":false},"excerpt":{"rendered":"<p>Artigo de Frei Jacir de Freitas Faria<\/p>\n","protected":false},"author":3,"featured_media":191113,"comment_status":"open","ping_status":"open","sticky":false,"template":"","format":"standard","meta":{"footnotes":""},"categories":[26],"tags":[43],"yoast_head":"<!-- This site is optimized with the Yoast SEO plugin v19.4 - https:\/\/yoast.com\/wordpress\/plugins\/seo\/ -->\n<title>A crise nas fam\u00edlias, o mandamento de honrar pai e m\u00e3e (Eclo 3,3-7.14-17) e a Sagrada Fam\u00edlia de Nazar\u00e9 - Vida Crist\u00e3 - Franciscanos<\/title>\n<meta name=\"robots\" content=\"index, follow, max-snippet:-1, max-image-preview:large, max-video-preview:-1\" \/>\n<link rel=\"canonical\" href=\"https:\/\/franciscanos.org.br\/vidacrista\/a-crise-nas-familias-o-mandamento-de-honrar-pai-e-mae-eclo-33-7-14-17-e-a-sagrada-familia-de-nazare\/\" \/>\n<meta property=\"og:locale\" content=\"pt_BR\" \/>\n<meta property=\"og:type\" content=\"article\" \/>\n<meta property=\"og:title\" content=\"A crise nas fam\u00edlias, o mandamento de honrar pai e m\u00e3e (Eclo 3,3-7.14-17) e a Sagrada Fam\u00edlia de Nazar\u00e9 - Vida Crist\u00e3 - Franciscanos\" \/>\n<meta property=\"og:description\" content=\"Artigo de Frei Jacir de Freitas Faria\" \/>\n<meta property=\"og:url\" content=\"https:\/\/franciscanos.org.br\/vidacrista\/a-crise-nas-familias-o-mandamento-de-honrar-pai-e-mae-eclo-33-7-14-17-e-a-sagrada-familia-de-nazare\/\" \/>\n<meta property=\"og:site_name\" content=\"Vida Crist\u00e3 - Franciscanos\" \/>\n<meta property=\"article:published_time\" content=\"2021-12-26T03:17:50+00:00\" \/>\n<meta property=\"article:modified_time\" content=\"2021-12-26T09:09:32+00:00\" \/>\n<meta property=\"og:image\" content=\"https:\/\/franciscanos.org.br\/vidacrista\/wp-content\/uploads\/2021\/12\/familia_2312.jpg\" \/>\n\t<meta property=\"og:image:width\" content=\"840\" \/>\n\t<meta property=\"og:image:height\" content=\"450\" \/>\n\t<meta property=\"og:image:type\" content=\"image\/jpeg\" \/>\n<meta name=\"author\" content=\"moacir\" \/>\n<meta name=\"twitter:card\" content=\"summary_large_image\" \/>\n<meta name=\"twitter:label1\" content=\"Escrito por\" \/>\n\t<meta name=\"twitter:data1\" content=\"moacir\" \/>\n\t<meta name=\"twitter:label2\" content=\"Est. tempo de leitura\" \/>\n\t<meta name=\"twitter:data2\" content=\"6 minutos\" \/>\n<script type=\"application\/ld+json\" class=\"yoast-schema-graph\">{\"@context\":\"https:\/\/schema.org\",\"@graph\":[{\"@type\":\"WebSite\",\"@id\":\"https:\/\/franciscanos.org.br\/vidacrista\/#website\",\"url\":\"https:\/\/franciscanos.org.br\/vidacrista\/\",\"name\":\"Vida Crist\u00e3 - Franciscanos\",\"description\":\"Prov\u00edncia Franciscana da Imaculada Concei\u00e7\u00e3o do Brasil - Ordem dos Frades Menores\",\"potentialAction\":[{\"@type\":\"SearchAction\",\"target\":{\"@type\":\"EntryPoint\",\"urlTemplate\":\"https:\/\/franciscanos.org.br\/vidacrista\/?s={search_term_string}\"},\"query-input\":\"required name=search_term_string\"}],\"inLanguage\":\"pt-BR\"},{\"@type\":\"WebPage\",\"@id\":\"https:\/\/franciscanos.org.br\/vidacrista\/a-crise-nas-familias-o-mandamento-de-honrar-pai-e-mae-eclo-33-7-14-17-e-a-sagrada-familia-de-nazare\/\",\"url\":\"https:\/\/franciscanos.org.br\/vidacrista\/a-crise-nas-familias-o-mandamento-de-honrar-pai-e-mae-eclo-33-7-14-17-e-a-sagrada-familia-de-nazare\/\",\"name\":\"A crise nas fam\u00edlias, o mandamento de honrar pai e m\u00e3e (Eclo 3,3-7.14-17) e a Sagrada Fam\u00edlia de Nazar\u00e9 - Vida Crist\u00e3 - Franciscanos\",\"isPartOf\":{\"@id\":\"https:\/\/franciscanos.org.br\/vidacrista\/#website\"},\"datePublished\":\"2021-12-26T03:17:50+00:00\",\"dateModified\":\"2021-12-26T09:09:32+00:00\",\"author\":{\"@id\":\"https:\/\/franciscanos.org.br\/vidacrista\/#\/schema\/person\/1880bdd2c350b735648725ef7614736a\"},\"breadcrumb\":{\"@id\":\"https:\/\/franciscanos.org.br\/vidacrista\/a-crise-nas-familias-o-mandamento-de-honrar-pai-e-mae-eclo-33-7-14-17-e-a-sagrada-familia-de-nazare\/#breadcrumb\"},\"inLanguage\":\"pt-BR\",\"potentialAction\":[{\"@type\":\"ReadAction\",\"target\":[\"https:\/\/franciscanos.org.br\/vidacrista\/a-crise-nas-familias-o-mandamento-de-honrar-pai-e-mae-eclo-33-7-14-17-e-a-sagrada-familia-de-nazare\/\"]}]},{\"@type\":\"BreadcrumbList\",\"@id\":\"https:\/\/franciscanos.org.br\/vidacrista\/a-crise-nas-familias-o-mandamento-de-honrar-pai-e-mae-eclo-33-7-14-17-e-a-sagrada-familia-de-nazare\/#breadcrumb\",\"itemListElement\":[{\"@type\":\"ListItem\",\"position\":1,\"name\":\"Home\",\"item\":\"https:\/\/franciscanos.org.br\/vidacrista\/\"},{\"@type\":\"ListItem\",\"position\":2,\"name\":\"A crise nas fam\u00edlias, o mandamento de honrar pai e m\u00e3e (Eclo 3,3-7.14-17) e a Sagrada Fam\u00edlia de Nazar\u00e9\"}]},{\"@type\":\"Person\",\"@id\":\"https:\/\/franciscanos.org.br\/vidacrista\/#\/schema\/person\/1880bdd2c350b735648725ef7614736a\",\"name\":\"moacir\",\"image\":{\"@type\":\"ImageObject\",\"inLanguage\":\"pt-BR\",\"@id\":\"https:\/\/franciscanos.org.br\/vidacrista\/#\/schema\/person\/image\/\",\"url\":\"https:\/\/secure.gravatar.com\/avatar\/d08aa2ce4c8dd416d4479aa8536fcf64?s=96&d=mm&r=g\",\"contentUrl\":\"https:\/\/secure.gravatar.com\/avatar\/d08aa2ce4c8dd416d4479aa8536fcf64?s=96&d=mm&r=g\",\"caption\":\"moacir\"},\"url\":\"https:\/\/franciscanos.org.br\/vidacrista\/author\/moacir\/\"}]}<\/script>\n<!-- \/ Yoast SEO plugin. -->","yoast_head_json":{"title":"A crise nas fam\u00edlias, o mandamento de honrar pai e m\u00e3e (Eclo 3,3-7.14-17) e a Sagrada Fam\u00edlia de Nazar\u00e9 - Vida Crist\u00e3 - Franciscanos","robots":{"index":"index","follow":"follow","max-snippet":"max-snippet:-1","max-image-preview":"max-image-preview:large","max-video-preview":"max-video-preview:-1"},"canonical":"https:\/\/franciscanos.org.br\/vidacrista\/a-crise-nas-familias-o-mandamento-de-honrar-pai-e-mae-eclo-33-7-14-17-e-a-sagrada-familia-de-nazare\/","og_locale":"pt_BR","og_type":"article","og_title":"A crise nas fam\u00edlias, o mandamento de honrar pai e m\u00e3e (Eclo 3,3-7.14-17) e a Sagrada Fam\u00edlia de Nazar\u00e9 - Vida Crist\u00e3 - Franciscanos","og_description":"Artigo de Frei Jacir de Freitas Faria","og_url":"https:\/\/franciscanos.org.br\/vidacrista\/a-crise-nas-familias-o-mandamento-de-honrar-pai-e-mae-eclo-33-7-14-17-e-a-sagrada-familia-de-nazare\/","og_site_name":"Vida Crist\u00e3 - Franciscanos","article_published_time":"2021-12-26T03:17:50+00:00","article_modified_time":"2021-12-26T09:09:32+00:00","og_image":[{"width":840,"height":450,"url":"https:\/\/franciscanos.org.br\/vidacrista\/wp-content\/uploads\/2021\/12\/familia_2312.jpg","type":"image\/jpeg"}],"author":"moacir","twitter_card":"summary_large_image","twitter_misc":{"Escrito por":"moacir","Est. tempo de leitura":"6 minutos"},"schema":{"@context":"https:\/\/schema.org","@graph":[{"@type":"WebSite","@id":"https:\/\/franciscanos.org.br\/vidacrista\/#website","url":"https:\/\/franciscanos.org.br\/vidacrista\/","name":"Vida Crist\u00e3 - Franciscanos","description":"Prov\u00edncia Franciscana da Imaculada Concei\u00e7\u00e3o do Brasil - Ordem dos Frades Menores","potentialAction":[{"@type":"SearchAction","target":{"@type":"EntryPoint","urlTemplate":"https:\/\/franciscanos.org.br\/vidacrista\/?s={search_term_string}"},"query-input":"required name=search_term_string"}],"inLanguage":"pt-BR"},{"@type":"WebPage","@id":"https:\/\/franciscanos.org.br\/vidacrista\/a-crise-nas-familias-o-mandamento-de-honrar-pai-e-mae-eclo-33-7-14-17-e-a-sagrada-familia-de-nazare\/","url":"https:\/\/franciscanos.org.br\/vidacrista\/a-crise-nas-familias-o-mandamento-de-honrar-pai-e-mae-eclo-33-7-14-17-e-a-sagrada-familia-de-nazare\/","name":"A crise nas fam\u00edlias, o mandamento de honrar pai e m\u00e3e (Eclo 3,3-7.14-17) e a Sagrada Fam\u00edlia de Nazar\u00e9 - Vida Crist\u00e3 - Franciscanos","isPartOf":{"@id":"https:\/\/franciscanos.org.br\/vidacrista\/#website"},"datePublished":"2021-12-26T03:17:50+00:00","dateModified":"2021-12-26T09:09:32+00:00","author":{"@id":"https:\/\/franciscanos.org.br\/vidacrista\/#\/schema\/person\/1880bdd2c350b735648725ef7614736a"},"breadcrumb":{"@id":"https:\/\/franciscanos.org.br\/vidacrista\/a-crise-nas-familias-o-mandamento-de-honrar-pai-e-mae-eclo-33-7-14-17-e-a-sagrada-familia-de-nazare\/#breadcrumb"},"inLanguage":"pt-BR","potentialAction":[{"@type":"ReadAction","target":["https:\/\/franciscanos.org.br\/vidacrista\/a-crise-nas-familias-o-mandamento-de-honrar-pai-e-mae-eclo-33-7-14-17-e-a-sagrada-familia-de-nazare\/"]}]},{"@type":"BreadcrumbList","@id":"https:\/\/franciscanos.org.br\/vidacrista\/a-crise-nas-familias-o-mandamento-de-honrar-pai-e-mae-eclo-33-7-14-17-e-a-sagrada-familia-de-nazare\/#breadcrumb","itemListElement":[{"@type":"ListItem","position":1,"name":"Home","item":"https:\/\/franciscanos.org.br\/vidacrista\/"},{"@type":"ListItem","position":2,"name":"A crise nas fam\u00edlias, o mandamento de honrar pai e m\u00e3e (Eclo 3,3-7.14-17) e a Sagrada Fam\u00edlia de Nazar\u00e9"}]},{"@type":"Person","@id":"https:\/\/franciscanos.org.br\/vidacrista\/#\/schema\/person\/1880bdd2c350b735648725ef7614736a","name":"moacir","image":{"@type":"ImageObject","inLanguage":"pt-BR","@id":"https:\/\/franciscanos.org.br\/vidacrista\/#\/schema\/person\/image\/","url":"https:\/\/secure.gravatar.com\/avatar\/d08aa2ce4c8dd416d4479aa8536fcf64?s=96&d=mm&r=g","contentUrl":"https:\/\/secure.gravatar.com\/avatar\/d08aa2ce4c8dd416d4479aa8536fcf64?s=96&d=mm&r=g","caption":"moacir"},"url":"https:\/\/franciscanos.org.br\/vidacrista\/author\/moacir\/"}]}},"_links":{"self":[{"href":"https:\/\/franciscanos.org.br\/vidacrista\/wp-json\/wp\/v2\/posts\/191112"}],"collection":[{"href":"https:\/\/franciscanos.org.br\/vidacrista\/wp-json\/wp\/v2\/posts"}],"about":[{"href":"https:\/\/franciscanos.org.br\/vidacrista\/wp-json\/wp\/v2\/types\/post"}],"author":[{"embeddable":true,"href":"https:\/\/franciscanos.org.br\/vidacrista\/wp-json\/wp\/v2\/users\/3"}],"replies":[{"embeddable":true,"href":"https:\/\/franciscanos.org.br\/vidacrista\/wp-json\/wp\/v2\/comments?post=191112"}],"version-history":[{"count":3,"href":"https:\/\/franciscanos.org.br\/vidacrista\/wp-json\/wp\/v2\/posts\/191112\/revisions"}],"predecessor-version":[{"id":191122,"href":"https:\/\/franciscanos.org.br\/vidacrista\/wp-json\/wp\/v2\/posts\/191112\/revisions\/191122"}],"wp:featuredmedia":[{"embeddable":true,"href":"https:\/\/franciscanos.org.br\/vidacrista\/wp-json\/wp\/v2\/media\/191113"}],"wp:attachment":[{"href":"https:\/\/franciscanos.org.br\/vidacrista\/wp-json\/wp\/v2\/media?parent=191112"}],"wp:term":[{"taxonomy":"category","embeddable":true,"href":"https:\/\/franciscanos.org.br\/vidacrista\/wp-json\/wp\/v2\/categories?post=191112"},{"taxonomy":"post_tag","embeddable":true,"href":"https:\/\/franciscanos.org.br\/vidacrista\/wp-json\/wp\/v2\/tags?post=191112"}],"curies":[{"name":"wp","href":"https:\/\/api.w.org\/{rel}","templated":true}]}}