{"id":191107,"date":"2021-12-22T05:43:29","date_gmt":"2021-12-22T08:43:29","guid":{"rendered":"https:\/\/franciscanos.org.br\/vidacrista\/?p=191107"},"modified":"2021-12-22T05:44:05","modified_gmt":"2021-12-22T08:44:05","slug":"joao-batista-precursor-e-evangelizador","status":"publish","type":"post","link":"https:\/\/franciscanos.org.br\/vidacrista\/joao-batista-precursor-e-evangelizador\/","title":{"rendered":"Jo\u00e3o Batista, precursor e evangelizador"},"content":{"rendered":"<div id=\"attachment_191109\" style=\"width: 850px\" class=\"wp-caption alignnone\"><img aria-describedby=\"caption-attachment-191109\" decoding=\"async\" loading=\"lazy\" class=\"wp-image-191109 size-full\" src=\"https:\/\/franciscanos.org.br\/vidacrista\/wp-content\/uploads\/2021\/12\/joao_2212.jpg\" alt=\"\" width=\"840\" height=\"449\" srcset=\"https:\/\/franciscanos.org.br\/vidacrista\/wp-content\/uploads\/2021\/12\/joao_2212.jpg 840w, https:\/\/franciscanos.org.br\/vidacrista\/wp-content\/uploads\/2021\/12\/joao_2212-450x241.jpg 450w, https:\/\/franciscanos.org.br\/vidacrista\/wp-content\/uploads\/2021\/12\/joao_2212-768x411.jpg 768w, https:\/\/franciscanos.org.br\/vidacrista\/wp-content\/uploads\/2021\/12\/joao_2212-150x80.jpg 150w\" sizes=\"(max-width: 840px) 100vw, 840px\" \/><p id=\"caption-attachment-191109\" class=\"wp-caption-text\"><em>\u00a0 \u00a0 \u00a0 \u00a0 \u00a0 \u00a0 \u00a0 \u00a0 \u00a0 \u00a0 \u00a0 \u00a0 \u00a0 \u00a0 \u00a0 \u00a0 \u00a0 \u00a0 \u00a0 \u00a0 \u00a0 Imagem: &#8220;Jo\u00e3o, Pregador&#8221;, de Mattia Preti (wikipedia, dom\u00ednio p\u00fablico)<\/em><\/p><\/div>\n<p>Dentro do espa\u00e7o do Ano Lit\u00fargico, a Liturgia do Advento rememora tr\u00eas grandes personagens b\u00edblicos: a m\u00e3e Maria, o profeta Isa\u00edas e o precursor Jo\u00e3o Batista.<\/p>\n<p>A primeira assume o compromisso de m\u00e3e do Salvador \u2013 miss\u00e3o que nem sempre estava clara em sua vida \u2013 mas a acolheu e a \u201cmeditava em seu cora\u00e7\u00e3o\u201d (Lc 2,19).<\/p>\n<p>Isa\u00edas profetizou que um pequeno grupo, o \u2018resto de Israel\u2019, retornaria do ex\u00edlio babil\u00f4nico (s\u00e9culo V a.C) para reconstruir o pa\u00eds e o Templo. A pressa era tanta que dizia: endireitem um caminho no deserto, aterrem os vales e nivelem os montes (cf. Is 40,1-5).<\/p>\n<p>Jo\u00e3o Batista assume estas palavras, dando-lhes um sentido similar ao gritar no deserto da Judeia: endireitem vossas vidas porque o Messias est\u00e1 \u00e0s portas e o \u201cReino de Deus est\u00e1 pr\u00f3ximo\u201d (cf. Mt 3,1-2).<\/p>\n<p>As multid\u00f5es aflu\u00edam de todas as regi\u00f5es (cf. Mt 3,5) e ele as conclamava: partilhem o p\u00e3o e as vestes que tendes! Aos publicanos, orientava-os para que n\u00e3o \u2018cobrassem al\u00e9m da taxa\u2019 e aos soldados que agissem \u2018sem viol\u00eancia ou den\u00fancias falsas\u2019 (cf. Lc 3,10-14).<\/p>\n<p>Os que aderiam a este apelo, levava-os ao rio Jord\u00e3o e dava-lhes um banho, como que \u2018limpando suas vidas\u2019 em vista da chegada do Messias. \u00c9 o batismo \u2018da penit\u00eancia para o perd\u00e3o dos pecados\u2019 (Mc 1,4).<\/p>\n<p>Aos que n\u00e3o se sujeitavam \u00e0 mudan\u00e7a de vida, mandava-os embora com as duras palavras de \u2018cobras venenosas\u2019 porque, para acolherem o Messias, n\u00e3o basta ter a \u2018descend\u00eancia de Abra\u00e3o\u2019. \u00c9 preciso produzir \u2018dignos frutos de penit\u00eancia\u2019, caso contr\u00e1rio \u201co machado est\u00e1 posto \u00e0 raiz da \u00e1rvore e toda a \u00e1rvore que n\u00e3o der fruto ser\u00e1 cortada e lan\u00e7ada ao fogo (cf. Mt 3,1-10).<\/p>\n<p>Diante deste personagem t\u00e3o vibrante e seguro, muitos, no seu \u00edntimo, ponderavam: \u2018n\u00e3o ser ele o Messias\u2019 (Lc 3,15)? Jo\u00e3o, categoricamente, o negava: \u201cEu n\u00e3o ou o Messias\u201d (Jo 3,28). \u201cEu vos batizo com a \u00e1gua para o perd\u00e3o dos pecados, mas Ele vos batizar\u00e1 no Esp\u00edrito Santo e no fogo\u201d (Mt 3,11). \u201cDele n\u00e3o sou digno de desatar suas sand\u00e1lias\u201d (Mc 1,7).<\/p>\n<p>Estas breves considera\u00e7\u00f5es mostram as virtudes de um precursor consciente, bem como as de um evangelizador.<\/p>\n<p>Zacarias, seu pai, era sacerdote, mas ele n\u00e3o exerce tal fun\u00e7\u00e3o. Desde cedo, retira-se para o deserto (cf. Lc 1,80), alimenta-se com \u2018gafanhotos e mel silvestre\u2019 e suas vestes s\u00e3o \u2018peles de camelo\u2019 (Mt 3,4).<\/p>\n<p>Mesmo vivendo nesta frugalidade, era um homem forte e sadio, e sua voz ecoava pelo Jord\u00e3o afora. N\u00e3o morreu por causa de uma idade avan\u00e7ada ou por motivos de doen\u00e7a. Ele foi preso e decapitado por censurar, duramente, as veleidades ad\u00falteras de Herodes Antipas (cf. Mc 6,14-29).<\/p>\n<p>Jo\u00e3o Batista \u00e9 um evangelizador que formou seus pr\u00f3prios disc\u00edpulos, especialmente, no jejum e na ora\u00e7\u00e3o (cf. Mc 2,18-22). Estando na pris\u00e3o, enviou dois deles para certificar-se sobre as obras de Jesus (Mt 11,1-6).<\/p>\n<p>Sua evangeliza\u00e7\u00e3o era t\u00e3o forte que, at\u00e9 fora da Palestina, tinha disc\u00edpulos, pois, na comunidade de \u00c9feso, havia doze deles que n\u00e3o conheciam o batismo de Jesus, apenas o de Jo\u00e3o (cf. At 19,1-6).<\/p>\n<p>O pr\u00f3prio Jesus se rende \u00e0 sua pessoa e o elogia. Por tr\u00eas vezes, ressalta sua forte personalidade que s\u00e3o verdadeiros requisitos para um mission\u00e1rio:<\/p>\n<p>\u00c9 um evangelizador convicto e n\u00e3o um cani\u00e7o que pende conforme o vento sopra (cf. Mt 11,7).<\/p>\n<p>\u00c9 o novo Elias, muito maior que um profeta porque une, harmoniosamente, o Antigo com o Novo Testamento: \u201cA Lei e os Profetas duraram at\u00e9 Jo\u00e3o; desde ent\u00e3o, o Evangelho \u00e9 anunciado a todos\u201d (cf. Lc 16,16).<\/p>\n<p>Finalmente, \u201centre os nascidos de mulher, n\u00e3o h\u00e1 ningu\u00e9m maior que Jo\u00e3o Batista\u201d (Mt 11,11).<\/p>\n<p>Por fim, percebemos que Jo\u00e3o se faz presente no meio do povo, pelos muitos que se chamam \u2018Jo\u00e3o ou Joana\u2019 e pelas festas juninas. Ele, tamb\u00e9m, \u00e9 festejado nas Igrejas Anglicana, Luterana e Ortodoxa. Esta \u00faltima, o celebra no dia 24 de junho (solst\u00edcio de ver\u00e3o) com festas durante o dia e \u00e0 noite, uma vig\u00edlia.<\/p>\n<p>N\u00e3o nos faltam exemplos para bem vivenciarmos o Advento e contagiarmo-nos por um maior ardor mission\u00e1rio. Atrav\u00e9s deles, poderemos concretizar nosso encontro pessoal com o Cristo pela medita\u00e7\u00e3o (deserto), jejum e penit\u00eancia, bem como, por um renovado \u00e2nimo para encarnarmo-nos numa \u201cIgreja em sa\u00edda\u201d.<\/p>\n<hr \/>\n<p><strong>Frei Luiz Iakovacz, OFM<\/strong>,<em>\u00a0frade desta Prov\u00edncia da Imaculada, reside na Par\u00f3quia Nossa Senhora do Ros\u00e1rio, em Conc\u00f3rdia, SC.<\/em><\/p>\n","protected":false},"excerpt":{"rendered":"<p>Artigo de Frei Luiz Iakovacz<\/p>\n","protected":false},"author":3,"featured_media":191109,"comment_status":"open","ping_status":"open","sticky":false,"template":"","format":"standard","meta":{"footnotes":""},"categories":[26],"tags":[208],"yoast_head":"<!-- This site is optimized with the Yoast SEO plugin v19.4 - https:\/\/yoast.com\/wordpress\/plugins\/seo\/ -->\n<title>Jo\u00e3o Batista, precursor e evangelizador - Vida Crist\u00e3 - Franciscanos<\/title>\n<meta name=\"robots\" content=\"index, follow, max-snippet:-1, max-image-preview:large, max-video-preview:-1\" \/>\n<link rel=\"canonical\" href=\"https:\/\/franciscanos.org.br\/vidacrista\/joao-batista-precursor-e-evangelizador\/\" \/>\n<meta property=\"og:locale\" content=\"pt_BR\" \/>\n<meta property=\"og:type\" content=\"article\" \/>\n<meta property=\"og:title\" content=\"Jo\u00e3o Batista, precursor e evangelizador - Vida Crist\u00e3 - Franciscanos\" \/>\n<meta property=\"og:description\" content=\"Artigo de Frei Luiz Iakovacz\" \/>\n<meta property=\"og:url\" content=\"https:\/\/franciscanos.org.br\/vidacrista\/joao-batista-precursor-e-evangelizador\/\" \/>\n<meta property=\"og:site_name\" content=\"Vida Crist\u00e3 - Franciscanos\" \/>\n<meta property=\"article:published_time\" content=\"2021-12-22T08:43:29+00:00\" \/>\n<meta property=\"article:modified_time\" content=\"2021-12-22T08:44:05+00:00\" \/>\n<meta property=\"og:image\" content=\"https:\/\/franciscanos.org.br\/vidacrista\/wp-content\/uploads\/2021\/12\/joao_2212.jpg\" \/>\n\t<meta property=\"og:image:width\" content=\"840\" \/>\n\t<meta property=\"og:image:height\" content=\"449\" \/>\n\t<meta property=\"og:image:type\" content=\"image\/jpeg\" \/>\n<meta name=\"author\" content=\"moacir\" \/>\n<meta name=\"twitter:card\" content=\"summary_large_image\" \/>\n<meta name=\"twitter:label1\" content=\"Escrito por\" \/>\n\t<meta name=\"twitter:data1\" content=\"moacir\" \/>\n\t<meta name=\"twitter:label2\" content=\"Est. tempo de leitura\" \/>\n\t<meta name=\"twitter:data2\" content=\"4 minutos\" \/>\n<script type=\"application\/ld+json\" class=\"yoast-schema-graph\">{\"@context\":\"https:\/\/schema.org\",\"@graph\":[{\"@type\":\"WebSite\",\"@id\":\"https:\/\/franciscanos.org.br\/vidacrista\/#website\",\"url\":\"https:\/\/franciscanos.org.br\/vidacrista\/\",\"name\":\"Vida Crist\u00e3 - Franciscanos\",\"description\":\"Prov\u00edncia Franciscana da Imaculada Concei\u00e7\u00e3o do Brasil - Ordem dos Frades Menores\",\"potentialAction\":[{\"@type\":\"SearchAction\",\"target\":{\"@type\":\"EntryPoint\",\"urlTemplate\":\"https:\/\/franciscanos.org.br\/vidacrista\/?s={search_term_string}\"},\"query-input\":\"required name=search_term_string\"}],\"inLanguage\":\"pt-BR\"},{\"@type\":\"WebPage\",\"@id\":\"https:\/\/franciscanos.org.br\/vidacrista\/joao-batista-precursor-e-evangelizador\/\",\"url\":\"https:\/\/franciscanos.org.br\/vidacrista\/joao-batista-precursor-e-evangelizador\/\",\"name\":\"Jo\u00e3o Batista, precursor e evangelizador - Vida Crist\u00e3 - Franciscanos\",\"isPartOf\":{\"@id\":\"https:\/\/franciscanos.org.br\/vidacrista\/#website\"},\"datePublished\":\"2021-12-22T08:43:29+00:00\",\"dateModified\":\"2021-12-22T08:44:05+00:00\",\"author\":{\"@id\":\"https:\/\/franciscanos.org.br\/vidacrista\/#\/schema\/person\/1880bdd2c350b735648725ef7614736a\"},\"breadcrumb\":{\"@id\":\"https:\/\/franciscanos.org.br\/vidacrista\/joao-batista-precursor-e-evangelizador\/#breadcrumb\"},\"inLanguage\":\"pt-BR\",\"potentialAction\":[{\"@type\":\"ReadAction\",\"target\":[\"https:\/\/franciscanos.org.br\/vidacrista\/joao-batista-precursor-e-evangelizador\/\"]}]},{\"@type\":\"BreadcrumbList\",\"@id\":\"https:\/\/franciscanos.org.br\/vidacrista\/joao-batista-precursor-e-evangelizador\/#breadcrumb\",\"itemListElement\":[{\"@type\":\"ListItem\",\"position\":1,\"name\":\"Home\",\"item\":\"https:\/\/franciscanos.org.br\/vidacrista\/\"},{\"@type\":\"ListItem\",\"position\":2,\"name\":\"Jo\u00e3o Batista, precursor e evangelizador\"}]},{\"@type\":\"Person\",\"@id\":\"https:\/\/franciscanos.org.br\/vidacrista\/#\/schema\/person\/1880bdd2c350b735648725ef7614736a\",\"name\":\"moacir\",\"image\":{\"@type\":\"ImageObject\",\"inLanguage\":\"pt-BR\",\"@id\":\"https:\/\/franciscanos.org.br\/vidacrista\/#\/schema\/person\/image\/\",\"url\":\"https:\/\/secure.gravatar.com\/avatar\/d08aa2ce4c8dd416d4479aa8536fcf64?s=96&d=mm&r=g\",\"contentUrl\":\"https:\/\/secure.gravatar.com\/avatar\/d08aa2ce4c8dd416d4479aa8536fcf64?s=96&d=mm&r=g\",\"caption\":\"moacir\"},\"url\":\"https:\/\/franciscanos.org.br\/vidacrista\/author\/moacir\/\"}]}<\/script>\n<!-- \/ Yoast SEO plugin. -->","yoast_head_json":{"title":"Jo\u00e3o Batista, precursor e evangelizador - Vida Crist\u00e3 - Franciscanos","robots":{"index":"index","follow":"follow","max-snippet":"max-snippet:-1","max-image-preview":"max-image-preview:large","max-video-preview":"max-video-preview:-1"},"canonical":"https:\/\/franciscanos.org.br\/vidacrista\/joao-batista-precursor-e-evangelizador\/","og_locale":"pt_BR","og_type":"article","og_title":"Jo\u00e3o Batista, precursor e evangelizador - Vida Crist\u00e3 - Franciscanos","og_description":"Artigo de Frei Luiz Iakovacz","og_url":"https:\/\/franciscanos.org.br\/vidacrista\/joao-batista-precursor-e-evangelizador\/","og_site_name":"Vida Crist\u00e3 - Franciscanos","article_published_time":"2021-12-22T08:43:29+00:00","article_modified_time":"2021-12-22T08:44:05+00:00","og_image":[{"width":840,"height":449,"url":"https:\/\/franciscanos.org.br\/vidacrista\/wp-content\/uploads\/2021\/12\/joao_2212.jpg","type":"image\/jpeg"}],"author":"moacir","twitter_card":"summary_large_image","twitter_misc":{"Escrito por":"moacir","Est. tempo de leitura":"4 minutos"},"schema":{"@context":"https:\/\/schema.org","@graph":[{"@type":"WebSite","@id":"https:\/\/franciscanos.org.br\/vidacrista\/#website","url":"https:\/\/franciscanos.org.br\/vidacrista\/","name":"Vida Crist\u00e3 - Franciscanos","description":"Prov\u00edncia Franciscana da Imaculada Concei\u00e7\u00e3o do Brasil - Ordem dos Frades Menores","potentialAction":[{"@type":"SearchAction","target":{"@type":"EntryPoint","urlTemplate":"https:\/\/franciscanos.org.br\/vidacrista\/?s={search_term_string}"},"query-input":"required name=search_term_string"}],"inLanguage":"pt-BR"},{"@type":"WebPage","@id":"https:\/\/franciscanos.org.br\/vidacrista\/joao-batista-precursor-e-evangelizador\/","url":"https:\/\/franciscanos.org.br\/vidacrista\/joao-batista-precursor-e-evangelizador\/","name":"Jo\u00e3o Batista, precursor e evangelizador - Vida Crist\u00e3 - Franciscanos","isPartOf":{"@id":"https:\/\/franciscanos.org.br\/vidacrista\/#website"},"datePublished":"2021-12-22T08:43:29+00:00","dateModified":"2021-12-22T08:44:05+00:00","author":{"@id":"https:\/\/franciscanos.org.br\/vidacrista\/#\/schema\/person\/1880bdd2c350b735648725ef7614736a"},"breadcrumb":{"@id":"https:\/\/franciscanos.org.br\/vidacrista\/joao-batista-precursor-e-evangelizador\/#breadcrumb"},"inLanguage":"pt-BR","potentialAction":[{"@type":"ReadAction","target":["https:\/\/franciscanos.org.br\/vidacrista\/joao-batista-precursor-e-evangelizador\/"]}]},{"@type":"BreadcrumbList","@id":"https:\/\/franciscanos.org.br\/vidacrista\/joao-batista-precursor-e-evangelizador\/#breadcrumb","itemListElement":[{"@type":"ListItem","position":1,"name":"Home","item":"https:\/\/franciscanos.org.br\/vidacrista\/"},{"@type":"ListItem","position":2,"name":"Jo\u00e3o Batista, precursor e evangelizador"}]},{"@type":"Person","@id":"https:\/\/franciscanos.org.br\/vidacrista\/#\/schema\/person\/1880bdd2c350b735648725ef7614736a","name":"moacir","image":{"@type":"ImageObject","inLanguage":"pt-BR","@id":"https:\/\/franciscanos.org.br\/vidacrista\/#\/schema\/person\/image\/","url":"https:\/\/secure.gravatar.com\/avatar\/d08aa2ce4c8dd416d4479aa8536fcf64?s=96&d=mm&r=g","contentUrl":"https:\/\/secure.gravatar.com\/avatar\/d08aa2ce4c8dd416d4479aa8536fcf64?s=96&d=mm&r=g","caption":"moacir"},"url":"https:\/\/franciscanos.org.br\/vidacrista\/author\/moacir\/"}]}},"_links":{"self":[{"href":"https:\/\/franciscanos.org.br\/vidacrista\/wp-json\/wp\/v2\/posts\/191107"}],"collection":[{"href":"https:\/\/franciscanos.org.br\/vidacrista\/wp-json\/wp\/v2\/posts"}],"about":[{"href":"https:\/\/franciscanos.org.br\/vidacrista\/wp-json\/wp\/v2\/types\/post"}],"author":[{"embeddable":true,"href":"https:\/\/franciscanos.org.br\/vidacrista\/wp-json\/wp\/v2\/users\/3"}],"replies":[{"embeddable":true,"href":"https:\/\/franciscanos.org.br\/vidacrista\/wp-json\/wp\/v2\/comments?post=191107"}],"version-history":[{"count":2,"href":"https:\/\/franciscanos.org.br\/vidacrista\/wp-json\/wp\/v2\/posts\/191107\/revisions"}],"predecessor-version":[{"id":191111,"href":"https:\/\/franciscanos.org.br\/vidacrista\/wp-json\/wp\/v2\/posts\/191107\/revisions\/191111"}],"wp:featuredmedia":[{"embeddable":true,"href":"https:\/\/franciscanos.org.br\/vidacrista\/wp-json\/wp\/v2\/media\/191109"}],"wp:attachment":[{"href":"https:\/\/franciscanos.org.br\/vidacrista\/wp-json\/wp\/v2\/media?parent=191107"}],"wp:term":[{"taxonomy":"category","embeddable":true,"href":"https:\/\/franciscanos.org.br\/vidacrista\/wp-json\/wp\/v2\/categories?post=191107"},{"taxonomy":"post_tag","embeddable":true,"href":"https:\/\/franciscanos.org.br\/vidacrista\/wp-json\/wp\/v2\/tags?post=191107"}],"curies":[{"name":"wp","href":"https:\/\/api.w.org\/{rel}","templated":true}]}}