{"id":191094,"date":"2021-12-16T07:56:48","date_gmt":"2021-12-16T10:56:48","guid":{"rendered":"https:\/\/franciscanos.org.br\/vidacrista\/?p=191094"},"modified":"2021-12-16T07:57:17","modified_gmt":"2021-12-16T10:57:17","slug":"nao-podemos-chamar-deus-de-pai-se-nao-temos-o-proximo-como-irmao","status":"publish","type":"post","link":"https:\/\/franciscanos.org.br\/vidacrista\/nao-podemos-chamar-deus-de-pai-se-nao-temos-o-proximo-como-irmao\/","title":{"rendered":"N\u00e3o podemos chamar Deus de pai se n\u00e3o temos o pr\u00f3ximo como irm\u00e3o!"},"content":{"rendered":"<div id=\"attachment_191095\" style=\"width: 850px\" class=\"wp-caption alignnone\"><img aria-describedby=\"caption-attachment-191095\" decoding=\"async\" loading=\"lazy\" class=\"wp-image-191095 size-full\" src=\"https:\/\/franciscanos.org.br\/vidacrista\/wp-content\/uploads\/2021\/12\/filhoprodigo_1612.jpg\" alt=\"\" width=\"840\" height=\"450\" srcset=\"https:\/\/franciscanos.org.br\/vidacrista\/wp-content\/uploads\/2021\/12\/filhoprodigo_1612.jpg 840w, https:\/\/franciscanos.org.br\/vidacrista\/wp-content\/uploads\/2021\/12\/filhoprodigo_1612-450x241.jpg 450w, https:\/\/franciscanos.org.br\/vidacrista\/wp-content\/uploads\/2021\/12\/filhoprodigo_1612-768x411.jpg 768w, https:\/\/franciscanos.org.br\/vidacrista\/wp-content\/uploads\/2021\/12\/filhoprodigo_1612-150x80.jpg 150w\" sizes=\"(max-width: 840px) 100vw, 840px\" \/><p id=\"caption-attachment-191095\" class=\"wp-caption-text\"><em>\u00a0 \u00a0 \u00a0 \u00a0 \u00a0 \u00a0 \u00a0 \u00a0 \u00a0 \u00a0 \u00a0 \u00a0 \u00a0 \u00a0 \u00a0 \u00a0 \u00a0 \u00a0 \u00a0 \u00a0 \u00a0 \u00a0 \u00a0 \u00a0 Imagem: &#8220;O retorno do Filho Pr\u00f3digo&#8221; (Wikimedia Commons, dom\u00ednio p\u00fablico)<\/em><\/p><\/div>\n<p><strong>Robson Ribeiro de Oliveira Castro<\/strong><\/p>\n<p>No dia 03\/12, o frade capuchinho e pregador da Casa Pontif\u00edcia, o Cardeal Raniero Cantalamessa, fez \u00e0 C\u00faria Romana, na Sala Paulo VI, no Vaticano, a Primeira Prega\u00e7\u00e3o do Advento, intitulada \u201cDeus enviou o seu Filho para que todos receb\u00eassemos a filia\u00e7\u00e3o adotiva\u201d.<\/p>\n<p>Neste texto, gostaria de chamar a aten\u00e7\u00e3o para uma fala de S\u00e3o Cipriano, no contexto da fala do Cardeal Cantalamessa, que \u00e9 sempre muito enf\u00e1tico e direto em suas prega\u00e7\u00f5es.<\/p>\n<p>A frase de S\u00e3o Cipriano dizia: \u201cN\u00e3o pode ter Deus como pai quem n\u00e3o tem a Igreja como m\u00e3e\u201d. Devemos acrescentar: \u201cN\u00e3o pode ter Deus por pai quem n\u00e3o tem o pr\u00f3ximo como irm\u00e3o\u201d.<\/p>\n<p>Tal texto nos remete \u00e0 condi\u00e7\u00e3o de filhos e filhas de Deus. Somos convocados a olhar com carinho e miseric\u00f3rdia a todos e todas. \u00c9 preciso compreender a vida humana, tudo que existe merece respeito e tem dignidade de existir. Para tanto \u00e9 necess\u00e1rio tamb\u00e9m que, \u00e0 luz da ci\u00eancia, tenhamos consci\u00eancia \u00a0que estamos em uma grande obra da cria\u00e7\u00e3o e que somos seres e rela\u00e7\u00e3o.<\/p>\n<p>Infelizmente, vivemos em uma sociedade que s\u00f3 visa o lucro e o ser humano se tornou mais uma mercadoria a ser utilizada e descartada. Nossa vida se pauta em uma quest\u00e3o econ\u00f4mica. Infelizmente, ainda prevalece o interesse econ\u00f4mico das grandes empresas que visam o lucro e colocam em risco a vida humana. Com a atual cultura do descart\u00e1vel, como nos apresenta o Papa Francisco, h\u00e1 uma tend\u00eancia a tornar a vida humana como \u201cparte do neg\u00f3cio\u201d, algo que se pode barganhar. Estamos diante de um \u201cmercado da morte\u201d, no qual o ser humano \u00e9 um artigo a mais.<\/p>\n<p>Por isso, \u00e9 necess\u00e1rio mudar! \u00c9 preciso olhar para a forma como tratamos os outros e que fa\u00e7amos o caminho da \u00e9tica do cuidado, pautado no bem comum e preocupa\u00e7\u00e3o com os mais fr\u00e1geis da sociedade. \u00c9 preciso, urgentemente, respeitar o outro e, portanto, respeitar a cada indiv\u00edduo, atento \u00e0 verdadeira convers\u00e3o da consci\u00eancia, atrelado ao conhecimento cient\u00edfico para pensar o bem do pr\u00f3ximo e n\u00e3o o meu pr\u00f3prio bem-estar. \u00c9 a partir desta concep\u00e7\u00e3o que devemos observar na realidade o que temos de bom e como tratar o outro.<\/p>\n<p>Devemos ter cuidado com a vida, respeitar o pr\u00f3ximo e, principalmente, o respeito \u00e0s gera\u00e7\u00f5es. Uma conduta moral duvidosa, sem apre\u00e7o \u00e0 vida, nos leva a deixar de vivenciar os melhores momentos. Por isso, ter esperan\u00e7a, ou esperan\u00e7ar, \u00e9 ter iniciativa, \u00e9 ir ao encontro, \u00e9 socorrer os necessitados, os fragilizados. Diante dos desafios, somos chamados a nos colocar no processo de reinven\u00e7\u00e3o do cotidiano. Um mundo realmente novo s\u00f3 ser\u00e1 poss\u00edvel sob a condi\u00e7\u00e3o de sermos respons\u00e1veis por ajudar a construir a mudan\u00e7a que esperamos e de ousar em construir, neste mundo, um bom lugar para se viver.<\/p>\n<p>Pra tanto, o pregador da Casa Pontif\u00edcia observou que se come\u00e7a a entrever, na prega\u00e7\u00e3o de Jesus, a verdadeira novidade que mudar\u00e1 tudo: <em>\u201cDeus n\u00e3o \u00e9 pai apenas em sentido metaf\u00f3rico e moral, enquanto criou e cuida do seu povo. \u00c9 tamb\u00e9m \u2013 e antes de tudo \u2013 verdadeiro pai de um verdadeiro filho gerado \u201cantes da aurora\u201d, ou seja, antes do in\u00edcio do tempo, e ser\u00e1 gra\u00e7as a este Filho \u00fanico que os homens poder\u00e3o se tornar tamb\u00e9m eles filhos de Deus em sentido real e n\u00e3o apenas metaf\u00f3rico\u201d.<\/em><\/p>\n<p>Cantalamessa ressaltou que para expressar a plenitude deste mist\u00e9rio \u00e9 preciso considerar que <em>\u201cDeus n\u00e3o nos transmite apenas o nome de filhos, mas tamb\u00e9m a sua vida \u00edntima, o seu Esp\u00edrito, que \u00e9, por assim dizer, o seu DNA. Pelo batismo, em n\u00f3s corre a mesma vida de Deus\u201d.<\/em><\/p>\n<p>Raniero Cantalamessa continua sua prega\u00e7\u00e3o e nos d\u00e1 um alerta sobre a condi\u00e7\u00e3o de filhos e filhas pelo batismo: \u201cN\u00f3s, crist\u00e3os, damos frequentemente por certa esta realidade de ser filhos de Deus. Ao contr\u00e1rio, \u00e9 bom recordar sempre com gratid\u00e3o o momento em que nos tornamos tais, o do nosso batismo, para viver com maior consci\u00eancia o grande dom recebido\u201d.<\/p>\n<p>Sendo assim, \u00e9 urgente observar o caminho vivido por todos e todas, atuantes e comprometidos com o respeito aos mais necessitados e a nossa grande fam\u00edlia de irm\u00e3os e irm\u00e3s. Jesus deve ser nosso exemplo a ser seguido pela sua \u00e9tica; pelo seu comportamento, costumes, h\u00e1bito, car\u00e1ter, modo de ser e de agir. Jesus assumiu sua conduta aut\u00eantica em uma sociedade contr\u00e1ria a tudo que ele pregava. Ele veio transformar o mundo, a come\u00e7ar com a sociedade de sua \u00e9poca, desejava faz\u00ea-la refletir e mudar seu posicionamento frente ao legalismo exacerbado. Assim, tratar o pr\u00f3ximo com respeito \u00e9 fazer valer o amor criador de Deus e sua proposta de viv\u00eancia para o ser humano.<\/p>\n<hr \/>\n<p><strong>Robson Ribeiro de Oliveira Castro Chaves<\/strong>\u00a0<em>\u00e9 mestre em Teologia pela Faculdade Jesu\u00edta de Filosofia e Teologia (FAJE), em BH, professor de teologia no Instituto Teol\u00f3gico Franciscano (ITF), em Petr\u00f3polis (RJ) e membro do Conselho Regional de Forma\u00e7\u00e3o (CRF) \u2013 LESTE II do CNLB.<\/em><\/p>\n","protected":false},"excerpt":{"rendered":"<p>Artigo de Robson Ribeiro de Oliveira Castro<\/p>\n","protected":false},"author":3,"featured_media":191095,"comment_status":"open","ping_status":"open","sticky":false,"template":"","format":"standard","meta":{"footnotes":""},"categories":[26],"tags":[328],"yoast_head":"<!-- This site is optimized with the Yoast SEO plugin v19.4 - https:\/\/yoast.com\/wordpress\/plugins\/seo\/ -->\n<title>N\u00e3o podemos chamar Deus de pai se n\u00e3o temos o pr\u00f3ximo como irm\u00e3o! - Vida Crist\u00e3 - Franciscanos<\/title>\n<meta name=\"robots\" content=\"index, follow, max-snippet:-1, max-image-preview:large, max-video-preview:-1\" \/>\n<link rel=\"canonical\" href=\"https:\/\/franciscanos.org.br\/vidacrista\/nao-podemos-chamar-deus-de-pai-se-nao-temos-o-proximo-como-irmao\/\" \/>\n<meta property=\"og:locale\" content=\"pt_BR\" \/>\n<meta property=\"og:type\" content=\"article\" \/>\n<meta property=\"og:title\" content=\"N\u00e3o podemos chamar Deus de pai se n\u00e3o temos o pr\u00f3ximo como irm\u00e3o! - Vida Crist\u00e3 - Franciscanos\" \/>\n<meta property=\"og:description\" content=\"Artigo de Robson Ribeiro de Oliveira Castro\" \/>\n<meta property=\"og:url\" content=\"https:\/\/franciscanos.org.br\/vidacrista\/nao-podemos-chamar-deus-de-pai-se-nao-temos-o-proximo-como-irmao\/\" \/>\n<meta property=\"og:site_name\" content=\"Vida Crist\u00e3 - Franciscanos\" \/>\n<meta property=\"article:published_time\" content=\"2021-12-16T10:56:48+00:00\" \/>\n<meta property=\"article:modified_time\" content=\"2021-12-16T10:57:17+00:00\" \/>\n<meta property=\"og:image\" content=\"https:\/\/franciscanos.org.br\/vidacrista\/wp-content\/uploads\/2021\/12\/filhoprodigo_1612.jpg\" \/>\n\t<meta property=\"og:image:width\" content=\"840\" \/>\n\t<meta property=\"og:image:height\" content=\"450\" \/>\n\t<meta property=\"og:image:type\" content=\"image\/jpeg\" \/>\n<meta name=\"author\" content=\"moacir\" \/>\n<meta name=\"twitter:card\" content=\"summary_large_image\" \/>\n<meta name=\"twitter:label1\" content=\"Escrito por\" \/>\n\t<meta name=\"twitter:data1\" content=\"moacir\" \/>\n\t<meta name=\"twitter:label2\" content=\"Est. tempo de leitura\" \/>\n\t<meta name=\"twitter:data2\" content=\"5 minutos\" \/>\n<script type=\"application\/ld+json\" class=\"yoast-schema-graph\">{\"@context\":\"https:\/\/schema.org\",\"@graph\":[{\"@type\":\"WebSite\",\"@id\":\"https:\/\/franciscanos.org.br\/vidacrista\/#website\",\"url\":\"https:\/\/franciscanos.org.br\/vidacrista\/\",\"name\":\"Vida Crist\u00e3 - Franciscanos\",\"description\":\"Prov\u00edncia Franciscana da Imaculada Concei\u00e7\u00e3o do Brasil - Ordem dos Frades Menores\",\"potentialAction\":[{\"@type\":\"SearchAction\",\"target\":{\"@type\":\"EntryPoint\",\"urlTemplate\":\"https:\/\/franciscanos.org.br\/vidacrista\/?s={search_term_string}\"},\"query-input\":\"required name=search_term_string\"}],\"inLanguage\":\"pt-BR\"},{\"@type\":\"WebPage\",\"@id\":\"https:\/\/franciscanos.org.br\/vidacrista\/nao-podemos-chamar-deus-de-pai-se-nao-temos-o-proximo-como-irmao\/\",\"url\":\"https:\/\/franciscanos.org.br\/vidacrista\/nao-podemos-chamar-deus-de-pai-se-nao-temos-o-proximo-como-irmao\/\",\"name\":\"N\u00e3o podemos chamar Deus de pai se n\u00e3o temos o pr\u00f3ximo como irm\u00e3o! - Vida Crist\u00e3 - Franciscanos\",\"isPartOf\":{\"@id\":\"https:\/\/franciscanos.org.br\/vidacrista\/#website\"},\"datePublished\":\"2021-12-16T10:56:48+00:00\",\"dateModified\":\"2021-12-16T10:57:17+00:00\",\"author\":{\"@id\":\"https:\/\/franciscanos.org.br\/vidacrista\/#\/schema\/person\/1880bdd2c350b735648725ef7614736a\"},\"breadcrumb\":{\"@id\":\"https:\/\/franciscanos.org.br\/vidacrista\/nao-podemos-chamar-deus-de-pai-se-nao-temos-o-proximo-como-irmao\/#breadcrumb\"},\"inLanguage\":\"pt-BR\",\"potentialAction\":[{\"@type\":\"ReadAction\",\"target\":[\"https:\/\/franciscanos.org.br\/vidacrista\/nao-podemos-chamar-deus-de-pai-se-nao-temos-o-proximo-como-irmao\/\"]}]},{\"@type\":\"BreadcrumbList\",\"@id\":\"https:\/\/franciscanos.org.br\/vidacrista\/nao-podemos-chamar-deus-de-pai-se-nao-temos-o-proximo-como-irmao\/#breadcrumb\",\"itemListElement\":[{\"@type\":\"ListItem\",\"position\":1,\"name\":\"Home\",\"item\":\"https:\/\/franciscanos.org.br\/vidacrista\/\"},{\"@type\":\"ListItem\",\"position\":2,\"name\":\"N\u00e3o podemos chamar Deus de pai se n\u00e3o temos o pr\u00f3ximo como irm\u00e3o!\"}]},{\"@type\":\"Person\",\"@id\":\"https:\/\/franciscanos.org.br\/vidacrista\/#\/schema\/person\/1880bdd2c350b735648725ef7614736a\",\"name\":\"moacir\",\"image\":{\"@type\":\"ImageObject\",\"inLanguage\":\"pt-BR\",\"@id\":\"https:\/\/franciscanos.org.br\/vidacrista\/#\/schema\/person\/image\/\",\"url\":\"https:\/\/secure.gravatar.com\/avatar\/d08aa2ce4c8dd416d4479aa8536fcf64?s=96&d=mm&r=g\",\"contentUrl\":\"https:\/\/secure.gravatar.com\/avatar\/d08aa2ce4c8dd416d4479aa8536fcf64?s=96&d=mm&r=g\",\"caption\":\"moacir\"},\"url\":\"https:\/\/franciscanos.org.br\/vidacrista\/author\/moacir\/\"}]}<\/script>\n<!-- \/ Yoast SEO plugin. -->","yoast_head_json":{"title":"N\u00e3o podemos chamar Deus de pai se n\u00e3o temos o pr\u00f3ximo como irm\u00e3o! - Vida Crist\u00e3 - Franciscanos","robots":{"index":"index","follow":"follow","max-snippet":"max-snippet:-1","max-image-preview":"max-image-preview:large","max-video-preview":"max-video-preview:-1"},"canonical":"https:\/\/franciscanos.org.br\/vidacrista\/nao-podemos-chamar-deus-de-pai-se-nao-temos-o-proximo-como-irmao\/","og_locale":"pt_BR","og_type":"article","og_title":"N\u00e3o podemos chamar Deus de pai se n\u00e3o temos o pr\u00f3ximo como irm\u00e3o! - Vida Crist\u00e3 - Franciscanos","og_description":"Artigo de Robson Ribeiro de Oliveira Castro","og_url":"https:\/\/franciscanos.org.br\/vidacrista\/nao-podemos-chamar-deus-de-pai-se-nao-temos-o-proximo-como-irmao\/","og_site_name":"Vida Crist\u00e3 - Franciscanos","article_published_time":"2021-12-16T10:56:48+00:00","article_modified_time":"2021-12-16T10:57:17+00:00","og_image":[{"width":840,"height":450,"url":"https:\/\/franciscanos.org.br\/vidacrista\/wp-content\/uploads\/2021\/12\/filhoprodigo_1612.jpg","type":"image\/jpeg"}],"author":"moacir","twitter_card":"summary_large_image","twitter_misc":{"Escrito por":"moacir","Est. tempo de leitura":"5 minutos"},"schema":{"@context":"https:\/\/schema.org","@graph":[{"@type":"WebSite","@id":"https:\/\/franciscanos.org.br\/vidacrista\/#website","url":"https:\/\/franciscanos.org.br\/vidacrista\/","name":"Vida Crist\u00e3 - Franciscanos","description":"Prov\u00edncia Franciscana da Imaculada Concei\u00e7\u00e3o do Brasil - Ordem dos Frades Menores","potentialAction":[{"@type":"SearchAction","target":{"@type":"EntryPoint","urlTemplate":"https:\/\/franciscanos.org.br\/vidacrista\/?s={search_term_string}"},"query-input":"required name=search_term_string"}],"inLanguage":"pt-BR"},{"@type":"WebPage","@id":"https:\/\/franciscanos.org.br\/vidacrista\/nao-podemos-chamar-deus-de-pai-se-nao-temos-o-proximo-como-irmao\/","url":"https:\/\/franciscanos.org.br\/vidacrista\/nao-podemos-chamar-deus-de-pai-se-nao-temos-o-proximo-como-irmao\/","name":"N\u00e3o podemos chamar Deus de pai se n\u00e3o temos o pr\u00f3ximo como irm\u00e3o! - Vida Crist\u00e3 - Franciscanos","isPartOf":{"@id":"https:\/\/franciscanos.org.br\/vidacrista\/#website"},"datePublished":"2021-12-16T10:56:48+00:00","dateModified":"2021-12-16T10:57:17+00:00","author":{"@id":"https:\/\/franciscanos.org.br\/vidacrista\/#\/schema\/person\/1880bdd2c350b735648725ef7614736a"},"breadcrumb":{"@id":"https:\/\/franciscanos.org.br\/vidacrista\/nao-podemos-chamar-deus-de-pai-se-nao-temos-o-proximo-como-irmao\/#breadcrumb"},"inLanguage":"pt-BR","potentialAction":[{"@type":"ReadAction","target":["https:\/\/franciscanos.org.br\/vidacrista\/nao-podemos-chamar-deus-de-pai-se-nao-temos-o-proximo-como-irmao\/"]}]},{"@type":"BreadcrumbList","@id":"https:\/\/franciscanos.org.br\/vidacrista\/nao-podemos-chamar-deus-de-pai-se-nao-temos-o-proximo-como-irmao\/#breadcrumb","itemListElement":[{"@type":"ListItem","position":1,"name":"Home","item":"https:\/\/franciscanos.org.br\/vidacrista\/"},{"@type":"ListItem","position":2,"name":"N\u00e3o podemos chamar Deus de pai se n\u00e3o temos o pr\u00f3ximo como irm\u00e3o!"}]},{"@type":"Person","@id":"https:\/\/franciscanos.org.br\/vidacrista\/#\/schema\/person\/1880bdd2c350b735648725ef7614736a","name":"moacir","image":{"@type":"ImageObject","inLanguage":"pt-BR","@id":"https:\/\/franciscanos.org.br\/vidacrista\/#\/schema\/person\/image\/","url":"https:\/\/secure.gravatar.com\/avatar\/d08aa2ce4c8dd416d4479aa8536fcf64?s=96&d=mm&r=g","contentUrl":"https:\/\/secure.gravatar.com\/avatar\/d08aa2ce4c8dd416d4479aa8536fcf64?s=96&d=mm&r=g","caption":"moacir"},"url":"https:\/\/franciscanos.org.br\/vidacrista\/author\/moacir\/"}]}},"_links":{"self":[{"href":"https:\/\/franciscanos.org.br\/vidacrista\/wp-json\/wp\/v2\/posts\/191094"}],"collection":[{"href":"https:\/\/franciscanos.org.br\/vidacrista\/wp-json\/wp\/v2\/posts"}],"about":[{"href":"https:\/\/franciscanos.org.br\/vidacrista\/wp-json\/wp\/v2\/types\/post"}],"author":[{"embeddable":true,"href":"https:\/\/franciscanos.org.br\/vidacrista\/wp-json\/wp\/v2\/users\/3"}],"replies":[{"embeddable":true,"href":"https:\/\/franciscanos.org.br\/vidacrista\/wp-json\/wp\/v2\/comments?post=191094"}],"version-history":[{"count":2,"href":"https:\/\/franciscanos.org.br\/vidacrista\/wp-json\/wp\/v2\/posts\/191094\/revisions"}],"predecessor-version":[{"id":191097,"href":"https:\/\/franciscanos.org.br\/vidacrista\/wp-json\/wp\/v2\/posts\/191094\/revisions\/191097"}],"wp:featuredmedia":[{"embeddable":true,"href":"https:\/\/franciscanos.org.br\/vidacrista\/wp-json\/wp\/v2\/media\/191095"}],"wp:attachment":[{"href":"https:\/\/franciscanos.org.br\/vidacrista\/wp-json\/wp\/v2\/media?parent=191094"}],"wp:term":[{"taxonomy":"category","embeddable":true,"href":"https:\/\/franciscanos.org.br\/vidacrista\/wp-json\/wp\/v2\/categories?post=191094"},{"taxonomy":"post_tag","embeddable":true,"href":"https:\/\/franciscanos.org.br\/vidacrista\/wp-json\/wp\/v2\/tags?post=191094"}],"curies":[{"name":"wp","href":"https:\/\/api.w.org\/{rel}","templated":true}]}}