{"id":191075,"date":"2021-12-11T05:20:04","date_gmt":"2021-12-11T08:20:04","guid":{"rendered":"https:\/\/franciscanos.org.br\/vidacrista\/?p=191075"},"modified":"2021-12-11T05:20:04","modified_gmt":"2021-12-11T08:20:04","slug":"o-profeta-elias-e-a-sua-reencarnacao-em-joao-batista-a-proposito-de-mt-1710-13","status":"publish","type":"post","link":"https:\/\/franciscanos.org.br\/vidacrista\/o-profeta-elias-e-a-sua-reencarnacao-em-joao-batista-a-proposito-de-mt-1710-13\/","title":{"rendered":"O profeta Elias e a sua reencarna\u00e7\u00e3o em Jo\u00e3o Batista a prop\u00f3sito de Mt 17,10-13"},"content":{"rendered":"<div id=\"attachment_191076\" style=\"width: 850px\" class=\"wp-caption alignnone\"><img aria-describedby=\"caption-attachment-191076\" decoding=\"async\" loading=\"lazy\" class=\"wp-image-191076 size-full\" src=\"https:\/\/franciscanos.org.br\/vidacrista\/wp-content\/uploads\/2021\/12\/joao_1112.jpg\" alt=\"\" width=\"840\" height=\"450\" srcset=\"https:\/\/franciscanos.org.br\/vidacrista\/wp-content\/uploads\/2021\/12\/joao_1112.jpg 840w, https:\/\/franciscanos.org.br\/vidacrista\/wp-content\/uploads\/2021\/12\/joao_1112-450x241.jpg 450w, https:\/\/franciscanos.org.br\/vidacrista\/wp-content\/uploads\/2021\/12\/joao_1112-768x411.jpg 768w, https:\/\/franciscanos.org.br\/vidacrista\/wp-content\/uploads\/2021\/12\/joao_1112-150x80.jpg 150w\" sizes=\"(max-width: 840px) 100vw, 840px\" \/><p id=\"caption-attachment-191076\" class=\"wp-caption-text\"><em> \u00a0 \u00a0 \u00a0 \u00a0Imagem: Anton Raphael Mengs 1728-1779 (wikipedia, dom\u00ednio p\u00fablico)<\/em><\/p><\/div>\n<p><em>Frei Jacir de Freitas Faria<\/em> <a href=\"#_ftn1\" name=\"_ftnref1\">[1]<\/a><\/p>\n<p>O texto sobre o qual vamos refletir \u00e9 Mt 17,10-13. Trata-se da pergunta que os disc\u00edpulos fizeram a Jesus sobre a volta do profeta Elias, logo ap\u00f3s o epis\u00f3dio da transfigura\u00e7\u00e3o, no monte da Galileia, que Or\u00edgenes (253 E.C.) identificou como sendo o Tabor. Ela surge a prop\u00f3sito da cren\u00e7a popular de que Elias voltaria, mediante a vis\u00e3o que acabaram de ter do profeta junto com Jesus. O racioc\u00ednio \u00e9 l\u00f3gico: se Elias n\u00e3o voltou, Jesus n\u00e3o podia ser o Messias. A resposta afirmativa de Jesus de que ele j\u00e1 voltou, mas que n\u00e3o foi reconhecido, j\u00e1 suscitou muitas interpreta\u00e7\u00f5es entre os crist\u00e3os sobre a reencarna\u00e7\u00e3o de Elias em Jo\u00e3o Batista. Estaria, de fato, Jesus falando da reencarna\u00e7\u00e3o de Elias? Qual a diferen\u00e7a entre ressurrei\u00e7\u00e3o e reencarna\u00e7\u00e3o?<br \/>\n<iframe loading=\"lazy\" title=\"YouTube video player\" src=\"https:\/\/www.youtube.com\/embed\/8jRlo-AVsGk\" width=\"100%\" height=\"500\" frameborder=\"0\" allowfullscreen=\"allowfullscreen\"><span data-mce-type=\"bookmark\" style=\"display: inline-block; width: 0px; overflow: hidden; line-height: 0;\" class=\"mce_SELRES_start\">\ufeff<\/span><\/iframe><\/p>\n<p>Elias, o tesbita da tribo de Galaad, conforme 1Rs 18\u201419, \u00e9 um profeta que deixou a corte para viver no meio do povo. Recebeu a miss\u00e3o de Deus de denunciar a idolatria, as injusti\u00e7as sociais do rei Acab (874 a 853 a.E.C.) e de constituir Je\u00fa como novo rei de Israel. Com isso, ele devolveu a esperan\u00e7a ao povo sofrido e expandiu a f\u00e9 em Deus como o Libertador da tradi\u00e7\u00e3o javista do \u00caxodo.<a href=\"#_ftn2\" name=\"_ftnref2\">[2]<\/a><\/p>\n<p>Na tradi\u00e7\u00e3o judaica, \u00e9 firme a f\u00e9 de que o profeta Elias preceder\u00e1 a vinda do Messias (Ml 3,23-24). Por isso, os judeus, ainda hoje, na noite do jantar da ceia pascal judaica, deixam uma cadeira reservada e vazia para Elias. No final da celebra\u00e7\u00e3o, as portas da casa s\u00e3o abertas, e o pai de fam\u00edlia convoca Elias para entrar na sua casa e anunciar a vinda do Messias.<\/p>\n<p>Em Ml 3,23-24 se l\u00ea: \u201cEis que vos enviarei Elias, o profeta, antes que chegue o Dia do Senhor, grande e terr\u00edvel. Ele far\u00e1 voltar o cora\u00e7\u00e3o dos pais para os filhos e o cora\u00e7\u00e3o dos filhos para os pais, para que eu n\u00e3o venha ferir a terra com an\u00e1tema.\u201d<\/p>\n<p>Nesse sentido, n\u00e3o soou estranha a d\u00favida entre o povo de que Jesus seria o Elias que tinha voltado (Mc 8,28). O mesmo aconteceu com os ap\u00f3stolos prediletos que o acompanhavam no Tabor. Jesus lhes garante que Elias j\u00e1 voltou, mas que n\u00e3o foi reconhecido (Mt 17,11). Qual o significado dessa afirma\u00e7\u00e3o? Seria, ent\u00e3o, Jo\u00e3o Batista a encarna\u00e7\u00e3o de Elias? O que \u00e9 a doutrina da reencarna\u00e7\u00e3o?<\/p>\n<p>Comecemos pela \u00faltima pergunta. Essa quest\u00e3o \u00e9 muito complicada e controversa. Religi\u00f5es antigas, como o hindu\u00edsmo, o budismo, jainismo e correntes tardias do juda\u00edsmo aceitam a ideia da reencarna\u00e7\u00e3o, isto \u00e9, a de que a ess\u00eancia n\u00e3o f\u00edsica de uma pessoa (alma) inicia uma nova vida em um novo corpo, ap\u00f3s a sua morte. No budismo, seu fundador, Sidarta Gautama ou Buda como \u00e9 conhecido, se op\u00f4s aos v\u00e1rios ciclos reencarnat\u00f3rios do hindu\u00edsmo. Nas religi\u00f5es de matriz africana o contato com os antepassados que j\u00e1 faleceram \u00e9 de fundamental import\u00e2ncia, pois eles podem ajudar os vivos.<a href=\"#_ftn3\" name=\"_ftnref3\">[3]<\/a><\/p>\n<p>Ainda que haja controv\u00e9rsia entre os estudiosos, podemos afirmar que o cristianismo conviveu, nos seus primeiros s\u00e9culos, com a ideia de reencarna\u00e7\u00e3o. No imp\u00e9rio romano do s\u00e9culo III, havia adeptos da reencarna\u00e7\u00e3o entre os n\u00e3o crist\u00e3os. Os gn\u00f3sticos, por exemplo, admitiam a reencarna\u00e7\u00e3o. J\u00e1 o islamismo seguiu o cristianismo, rejeitando a reencarna\u00e7\u00e3o.<\/p>\n<p>Os adeptos da reencarna\u00e7\u00e3o sustentam a opini\u00e3o de que alguns santos padres e bispos foram favor\u00e1veis \u00e0 reencarna\u00e7\u00e3o, conceito que teria sido rejeitado somente no II Conc\u00edlio de Constantinopla (553 E.C), ao negar a preexist\u00eancia da alma e sua volta. Na verdade, o Conc\u00edlio de Constantinopla n\u00e3o fala de reencarna\u00e7\u00e3o propriamente.<\/p>\n<p>A Teologia sustenta que as opini\u00f5es defendidas pelos reencarnacionistas n\u00e3o t\u00eam fundamento nem comprova\u00e7\u00e3o hist\u00f3rica nos documentos conciliares da Igreja e, muito menos, na B\u00edblia, ainda que nela alguns textos possam ser usados para justificar a reencarna\u00e7\u00e3o, quando lidos de forma fundamentalista, tais como: Mt 11,12-15;16,13-17;17,10-13; Mc 6,14-15; Lc 9,7-9. Os textos contr\u00e1rios e testemunhas da f\u00e9 na ressurrei\u00e7\u00e3o s\u00e3o: Ez 7,1-14; Is 26,19; Sl 49,16; Dn 12, 2; 2Mc 7,22-29; Lc 23,39-43; Jo 1,21; Hb 9,27; 1Cor 2,9; 6,14; Rm 8,11; At 3,13 etc. A B\u00edblia n\u00e3o defende a reencarna\u00e7\u00e3o, mas a ressurrei\u00e7\u00e3o.<\/p>\n<p>Voltemos \u00e0 pergunta dos ap\u00f3stolos. Para Jesus, o modo de proceder de Elias como profeta estava com Jo\u00e3o Batista, quando anunciou a sua vinda. A morte de Jo\u00e3o Batista prefigurou a morte Dele e nada mais.<\/p>\n<p>H\u00e1 quem defenda que o fato de Jo\u00e3o Batista ter morrido degolado (Mt 14,10) \u00e9 causa e efeito da a\u00e7\u00e3o de Elias, reencarnado em Jo\u00e3o Batista, visto que ele mandou matar 450 profetas de Baal (1Rs 18,40), no monte Carmelo. Trata-se de um processo purificat\u00f3rio.<\/p>\n<p>Com todo respeito aos que acreditam na reencarna\u00e7\u00e3o, mas ela n\u00e3o coaduna com a ressurei\u00e7\u00e3o. Contr\u00e1rio \u00e0 ressurrei\u00e7\u00e3o de Jesus, que \u00e9 um fato hist\u00f3rico, n\u00e3o h\u00e1 provas para a reencarna\u00e7\u00e3o, ainda que possamos estar de acordo com o fato de que o esp\u00edrito dos que morreram continua presente em n\u00f3s por toda a trajet\u00f3ria de nossas vidas terrenas. Se na reencarna\u00e7\u00e3o, o ser humano \u00e9 o respons\u00e1vel pela sua salva\u00e7\u00e3o ap\u00f3s processos purificat\u00f3rios de encarna\u00e7\u00e3o, a ressurrei\u00e7\u00e3o, a imortalidade em Deus \u00e9 fruto de Sua a\u00e7\u00e3o misericordiosa que salva o ser humano por meio da morte redentora de Jesus, n\u00e3o havendo necessidade de processos de purifica\u00e7\u00e3o em outras vidas.<\/p>\n<p>Quando a morte chega, morre a totalidade da pessoa, seu corpo e sua alma. No entanto, nesse momento, Deus, doador da vida e vencedor da morte, ressuscita ambos em um corpo glorioso e na individualidade de cada ser, sua alma. Com a ressurrei\u00e7\u00e3o, o tempo deixa de existir, chega o momento da Eternidade em Deus, da imortalidade plena. Isso \u00e9 ressurrei\u00e7\u00e3o!<\/p>\n<hr \/>\n<p><a href=\"#_ftnref1\" name=\"_ftn1\">[1]<\/a>Doutor em Teologia B\u00edblica pela FAJE (BH). Mestre em Ci\u00eancias B\u00edblicas (Exegese) pelo Pontif\u00edcio Instituto B\u00edblico de Roma. Professor de Exegese B\u00edblica. \u00c9 membro da Associa\u00e7\u00e3o Brasileira de Pesquisa B\u00edblica (ABIB). Sacerdote Franciscano. Autor de dez livros e coautor de quinze. Youtube: Frei Jacir B\u00edblia e Apocrifos. <a href=\"https:\/\/www.youtube.com\/channel\/UCwbSE97jnR6jQwHRigX1KlQ\">https:\/\/www.youtube.com\/channel\/UCwbSE97jnR6jQwHRigX1KlQ<\/a><\/p>\n<p><a href=\"#_ftnref2\" name=\"_ftn2\">[2]<\/a>FARIA, Jacir de Freitas. <strong>Profetas e profetisas na B\u00edblia:<\/strong> hist\u00f3ria e teologia prof\u00e9tica na den\u00fancia, solu\u00e7\u00e3o, esperan\u00e7a, perd\u00e3o e nova alian\u00e7a. 2. ed. S\u00e3o Paulo: Paulinas, 2006, p. 24.<\/p>\n<p><a href=\"#_ftnref3\" name=\"_ftn3\">[3]<\/a>FARIA, Jacir de Freitas. <strong>O medo do Inferno e arte de bem morrer:<\/strong> da devo\u00e7\u00e3o ap\u00f3crifa \u00e0 Dormi\u00e7\u00e3o de Maria \u00e0s irmandades negras de Nossa Senhora da Boa Morte. Petr\u00f3polis: Vozes, 2019, p. 212.<\/p>\n<p>&nbsp;<\/p>\n","protected":false},"excerpt":{"rendered":"<p>Artigo de Frei Jacir de Freitas Faria<\/p>\n","protected":false},"author":3,"featured_media":191076,"comment_status":"open","ping_status":"open","sticky":false,"template":"","format":"standard","meta":{"footnotes":""},"categories":[26],"tags":[43],"yoast_head":"<!-- This site is optimized with the Yoast SEO plugin v19.4 - https:\/\/yoast.com\/wordpress\/plugins\/seo\/ -->\n<title>O profeta Elias e a sua reencarna\u00e7\u00e3o em Jo\u00e3o Batista a prop\u00f3sito de Mt 17,10-13 - Vida Crist\u00e3 - Franciscanos<\/title>\n<meta name=\"robots\" content=\"index, follow, max-snippet:-1, max-image-preview:large, max-video-preview:-1\" \/>\n<link rel=\"canonical\" href=\"https:\/\/franciscanos.org.br\/vidacrista\/o-profeta-elias-e-a-sua-reencarnacao-em-joao-batista-a-proposito-de-mt-1710-13\/\" \/>\n<meta property=\"og:locale\" content=\"pt_BR\" \/>\n<meta property=\"og:type\" content=\"article\" \/>\n<meta property=\"og:title\" content=\"O profeta Elias e a sua reencarna\u00e7\u00e3o em Jo\u00e3o Batista a prop\u00f3sito de Mt 17,10-13 - Vida Crist\u00e3 - Franciscanos\" \/>\n<meta property=\"og:description\" content=\"Artigo de Frei Jacir de Freitas Faria\" \/>\n<meta property=\"og:url\" content=\"https:\/\/franciscanos.org.br\/vidacrista\/o-profeta-elias-e-a-sua-reencarnacao-em-joao-batista-a-proposito-de-mt-1710-13\/\" \/>\n<meta property=\"og:site_name\" content=\"Vida Crist\u00e3 - Franciscanos\" \/>\n<meta property=\"article:published_time\" content=\"2021-12-11T08:20:04+00:00\" \/>\n<meta property=\"og:image\" content=\"https:\/\/franciscanos.org.br\/vidacrista\/wp-content\/uploads\/2021\/12\/joao_1112.jpg\" \/>\n\t<meta property=\"og:image:width\" content=\"840\" \/>\n\t<meta property=\"og:image:height\" content=\"450\" \/>\n\t<meta property=\"og:image:type\" content=\"image\/jpeg\" \/>\n<meta name=\"author\" content=\"moacir\" \/>\n<meta name=\"twitter:card\" content=\"summary_large_image\" \/>\n<meta name=\"twitter:label1\" content=\"Escrito por\" \/>\n\t<meta name=\"twitter:data1\" content=\"moacir\" \/>\n\t<meta name=\"twitter:label2\" content=\"Est. tempo de leitura\" \/>\n\t<meta name=\"twitter:data2\" content=\"6 minutos\" \/>\n<script type=\"application\/ld+json\" class=\"yoast-schema-graph\">{\"@context\":\"https:\/\/schema.org\",\"@graph\":[{\"@type\":\"WebSite\",\"@id\":\"https:\/\/franciscanos.org.br\/vidacrista\/#website\",\"url\":\"https:\/\/franciscanos.org.br\/vidacrista\/\",\"name\":\"Vida Crist\u00e3 - Franciscanos\",\"description\":\"Prov\u00edncia Franciscana da Imaculada Concei\u00e7\u00e3o do Brasil - Ordem dos Frades Menores\",\"potentialAction\":[{\"@type\":\"SearchAction\",\"target\":{\"@type\":\"EntryPoint\",\"urlTemplate\":\"https:\/\/franciscanos.org.br\/vidacrista\/?s={search_term_string}\"},\"query-input\":\"required name=search_term_string\"}],\"inLanguage\":\"pt-BR\"},{\"@type\":\"WebPage\",\"@id\":\"https:\/\/franciscanos.org.br\/vidacrista\/o-profeta-elias-e-a-sua-reencarnacao-em-joao-batista-a-proposito-de-mt-1710-13\/\",\"url\":\"https:\/\/franciscanos.org.br\/vidacrista\/o-profeta-elias-e-a-sua-reencarnacao-em-joao-batista-a-proposito-de-mt-1710-13\/\",\"name\":\"O profeta Elias e a sua reencarna\u00e7\u00e3o em Jo\u00e3o Batista a prop\u00f3sito de Mt 17,10-13 - Vida Crist\u00e3 - Franciscanos\",\"isPartOf\":{\"@id\":\"https:\/\/franciscanos.org.br\/vidacrista\/#website\"},\"datePublished\":\"2021-12-11T08:20:04+00:00\",\"dateModified\":\"2021-12-11T08:20:04+00:00\",\"author\":{\"@id\":\"https:\/\/franciscanos.org.br\/vidacrista\/#\/schema\/person\/1880bdd2c350b735648725ef7614736a\"},\"breadcrumb\":{\"@id\":\"https:\/\/franciscanos.org.br\/vidacrista\/o-profeta-elias-e-a-sua-reencarnacao-em-joao-batista-a-proposito-de-mt-1710-13\/#breadcrumb\"},\"inLanguage\":\"pt-BR\",\"potentialAction\":[{\"@type\":\"ReadAction\",\"target\":[\"https:\/\/franciscanos.org.br\/vidacrista\/o-profeta-elias-e-a-sua-reencarnacao-em-joao-batista-a-proposito-de-mt-1710-13\/\"]}]},{\"@type\":\"BreadcrumbList\",\"@id\":\"https:\/\/franciscanos.org.br\/vidacrista\/o-profeta-elias-e-a-sua-reencarnacao-em-joao-batista-a-proposito-de-mt-1710-13\/#breadcrumb\",\"itemListElement\":[{\"@type\":\"ListItem\",\"position\":1,\"name\":\"Home\",\"item\":\"https:\/\/franciscanos.org.br\/vidacrista\/\"},{\"@type\":\"ListItem\",\"position\":2,\"name\":\"O profeta Elias e a sua reencarna\u00e7\u00e3o em Jo\u00e3o Batista a prop\u00f3sito de Mt 17,10-13\"}]},{\"@type\":\"Person\",\"@id\":\"https:\/\/franciscanos.org.br\/vidacrista\/#\/schema\/person\/1880bdd2c350b735648725ef7614736a\",\"name\":\"moacir\",\"image\":{\"@type\":\"ImageObject\",\"inLanguage\":\"pt-BR\",\"@id\":\"https:\/\/franciscanos.org.br\/vidacrista\/#\/schema\/person\/image\/\",\"url\":\"https:\/\/secure.gravatar.com\/avatar\/d08aa2ce4c8dd416d4479aa8536fcf64?s=96&d=mm&r=g\",\"contentUrl\":\"https:\/\/secure.gravatar.com\/avatar\/d08aa2ce4c8dd416d4479aa8536fcf64?s=96&d=mm&r=g\",\"caption\":\"moacir\"},\"url\":\"https:\/\/franciscanos.org.br\/vidacrista\/author\/moacir\/\"}]}<\/script>\n<!-- \/ Yoast SEO plugin. -->","yoast_head_json":{"title":"O profeta Elias e a sua reencarna\u00e7\u00e3o em Jo\u00e3o Batista a prop\u00f3sito de Mt 17,10-13 - Vida Crist\u00e3 - Franciscanos","robots":{"index":"index","follow":"follow","max-snippet":"max-snippet:-1","max-image-preview":"max-image-preview:large","max-video-preview":"max-video-preview:-1"},"canonical":"https:\/\/franciscanos.org.br\/vidacrista\/o-profeta-elias-e-a-sua-reencarnacao-em-joao-batista-a-proposito-de-mt-1710-13\/","og_locale":"pt_BR","og_type":"article","og_title":"O profeta Elias e a sua reencarna\u00e7\u00e3o em Jo\u00e3o Batista a prop\u00f3sito de Mt 17,10-13 - Vida Crist\u00e3 - Franciscanos","og_description":"Artigo de Frei Jacir de Freitas Faria","og_url":"https:\/\/franciscanos.org.br\/vidacrista\/o-profeta-elias-e-a-sua-reencarnacao-em-joao-batista-a-proposito-de-mt-1710-13\/","og_site_name":"Vida Crist\u00e3 - Franciscanos","article_published_time":"2021-12-11T08:20:04+00:00","og_image":[{"width":840,"height":450,"url":"https:\/\/franciscanos.org.br\/vidacrista\/wp-content\/uploads\/2021\/12\/joao_1112.jpg","type":"image\/jpeg"}],"author":"moacir","twitter_card":"summary_large_image","twitter_misc":{"Escrito por":"moacir","Est. tempo de leitura":"6 minutos"},"schema":{"@context":"https:\/\/schema.org","@graph":[{"@type":"WebSite","@id":"https:\/\/franciscanos.org.br\/vidacrista\/#website","url":"https:\/\/franciscanos.org.br\/vidacrista\/","name":"Vida Crist\u00e3 - Franciscanos","description":"Prov\u00edncia Franciscana da Imaculada Concei\u00e7\u00e3o do Brasil - Ordem dos Frades Menores","potentialAction":[{"@type":"SearchAction","target":{"@type":"EntryPoint","urlTemplate":"https:\/\/franciscanos.org.br\/vidacrista\/?s={search_term_string}"},"query-input":"required name=search_term_string"}],"inLanguage":"pt-BR"},{"@type":"WebPage","@id":"https:\/\/franciscanos.org.br\/vidacrista\/o-profeta-elias-e-a-sua-reencarnacao-em-joao-batista-a-proposito-de-mt-1710-13\/","url":"https:\/\/franciscanos.org.br\/vidacrista\/o-profeta-elias-e-a-sua-reencarnacao-em-joao-batista-a-proposito-de-mt-1710-13\/","name":"O profeta Elias e a sua reencarna\u00e7\u00e3o em Jo\u00e3o Batista a prop\u00f3sito de Mt 17,10-13 - Vida Crist\u00e3 - Franciscanos","isPartOf":{"@id":"https:\/\/franciscanos.org.br\/vidacrista\/#website"},"datePublished":"2021-12-11T08:20:04+00:00","dateModified":"2021-12-11T08:20:04+00:00","author":{"@id":"https:\/\/franciscanos.org.br\/vidacrista\/#\/schema\/person\/1880bdd2c350b735648725ef7614736a"},"breadcrumb":{"@id":"https:\/\/franciscanos.org.br\/vidacrista\/o-profeta-elias-e-a-sua-reencarnacao-em-joao-batista-a-proposito-de-mt-1710-13\/#breadcrumb"},"inLanguage":"pt-BR","potentialAction":[{"@type":"ReadAction","target":["https:\/\/franciscanos.org.br\/vidacrista\/o-profeta-elias-e-a-sua-reencarnacao-em-joao-batista-a-proposito-de-mt-1710-13\/"]}]},{"@type":"BreadcrumbList","@id":"https:\/\/franciscanos.org.br\/vidacrista\/o-profeta-elias-e-a-sua-reencarnacao-em-joao-batista-a-proposito-de-mt-1710-13\/#breadcrumb","itemListElement":[{"@type":"ListItem","position":1,"name":"Home","item":"https:\/\/franciscanos.org.br\/vidacrista\/"},{"@type":"ListItem","position":2,"name":"O profeta Elias e a sua reencarna\u00e7\u00e3o em Jo\u00e3o Batista a prop\u00f3sito de Mt 17,10-13"}]},{"@type":"Person","@id":"https:\/\/franciscanos.org.br\/vidacrista\/#\/schema\/person\/1880bdd2c350b735648725ef7614736a","name":"moacir","image":{"@type":"ImageObject","inLanguage":"pt-BR","@id":"https:\/\/franciscanos.org.br\/vidacrista\/#\/schema\/person\/image\/","url":"https:\/\/secure.gravatar.com\/avatar\/d08aa2ce4c8dd416d4479aa8536fcf64?s=96&d=mm&r=g","contentUrl":"https:\/\/secure.gravatar.com\/avatar\/d08aa2ce4c8dd416d4479aa8536fcf64?s=96&d=mm&r=g","caption":"moacir"},"url":"https:\/\/franciscanos.org.br\/vidacrista\/author\/moacir\/"}]}},"_links":{"self":[{"href":"https:\/\/franciscanos.org.br\/vidacrista\/wp-json\/wp\/v2\/posts\/191075"}],"collection":[{"href":"https:\/\/franciscanos.org.br\/vidacrista\/wp-json\/wp\/v2\/posts"}],"about":[{"href":"https:\/\/franciscanos.org.br\/vidacrista\/wp-json\/wp\/v2\/types\/post"}],"author":[{"embeddable":true,"href":"https:\/\/franciscanos.org.br\/vidacrista\/wp-json\/wp\/v2\/users\/3"}],"replies":[{"embeddable":true,"href":"https:\/\/franciscanos.org.br\/vidacrista\/wp-json\/wp\/v2\/comments?post=191075"}],"version-history":[{"count":1,"href":"https:\/\/franciscanos.org.br\/vidacrista\/wp-json\/wp\/v2\/posts\/191075\/revisions"}],"predecessor-version":[{"id":191077,"href":"https:\/\/franciscanos.org.br\/vidacrista\/wp-json\/wp\/v2\/posts\/191075\/revisions\/191077"}],"wp:featuredmedia":[{"embeddable":true,"href":"https:\/\/franciscanos.org.br\/vidacrista\/wp-json\/wp\/v2\/media\/191076"}],"wp:attachment":[{"href":"https:\/\/franciscanos.org.br\/vidacrista\/wp-json\/wp\/v2\/media?parent=191075"}],"wp:term":[{"taxonomy":"category","embeddable":true,"href":"https:\/\/franciscanos.org.br\/vidacrista\/wp-json\/wp\/v2\/categories?post=191075"},{"taxonomy":"post_tag","embeddable":true,"href":"https:\/\/franciscanos.org.br\/vidacrista\/wp-json\/wp\/v2\/tags?post=191075"}],"curies":[{"name":"wp","href":"https:\/\/api.w.org\/{rel}","templated":true}]}}