{"id":191069,"date":"2021-12-07T16:31:16","date_gmt":"2021-12-07T19:31:16","guid":{"rendered":"https:\/\/franciscanos.org.br\/vidacrista\/?p=191069"},"modified":"2021-12-07T16:31:16","modified_gmt":"2021-12-07T19:31:16","slug":"o-sonho-de-deus-imaculada-conceicao-de-maria","status":"publish","type":"post","link":"https:\/\/franciscanos.org.br\/vidacrista\/o-sonho-de-deus-imaculada-conceicao-de-maria\/","title":{"rendered":"O sonho de Deus: Imaculada Concei\u00e7\u00e3o de Maria"},"content":{"rendered":"<div id=\"attachment_191070\" style=\"width: 850px\" class=\"wp-caption alignnone\"><img aria-describedby=\"caption-attachment-191070\" decoding=\"async\" loading=\"lazy\" class=\"wp-image-191070 size-full\" src=\"https:\/\/franciscanos.org.br\/vidacrista\/wp-content\/uploads\/2021\/12\/imaculada_0712.jpg\" alt=\"\" width=\"840\" height=\"450\" srcset=\"https:\/\/franciscanos.org.br\/vidacrista\/wp-content\/uploads\/2021\/12\/imaculada_0712.jpg 840w, https:\/\/franciscanos.org.br\/vidacrista\/wp-content\/uploads\/2021\/12\/imaculada_0712-450x241.jpg 450w, https:\/\/franciscanos.org.br\/vidacrista\/wp-content\/uploads\/2021\/12\/imaculada_0712-768x411.jpg 768w, https:\/\/franciscanos.org.br\/vidacrista\/wp-content\/uploads\/2021\/12\/imaculada_0712-150x80.jpg 150w\" sizes=\"(max-width: 840px) 100vw, 840px\" \/><p id=\"caption-attachment-191070\" class=\"wp-caption-text\">\u00a0 \u00a0 \u00a0 \u00a0 \u00a0 \u00a0 \u00a0 \u00a0 \u00a0 \u00a0 \u00a0 \u00a0 \u00a0 \u00a0 \u00a0 \u00a0 \u00a0 \u00a0 \u00a0 \u00a0 \u00a0 \u00a0 \u00a0 \u00a0 \u00a0 \u00a0 \u00a0 \u00a0 \u00a0 \u00a0 \u00a0 \u00a0 \u00a0 \u00a0 \u00a0 \u00a0 \u00a0 \u00a0 \u00a0 \u00a0 \u00a0 <em>\u00a0 \u00a0Imagem: fachada do Semin\u00e1rio Santo Ant\u00f4nio de Agudos<\/em><\/p><\/div>\n<p><strong>Lucas 1, 26-38<\/strong><\/p>\n<p><strong>Frei Almir Guimar\u00e3es<\/strong><\/p>\n<p>Somos viajantes no tempo da vida. Nascemos no seio de uma fam\u00edlia, crescemos, caminhamos, descobrimos outras pessoas, convivemos, cantamos, alegramo-nos, vamos tentando descobrir o sentido de existir. O tempo \u00e9 dom e mist\u00e9rio. Um dia ap\u00f3s o outro e passos que vamos dando. Temos, no entanto, uma convic\u00e7\u00e3o muito dolorida. Paulo, o ap\u00f3stolo, j\u00e1 havia escrito a respeito de um dilaceramento que existe em n\u00f3s: queremos o bem e fazemos o mal, n\u00e3o queremos o mal e \u00e9 o mal que praticamos. Verificamos esse fato em nossa hist\u00f3ria pessoal: nossos amores e nossos \u00f3dios, nossas manifesta\u00e7\u00f5es de carinho e nos \u00edmpetos de destruir os outros \u00e0 nossa volta. Parece que uma for\u00e7a destruidora nos habita. Parece realmente que somos herdeiros de um desequil\u00edbrio que a todos afeta. Somos seres dilacerados. \u201cAd\u00e3o, por que te escondes?\u201d E Ad\u00e3o que, antes da falta, caminhava nu pelo Para\u00edso,teve consci\u00eancia de que seu cora\u00e7\u00e3o entrara numa terr\u00edvel desordem.<\/p>\n<p>Maria, aquela que viria a ser a M\u00e3e de nossa esperan\u00e7a, o Filho do Alt\u00edssimo, desde o primeiro momento de sua concep\u00e7\u00e3o, foi preservada da desordem, do desequil\u00edbrio interior. Rodopiamos em torno de n\u00f3s mesmos, dobramo-nos diante de \u00eddolos. Maria, aquela que seria o recept\u00e1culo humano da divindade, chama-se precisamente Imaculada, sem mancha, sem desordem interior. Ela perdurou o tempo de sua viagem na limpidez do cora\u00e7\u00e3o: a serva do Senhor, queria que ela se fizesse a vontade de Deus. A mulher do sim. Agraciada \u00e9 claro, mas algu\u00e9m que colaborou com a gra\u00e7a. Deus sonhou com uma mulher toda transpar\u00eancia para ser a M\u00e3e de seu Filho. Ela foi um sonho de Deus.<\/p>\n<p>Ela poderia assim se exprimir: \u201cAqui estou eu diante de ti, Alt\u00edssimo, com minha hist\u00f3ria e minha trajet\u00f3ria. Sou filha de um povo de f\u00e9. Que em mim se fa\u00e7a a vontade do Alt\u00edssimo. O que nascer de mim vem de mim e vem do des\u00edgnio amoroso de Deus. O Senhor fez em mim maravilhas. N\u00e3o tenho outro desejo sen\u00e3o ser a serva do Alt\u00edssimo. O que se opera em mim \u00e9 obra do amor. O Senhor fez em mim a maravilha de um cora\u00e7\u00e3o reto apenas desejoso dele. O Senhor, de fato, fez em mim maravilhas\u201d.<\/p>\n<p>\u201cQue direi, que elogio farei da Virgem ilustre e preclara? Ela \u00e9 superior a todos, com exce\u00e7\u00e3o de Deus; por natureza \u00e9 mais formosa que os querubins, serafins e todo o ex\u00e9rcito ang\u00e9lico. Nem a l\u00edngua do c\u00e9u, nem a da terra, ou mesmo a dos anjos s\u00e3o suficientes para louva-la. \u00c9 sant\u00edssima Virgem, pomba pura, esposa celeste, Maria, c\u00e9u, templo e trono da divindade! O Cristo, sol que resplandece no c\u00e9u e na terra, te pertence! Eis a nuvem luminosa que fizeste descer do c\u00e9u o Cristo, raio brilhante para iluminar o mundo. Ave, cheia de gra\u00e7a, porta do c\u00e9u, da qual o autor do C\u00e2ntico declara entusiasmado em seu discurso: \u201c\u00c9s jardim fechado, minha irm\u00e3, noiva minha, \u00e9s jardim fechado, uma fonte lacrada (Ct 4, 12). A Virgem \u00e9 o l\u00edrio imaculado que gerou o Cristo, rosa imarcesc\u00edvel. \u00d3 santa M\u00e3e de Deus, ovelha imaculada, que deste \u00e0 luz o Cordeiro, o Cristo, o Verbo encarnado em ti. \u00d3 Virgem sant\u00edssima que encheste de espanto os ex\u00e9rcitos ang\u00e9licos! Prod\u00edgio estupendo nos c\u00e9us: uma mulher revestida de sol, trazendo nos bra\u00e7os a luz! Prod\u00edgio estupendo nos c\u00e9us: o t\u00e1lamo nupcial acolhendo o Filho de Deus! Prod\u00edgio estupendo nos c\u00e9us: o Senhor dos anjos se tornou o Filho da Virgem. Os anjos acusavam Eva; agora cobrem Maria de gl\u00f3ria, pois ergueu Eva de sua queda e fez entrar no c\u00e9u Ad\u00e3o que fora expulso do para\u00edso. \u00c9 ela a medianeira do c\u00e9u e da terra, nela se realizou a sua uni\u00e3o\u201d (Santo Epif\u00e2nio, bispo, Lecion\u00e1rio Mon\u00e1stico I, p, 562-563).<\/p>\n<p>\u201cDeus deu a Maria o seu pr\u00f3prio Filho, \u00fanico gerado de seu cora\u00e7\u00e3o, igual a si, a quem amava como a si mesmo. No seio de Maria formou seu Filho, n\u00e3o outro qualquer, mas o mesmo, para que, por natureza, fosse realmente um s\u00f3 e o mesmo Filho de Deus e de Maria! Toda a cria\u00e7\u00e3o \u00e9 obra de Deus, e Deus nasceu de Maria. Deus criou todas as coisas e Maria deu \u00e0 luz Deus! Deus que tudo fez, formou-se a si pr\u00f3prio no seio de Maria. E deste modo refez tudo o que tinha feito. Ele que pode fazer tudo do nada, n\u00e3o quis refazer sem Maria o que fora profanado\u201d (Santo Anselmo, bispo, Lecion\u00e1rio Mon\u00e1stico I, p. 553-554).<\/p>\n<p>\u201cSalve, Senhora santa Rainha, santa M\u00e3e de Deus, Maria, virgem convertida em templo, e eleita pelo sant\u00edssimo Pai do c\u00e9u, consagrada por ele com o seu sant\u00edssimo amado Filho e o Esp\u00edrito Santo Par\u00e1clito; que teve e tem toda a plenitude da gra\u00e7a e todo o bem! Salve, pal\u00e1cio de Deus! Salve, tabern\u00e1culo de Deus! Salve, casa de Deus! Salve, vestidura de Deus! Salve, M\u00e3e de Deus. E v\u00f3s, todas as santas virtudes, que pela gra\u00e7a e ilumina\u00e7\u00e3o do Esp\u00edrito Santo sois infundidas no cora\u00e7\u00e3o dos fi\u00e9is, para, de infi\u00e9is que somos, nos tornardes fi\u00e9is a Deus\u201d ( S\u00e3o Francisco de Assis).<\/p>\n<hr \/>\n<p><strong>FREI ALMIR GUIMAR\u00c3ES, OFM<\/strong>,\u00a0<em>ingressou na Ordem Franciscana em 1958. Estudou catequese e pastoral no Institut Catholique de Paris, a partir de 1966, per\u00edodo em que fez licenciatura em Teologia. Em 1974, voltou a Paris para se doutorar em Teologia. Tem diversas obras sobre espiritualidade, sobretudo na \u00e1rea da Pastoral familiar. \u00c9 o editor da Revista \u201cGrande Sinal\u201d.<\/em><\/p>\n","protected":false},"excerpt":{"rendered":"<p>Reflex\u00e3o de Frei Almir Ribeiro Guimar\u00e3es<\/p>\n","protected":false},"author":3,"featured_media":191070,"comment_status":"open","ping_status":"open","sticky":false,"template":"","format":"standard","meta":{"footnotes":""},"categories":[26],"tags":[30],"yoast_head":"<!-- This site is optimized with the Yoast SEO plugin v19.4 - https:\/\/yoast.com\/wordpress\/plugins\/seo\/ -->\n<title>O sonho de Deus: Imaculada Concei\u00e7\u00e3o de Maria - Vida Crist\u00e3 - Franciscanos<\/title>\n<meta name=\"robots\" content=\"index, follow, max-snippet:-1, max-image-preview:large, max-video-preview:-1\" \/>\n<link rel=\"canonical\" href=\"https:\/\/franciscanos.org.br\/vidacrista\/o-sonho-de-deus-imaculada-conceicao-de-maria\/\" \/>\n<meta property=\"og:locale\" content=\"pt_BR\" \/>\n<meta property=\"og:type\" content=\"article\" \/>\n<meta property=\"og:title\" content=\"O sonho de Deus: Imaculada Concei\u00e7\u00e3o de Maria - Vida Crist\u00e3 - Franciscanos\" \/>\n<meta property=\"og:description\" content=\"Reflex\u00e3o de Frei Almir Ribeiro Guimar\u00e3es\" \/>\n<meta property=\"og:url\" content=\"https:\/\/franciscanos.org.br\/vidacrista\/o-sonho-de-deus-imaculada-conceicao-de-maria\/\" \/>\n<meta property=\"og:site_name\" content=\"Vida Crist\u00e3 - Franciscanos\" \/>\n<meta property=\"article:published_time\" content=\"2021-12-07T19:31:16+00:00\" \/>\n<meta property=\"og:image\" content=\"https:\/\/franciscanos.org.br\/vidacrista\/wp-content\/uploads\/2021\/12\/imaculada_0712.jpg\" \/>\n\t<meta property=\"og:image:width\" content=\"840\" \/>\n\t<meta property=\"og:image:height\" content=\"450\" \/>\n\t<meta property=\"og:image:type\" content=\"image\/jpeg\" \/>\n<meta name=\"author\" content=\"moacir\" \/>\n<meta name=\"twitter:card\" content=\"summary_large_image\" \/>\n<meta name=\"twitter:label1\" content=\"Escrito por\" \/>\n\t<meta name=\"twitter:data1\" content=\"moacir\" \/>\n\t<meta name=\"twitter:label2\" content=\"Est. tempo de leitura\" \/>\n\t<meta name=\"twitter:data2\" content=\"5 minutos\" \/>\n<script type=\"application\/ld+json\" class=\"yoast-schema-graph\">{\"@context\":\"https:\/\/schema.org\",\"@graph\":[{\"@type\":\"WebSite\",\"@id\":\"https:\/\/franciscanos.org.br\/vidacrista\/#website\",\"url\":\"https:\/\/franciscanos.org.br\/vidacrista\/\",\"name\":\"Vida Crist\u00e3 - Franciscanos\",\"description\":\"Prov\u00edncia Franciscana da Imaculada Concei\u00e7\u00e3o do Brasil - Ordem dos Frades Menores\",\"potentialAction\":[{\"@type\":\"SearchAction\",\"target\":{\"@type\":\"EntryPoint\",\"urlTemplate\":\"https:\/\/franciscanos.org.br\/vidacrista\/?s={search_term_string}\"},\"query-input\":\"required name=search_term_string\"}],\"inLanguage\":\"pt-BR\"},{\"@type\":\"WebPage\",\"@id\":\"https:\/\/franciscanos.org.br\/vidacrista\/o-sonho-de-deus-imaculada-conceicao-de-maria\/\",\"url\":\"https:\/\/franciscanos.org.br\/vidacrista\/o-sonho-de-deus-imaculada-conceicao-de-maria\/\",\"name\":\"O sonho de Deus: Imaculada Concei\u00e7\u00e3o de Maria - Vida Crist\u00e3 - Franciscanos\",\"isPartOf\":{\"@id\":\"https:\/\/franciscanos.org.br\/vidacrista\/#website\"},\"datePublished\":\"2021-12-07T19:31:16+00:00\",\"dateModified\":\"2021-12-07T19:31:16+00:00\",\"author\":{\"@id\":\"https:\/\/franciscanos.org.br\/vidacrista\/#\/schema\/person\/1880bdd2c350b735648725ef7614736a\"},\"breadcrumb\":{\"@id\":\"https:\/\/franciscanos.org.br\/vidacrista\/o-sonho-de-deus-imaculada-conceicao-de-maria\/#breadcrumb\"},\"inLanguage\":\"pt-BR\",\"potentialAction\":[{\"@type\":\"ReadAction\",\"target\":[\"https:\/\/franciscanos.org.br\/vidacrista\/o-sonho-de-deus-imaculada-conceicao-de-maria\/\"]}]},{\"@type\":\"BreadcrumbList\",\"@id\":\"https:\/\/franciscanos.org.br\/vidacrista\/o-sonho-de-deus-imaculada-conceicao-de-maria\/#breadcrumb\",\"itemListElement\":[{\"@type\":\"ListItem\",\"position\":1,\"name\":\"Home\",\"item\":\"https:\/\/franciscanos.org.br\/vidacrista\/\"},{\"@type\":\"ListItem\",\"position\":2,\"name\":\"O sonho de Deus: Imaculada Concei\u00e7\u00e3o de Maria\"}]},{\"@type\":\"Person\",\"@id\":\"https:\/\/franciscanos.org.br\/vidacrista\/#\/schema\/person\/1880bdd2c350b735648725ef7614736a\",\"name\":\"moacir\",\"image\":{\"@type\":\"ImageObject\",\"inLanguage\":\"pt-BR\",\"@id\":\"https:\/\/franciscanos.org.br\/vidacrista\/#\/schema\/person\/image\/\",\"url\":\"https:\/\/secure.gravatar.com\/avatar\/d08aa2ce4c8dd416d4479aa8536fcf64?s=96&d=mm&r=g\",\"contentUrl\":\"https:\/\/secure.gravatar.com\/avatar\/d08aa2ce4c8dd416d4479aa8536fcf64?s=96&d=mm&r=g\",\"caption\":\"moacir\"},\"url\":\"https:\/\/franciscanos.org.br\/vidacrista\/author\/moacir\/\"}]}<\/script>\n<!-- \/ Yoast SEO plugin. -->","yoast_head_json":{"title":"O sonho de Deus: Imaculada Concei\u00e7\u00e3o de Maria - Vida Crist\u00e3 - Franciscanos","robots":{"index":"index","follow":"follow","max-snippet":"max-snippet:-1","max-image-preview":"max-image-preview:large","max-video-preview":"max-video-preview:-1"},"canonical":"https:\/\/franciscanos.org.br\/vidacrista\/o-sonho-de-deus-imaculada-conceicao-de-maria\/","og_locale":"pt_BR","og_type":"article","og_title":"O sonho de Deus: Imaculada Concei\u00e7\u00e3o de Maria - Vida Crist\u00e3 - Franciscanos","og_description":"Reflex\u00e3o de Frei Almir Ribeiro Guimar\u00e3es","og_url":"https:\/\/franciscanos.org.br\/vidacrista\/o-sonho-de-deus-imaculada-conceicao-de-maria\/","og_site_name":"Vida Crist\u00e3 - Franciscanos","article_published_time":"2021-12-07T19:31:16+00:00","og_image":[{"width":840,"height":450,"url":"https:\/\/franciscanos.org.br\/vidacrista\/wp-content\/uploads\/2021\/12\/imaculada_0712.jpg","type":"image\/jpeg"}],"author":"moacir","twitter_card":"summary_large_image","twitter_misc":{"Escrito por":"moacir","Est. tempo de leitura":"5 minutos"},"schema":{"@context":"https:\/\/schema.org","@graph":[{"@type":"WebSite","@id":"https:\/\/franciscanos.org.br\/vidacrista\/#website","url":"https:\/\/franciscanos.org.br\/vidacrista\/","name":"Vida Crist\u00e3 - Franciscanos","description":"Prov\u00edncia Franciscana da Imaculada Concei\u00e7\u00e3o do Brasil - Ordem dos Frades Menores","potentialAction":[{"@type":"SearchAction","target":{"@type":"EntryPoint","urlTemplate":"https:\/\/franciscanos.org.br\/vidacrista\/?s={search_term_string}"},"query-input":"required name=search_term_string"}],"inLanguage":"pt-BR"},{"@type":"WebPage","@id":"https:\/\/franciscanos.org.br\/vidacrista\/o-sonho-de-deus-imaculada-conceicao-de-maria\/","url":"https:\/\/franciscanos.org.br\/vidacrista\/o-sonho-de-deus-imaculada-conceicao-de-maria\/","name":"O sonho de Deus: Imaculada Concei\u00e7\u00e3o de Maria - Vida Crist\u00e3 - Franciscanos","isPartOf":{"@id":"https:\/\/franciscanos.org.br\/vidacrista\/#website"},"datePublished":"2021-12-07T19:31:16+00:00","dateModified":"2021-12-07T19:31:16+00:00","author":{"@id":"https:\/\/franciscanos.org.br\/vidacrista\/#\/schema\/person\/1880bdd2c350b735648725ef7614736a"},"breadcrumb":{"@id":"https:\/\/franciscanos.org.br\/vidacrista\/o-sonho-de-deus-imaculada-conceicao-de-maria\/#breadcrumb"},"inLanguage":"pt-BR","potentialAction":[{"@type":"ReadAction","target":["https:\/\/franciscanos.org.br\/vidacrista\/o-sonho-de-deus-imaculada-conceicao-de-maria\/"]}]},{"@type":"BreadcrumbList","@id":"https:\/\/franciscanos.org.br\/vidacrista\/o-sonho-de-deus-imaculada-conceicao-de-maria\/#breadcrumb","itemListElement":[{"@type":"ListItem","position":1,"name":"Home","item":"https:\/\/franciscanos.org.br\/vidacrista\/"},{"@type":"ListItem","position":2,"name":"O sonho de Deus: Imaculada Concei\u00e7\u00e3o de Maria"}]},{"@type":"Person","@id":"https:\/\/franciscanos.org.br\/vidacrista\/#\/schema\/person\/1880bdd2c350b735648725ef7614736a","name":"moacir","image":{"@type":"ImageObject","inLanguage":"pt-BR","@id":"https:\/\/franciscanos.org.br\/vidacrista\/#\/schema\/person\/image\/","url":"https:\/\/secure.gravatar.com\/avatar\/d08aa2ce4c8dd416d4479aa8536fcf64?s=96&d=mm&r=g","contentUrl":"https:\/\/secure.gravatar.com\/avatar\/d08aa2ce4c8dd416d4479aa8536fcf64?s=96&d=mm&r=g","caption":"moacir"},"url":"https:\/\/franciscanos.org.br\/vidacrista\/author\/moacir\/"}]}},"_links":{"self":[{"href":"https:\/\/franciscanos.org.br\/vidacrista\/wp-json\/wp\/v2\/posts\/191069"}],"collection":[{"href":"https:\/\/franciscanos.org.br\/vidacrista\/wp-json\/wp\/v2\/posts"}],"about":[{"href":"https:\/\/franciscanos.org.br\/vidacrista\/wp-json\/wp\/v2\/types\/post"}],"author":[{"embeddable":true,"href":"https:\/\/franciscanos.org.br\/vidacrista\/wp-json\/wp\/v2\/users\/3"}],"replies":[{"embeddable":true,"href":"https:\/\/franciscanos.org.br\/vidacrista\/wp-json\/wp\/v2\/comments?post=191069"}],"version-history":[{"count":1,"href":"https:\/\/franciscanos.org.br\/vidacrista\/wp-json\/wp\/v2\/posts\/191069\/revisions"}],"predecessor-version":[{"id":191071,"href":"https:\/\/franciscanos.org.br\/vidacrista\/wp-json\/wp\/v2\/posts\/191069\/revisions\/191071"}],"wp:featuredmedia":[{"embeddable":true,"href":"https:\/\/franciscanos.org.br\/vidacrista\/wp-json\/wp\/v2\/media\/191070"}],"wp:attachment":[{"href":"https:\/\/franciscanos.org.br\/vidacrista\/wp-json\/wp\/v2\/media?parent=191069"}],"wp:term":[{"taxonomy":"category","embeddable":true,"href":"https:\/\/franciscanos.org.br\/vidacrista\/wp-json\/wp\/v2\/categories?post=191069"},{"taxonomy":"post_tag","embeddable":true,"href":"https:\/\/franciscanos.org.br\/vidacrista\/wp-json\/wp\/v2\/tags?post=191069"}],"curies":[{"name":"wp","href":"https:\/\/api.w.org\/{rel}","templated":true}]}}