{"id":191038,"date":"2021-12-04T05:40:30","date_gmt":"2021-12-04T08:40:30","guid":{"rendered":"https:\/\/franciscanos.org.br\/vidacrista\/?p=191038"},"modified":"2021-12-04T05:40:30","modified_gmt":"2021-12-04T08:40:30","slug":"advento-da-fraternidade","status":"publish","type":"post","link":"https:\/\/franciscanos.org.br\/vidacrista\/advento-da-fraternidade\/","title":{"rendered":"Advento da fraternidade"},"content":{"rendered":"<div id=\"attachment_191039\" style=\"width: 850px\" class=\"wp-caption alignnone\"><img aria-describedby=\"caption-attachment-191039\" decoding=\"async\" loading=\"lazy\" class=\"wp-image-191039 size-full\" src=\"https:\/\/franciscanos.org.br\/vidacrista\/wp-content\/uploads\/2021\/12\/artigo_0412.jpg\" alt=\"\" width=\"840\" height=\"450\" srcset=\"https:\/\/franciscanos.org.br\/vidacrista\/wp-content\/uploads\/2021\/12\/artigo_0412.jpg 840w, https:\/\/franciscanos.org.br\/vidacrista\/wp-content\/uploads\/2021\/12\/artigo_0412-450x241.jpg 450w, https:\/\/franciscanos.org.br\/vidacrista\/wp-content\/uploads\/2021\/12\/artigo_0412-768x411.jpg 768w, https:\/\/franciscanos.org.br\/vidacrista\/wp-content\/uploads\/2021\/12\/artigo_0412-150x80.jpg 150w\" sizes=\"(max-width: 840px) 100vw, 840px\" \/><p id=\"caption-attachment-191039\" class=\"wp-caption-text\">\u00a0 \u00a0 \u00a0 \u00a0 \u00a0 \u00a0 \u00a0 \u00a0 \u00a0 \u00a0 \u00a0 \u00a0 \u00a0 \u00a0 \u00a0 \u00a0 \u00a0 \u00a0 \u00a0 \u00a0 \u00a0 \u00a0<em> \u00a0 \u00a0Imagem: Nascimento de Jesus, Giotto (Wikimedia Commons, dom\u00ednio p\u00fablico) <\/em><\/p><\/div>\n<p><strong>Dom Walmor Oliveira de Azevedo<\/strong><\/p>\n<p>Cantada em verso e em prosa, a trilogia igualdade, fraternidade e liberdade precisa inspirar e desafiar, cotidianamente, os cidad\u00e3os. Desafio e inspira\u00e7\u00e3o que equilibram e fecundam a identidade e a miss\u00e3o das institui\u00e7\u00f5es respons\u00e1veis por configurar as fei\u00e7\u00f5es da sociedade. Desconsiderar os princ\u00edpios da igualdade, fraternidade e liberdade \u00e9 enfraquecer a democracia. Significa tamb\u00e9m distanciar as rela\u00e7\u00f5es sociais, pol\u00edticas e econ\u00f4micas dos par\u00e2metros de inegoci\u00e1vel racionalidade e sustentabilidade. As deteriora\u00e7\u00f5es humanas, comprovadas pelos cen\u00e1rios de desigualdade social e viol\u00eancia, s\u00e3o consequ\u00eancias desse distanciamento. Por isso mesmo, os princ\u00edpios essenciais \u00e0 democracia permanecem consolidados por legisla\u00e7\u00f5es em cartas magnas, incorporados em indispens\u00e1veis e arrojadas pol\u00edticas p\u00fablicas, fecundados por valores culturais. Trata-se, pois, de uma luta priorit\u00e1ria trabalhar pela garantia e exequibilidade dessas importantes bases que s\u00e3o tamb\u00e9m horizontes inspiradores. Ressalte-se: dentre essas bases, o princ\u00edpio da fraternidade tem peculiaridades e din\u00e2micas pr\u00f3prias. \u00c9 determinado por modos de agir que se relacionam com o que cada pessoa leva no cora\u00e7\u00e3o, sustentando o exerc\u00edcio cidad\u00e3o nos par\u00e2metros da voca\u00e7\u00e3o mission\u00e1ria de se promover o bem comum, a justi\u00e7a e a paz. O ser humano \u00e9 instado a ter no horizonte de seu caminho a responsabilidade de manter acesa a chama do advento da fraternidade.<\/p>\n<p>O advento da fraternidade depende de pr\u00e1ticas e de refer\u00eancias importantes, inspiradoras e impulsionadoras de novos ciclos, novas din\u00e2micas. Assim, \u00e9 capaz de ajudar a construir novos tempos, qualificando o ser humano para se relacionar com o seu semelhante. Isto significa tamb\u00e9m gerar mais equil\u00edbrio e justi\u00e7a social na sociedade. No horizonte do advento da fraternidade surge a pessoa de Jesus Cristo, conforme sempre evidencia a Igreja, de modo novo e apaixonado, especialmente no tempo de prepara\u00e7\u00e3o para o Natal. A pessoa de Jesus Cristo \u00e9 a centralidade da celebra\u00e7\u00e3o do Natal, oportunidade para encontr\u00e1-lo. O Mestre \u00e9 Aquele que vem, inspirando a ida de todos ao encontro Dele. A presen\u00e7a de Jesus carrega, no seu significado e alcance, tudo o que se pode encontrar de bom, prop\u00edcio e fecundo em igualdade, liberdade e fraternidade. Sua mensagem condensa as bases da experi\u00eancia da fraternidade, que alavanca a viv\u00eancia da liberdade e da igualdade.<\/p>\n<p>Magistral e oportuna, para fecundar a experi\u00eancia da celebra\u00e7\u00e3o do advento do Salvador do mundo, Jesus Cristo, \u00e9 a Carta Enc\u00edclica Fratelli Tutti, do Papa Francisco: convoca\u00e7\u00e3o para que a humanidade invista no advento da fraternidade. E o advento do Menino Deus \u00e9 o advento da fraternidade, que tem a sua fonte e \u00e1pice na vinda do Salvador. H\u00e1 de se compreender, pois, que o advento da fraternidade se dar\u00e1 por meio de uma vida vivida com o sabor do Evangelho de Jesus Cristo. Conforme sublinha o Papa Francisco, trata-se de aceitar o convite a um amor que ultrapassa as barreiras geogr\u00e1ficas e espaciais, sem preconceito algum e sem qualquer abomin\u00e1vel discrimina\u00e7\u00e3o, encontrando a felicidade maior, mais completa e duradoura, aquela que vem da alegria de amar o outro como irm\u00e3o e irm\u00e3. A fraternidade tem uma essencialidade simples. Permite, a partir do cora\u00e7\u00e3o, reconhecer, valorizar e amar todas as pessoas independentemente de sua proximidade f\u00edsica, do ponto da terra onde nasceu ou reside, ressalta a Carta Enc\u00edclica.<\/p>\n<p>Legisla\u00e7\u00f5es indispens\u00e1veis, para garantir a defesa de direitos e a promo\u00e7\u00e3o da justi\u00e7a, s\u00e3o muito importantes, e precisam de reda\u00e7\u00e3o assertiva ancoradas nos princ\u00edpios da igualdade e da liberdade. De modo ainda mais profundo, a fraternidade exige o cora\u00e7\u00e3o humano, que precisa ser ber\u00e7o-fonte de uma espiritualidade que fecunde a interioridade, produzindo convic\u00e7\u00f5es capazes de efetivar a longanimidade de um querer bem universal. Universal sem generaliza\u00e7\u00f5es, mas abrangente na especificidade de ser irm\u00e3o e irm\u00e3 de verdade e efetivamente de todos. O advento do Natal do Senhor carrega a for\u00e7a transformadora da f\u00e9, garantindo, incondicionalmente, a compet\u00eancia de enxergar o pr\u00f3ximo para al\u00e9m de eventuais afinidades, interesses, programas ou projetos partilhados. A fraternidade humana constitui cap\u00edtulo central na vida dos disc\u00edpulos de Jesus, comprometidos com a salvaguarda da cria\u00e7\u00e3o, unidos a todas as pessoas, especialmente aos mais pobres e necessitados. A fraternidade humana \u00e9, pois, um valor transcendente, que fortalece a indispens\u00e1vel e urgente solidariedade, inspirando profecia, lucidez das escolhas e respostas para problemas sociais.<\/p>\n<p>O advento do Natal \u00e9 convoca\u00e7\u00e3o para investir na conquista e na efetiva\u00e7\u00e3o do advento da fraternidade \u2013 rem\u00e9dio para o descompasso do mundo, equilibrando interioridades e a rede de rela\u00e7\u00f5es humanas. O projeto de consolida\u00e7\u00e3o do advento da fraternidade \u00e9 grandioso, inigual\u00e1vel em import\u00e2ncia, mas \u00e9 constru\u00eddo a partir de pequenos passos no dia a dia, superando lit\u00edgios, n\u00e3o se permitindo agir agressivamente, revestindo-se de humildade. Confrontos raivosos ou imposi\u00e7\u00f5es n\u00e3o comunicam o amor de Deus, n\u00e3o curam feridas e nem levam a entendimentos iluminadores. A fraternidade \u00e9 o caminho certo e singular para se alcan\u00e7ar a verdadeira paz interior. Uma fonte de sabedoria que conduz o ser humano \u00e0 justi\u00e7a, na via da igualdade e da liberdade. Com o advento do Natal do Senhor fecunde-se a efetiva\u00e7\u00e3o do advento da fraternidade.<\/p>\n<hr \/>\n<p><strong>Dom Walmor Oliveira de Azevedo<\/strong> <em>\u00e9 Arcebispo de Belo Horizonte (BH) e presidente da Confer\u00eancia dos Bispos do Brasil<\/em><\/p>\n","protected":false},"excerpt":{"rendered":"<p>Artigo de Dom Walmor Oliveira de Azevedo<\/p>\n","protected":false},"author":3,"featured_media":191039,"comment_status":"open","ping_status":"open","sticky":false,"template":"","format":"standard","meta":{"footnotes":""},"categories":[26],"tags":[271],"yoast_head":"<!-- This site is optimized with the Yoast SEO plugin v19.4 - https:\/\/yoast.com\/wordpress\/plugins\/seo\/ -->\n<title>Advento da fraternidade - Vida Crist\u00e3 - Franciscanos<\/title>\n<meta name=\"robots\" content=\"index, follow, max-snippet:-1, max-image-preview:large, max-video-preview:-1\" \/>\n<link rel=\"canonical\" href=\"https:\/\/franciscanos.org.br\/vidacrista\/advento-da-fraternidade\/\" \/>\n<meta property=\"og:locale\" content=\"pt_BR\" \/>\n<meta property=\"og:type\" content=\"article\" \/>\n<meta property=\"og:title\" content=\"Advento da fraternidade - Vida Crist\u00e3 - Franciscanos\" \/>\n<meta property=\"og:description\" content=\"Artigo de Dom Walmor Oliveira de Azevedo\" \/>\n<meta property=\"og:url\" content=\"https:\/\/franciscanos.org.br\/vidacrista\/advento-da-fraternidade\/\" \/>\n<meta property=\"og:site_name\" content=\"Vida Crist\u00e3 - Franciscanos\" \/>\n<meta property=\"article:published_time\" content=\"2021-12-04T08:40:30+00:00\" \/>\n<meta property=\"og:image\" content=\"https:\/\/franciscanos.org.br\/vidacrista\/wp-content\/uploads\/2021\/12\/artigo_0412.jpg\" \/>\n\t<meta property=\"og:image:width\" content=\"840\" \/>\n\t<meta property=\"og:image:height\" content=\"450\" \/>\n\t<meta property=\"og:image:type\" content=\"image\/jpeg\" \/>\n<meta name=\"author\" content=\"moacir\" \/>\n<meta name=\"twitter:card\" content=\"summary_large_image\" \/>\n<meta name=\"twitter:label1\" content=\"Escrito por\" \/>\n\t<meta name=\"twitter:data1\" content=\"moacir\" \/>\n\t<meta name=\"twitter:label2\" content=\"Est. tempo de leitura\" \/>\n\t<meta name=\"twitter:data2\" content=\"5 minutos\" \/>\n<script type=\"application\/ld+json\" class=\"yoast-schema-graph\">{\"@context\":\"https:\/\/schema.org\",\"@graph\":[{\"@type\":\"WebSite\",\"@id\":\"https:\/\/franciscanos.org.br\/vidacrista\/#website\",\"url\":\"https:\/\/franciscanos.org.br\/vidacrista\/\",\"name\":\"Vida Crist\u00e3 - Franciscanos\",\"description\":\"Prov\u00edncia Franciscana da Imaculada Concei\u00e7\u00e3o do Brasil - Ordem dos Frades Menores\",\"potentialAction\":[{\"@type\":\"SearchAction\",\"target\":{\"@type\":\"EntryPoint\",\"urlTemplate\":\"https:\/\/franciscanos.org.br\/vidacrista\/?s={search_term_string}\"},\"query-input\":\"required name=search_term_string\"}],\"inLanguage\":\"pt-BR\"},{\"@type\":\"WebPage\",\"@id\":\"https:\/\/franciscanos.org.br\/vidacrista\/advento-da-fraternidade\/\",\"url\":\"https:\/\/franciscanos.org.br\/vidacrista\/advento-da-fraternidade\/\",\"name\":\"Advento da fraternidade - Vida Crist\u00e3 - Franciscanos\",\"isPartOf\":{\"@id\":\"https:\/\/franciscanos.org.br\/vidacrista\/#website\"},\"datePublished\":\"2021-12-04T08:40:30+00:00\",\"dateModified\":\"2021-12-04T08:40:30+00:00\",\"author\":{\"@id\":\"https:\/\/franciscanos.org.br\/vidacrista\/#\/schema\/person\/1880bdd2c350b735648725ef7614736a\"},\"breadcrumb\":{\"@id\":\"https:\/\/franciscanos.org.br\/vidacrista\/advento-da-fraternidade\/#breadcrumb\"},\"inLanguage\":\"pt-BR\",\"potentialAction\":[{\"@type\":\"ReadAction\",\"target\":[\"https:\/\/franciscanos.org.br\/vidacrista\/advento-da-fraternidade\/\"]}]},{\"@type\":\"BreadcrumbList\",\"@id\":\"https:\/\/franciscanos.org.br\/vidacrista\/advento-da-fraternidade\/#breadcrumb\",\"itemListElement\":[{\"@type\":\"ListItem\",\"position\":1,\"name\":\"Home\",\"item\":\"https:\/\/franciscanos.org.br\/vidacrista\/\"},{\"@type\":\"ListItem\",\"position\":2,\"name\":\"Advento da fraternidade\"}]},{\"@type\":\"Person\",\"@id\":\"https:\/\/franciscanos.org.br\/vidacrista\/#\/schema\/person\/1880bdd2c350b735648725ef7614736a\",\"name\":\"moacir\",\"image\":{\"@type\":\"ImageObject\",\"inLanguage\":\"pt-BR\",\"@id\":\"https:\/\/franciscanos.org.br\/vidacrista\/#\/schema\/person\/image\/\",\"url\":\"https:\/\/secure.gravatar.com\/avatar\/d08aa2ce4c8dd416d4479aa8536fcf64?s=96&d=mm&r=g\",\"contentUrl\":\"https:\/\/secure.gravatar.com\/avatar\/d08aa2ce4c8dd416d4479aa8536fcf64?s=96&d=mm&r=g\",\"caption\":\"moacir\"},\"url\":\"https:\/\/franciscanos.org.br\/vidacrista\/author\/moacir\/\"}]}<\/script>\n<!-- \/ Yoast SEO plugin. -->","yoast_head_json":{"title":"Advento da fraternidade - Vida Crist\u00e3 - Franciscanos","robots":{"index":"index","follow":"follow","max-snippet":"max-snippet:-1","max-image-preview":"max-image-preview:large","max-video-preview":"max-video-preview:-1"},"canonical":"https:\/\/franciscanos.org.br\/vidacrista\/advento-da-fraternidade\/","og_locale":"pt_BR","og_type":"article","og_title":"Advento da fraternidade - Vida Crist\u00e3 - Franciscanos","og_description":"Artigo de Dom Walmor Oliveira de Azevedo","og_url":"https:\/\/franciscanos.org.br\/vidacrista\/advento-da-fraternidade\/","og_site_name":"Vida Crist\u00e3 - Franciscanos","article_published_time":"2021-12-04T08:40:30+00:00","og_image":[{"width":840,"height":450,"url":"https:\/\/franciscanos.org.br\/vidacrista\/wp-content\/uploads\/2021\/12\/artigo_0412.jpg","type":"image\/jpeg"}],"author":"moacir","twitter_card":"summary_large_image","twitter_misc":{"Escrito por":"moacir","Est. tempo de leitura":"5 minutos"},"schema":{"@context":"https:\/\/schema.org","@graph":[{"@type":"WebSite","@id":"https:\/\/franciscanos.org.br\/vidacrista\/#website","url":"https:\/\/franciscanos.org.br\/vidacrista\/","name":"Vida Crist\u00e3 - Franciscanos","description":"Prov\u00edncia Franciscana da Imaculada Concei\u00e7\u00e3o do Brasil - Ordem dos Frades Menores","potentialAction":[{"@type":"SearchAction","target":{"@type":"EntryPoint","urlTemplate":"https:\/\/franciscanos.org.br\/vidacrista\/?s={search_term_string}"},"query-input":"required name=search_term_string"}],"inLanguage":"pt-BR"},{"@type":"WebPage","@id":"https:\/\/franciscanos.org.br\/vidacrista\/advento-da-fraternidade\/","url":"https:\/\/franciscanos.org.br\/vidacrista\/advento-da-fraternidade\/","name":"Advento da fraternidade - Vida Crist\u00e3 - Franciscanos","isPartOf":{"@id":"https:\/\/franciscanos.org.br\/vidacrista\/#website"},"datePublished":"2021-12-04T08:40:30+00:00","dateModified":"2021-12-04T08:40:30+00:00","author":{"@id":"https:\/\/franciscanos.org.br\/vidacrista\/#\/schema\/person\/1880bdd2c350b735648725ef7614736a"},"breadcrumb":{"@id":"https:\/\/franciscanos.org.br\/vidacrista\/advento-da-fraternidade\/#breadcrumb"},"inLanguage":"pt-BR","potentialAction":[{"@type":"ReadAction","target":["https:\/\/franciscanos.org.br\/vidacrista\/advento-da-fraternidade\/"]}]},{"@type":"BreadcrumbList","@id":"https:\/\/franciscanos.org.br\/vidacrista\/advento-da-fraternidade\/#breadcrumb","itemListElement":[{"@type":"ListItem","position":1,"name":"Home","item":"https:\/\/franciscanos.org.br\/vidacrista\/"},{"@type":"ListItem","position":2,"name":"Advento da fraternidade"}]},{"@type":"Person","@id":"https:\/\/franciscanos.org.br\/vidacrista\/#\/schema\/person\/1880bdd2c350b735648725ef7614736a","name":"moacir","image":{"@type":"ImageObject","inLanguage":"pt-BR","@id":"https:\/\/franciscanos.org.br\/vidacrista\/#\/schema\/person\/image\/","url":"https:\/\/secure.gravatar.com\/avatar\/d08aa2ce4c8dd416d4479aa8536fcf64?s=96&d=mm&r=g","contentUrl":"https:\/\/secure.gravatar.com\/avatar\/d08aa2ce4c8dd416d4479aa8536fcf64?s=96&d=mm&r=g","caption":"moacir"},"url":"https:\/\/franciscanos.org.br\/vidacrista\/author\/moacir\/"}]}},"_links":{"self":[{"href":"https:\/\/franciscanos.org.br\/vidacrista\/wp-json\/wp\/v2\/posts\/191038"}],"collection":[{"href":"https:\/\/franciscanos.org.br\/vidacrista\/wp-json\/wp\/v2\/posts"}],"about":[{"href":"https:\/\/franciscanos.org.br\/vidacrista\/wp-json\/wp\/v2\/types\/post"}],"author":[{"embeddable":true,"href":"https:\/\/franciscanos.org.br\/vidacrista\/wp-json\/wp\/v2\/users\/3"}],"replies":[{"embeddable":true,"href":"https:\/\/franciscanos.org.br\/vidacrista\/wp-json\/wp\/v2\/comments?post=191038"}],"version-history":[{"count":1,"href":"https:\/\/franciscanos.org.br\/vidacrista\/wp-json\/wp\/v2\/posts\/191038\/revisions"}],"predecessor-version":[{"id":191040,"href":"https:\/\/franciscanos.org.br\/vidacrista\/wp-json\/wp\/v2\/posts\/191038\/revisions\/191040"}],"wp:featuredmedia":[{"embeddable":true,"href":"https:\/\/franciscanos.org.br\/vidacrista\/wp-json\/wp\/v2\/media\/191039"}],"wp:attachment":[{"href":"https:\/\/franciscanos.org.br\/vidacrista\/wp-json\/wp\/v2\/media?parent=191038"}],"wp:term":[{"taxonomy":"category","embeddable":true,"href":"https:\/\/franciscanos.org.br\/vidacrista\/wp-json\/wp\/v2\/categories?post=191038"},{"taxonomy":"post_tag","embeddable":true,"href":"https:\/\/franciscanos.org.br\/vidacrista\/wp-json\/wp\/v2\/tags?post=191038"}],"curies":[{"name":"wp","href":"https:\/\/api.w.org\/{rel}","templated":true}]}}