{"id":191027,"date":"2021-12-02T13:36:43","date_gmt":"2021-12-02T16:36:43","guid":{"rendered":"https:\/\/franciscanos.org.br\/vidacrista\/?p=191027"},"modified":"2021-12-02T14:44:56","modified_gmt":"2021-12-02T17:44:56","slug":"o-pecado-nao-existe-evangelho-de-maria-madalena-mm-711-28","status":"publish","type":"post","link":"https:\/\/franciscanos.org.br\/vidacrista\/o-pecado-nao-existe-evangelho-de-maria-madalena-mm-711-28\/","title":{"rendered":"O pecado n\u00e3o existe! Evangelho de Maria Madalena (MM 7,11-28)"},"content":{"rendered":"<div id=\"attachment_191028\" style=\"width: 850px\" class=\"wp-caption alignnone\"><img aria-describedby=\"caption-attachment-191028\" decoding=\"async\" loading=\"lazy\" class=\"wp-image-191028 size-full\" src=\"https:\/\/franciscanos.org.br\/vidacrista\/wp-content\/uploads\/2021\/12\/madalena_021221.jpg\" alt=\"\" width=\"840\" height=\"450\" srcset=\"https:\/\/franciscanos.org.br\/vidacrista\/wp-content\/uploads\/2021\/12\/madalena_021221.jpg 840w, https:\/\/franciscanos.org.br\/vidacrista\/wp-content\/uploads\/2021\/12\/madalena_021221-450x241.jpg 450w, https:\/\/franciscanos.org.br\/vidacrista\/wp-content\/uploads\/2021\/12\/madalena_021221-768x411.jpg 768w, https:\/\/franciscanos.org.br\/vidacrista\/wp-content\/uploads\/2021\/12\/madalena_021221-150x80.jpg 150w\" sizes=\"(max-width: 840px) 100vw, 840px\" \/><p id=\"caption-attachment-191028\" class=\"wp-caption-text\"><em>\u00a0 \u00a0 \u00a0 Imagem: Madalena, de El Greco, Wikimedia Commons (dom\u00ednio p\u00fablico) <\/em><\/p><\/div>\n<p><em>Frei Jacir de Freitas Faria<\/em> <a href=\"#_ftn1\" name=\"_ftnref1\">[1]<\/a><\/p>\n<p>O evangelho ap\u00f3crifo de Maria Madalena, de origem gn\u00f3stica, datado por volta do ano 150 da Era Comum e encontrado em 1945, na biblioteca de <em>Nag Hammadi<\/em>, no alto Egito, no cap\u00edtulo sete, vers\u00edculos de onze a vinte e oito, deixou registrado:<a href=\"#_ftn2\" name=\"_ftnref2\">[2]<\/a><\/p>\n<p><em><sup>11<\/sup><\/em><em>Pedro diz a Maria Madalena: \u201cJ\u00e1 que Tu te fazes o int\u00e9rprete <sup>12<\/sup>dos elementos e dos acontecimentos do mundo, dize-nos:<sup>13<\/sup>O que \u00e9 o pecado no mundo?\u201d <sup>14<\/sup>O Mestre (Jesus) diz: <sup>15<\/sup>\u201cN\u00e3o h\u00e1 pecado.<sup>16<\/sup>Sois v\u00f3s que fazeis existir o pecado <sup>17<\/sup>quando agis conforme os h\u00e1bitos <sup>18<\/sup>de vossa natureza ad\u00faltera:<sup>19<\/sup>a\u00ed est\u00e1 o pecado. <sup>20<\/sup>Eis porque o Bem veio entre v\u00f3s;<sup>21<\/sup>Ele participou dos elementos de vossa natureza <sup>22<\/sup>a fim de reuni-la a suas ra\u00edzes.\u201d <sup>23<\/sup>Ele continuou e disse: <sup>24<\/sup>\u201cEis por que estais doentes <sup>25<\/sup>e porque morreis:<sup>26<\/sup>\u00e9 a consequ\u00eancia de vossos atos: <sup>27<\/sup>v\u00f3s fazeis o que vos afasta&#8230;<sup>28<\/sup>Quem puder, compreenda.\u201d<\/em><\/p>\n<p><iframe loading=\"lazy\" title=\"YouTube video player\" src=\"https:\/\/www.youtube.com\/embed\/68oSczjuy3E\" width=\"100%\" height=\"500\" frameborder=\"0\" allowfullscreen=\"allowfullscreen\"><span data-mce-type=\"bookmark\" style=\"display: inline-block; width: 0px; overflow: hidden; line-height: 0;\" class=\"mce_SELRES_start\">\ufeff<\/span><\/iframe><\/p>\n<p>Esse evangelho \u00e9 um di\u00e1logo entre os ap\u00f3stolos e Maria Madalena, considerada ap\u00f3stola pelos gn\u00f3sticos, movimento religioso que reconhecia a lideran\u00e7a das mulheres e ensinava que a salva\u00e7\u00e3o vem pelo conhecimento de Deus e de nossas origens.<\/p>\n<p>Madalena recebeu os ensinamentos de Jesus e teria poder para repass\u00e1-los aos outros ap\u00f3stolos. O contexto desse evangelho \u00e9 o de disputas de poder entre os crist\u00e3os do segundo s\u00e9culo do cristianismo em rela\u00e7\u00e3o, por exemplo, \u00e0 lideran\u00e7a exercida pelas mulheres na condu\u00e7\u00e3o da Igreja, de modo especial entre os crist\u00e3os gn\u00f3sticos marcionitas, carpocr\u00e1ticos e montanistas, onde elas eram profetisas, sacerdotisas, bispas e mestras. H\u00e1, nesse per\u00edodo, uma disputa de poder para saber quem conduziria o cristianismo.<\/p>\n<p>A partir do final do s\u00e9culo segundo quem concedesse poder \u00e0s mulheres seria considerado her\u00e9tico pelo cristianismo que se tornou hegem\u00f4nico, o apost\u00f3lico. Os crist\u00e3os da primeira hora seguiram o exemplo de Jesus, que acolheu e valorizou mulheres em sua prega\u00e7\u00e3o do reino.<\/p>\n<p>Com a condu\u00e7\u00e3o de homens, o cristianismo voltou a ser judeu. Para o Imp\u00e9rio Romano, a posi\u00e7\u00e3o discriminat\u00f3ria do cristianismo em rela\u00e7\u00e3o \u00e0 mulher foi positiva, pois ela veio de encontro aos mis\u00f3ginos romanos \u2013 homens que tem avers\u00e3o ao poder das mulheres, que combatiam a proemin\u00eancia das mulheres no imp\u00e9rio, as quais, por serem maioria, come\u00e7avam a se envolver nos neg\u00f3cios, na vida social, nos esportes, nas viagens, festas etc.<a href=\"#_ftn3\" name=\"_ftnref3\">[3]<\/a><\/p>\n<p>No evangelho de Maria Madalena, Pedro, com tom ir\u00f4nico, pergunta para Madalena<em>: \u201cJ\u00e1 que Tu te fazes a int\u00e9rprete\u201d <\/em>dos acontecimentos, fala para n\u00f3s sobre a exist\u00eancia do pecado. Pedro era reconhecido como o que tinha primazia sobre os ap\u00f3stolos. O seu nome \u00e9 tamb\u00e9m Sim\u00e3o, substantivo que vem do verbo hebraico <em>Shem\u00e1<\/em>, que significa escutar com o sentido de saber entender, compreender o sentido, e n\u00e3o somente ouvir por ouvir. Dizer Sim\u00e3o, Sime\u00e3o, \u00e9 mesmo que dizer \u201caquele que ouve\u201d, interpreta perfeitamente.<\/p>\n<p>Pedro, aquele que pensa ter compreendido a fala de Jesus, parece n\u00e3o ter ouvido direito. Ou ter\u00e1 ouvido de forma equivocada? Pedro afirma que Maria Madalena quer passar por int\u00e9rprete dos elementos e acontecimentos do mundo. Na verdade, Maria Madalena esteve muito pr\u00f3xima de Jesus, o conheceu muito e o amou em profundidade. Ela poderia, sim, interpretar os elementos do mundo, a realidade que nos impede, conforme o pensamento gn\u00f3stico, de conhecer para volta para a realidade da Luz, de onde viemos.<\/p>\n<p>Gnose significa conhecer. A salva\u00e7\u00e3o vem pelo conhecimento da realidade de onde viemos e para onde voltaremos. Pedro n\u00e3o tem como duvidar da capacidade de Madalena e de sua rela\u00e7\u00e3o pr\u00f3xima com o Mestre. E qual n\u00e3o foi a surpresa de Pedro com a resposta de Maria Madalena: <em>\u201cN\u00e3o h\u00e1 pecado. Sois v\u00f3s que fazeis existir o pecado quando agis conforme a vossa natureza ad\u00faltera.\u201d<\/em><\/p>\n<p>Por que Madalena respondeu assim? Ser\u00e1 que Jesus ter\u00e1 dito isso ou, simplesmente, trata-se de uma releitura de seus ensinamentos? Vejamos. O pecado existe, afirma a catequese que nossos pais e m\u00e3es nos ensinaram. A natureza divina n\u00e3o tem pecado. E se somos divinos, o pecado n\u00e3o deveria fazer parte do nosso ser. No entanto, a nossa natureza se tornou ad\u00faltera, saiu do caminho, e por isso pecadora. O que n\u00f3s chamamos de pecado \u00e9 uma afronta \u00e0s leis preestabelecidas no interno da sociedade e das institui\u00e7\u00f5es religiosas.<\/p>\n<p>H\u00e1 bem pouco tempo, a Igreja Cat\u00f3lica orientava-se em sua a\u00e7\u00e3o pastoral em detectar o pecado. Havia at\u00e9 listas de pecado com as penit\u00eancias correspondentes. Um fiel se sentia na obriga\u00e7\u00e3o de confessar sempre. Ser\u00e1 isso, de fato, passado?<\/p>\n<p>Muitas pessoas ficaram marcadas pela obsess\u00e3o do pecado. A \u00eanfase no pecado fez e faz com as pessoas percam a dimens\u00e3o da liberdade, da espontaneidade diante da vida. N\u00f3s somos muito mais que o pecado cometido.<\/p>\n<p>N\u00e3o podemos negar a exist\u00eancia do pecado, pois somos humanos. Ele n\u00e3o \u00e9 s\u00f3 moral e pessoal, mas tamb\u00e9m social e estrutural, o qual adv\u00e9m, \u00e9 claro, do pecado pessoal. Paulo, o judeu que se fez crist\u00e3o, chamou a aten\u00e7\u00e3o para o fato de a \u201cLei\u201d criar situa\u00e7\u00f5es de pecado. Para ele, \u201csem a Lei o pecado est\u00e1 morto\u201d (Rm 7, 6). A comunidade de Maria Madalena segue esse mesmo tipo de racioc\u00ednio quando diz que o pecado n\u00e3o existe, mas somos n\u00f3s que fazemos existir o pecado com as nossas leis que ferem a ess\u00eancia do evangelho da vida, da liberdade.<\/p>\n<p>A nossa natureza \u201cad\u00faltera\u201d cria o pecado. Ad\u00faltero no evangelho de Maria Madalena n\u00e3o tem conota\u00e7\u00e3o sexual, mas est\u00e1 relacionado com a idolatria, isto \u00e9, adorar algo que n\u00e3o existe. Leluop fala que \u201co drama do mundo contempor\u00e2neo ou drama do pecado \u00e9 o de absolutizar o relativo e de relativizar o Absoluto\u201d.<a href=\"#_ftn4\" name=\"_ftnref4\">[4]<\/a> Adulterar \u00e9 deformar. Jesus dizia que o modo de olhar pode adulterar a realidade (Mt 5,28). O absolutizar o pecado \u00e9 um modo de cometer adult\u00e9rio. O desafio hoje \u00e9 distinguir o absoluto do relativo.<\/p>\n<p>O pecado n\u00e3o existe, mas se eu afirmo que ele existe e ajo de modo a fazer com que ele exista, o pecado se torna absoluto. Por outro lado, se o meu modo de ser \u00e9 de liberdade e responsabilidade, o pecado se torna relativo e ele n\u00e3o me escraviza. H\u00e1 de considerar que esse modo de pensar n\u00e3o quer, de modo algum, legitimar o grande pecado social do nosso tempo. Mas, pelo contr\u00e1rio, ressaltar que, se o nosso proceder fosse diferente, n\u00e3o haveria lugar para pecados, sejam eles sociais ou pessoais.<\/p>\n<p><em>Eis porque o Bem veio entre v\u00f3s<\/em>. O Bem para Maria Madalena \u00e9 Jesus, personifica\u00e7\u00e3o da Tor\u00e1 (Lei), o Bem do juda\u00edsmo. Jesus veio ao nosso meio para nos resgatar de nossa natureza ad\u00faltera. Mas sua vinda n\u00e3o \u00e9 simplesmente consequ\u00eancia da \u201cfeliz culpa de Ad\u00e3o\u201d, como ensinou Santo Agostinho (354-430). Ad\u00e3o \u00e9 todo ser humano que carrega dentro de si o germe da infidelidade ao projeto libertador de Deus. O Bem veio entre n\u00f3s para nos devolver integridade do UM (Deus). \u201cEu e o Pai somos um\u201d dizia Jesus (Jo 10,30).<\/p>\n<p><em>Jesus participou dos elementos de vossa natureza<strong>. <\/strong><\/em>O Bem tem sua origem no tempo de Deus, chamado de c\u00f3smico, isto \u00e9, infinito, ilimitado e eterno. Desse tempo que n\u00e3o passa, o Bem veio ao nosso tempo, chamado de cronol\u00f3gico, isto \u00e9, finito, cronol\u00f3gico e limitado. O evangelho de Jo\u00e3o, pr\u00f3ximo ao ensinamento da comunidade de Maria Madalena, disse o mesmo ao afirmar \u201cque no princ\u00edpio era a Palavra&#8230; E a Palavra se fez carne e habitou entre n\u00f3s; e n\u00f3s vimos a sua gl\u00f3ria (presen\u00e7a)\u201d (Jo 1,1.14).<\/p>\n<p><em>Jesus veio no meio de n\u00f3s a fim de nos unir \u00e0s nossas ra\u00edzes<\/em>. Voltar \u00e0s nossas ra\u00edzes significa voltar ao Sagrado. Jesus cumpriu o seu papel de reunir todos n\u00f3s em torno a Deus eterno, infinito, ilimitado, tempo que n\u00e3o passa mais. Para os judeus voltar \u00e0s ra\u00edzes \u00e9 manter-se unido em torno da Tor\u00e1. Basta viver a Tor\u00e1 para estar no caminho do Bem.<\/p>\n<p><em>Eis por que estais doentes e por que morreis: \u00e9 a consequ\u00eancia de vossos atos. <\/em>Adoecer e morrer \u00e9 consequ\u00eancia de nossa ignor\u00e2ncia, do nosso n\u00e3o conhecimento de Deus e seu projeto libertador. Quem caminha em Deus n\u00e3o fica doente e nem morre. A doen\u00e7a \u00e9 a express\u00e3o de nossa falta de harmonia. Um corpo desarm\u00f4nico est\u00e1 doente. E quantas doen\u00e7as n\u00e3o t\u00eam origem psicol\u00f3gica? S\u00e3o simples somatiza\u00e7\u00e3o de quest\u00f5es mal-resolvidas. Quanta gente mal-amada est\u00e1 sempre dissimulando doen\u00e7as? Tomar conhecimento dessa situa\u00e7\u00e3o \u00e9 j\u00e1 se libertar do sofrimento.<\/p>\n<p><em>V\u00f3s fazeis o que vos afasta<\/em>. E poder\u00edamos acrescentar <em>vos afasta<\/em> do centro. Como humanos integrados ao cosmos, vivemos em harmonia. Imagine, dentro de um c\u00edrculo, os quatro pontos cardeais ou os quatro ventos apontando para o centro. Assim somos n\u00f3s quando estamos de bem com a vida. Reina o equil\u00edbrio, a harmonia. Tudo se volta para o centro. N\u00e3o h\u00e1 pecado nessa rela\u00e7\u00e3o.<\/p>\n<p>Por outro lado, quando a vida n\u00e3o est\u00e1 em harmonia, ela est\u00e1 doente, est\u00e1 dividida. O diabo (aquele que divide) entrou em a\u00e7\u00e3o. Nossas a\u00e7\u00f5es se tornam injustas. Se o nosso ser n\u00e3o estiver saud\u00e1vel, com certeza influenciaremos negativamente as pessoas com as quais convivemos. Somos fruto do nosso modo de agir, pensar e relacionar-nos. \u00c9 desafio para cada um de n\u00f3s permanecer \u00edntegro, fazendo sempre o caminho em dire\u00e7\u00e3o ao centro. Permanecer no centro. Eis a tarefa cotidiana, \u00e1rdua e dif\u00edcil, de quem quer encontrar a realiza\u00e7\u00e3o do seu ser. Vale a pena a busca. Um tesouro ser\u00e1 encontrado. Permanecer no centro \u00e9 j\u00e1 viver sem pecado, deixando a Gra\u00e7a agir.<\/p>\n<p><em>Quem puder, compreenda! <\/em>Express\u00e3o que encerra essa passagem do evangelho de Maria Madalena. O Mestre sabe que nem todos s\u00e3o capazes de compreender tamanho mist\u00e9rio. Ele deixa a liberdade de op\u00e7\u00e3o para o ouvinte. Ser\u00e1 que Pedro compreendeu a resposta do Mestre? Ser\u00e1 que somos capazes de compreender esse novo modo de entender a nossa vida em rela\u00e7\u00e3o ao pecado, ao desviar-se do caminho? As respostas est\u00e3o no caminho. Boa caminhada sem pecado, sem se desviar do Bem Maior.<\/p>\n<hr \/>\n<p><a href=\"#_ftnref1\" name=\"_ftn1\">[1]<\/a>Doutor em Teologia B\u00edblica pela Faje (BH). Mestre em Ci\u00eancias B\u00edblicas (Exegese) pelo Pontif\u00edcio Instituto B\u00edblico de Roma. Professor de Exegese B\u00edblica. \u00c9 membro da Associa\u00e7\u00e3o Brasileira de Pesquisa B\u00edblica (ABIB). Sacerdote Franciscano. Autor de dez livros e coautor de quinze. \u00daltimo livro: <strong>O Medo do Inferno e arte de bem morrer<\/strong>: da devo\u00e7\u00e3o ap\u00f3crifa \u00e0 Dormi\u00e7\u00e3o de Maria \u00e0s irmandades de Nossa Senhora da Boa Morte (Vozes, 2019). Youtube: Frei Jacir B\u00edblia e Apocrifos. <a href=\"https:\/\/www.youtube.com\/channel\/UCwbSE97jnR6jQwHRigX1KlQ\">https:\/\/www.youtube.com\/channel\/UCwbSE97jnR6jQwHRigX1KlQ<\/a><\/p>\n<p><a href=\"#_ftnref2\" name=\"_ftn2\">[2]<\/a>FARIA, Jacir de Freitas. <strong>As origens ap\u00f3crifas do cristianismo<\/strong>: coment\u00e1rio aos evangelhos de Maria Madalena e Tom\u00e9. 2. ed. S\u00e3o Paulo: Paulinas, 2003, p. 50.<\/p>\n<p><a href=\"#_ftnref3\" name=\"_ftn3\">[3]<\/a>FARIA, Jacir de Freitas. <strong>Ap\u00f3crifos aberrantes, complementares e cristianismos alternativos<\/strong>: poder e heresias! Introdu\u00e7\u00e3o cr\u00edtica e hist\u00f3rica \u00e0 B\u00edblia Ap\u00f3crifa do Segundo Testamento. 2. ed. Petr\u00f3polis: Vozes, 2009, p. 115.<\/p>\n<p><a href=\"#_ftnref4\" name=\"_ftn4\">[4]<\/a> LELOUP, Jean-Yves. <strong>O Evangelho de Maria: <\/strong>M\u00edriam de M\u00e1gdala. Petr\u00f3polis: Vozes, 1998, p. 52.<\/p>\n","protected":false},"excerpt":{"rendered":"<p>Artigo de Frei Jacir de Freitas Faria<\/p>\n","protected":false},"author":3,"featured_media":191028,"comment_status":"open","ping_status":"open","sticky":false,"template":"","format":"standard","meta":{"footnotes":""},"categories":[26],"tags":[43],"yoast_head":"<!-- This site is optimized with the Yoast SEO plugin v19.4 - https:\/\/yoast.com\/wordpress\/plugins\/seo\/ -->\n<title>O pecado n\u00e3o existe! Evangelho de Maria Madalena (MM 7,11-28) - Vida Crist\u00e3 - Franciscanos<\/title>\n<meta name=\"robots\" content=\"index, follow, max-snippet:-1, max-image-preview:large, max-video-preview:-1\" \/>\n<link rel=\"canonical\" href=\"https:\/\/franciscanos.org.br\/vidacrista\/o-pecado-nao-existe-evangelho-de-maria-madalena-mm-711-28\/\" \/>\n<meta property=\"og:locale\" content=\"pt_BR\" \/>\n<meta property=\"og:type\" content=\"article\" \/>\n<meta property=\"og:title\" content=\"O pecado n\u00e3o existe! Evangelho de Maria Madalena (MM 7,11-28) - Vida Crist\u00e3 - Franciscanos\" \/>\n<meta property=\"og:description\" content=\"Artigo de Frei Jacir de Freitas Faria\" \/>\n<meta property=\"og:url\" content=\"https:\/\/franciscanos.org.br\/vidacrista\/o-pecado-nao-existe-evangelho-de-maria-madalena-mm-711-28\/\" \/>\n<meta property=\"og:site_name\" content=\"Vida Crist\u00e3 - Franciscanos\" \/>\n<meta property=\"article:published_time\" content=\"2021-12-02T16:36:43+00:00\" \/>\n<meta property=\"article:modified_time\" content=\"2021-12-02T17:44:56+00:00\" \/>\n<meta property=\"og:image\" content=\"https:\/\/franciscanos.org.br\/vidacrista\/wp-content\/uploads\/2021\/12\/madalena_021221.jpg\" \/>\n\t<meta property=\"og:image:width\" content=\"840\" \/>\n\t<meta property=\"og:image:height\" content=\"450\" \/>\n\t<meta property=\"og:image:type\" content=\"image\/jpeg\" \/>\n<meta name=\"author\" content=\"moacir\" \/>\n<meta name=\"twitter:card\" content=\"summary_large_image\" \/>\n<meta name=\"twitter:label1\" content=\"Escrito por\" \/>\n\t<meta name=\"twitter:data1\" content=\"moacir\" \/>\n\t<meta name=\"twitter:label2\" content=\"Est. tempo de leitura\" \/>\n\t<meta name=\"twitter:data2\" content=\"10 minutos\" \/>\n<script type=\"application\/ld+json\" class=\"yoast-schema-graph\">{\"@context\":\"https:\/\/schema.org\",\"@graph\":[{\"@type\":\"WebSite\",\"@id\":\"https:\/\/franciscanos.org.br\/vidacrista\/#website\",\"url\":\"https:\/\/franciscanos.org.br\/vidacrista\/\",\"name\":\"Vida Crist\u00e3 - Franciscanos\",\"description\":\"Prov\u00edncia Franciscana da Imaculada Concei\u00e7\u00e3o do Brasil - Ordem dos Frades Menores\",\"potentialAction\":[{\"@type\":\"SearchAction\",\"target\":{\"@type\":\"EntryPoint\",\"urlTemplate\":\"https:\/\/franciscanos.org.br\/vidacrista\/?s={search_term_string}\"},\"query-input\":\"required name=search_term_string\"}],\"inLanguage\":\"pt-BR\"},{\"@type\":\"WebPage\",\"@id\":\"https:\/\/franciscanos.org.br\/vidacrista\/o-pecado-nao-existe-evangelho-de-maria-madalena-mm-711-28\/\",\"url\":\"https:\/\/franciscanos.org.br\/vidacrista\/o-pecado-nao-existe-evangelho-de-maria-madalena-mm-711-28\/\",\"name\":\"O pecado n\u00e3o existe! Evangelho de Maria Madalena (MM 7,11-28) - Vida Crist\u00e3 - Franciscanos\",\"isPartOf\":{\"@id\":\"https:\/\/franciscanos.org.br\/vidacrista\/#website\"},\"datePublished\":\"2021-12-02T16:36:43+00:00\",\"dateModified\":\"2021-12-02T17:44:56+00:00\",\"author\":{\"@id\":\"https:\/\/franciscanos.org.br\/vidacrista\/#\/schema\/person\/1880bdd2c350b735648725ef7614736a\"},\"breadcrumb\":{\"@id\":\"https:\/\/franciscanos.org.br\/vidacrista\/o-pecado-nao-existe-evangelho-de-maria-madalena-mm-711-28\/#breadcrumb\"},\"inLanguage\":\"pt-BR\",\"potentialAction\":[{\"@type\":\"ReadAction\",\"target\":[\"https:\/\/franciscanos.org.br\/vidacrista\/o-pecado-nao-existe-evangelho-de-maria-madalena-mm-711-28\/\"]}]},{\"@type\":\"BreadcrumbList\",\"@id\":\"https:\/\/franciscanos.org.br\/vidacrista\/o-pecado-nao-existe-evangelho-de-maria-madalena-mm-711-28\/#breadcrumb\",\"itemListElement\":[{\"@type\":\"ListItem\",\"position\":1,\"name\":\"Home\",\"item\":\"https:\/\/franciscanos.org.br\/vidacrista\/\"},{\"@type\":\"ListItem\",\"position\":2,\"name\":\"O pecado n\u00e3o existe! Evangelho de Maria Madalena (MM 7,11-28)\"}]},{\"@type\":\"Person\",\"@id\":\"https:\/\/franciscanos.org.br\/vidacrista\/#\/schema\/person\/1880bdd2c350b735648725ef7614736a\",\"name\":\"moacir\",\"image\":{\"@type\":\"ImageObject\",\"inLanguage\":\"pt-BR\",\"@id\":\"https:\/\/franciscanos.org.br\/vidacrista\/#\/schema\/person\/image\/\",\"url\":\"https:\/\/secure.gravatar.com\/avatar\/d08aa2ce4c8dd416d4479aa8536fcf64?s=96&d=mm&r=g\",\"contentUrl\":\"https:\/\/secure.gravatar.com\/avatar\/d08aa2ce4c8dd416d4479aa8536fcf64?s=96&d=mm&r=g\",\"caption\":\"moacir\"},\"url\":\"https:\/\/franciscanos.org.br\/vidacrista\/author\/moacir\/\"}]}<\/script>\n<!-- \/ Yoast SEO plugin. -->","yoast_head_json":{"title":"O pecado n\u00e3o existe! Evangelho de Maria Madalena (MM 7,11-28) - Vida Crist\u00e3 - Franciscanos","robots":{"index":"index","follow":"follow","max-snippet":"max-snippet:-1","max-image-preview":"max-image-preview:large","max-video-preview":"max-video-preview:-1"},"canonical":"https:\/\/franciscanos.org.br\/vidacrista\/o-pecado-nao-existe-evangelho-de-maria-madalena-mm-711-28\/","og_locale":"pt_BR","og_type":"article","og_title":"O pecado n\u00e3o existe! Evangelho de Maria Madalena (MM 7,11-28) - Vida Crist\u00e3 - Franciscanos","og_description":"Artigo de Frei Jacir de Freitas Faria","og_url":"https:\/\/franciscanos.org.br\/vidacrista\/o-pecado-nao-existe-evangelho-de-maria-madalena-mm-711-28\/","og_site_name":"Vida Crist\u00e3 - Franciscanos","article_published_time":"2021-12-02T16:36:43+00:00","article_modified_time":"2021-12-02T17:44:56+00:00","og_image":[{"width":840,"height":450,"url":"https:\/\/franciscanos.org.br\/vidacrista\/wp-content\/uploads\/2021\/12\/madalena_021221.jpg","type":"image\/jpeg"}],"author":"moacir","twitter_card":"summary_large_image","twitter_misc":{"Escrito por":"moacir","Est. tempo de leitura":"10 minutos"},"schema":{"@context":"https:\/\/schema.org","@graph":[{"@type":"WebSite","@id":"https:\/\/franciscanos.org.br\/vidacrista\/#website","url":"https:\/\/franciscanos.org.br\/vidacrista\/","name":"Vida Crist\u00e3 - Franciscanos","description":"Prov\u00edncia Franciscana da Imaculada Concei\u00e7\u00e3o do Brasil - Ordem dos Frades Menores","potentialAction":[{"@type":"SearchAction","target":{"@type":"EntryPoint","urlTemplate":"https:\/\/franciscanos.org.br\/vidacrista\/?s={search_term_string}"},"query-input":"required name=search_term_string"}],"inLanguage":"pt-BR"},{"@type":"WebPage","@id":"https:\/\/franciscanos.org.br\/vidacrista\/o-pecado-nao-existe-evangelho-de-maria-madalena-mm-711-28\/","url":"https:\/\/franciscanos.org.br\/vidacrista\/o-pecado-nao-existe-evangelho-de-maria-madalena-mm-711-28\/","name":"O pecado n\u00e3o existe! Evangelho de Maria Madalena (MM 7,11-28) - Vida Crist\u00e3 - Franciscanos","isPartOf":{"@id":"https:\/\/franciscanos.org.br\/vidacrista\/#website"},"datePublished":"2021-12-02T16:36:43+00:00","dateModified":"2021-12-02T17:44:56+00:00","author":{"@id":"https:\/\/franciscanos.org.br\/vidacrista\/#\/schema\/person\/1880bdd2c350b735648725ef7614736a"},"breadcrumb":{"@id":"https:\/\/franciscanos.org.br\/vidacrista\/o-pecado-nao-existe-evangelho-de-maria-madalena-mm-711-28\/#breadcrumb"},"inLanguage":"pt-BR","potentialAction":[{"@type":"ReadAction","target":["https:\/\/franciscanos.org.br\/vidacrista\/o-pecado-nao-existe-evangelho-de-maria-madalena-mm-711-28\/"]}]},{"@type":"BreadcrumbList","@id":"https:\/\/franciscanos.org.br\/vidacrista\/o-pecado-nao-existe-evangelho-de-maria-madalena-mm-711-28\/#breadcrumb","itemListElement":[{"@type":"ListItem","position":1,"name":"Home","item":"https:\/\/franciscanos.org.br\/vidacrista\/"},{"@type":"ListItem","position":2,"name":"O pecado n\u00e3o existe! Evangelho de Maria Madalena (MM 7,11-28)"}]},{"@type":"Person","@id":"https:\/\/franciscanos.org.br\/vidacrista\/#\/schema\/person\/1880bdd2c350b735648725ef7614736a","name":"moacir","image":{"@type":"ImageObject","inLanguage":"pt-BR","@id":"https:\/\/franciscanos.org.br\/vidacrista\/#\/schema\/person\/image\/","url":"https:\/\/secure.gravatar.com\/avatar\/d08aa2ce4c8dd416d4479aa8536fcf64?s=96&d=mm&r=g","contentUrl":"https:\/\/secure.gravatar.com\/avatar\/d08aa2ce4c8dd416d4479aa8536fcf64?s=96&d=mm&r=g","caption":"moacir"},"url":"https:\/\/franciscanos.org.br\/vidacrista\/author\/moacir\/"}]}},"_links":{"self":[{"href":"https:\/\/franciscanos.org.br\/vidacrista\/wp-json\/wp\/v2\/posts\/191027"}],"collection":[{"href":"https:\/\/franciscanos.org.br\/vidacrista\/wp-json\/wp\/v2\/posts"}],"about":[{"href":"https:\/\/franciscanos.org.br\/vidacrista\/wp-json\/wp\/v2\/types\/post"}],"author":[{"embeddable":true,"href":"https:\/\/franciscanos.org.br\/vidacrista\/wp-json\/wp\/v2\/users\/3"}],"replies":[{"embeddable":true,"href":"https:\/\/franciscanos.org.br\/vidacrista\/wp-json\/wp\/v2\/comments?post=191027"}],"version-history":[{"count":3,"href":"https:\/\/franciscanos.org.br\/vidacrista\/wp-json\/wp\/v2\/posts\/191027\/revisions"}],"predecessor-version":[{"id":191034,"href":"https:\/\/franciscanos.org.br\/vidacrista\/wp-json\/wp\/v2\/posts\/191027\/revisions\/191034"}],"wp:featuredmedia":[{"embeddable":true,"href":"https:\/\/franciscanos.org.br\/vidacrista\/wp-json\/wp\/v2\/media\/191028"}],"wp:attachment":[{"href":"https:\/\/franciscanos.org.br\/vidacrista\/wp-json\/wp\/v2\/media?parent=191027"}],"wp:term":[{"taxonomy":"category","embeddable":true,"href":"https:\/\/franciscanos.org.br\/vidacrista\/wp-json\/wp\/v2\/categories?post=191027"},{"taxonomy":"post_tag","embeddable":true,"href":"https:\/\/franciscanos.org.br\/vidacrista\/wp-json\/wp\/v2\/tags?post=191027"}],"curies":[{"name":"wp","href":"https:\/\/api.w.org\/{rel}","templated":true}]}}