{"id":190930,"date":"2021-11-19T07:03:12","date_gmt":"2021-11-19T10:03:12","guid":{"rendered":"https:\/\/franciscanos.org.br\/vidacrista\/?p=190930"},"modified":"2021-11-20T04:53:00","modified_gmt":"2021-11-20T07:53:00","slug":"a-resistencia-politico-religiosa-dos-macabeus-da-palestina-1mc-61-13-e-a-de-zumbi-dos-palmares","status":"publish","type":"post","link":"https:\/\/franciscanos.org.br\/vidacrista\/a-resistencia-politico-religiosa-dos-macabeus-da-palestina-1mc-61-13-e-a-de-zumbi-dos-palmares\/","title":{"rendered":"A resist\u00eancia pol\u00edtico-religiosa dos Macabeus da Palestina (1Mc 6,1-13) e a de Zumbi dos Palmares"},"content":{"rendered":"<div id=\"attachment_190931\" style=\"width: 850px\" class=\"wp-caption alignnone\"><img aria-describedby=\"caption-attachment-190931\" decoding=\"async\" loading=\"lazy\" class=\"wp-image-190931 size-full\" src=\"https:\/\/franciscanos.org.br\/vidacrista\/wp-content\/uploads\/2021\/11\/zumbidospalmares_1911.jpg\" alt=\"\" width=\"840\" height=\"449\" srcset=\"https:\/\/franciscanos.org.br\/vidacrista\/wp-content\/uploads\/2021\/11\/zumbidospalmares_1911.jpg 840w, https:\/\/franciscanos.org.br\/vidacrista\/wp-content\/uploads\/2021\/11\/zumbidospalmares_1911-450x241.jpg 450w, https:\/\/franciscanos.org.br\/vidacrista\/wp-content\/uploads\/2021\/11\/zumbidospalmares_1911-768x411.jpg 768w, https:\/\/franciscanos.org.br\/vidacrista\/wp-content\/uploads\/2021\/11\/zumbidospalmares_1911-150x80.jpg 150w\" sizes=\"(max-width: 840px) 100vw, 840px\" \/><p id=\"caption-attachment-190931\" class=\"wp-caption-text\"><em>\u00a0 \u00a0 \u00a0Escultura em bronze de Zumbi na Pra\u00e7a de S\u00e9, Salvador (BA) (Wikimedia Commons)<\/em><\/p><\/div>\n<p><em>Frei Jacir de Freitas Faria<\/em> <a href=\"#_ftn1\" name=\"_ftnref1\">[1]<\/a><\/p>\n<p>O texto sobre o qual vamos refletir \u00e9 1Mc 6,1-13. Trata-se da luta de resist\u00eancia de um grupo de judeus que se rebelou contra a domina\u00e7\u00e3o pol\u00edtica e religiosa dos greco-s\u00edrios na Palestina, entre os anos de 167 e 164 a.E.C. No Brasil Col\u00f4nia surgiu uma resist\u00eancia muito parecida com a dos Macabeus, a de Zumbi dos Palmares. Que rela\u00e7\u00e3o existe entre elas?<\/p>\n<p><iframe loading=\"lazy\" title=\"Reflex\u00e3o b\u00edblica - S\u00e1bado da 33\u00aa Semana Do Tempo Comum (20\/11\/2021)\" width=\"500\" height=\"281\" src=\"https:\/\/www.youtube.com\/embed\/KwZpA5a_SwU?feature=oembed\" frameborder=\"0\" allow=\"accelerometer; autoplay; clipboard-write; encrypted-media; gyroscope; picture-in-picture\" allowfullscreen><\/iframe><\/p>\n<p>A bandeira de luta dos Macabeus era a de n\u00e3o deixar que a f\u00e9 judaica morresse diante das atrocidades do cruel governante Ant\u00edoco IV Ep\u00edfanes, homem que n\u00e3o respeitava os valores religiosos do povo judeu. Ele proibiu, com decreto, a pr\u00e1tica da religi\u00e3o judaica e introduziu o culto ao deus grego Zeus Olimpo, no local mais sagrado dos judeus, o Templo de Jerusal\u00e9m. Proibiu as pr\u00e1ticas de sacrif\u00edcios, a observ\u00e2ncia do s\u00e1bado e as festas religiosas. Al\u00e9m disso, Ant\u00edoco mandou queimar a Tor\u00e1 e obrigou o povo a comer carne de porco, pr\u00e1tica proibida pela lei de pureza judaica. Nesse sentido, ficou muito conhecida a resist\u00eancia da m\u00e3e e de seus sete filhos que, por n\u00e3o aceitarem comer carne de porco, foram decepados e assados vivos em um caldeir\u00e3o com \u00f3leo fervendo (2Mc7).<\/p>\n<p>A resist\u00eancia dos macabeus come\u00e7ou com o pai da fam\u00edlia dos matatias, chamado de Matatias. Ele convocou os judeus a resistirem aos gregos. Sua fam\u00edlia e os fi\u00e9is seguidores da Lei (Tor\u00e1) se refugiaram nas montanhas, de onde agiam destruindo altares de deuses pag\u00e3os, circuncidando meninos e resgatando a Tor\u00e1. Um ano depois, Matatias morreu. No seu lugar, a lideran\u00e7a da resist\u00eancia foi assumida pelo seu filho Judas Macabeus, nome que se deu nome \u00e0 revolta. A luta durou tr\u00eas anos at\u00e9 a retomada e purifica\u00e7\u00e3o do Templo de Jerusal\u00e9m.<\/p>\n<p>O texto de 1Mc 6,1-13 narra a morte do opressor Ant\u00edoco IV Ep\u00edfanes. Em 2Mc 9 o relato \u00e9 tr\u00e1gico. Ele morreu acometido de uma dor de barriga que se manifestou com pontadas agud\u00edssimas em um corpo coberto de vermes que cheirava insuportavelmente mal. O narrador escreve que ele morreu com os mesmos sofrimentos que infligiu ao povo judeu.<\/p>\n<p>\u00c0 semelhan\u00e7a da luta macabaica, a resist\u00eancia do povo negro no Brasil Col\u00f4nia foi liderada pelo escravizado liberto de nome Zumbi ou Zumbi dos Palmares, regi\u00e3o de Alagoas, onde viveu entre os anos de 1665 e 1695<strong>. <\/strong>Capturado ainda crian\u00e7a e educado como cat\u00f3lico por um mission\u00e1rio, casado com a l\u00edder negra Dandara, com quem teve tr\u00eas filhos, o adulto Zumbi se uniu ao seu povo que resistia em quilombos, lugares onde viviam os escravizados que fugiam da explora\u00e7\u00e3o escravocrata dos grandes fazendeiros de cana-de-a\u00e7\u00facar e da domina\u00e7\u00e3o holandesa, no nordeste brasileiro.<\/p>\n<p>Zumbi, nome africano que evoca o deus da guerra, foi a \u00faltima lideran\u00e7a negra do Quilombo de Palmares, serra da Barriga, na luta contra a escravid\u00e3o, a liberdade de culto e a pr\u00e1tica da religi\u00e3o africana no Brasil Col\u00f4nia. Diante da lenda que se criou de que ele n\u00e3o morreu, o governo mandou decapit\u00e1-lo e levar a sua cabe\u00e7a levada e exp\u00f4-la em pra\u00e7a p\u00fablica, na cidade de Recife. Isso ocorreu no dia 20 de novembro de 1695, data escolhida para celebrar o Dia da Consci\u00eancia Negra no Brasil.<\/p>\n<p>Essas duas resist\u00eancias pol\u00edticas e religiosas continuam vivas nas consci\u00eancias de dois povos: judeus e brasileiros. A vit\u00f3ria dos Macabeus \u00e9 celebrada ainda hoje em Israel com o nome de Festa das Luzes (<em>Chanuc\u00e1<\/em>), no per\u00edodo de oito dias, para recordar esse feito hist\u00f3rico de resist\u00eancia que garantiu a liberdade religiosa e cultural dos judeus. A refer\u00eancia \u00e0 luz deve-se ao fato de que, quando Judas Macabeus retomou o templo, foi encontrado um jarro de azeite puro que daria para manter aceso o candelabro somente um dia, mas ele durou oito dias.<\/p>\n<p>No Brasil, a consci\u00eancia negra \u00e9 uma luta di\u00e1ria para infundir luzes nas consci\u00eancias de um povo \u201cbranco\u201d de maioria negra que vive adormecido em rela\u00e7\u00e3o aos direitos de igualdade racial e social em todas as suas esferas. O Brasil \u00e9, sim, uma miscigena\u00e7\u00e3o de ra\u00e7as, mas n\u00e3o pode, por causa da cor da pele, continuar oprimindo seus filhos e filhas de um passado africano na f\u00e9 e na cultura, alicerces de nosso pa\u00eds. Basta de racismo!<\/p>\n<p>Como dizia Dom Helder C\u00e2mara, no seu poema Mariama: \u201cNada de escravo de hoje ser senhor de escravo de amanh\u00e3. Basta de escravos. Um mundo sem senhor e sem escravos. Um mundo de irm\u00e3os\u201d.<a href=\"#_ftn2\" name=\"_ftnref2\">[2]<\/a> Por pol\u00edticas p\u00fablicas de inclus\u00e3o racial, social e respeito \u00e0s diferen\u00e7as!<\/p>\n<hr \/>\n<p><a href=\"#_ftnref1\" name=\"_ftn1\">[1]<\/a>Doutor em Teologia B\u00edblica pela FAJE (BH). Mestre em Ci\u00eancias B\u00edblicas (Exegese) pelo Pontif\u00edcio Instituto B\u00edblico de Roma. Professor de Exegese B\u00edblica. \u00c9 membro da Associa\u00e7\u00e3o Brasileira de Pesquisa B\u00edblica (ABIB). Sacerdote Franciscano. Autor de dez livros e coautor de quinze. Youtube: Frei Jacir B\u00edblia e Apocrifos. <a href=\"https:\/\/www.youtube.com\/channel\/UCwbSE97jnR6jQwHRigX1KlQ\">https:\/\/www.youtube.com\/channel\/UCwbSE97jnR6jQwHRigX1KlQ<\/a><\/p>\n<p><a href=\"#_ftnref2\" name=\"_ftn2\">[2]<\/a> HELDER, C\u00e2mara. <strong>Mariama<\/strong>. Dispon\u00edvel em: <a href=\"https:\/\/franciscanos.org.br\/vidacrista\/calendario\/invocacao-a-mariama-por-d-helder-camara\/#gsc.tab=0\">https:\/\/franciscanos.org.br\/vidacrista\/calendario\/invocacao-a-mariama-por-d-helder-camara\/#gsc.tab=0<\/a> Acesso em: 15 de nov. 2021.<\/p>\n","protected":false},"excerpt":{"rendered":"<p>Artigo de Frei Jacir de Freitas Faria<\/p>\n","protected":false},"author":3,"featured_media":190931,"comment_status":"open","ping_status":"open","sticky":false,"template":"","format":"standard","meta":{"footnotes":""},"categories":[26],"tags":[43],"yoast_head":"<!-- This site is optimized with the Yoast SEO plugin v19.4 - https:\/\/yoast.com\/wordpress\/plugins\/seo\/ -->\n<title>A resist\u00eancia pol\u00edtico-religiosa dos Macabeus da Palestina (1Mc 6,1-13) e a de Zumbi dos Palmares - Vida Crist\u00e3 - Franciscanos<\/title>\n<meta name=\"robots\" content=\"index, follow, max-snippet:-1, max-image-preview:large, max-video-preview:-1\" \/>\n<link rel=\"canonical\" href=\"https:\/\/franciscanos.org.br\/vidacrista\/a-resistencia-politico-religiosa-dos-macabeus-da-palestina-1mc-61-13-e-a-de-zumbi-dos-palmares\/\" \/>\n<meta property=\"og:locale\" content=\"pt_BR\" \/>\n<meta property=\"og:type\" content=\"article\" \/>\n<meta property=\"og:title\" content=\"A resist\u00eancia pol\u00edtico-religiosa dos Macabeus da Palestina (1Mc 6,1-13) e a de Zumbi dos Palmares - Vida Crist\u00e3 - Franciscanos\" \/>\n<meta property=\"og:description\" content=\"Artigo de Frei Jacir de Freitas Faria\" \/>\n<meta property=\"og:url\" content=\"https:\/\/franciscanos.org.br\/vidacrista\/a-resistencia-politico-religiosa-dos-macabeus-da-palestina-1mc-61-13-e-a-de-zumbi-dos-palmares\/\" \/>\n<meta property=\"og:site_name\" content=\"Vida Crist\u00e3 - Franciscanos\" \/>\n<meta property=\"article:published_time\" content=\"2021-11-19T10:03:12+00:00\" \/>\n<meta property=\"article:modified_time\" content=\"2021-11-20T07:53:00+00:00\" \/>\n<meta property=\"og:image\" content=\"https:\/\/franciscanos.org.br\/vidacrista\/wp-content\/uploads\/2021\/11\/zumbidospalmares_1911.jpg\" \/>\n\t<meta property=\"og:image:width\" content=\"840\" \/>\n\t<meta property=\"og:image:height\" content=\"449\" \/>\n\t<meta property=\"og:image:type\" content=\"image\/jpeg\" \/>\n<meta name=\"author\" content=\"moacir\" \/>\n<meta name=\"twitter:card\" content=\"summary_large_image\" \/>\n<meta name=\"twitter:label1\" content=\"Escrito por\" \/>\n\t<meta name=\"twitter:data1\" content=\"moacir\" \/>\n\t<meta name=\"twitter:label2\" content=\"Est. tempo de leitura\" \/>\n\t<meta name=\"twitter:data2\" content=\"5 minutos\" \/>\n<script type=\"application\/ld+json\" class=\"yoast-schema-graph\">{\"@context\":\"https:\/\/schema.org\",\"@graph\":[{\"@type\":\"WebSite\",\"@id\":\"https:\/\/franciscanos.org.br\/vidacrista\/#website\",\"url\":\"https:\/\/franciscanos.org.br\/vidacrista\/\",\"name\":\"Vida Crist\u00e3 - Franciscanos\",\"description\":\"Prov\u00edncia Franciscana da Imaculada Concei\u00e7\u00e3o do Brasil - Ordem dos Frades Menores\",\"potentialAction\":[{\"@type\":\"SearchAction\",\"target\":{\"@type\":\"EntryPoint\",\"urlTemplate\":\"https:\/\/franciscanos.org.br\/vidacrista\/?s={search_term_string}\"},\"query-input\":\"required name=search_term_string\"}],\"inLanguage\":\"pt-BR\"},{\"@type\":\"WebPage\",\"@id\":\"https:\/\/franciscanos.org.br\/vidacrista\/a-resistencia-politico-religiosa-dos-macabeus-da-palestina-1mc-61-13-e-a-de-zumbi-dos-palmares\/\",\"url\":\"https:\/\/franciscanos.org.br\/vidacrista\/a-resistencia-politico-religiosa-dos-macabeus-da-palestina-1mc-61-13-e-a-de-zumbi-dos-palmares\/\",\"name\":\"A resist\u00eancia pol\u00edtico-religiosa dos Macabeus da Palestina (1Mc 6,1-13) e a de Zumbi dos Palmares - Vida Crist\u00e3 - Franciscanos\",\"isPartOf\":{\"@id\":\"https:\/\/franciscanos.org.br\/vidacrista\/#website\"},\"datePublished\":\"2021-11-19T10:03:12+00:00\",\"dateModified\":\"2021-11-20T07:53:00+00:00\",\"author\":{\"@id\":\"https:\/\/franciscanos.org.br\/vidacrista\/#\/schema\/person\/1880bdd2c350b735648725ef7614736a\"},\"breadcrumb\":{\"@id\":\"https:\/\/franciscanos.org.br\/vidacrista\/a-resistencia-politico-religiosa-dos-macabeus-da-palestina-1mc-61-13-e-a-de-zumbi-dos-palmares\/#breadcrumb\"},\"inLanguage\":\"pt-BR\",\"potentialAction\":[{\"@type\":\"ReadAction\",\"target\":[\"https:\/\/franciscanos.org.br\/vidacrista\/a-resistencia-politico-religiosa-dos-macabeus-da-palestina-1mc-61-13-e-a-de-zumbi-dos-palmares\/\"]}]},{\"@type\":\"BreadcrumbList\",\"@id\":\"https:\/\/franciscanos.org.br\/vidacrista\/a-resistencia-politico-religiosa-dos-macabeus-da-palestina-1mc-61-13-e-a-de-zumbi-dos-palmares\/#breadcrumb\",\"itemListElement\":[{\"@type\":\"ListItem\",\"position\":1,\"name\":\"Home\",\"item\":\"https:\/\/franciscanos.org.br\/vidacrista\/\"},{\"@type\":\"ListItem\",\"position\":2,\"name\":\"A resist\u00eancia pol\u00edtico-religiosa dos Macabeus da Palestina (1Mc 6,1-13) e a de Zumbi dos Palmares\"}]},{\"@type\":\"Person\",\"@id\":\"https:\/\/franciscanos.org.br\/vidacrista\/#\/schema\/person\/1880bdd2c350b735648725ef7614736a\",\"name\":\"moacir\",\"image\":{\"@type\":\"ImageObject\",\"inLanguage\":\"pt-BR\",\"@id\":\"https:\/\/franciscanos.org.br\/vidacrista\/#\/schema\/person\/image\/\",\"url\":\"https:\/\/secure.gravatar.com\/avatar\/d08aa2ce4c8dd416d4479aa8536fcf64?s=96&d=mm&r=g\",\"contentUrl\":\"https:\/\/secure.gravatar.com\/avatar\/d08aa2ce4c8dd416d4479aa8536fcf64?s=96&d=mm&r=g\",\"caption\":\"moacir\"},\"url\":\"https:\/\/franciscanos.org.br\/vidacrista\/author\/moacir\/\"}]}<\/script>\n<!-- \/ Yoast SEO plugin. -->","yoast_head_json":{"title":"A resist\u00eancia pol\u00edtico-religiosa dos Macabeus da Palestina (1Mc 6,1-13) e a de Zumbi dos Palmares - Vida Crist\u00e3 - Franciscanos","robots":{"index":"index","follow":"follow","max-snippet":"max-snippet:-1","max-image-preview":"max-image-preview:large","max-video-preview":"max-video-preview:-1"},"canonical":"https:\/\/franciscanos.org.br\/vidacrista\/a-resistencia-politico-religiosa-dos-macabeus-da-palestina-1mc-61-13-e-a-de-zumbi-dos-palmares\/","og_locale":"pt_BR","og_type":"article","og_title":"A resist\u00eancia pol\u00edtico-religiosa dos Macabeus da Palestina (1Mc 6,1-13) e a de Zumbi dos Palmares - Vida Crist\u00e3 - Franciscanos","og_description":"Artigo de Frei Jacir de Freitas Faria","og_url":"https:\/\/franciscanos.org.br\/vidacrista\/a-resistencia-politico-religiosa-dos-macabeus-da-palestina-1mc-61-13-e-a-de-zumbi-dos-palmares\/","og_site_name":"Vida Crist\u00e3 - Franciscanos","article_published_time":"2021-11-19T10:03:12+00:00","article_modified_time":"2021-11-20T07:53:00+00:00","og_image":[{"width":840,"height":449,"url":"https:\/\/franciscanos.org.br\/vidacrista\/wp-content\/uploads\/2021\/11\/zumbidospalmares_1911.jpg","type":"image\/jpeg"}],"author":"moacir","twitter_card":"summary_large_image","twitter_misc":{"Escrito por":"moacir","Est. tempo de leitura":"5 minutos"},"schema":{"@context":"https:\/\/schema.org","@graph":[{"@type":"WebSite","@id":"https:\/\/franciscanos.org.br\/vidacrista\/#website","url":"https:\/\/franciscanos.org.br\/vidacrista\/","name":"Vida Crist\u00e3 - Franciscanos","description":"Prov\u00edncia Franciscana da Imaculada Concei\u00e7\u00e3o do Brasil - Ordem dos Frades Menores","potentialAction":[{"@type":"SearchAction","target":{"@type":"EntryPoint","urlTemplate":"https:\/\/franciscanos.org.br\/vidacrista\/?s={search_term_string}"},"query-input":"required name=search_term_string"}],"inLanguage":"pt-BR"},{"@type":"WebPage","@id":"https:\/\/franciscanos.org.br\/vidacrista\/a-resistencia-politico-religiosa-dos-macabeus-da-palestina-1mc-61-13-e-a-de-zumbi-dos-palmares\/","url":"https:\/\/franciscanos.org.br\/vidacrista\/a-resistencia-politico-religiosa-dos-macabeus-da-palestina-1mc-61-13-e-a-de-zumbi-dos-palmares\/","name":"A resist\u00eancia pol\u00edtico-religiosa dos Macabeus da Palestina (1Mc 6,1-13) e a de Zumbi dos Palmares - Vida Crist\u00e3 - Franciscanos","isPartOf":{"@id":"https:\/\/franciscanos.org.br\/vidacrista\/#website"},"datePublished":"2021-11-19T10:03:12+00:00","dateModified":"2021-11-20T07:53:00+00:00","author":{"@id":"https:\/\/franciscanos.org.br\/vidacrista\/#\/schema\/person\/1880bdd2c350b735648725ef7614736a"},"breadcrumb":{"@id":"https:\/\/franciscanos.org.br\/vidacrista\/a-resistencia-politico-religiosa-dos-macabeus-da-palestina-1mc-61-13-e-a-de-zumbi-dos-palmares\/#breadcrumb"},"inLanguage":"pt-BR","potentialAction":[{"@type":"ReadAction","target":["https:\/\/franciscanos.org.br\/vidacrista\/a-resistencia-politico-religiosa-dos-macabeus-da-palestina-1mc-61-13-e-a-de-zumbi-dos-palmares\/"]}]},{"@type":"BreadcrumbList","@id":"https:\/\/franciscanos.org.br\/vidacrista\/a-resistencia-politico-religiosa-dos-macabeus-da-palestina-1mc-61-13-e-a-de-zumbi-dos-palmares\/#breadcrumb","itemListElement":[{"@type":"ListItem","position":1,"name":"Home","item":"https:\/\/franciscanos.org.br\/vidacrista\/"},{"@type":"ListItem","position":2,"name":"A resist\u00eancia pol\u00edtico-religiosa dos Macabeus da Palestina (1Mc 6,1-13) e a de Zumbi dos Palmares"}]},{"@type":"Person","@id":"https:\/\/franciscanos.org.br\/vidacrista\/#\/schema\/person\/1880bdd2c350b735648725ef7614736a","name":"moacir","image":{"@type":"ImageObject","inLanguage":"pt-BR","@id":"https:\/\/franciscanos.org.br\/vidacrista\/#\/schema\/person\/image\/","url":"https:\/\/secure.gravatar.com\/avatar\/d08aa2ce4c8dd416d4479aa8536fcf64?s=96&d=mm&r=g","contentUrl":"https:\/\/secure.gravatar.com\/avatar\/d08aa2ce4c8dd416d4479aa8536fcf64?s=96&d=mm&r=g","caption":"moacir"},"url":"https:\/\/franciscanos.org.br\/vidacrista\/author\/moacir\/"}]}},"_links":{"self":[{"href":"https:\/\/franciscanos.org.br\/vidacrista\/wp-json\/wp\/v2\/posts\/190930"}],"collection":[{"href":"https:\/\/franciscanos.org.br\/vidacrista\/wp-json\/wp\/v2\/posts"}],"about":[{"href":"https:\/\/franciscanos.org.br\/vidacrista\/wp-json\/wp\/v2\/types\/post"}],"author":[{"embeddable":true,"href":"https:\/\/franciscanos.org.br\/vidacrista\/wp-json\/wp\/v2\/users\/3"}],"replies":[{"embeddable":true,"href":"https:\/\/franciscanos.org.br\/vidacrista\/wp-json\/wp\/v2\/comments?post=190930"}],"version-history":[{"count":2,"href":"https:\/\/franciscanos.org.br\/vidacrista\/wp-json\/wp\/v2\/posts\/190930\/revisions"}],"predecessor-version":[{"id":190937,"href":"https:\/\/franciscanos.org.br\/vidacrista\/wp-json\/wp\/v2\/posts\/190930\/revisions\/190937"}],"wp:featuredmedia":[{"embeddable":true,"href":"https:\/\/franciscanos.org.br\/vidacrista\/wp-json\/wp\/v2\/media\/190931"}],"wp:attachment":[{"href":"https:\/\/franciscanos.org.br\/vidacrista\/wp-json\/wp\/v2\/media?parent=190930"}],"wp:term":[{"taxonomy":"category","embeddable":true,"href":"https:\/\/franciscanos.org.br\/vidacrista\/wp-json\/wp\/v2\/categories?post=190930"},{"taxonomy":"post_tag","embeddable":true,"href":"https:\/\/franciscanos.org.br\/vidacrista\/wp-json\/wp\/v2\/tags?post=190930"}],"curies":[{"name":"wp","href":"https:\/\/api.w.org\/{rel}","templated":true}]}}