{"id":190918,"date":"2021-11-13T05:23:36","date_gmt":"2021-11-13T08:23:36","guid":{"rendered":"https:\/\/franciscanos.org.br\/vidacrista\/?p=190918"},"modified":"2021-11-13T05:23:36","modified_gmt":"2021-11-13T08:23:36","slug":"sentes-compaixao","status":"publish","type":"post","link":"https:\/\/franciscanos.org.br\/vidacrista\/sentes-compaixao\/","title":{"rendered":"Sentes compaix\u00e3o?"},"content":{"rendered":"<div id=\"attachment_190919\" style=\"width: 850px\" class=\"wp-caption alignnone\"><img aria-describedby=\"caption-attachment-190919\" decoding=\"async\" loading=\"lazy\" class=\"wp-image-190919 size-full\" src=\"https:\/\/franciscanos.org.br\/vidacrista\/wp-content\/uploads\/2021\/11\/artigo_1311.png\" alt=\"\" width=\"840\" height=\"450\" srcset=\"https:\/\/franciscanos.org.br\/vidacrista\/wp-content\/uploads\/2021\/11\/artigo_1311.png 840w, https:\/\/franciscanos.org.br\/vidacrista\/wp-content\/uploads\/2021\/11\/artigo_1311-450x241.png 450w, https:\/\/franciscanos.org.br\/vidacrista\/wp-content\/uploads\/2021\/11\/artigo_1311-768x411.png 768w, https:\/\/franciscanos.org.br\/vidacrista\/wp-content\/uploads\/2021\/11\/artigo_1311-150x80.png 150w\" sizes=\"(max-width: 840px) 100vw, 840px\" \/><p id=\"caption-attachment-190919\" class=\"wp-caption-text\">\u00a0 \u00a0 \u00a0 \u00a0 \u00a0 \u00a0 \u00a0 \u00a0 \u00a0 \u00a0 \u00a0 \u00a0 \u00a0 \u00a0 \u00a0 \u00a0 \u00a0 \u00a0 \u00a0 \u00a0 \u00a0 \u00a0 \u00a0 \u00a0 \u00a0 \u00a0 \u00a0 \u00a0 \u00a0 \u00a0 \u00a0 \u00a0 \u00a0 \u00a0 \u00a0 \u00a0 \u00a0 \u00a0 \u00a0 \u00a0 \u00a0 \u00a0 \u00a0 <em>\u00a0 Imagem ilustrativa: Canva (<a href=\"http:\/\/www.canva.com\/pt_br\/modelos\">www.canva.com\/pt_br\/modelos<\/a>)<\/em><\/p><\/div>\n<p><strong>Dom Walmor Oliveira de Azevedo<\/strong><\/p>\n<p>\u201cSempre tereis pobres entre v\u00f3s\u201d \u00e9 a palavra de Jesus Mestre que desenha um horizonte existencial mais qualificado para os seus disc\u00edpulos, inspirando sensibilidade social capaz de contribuir para uma nova organiza\u00e7\u00e3o pol\u00edtica e humanit\u00e1ria. A li\u00e7\u00e3o de Jesus emoldura a mensagem do Papa Francisco para a celebra\u00e7\u00e3o do 5\u00ba Dia Mundial dos Pobres, 14 de novembro. Uma convoca\u00e7\u00e3o para reconstruir urgentemente o tecido social da humanidade. Trata-se de necessidade incontest\u00e1vel ante o aumento dos cen\u00e1rios de mis\u00e9rias e de exclus\u00f5es, das escolhas pol\u00edticas inadequadas e de atitudes destitu\u00eddas do compromisso com a responsabilidade social. Esses cen\u00e1rios se agravam com a pandemia da COVID-19, exigindo celeridade na solu\u00e7\u00e3o de tantas crises \u2013 tarefa de todos os cidad\u00e3os e especialmente de seus representantes, servidores nas inst\u00e2ncias do poder. Assumir esse compromisso \u00e9 especialmente indispens\u00e1vel para os que professam a f\u00e9 crist\u00e3 \u2013 indissoci\u00e1vel da luta pelo bem comum. Os crist\u00e3os t\u00eam o dever de denunciar e buscar reverter situa\u00e7\u00f5es de injusti\u00e7a. N\u00e3o existe outra op\u00e7\u00e3o.<\/p>\n<p>Crer em Cristo Jesus \u00e9 compreender-se no cora\u00e7\u00e3o do mundo como instrumento do an\u00fancio do Reino de Deus, a caminho dele, pela irrenunci\u00e1vel tarefa de marcar os caminhos da sociedade com o sabor do Evangelho. Distancia-se de Cristo, mesmo afirmando-se defensor da ortodoxia da doutrina da f\u00e9 crist\u00e3, quem n\u00e3o se dedica \u00e0 transforma\u00e7\u00e3o da humanidade, no horizonte dos ensinamentos de Jesus. E aqueles que se dizem disc\u00edpulos de Jesus, mas n\u00e3o procuram viver de modo pleno a f\u00e9 crist\u00e3, correm riscos s\u00e9rios de defender perspectivas que, cedo ou tarde, mostram-se interesseiras e mesquinhas. No horizonte da celebra\u00e7\u00e3o do 5\u00ba Dia Mundial dos Pobres, reflexos de ilumina\u00e7\u00e3o devem incidir e interpelar a vida crist\u00e3, para transformar atitudes e proposi\u00e7\u00f5es, pois a participa\u00e7\u00e3o cidad\u00e3 \u00e9 essencial \u00e0 constru\u00e7\u00e3o de uma sociedade alicer\u00e7ada sobre os pilares da justi\u00e7a e da paz, fecundadas por crescentes solidariedades.<\/p>\n<p>Este Dia Mundial dos Pobres h\u00e1 tamb\u00e9m de remeter a uma compreens\u00e3o incontest\u00e1vel sobre o dever da pol\u00edtica melhor: trabalhar por uma ordem justa na sociedade e no Estado, pois, conforme disse certa vez Santo Agostinho, o Estado n\u00e3o regido pela justi\u00e7a reduzir-se-ia a um grande bando de ladr\u00f5es. Com a institui\u00e7\u00e3o do Dia Mundial dos Pobres, o Papa Francisco sublinha que pol\u00edtica e f\u00e9 se relacionam. A f\u00e9 tem por natureza o encontro pessoal com o Deus vivo. Vivida com autenticidade, impulsiona o ser humano para horizontes amplos de solidariedade. O crist\u00e3o, por seu apre\u00e7o \u00e0 dignidade de cada pessoa, sente-se incomodado diante das injusti\u00e7as. Assume o compromisso de defender a vida em todas as suas etapas. Assim, escutar o Senhor Jesus dizer que \u201csempre tereis pobres entre v\u00f3s\u201d \u00e9 aceitar matricular-se em uma permanente escola de sensibiliza\u00e7\u00e3o, capaz de inspirar atitudes que promovam a justi\u00e7a a partir da solidariedade. Essa sensibiliza\u00e7\u00e3o indispens\u00e1vel, da f\u00e9 \u00e0 pol\u00edtica, impulsiona desde a a\u00e7\u00e3o solid\u00e1ria emergencial at\u00e9 aquela que busca uma organiza\u00e7\u00e3o social mais justa, comprometida com o bem de todos.<\/p>\n<p>O rosto de Deus que Jesus revela, diante de seus interlocutores, \u00e9 de um Pai para os pobres, pr\u00f3ximo dos pobres. Cristo mostra que a pobreza n\u00e3o \u00e9 fruto de uma fatalidade. O Papa Francisco diz que n\u00e3o se encontra Deus quando e onde se quer. \u201cMas reconhecemo-Lo na vida dos pobres, na sua tribula\u00e7\u00e3o e indig\u00eancia, nas condi\u00e7\u00f5es por vezes desumanas em que s\u00e3o obrigados a viver.\u201d Isto significa, continua o Papa, coloc\u00e1-los no centro da vida da Igreja, e \u2013 na condi\u00e7\u00e3o de rem\u00e9dio curativo para indiferen\u00e7as \u2013 na vida de toda pessoa. A mensagem para o 5\u00ba Dia Mundial dos Pobres orienta: mais que emprestar a pr\u00f3pria voz \u00e0s causas dos pobres, \u00e9 preciso tornar-se amigo deles, para escut\u00e1-los e aprender a misteriosa sabedoria de Deus que cada pobre revela. Oportuno \u00e9 se lembrar dos gestos de Jesus que sempre esteve ao lado dos pobres. Assim, para seguir Jesus \u00e9 preciso assumir o compromisso com a comparticipa\u00e7\u00e3o, cultivar a disponibilidade para partilhar.<\/p>\n<p>\u00c9 urgente o desafio de assumir posturas na contram\u00e3o das armadilhas que levam \u00e0 mis\u00e9ria e \u00e0 exclus\u00e3o, colocadas no caminho da humanidade por quem n\u00e3o tem escr\u00fapulos, agentes econ\u00f4micos e financeiros que desconsideram a responsabilidade social. A abordagem diferente e adequada da pobreza, para efetivar nova realidade, mais justa e solid\u00e1ria, precisa come\u00e7ar sempre por uma pergunta que interpela: \u201cSentes compaix\u00e3o?\u201d Cultive-se a compaix\u00e3o e seja fecunda a intelig\u00eancia afetiva e pol\u00edtica para se fazer valer a beleza inegoci\u00e1vel da dignidade maior \u2013 todos s\u00e3o filhos e filhas de Deus. Assim, seja vivida a fraternidade universal, em gestos, palavras e organiza\u00e7\u00e3o social. A compaix\u00e3o \u00e9 o selo da verdadeira humanidade em Cristo. Com os pobres e para os pobres, sentes compaix\u00e3o?<\/p>\n<hr \/>\n<p><strong>Dom Walmor Oliveira de Azevedo<\/strong> <em>\u00e9 Arcebispo de Belo Horizonte (MG) e presidente da Confer\u00eancia Nacional dos Bispos do Brasil<\/em><\/p>\n<p>&nbsp;<\/p>\n","protected":false},"excerpt":{"rendered":"<p>Artigo de Dom Walmor Oliveira de Azevedo<\/p>\n","protected":false},"author":3,"featured_media":190919,"comment_status":"open","ping_status":"open","sticky":false,"template":"","format":"standard","meta":{"footnotes":""},"categories":[26],"tags":[271],"yoast_head":"<!-- This site is optimized with the Yoast SEO plugin v19.4 - https:\/\/yoast.com\/wordpress\/plugins\/seo\/ -->\n<title>Sentes compaix\u00e3o? - Vida Crist\u00e3 - Franciscanos<\/title>\n<meta name=\"robots\" content=\"index, follow, max-snippet:-1, max-image-preview:large, max-video-preview:-1\" \/>\n<link rel=\"canonical\" href=\"https:\/\/franciscanos.org.br\/vidacrista\/sentes-compaixao\/\" \/>\n<meta property=\"og:locale\" content=\"pt_BR\" \/>\n<meta property=\"og:type\" content=\"article\" \/>\n<meta property=\"og:title\" content=\"Sentes compaix\u00e3o? - Vida Crist\u00e3 - Franciscanos\" \/>\n<meta property=\"og:description\" content=\"Artigo de Dom Walmor Oliveira de Azevedo\" \/>\n<meta property=\"og:url\" content=\"https:\/\/franciscanos.org.br\/vidacrista\/sentes-compaixao\/\" \/>\n<meta property=\"og:site_name\" content=\"Vida Crist\u00e3 - Franciscanos\" \/>\n<meta property=\"article:published_time\" content=\"2021-11-13T08:23:36+00:00\" \/>\n<meta property=\"og:image\" content=\"https:\/\/franciscanos.org.br\/vidacrista\/wp-content\/uploads\/2021\/11\/artigo_1311.png\" \/>\n\t<meta property=\"og:image:width\" content=\"840\" \/>\n\t<meta property=\"og:image:height\" content=\"450\" \/>\n\t<meta property=\"og:image:type\" content=\"image\/png\" \/>\n<meta name=\"author\" content=\"moacir\" \/>\n<meta name=\"twitter:card\" content=\"summary_large_image\" \/>\n<meta name=\"twitter:label1\" content=\"Escrito por\" \/>\n\t<meta name=\"twitter:data1\" content=\"moacir\" \/>\n\t<meta name=\"twitter:label2\" content=\"Est. tempo de leitura\" \/>\n\t<meta name=\"twitter:data2\" content=\"4 minutos\" \/>\n<script type=\"application\/ld+json\" class=\"yoast-schema-graph\">{\"@context\":\"https:\/\/schema.org\",\"@graph\":[{\"@type\":\"WebSite\",\"@id\":\"https:\/\/franciscanos.org.br\/vidacrista\/#website\",\"url\":\"https:\/\/franciscanos.org.br\/vidacrista\/\",\"name\":\"Vida Crist\u00e3 - Franciscanos\",\"description\":\"Prov\u00edncia Franciscana da Imaculada Concei\u00e7\u00e3o do Brasil - Ordem dos Frades Menores\",\"potentialAction\":[{\"@type\":\"SearchAction\",\"target\":{\"@type\":\"EntryPoint\",\"urlTemplate\":\"https:\/\/franciscanos.org.br\/vidacrista\/?s={search_term_string}\"},\"query-input\":\"required name=search_term_string\"}],\"inLanguage\":\"pt-BR\"},{\"@type\":\"WebPage\",\"@id\":\"https:\/\/franciscanos.org.br\/vidacrista\/sentes-compaixao\/\",\"url\":\"https:\/\/franciscanos.org.br\/vidacrista\/sentes-compaixao\/\",\"name\":\"Sentes compaix\u00e3o? - Vida Crist\u00e3 - Franciscanos\",\"isPartOf\":{\"@id\":\"https:\/\/franciscanos.org.br\/vidacrista\/#website\"},\"datePublished\":\"2021-11-13T08:23:36+00:00\",\"dateModified\":\"2021-11-13T08:23:36+00:00\",\"author\":{\"@id\":\"https:\/\/franciscanos.org.br\/vidacrista\/#\/schema\/person\/1880bdd2c350b735648725ef7614736a\"},\"breadcrumb\":{\"@id\":\"https:\/\/franciscanos.org.br\/vidacrista\/sentes-compaixao\/#breadcrumb\"},\"inLanguage\":\"pt-BR\",\"potentialAction\":[{\"@type\":\"ReadAction\",\"target\":[\"https:\/\/franciscanos.org.br\/vidacrista\/sentes-compaixao\/\"]}]},{\"@type\":\"BreadcrumbList\",\"@id\":\"https:\/\/franciscanos.org.br\/vidacrista\/sentes-compaixao\/#breadcrumb\",\"itemListElement\":[{\"@type\":\"ListItem\",\"position\":1,\"name\":\"Home\",\"item\":\"https:\/\/franciscanos.org.br\/vidacrista\/\"},{\"@type\":\"ListItem\",\"position\":2,\"name\":\"Sentes compaix\u00e3o?\"}]},{\"@type\":\"Person\",\"@id\":\"https:\/\/franciscanos.org.br\/vidacrista\/#\/schema\/person\/1880bdd2c350b735648725ef7614736a\",\"name\":\"moacir\",\"image\":{\"@type\":\"ImageObject\",\"inLanguage\":\"pt-BR\",\"@id\":\"https:\/\/franciscanos.org.br\/vidacrista\/#\/schema\/person\/image\/\",\"url\":\"https:\/\/secure.gravatar.com\/avatar\/d08aa2ce4c8dd416d4479aa8536fcf64?s=96&d=mm&r=g\",\"contentUrl\":\"https:\/\/secure.gravatar.com\/avatar\/d08aa2ce4c8dd416d4479aa8536fcf64?s=96&d=mm&r=g\",\"caption\":\"moacir\"},\"url\":\"https:\/\/franciscanos.org.br\/vidacrista\/author\/moacir\/\"}]}<\/script>\n<!-- \/ Yoast SEO plugin. -->","yoast_head_json":{"title":"Sentes compaix\u00e3o? - Vida Crist\u00e3 - Franciscanos","robots":{"index":"index","follow":"follow","max-snippet":"max-snippet:-1","max-image-preview":"max-image-preview:large","max-video-preview":"max-video-preview:-1"},"canonical":"https:\/\/franciscanos.org.br\/vidacrista\/sentes-compaixao\/","og_locale":"pt_BR","og_type":"article","og_title":"Sentes compaix\u00e3o? - Vida Crist\u00e3 - Franciscanos","og_description":"Artigo de Dom Walmor Oliveira de Azevedo","og_url":"https:\/\/franciscanos.org.br\/vidacrista\/sentes-compaixao\/","og_site_name":"Vida Crist\u00e3 - Franciscanos","article_published_time":"2021-11-13T08:23:36+00:00","og_image":[{"width":840,"height":450,"url":"https:\/\/franciscanos.org.br\/vidacrista\/wp-content\/uploads\/2021\/11\/artigo_1311.png","type":"image\/png"}],"author":"moacir","twitter_card":"summary_large_image","twitter_misc":{"Escrito por":"moacir","Est. tempo de leitura":"4 minutos"},"schema":{"@context":"https:\/\/schema.org","@graph":[{"@type":"WebSite","@id":"https:\/\/franciscanos.org.br\/vidacrista\/#website","url":"https:\/\/franciscanos.org.br\/vidacrista\/","name":"Vida Crist\u00e3 - Franciscanos","description":"Prov\u00edncia Franciscana da Imaculada Concei\u00e7\u00e3o do Brasil - Ordem dos Frades Menores","potentialAction":[{"@type":"SearchAction","target":{"@type":"EntryPoint","urlTemplate":"https:\/\/franciscanos.org.br\/vidacrista\/?s={search_term_string}"},"query-input":"required name=search_term_string"}],"inLanguage":"pt-BR"},{"@type":"WebPage","@id":"https:\/\/franciscanos.org.br\/vidacrista\/sentes-compaixao\/","url":"https:\/\/franciscanos.org.br\/vidacrista\/sentes-compaixao\/","name":"Sentes compaix\u00e3o? - Vida Crist\u00e3 - Franciscanos","isPartOf":{"@id":"https:\/\/franciscanos.org.br\/vidacrista\/#website"},"datePublished":"2021-11-13T08:23:36+00:00","dateModified":"2021-11-13T08:23:36+00:00","author":{"@id":"https:\/\/franciscanos.org.br\/vidacrista\/#\/schema\/person\/1880bdd2c350b735648725ef7614736a"},"breadcrumb":{"@id":"https:\/\/franciscanos.org.br\/vidacrista\/sentes-compaixao\/#breadcrumb"},"inLanguage":"pt-BR","potentialAction":[{"@type":"ReadAction","target":["https:\/\/franciscanos.org.br\/vidacrista\/sentes-compaixao\/"]}]},{"@type":"BreadcrumbList","@id":"https:\/\/franciscanos.org.br\/vidacrista\/sentes-compaixao\/#breadcrumb","itemListElement":[{"@type":"ListItem","position":1,"name":"Home","item":"https:\/\/franciscanos.org.br\/vidacrista\/"},{"@type":"ListItem","position":2,"name":"Sentes compaix\u00e3o?"}]},{"@type":"Person","@id":"https:\/\/franciscanos.org.br\/vidacrista\/#\/schema\/person\/1880bdd2c350b735648725ef7614736a","name":"moacir","image":{"@type":"ImageObject","inLanguage":"pt-BR","@id":"https:\/\/franciscanos.org.br\/vidacrista\/#\/schema\/person\/image\/","url":"https:\/\/secure.gravatar.com\/avatar\/d08aa2ce4c8dd416d4479aa8536fcf64?s=96&d=mm&r=g","contentUrl":"https:\/\/secure.gravatar.com\/avatar\/d08aa2ce4c8dd416d4479aa8536fcf64?s=96&d=mm&r=g","caption":"moacir"},"url":"https:\/\/franciscanos.org.br\/vidacrista\/author\/moacir\/"}]}},"_links":{"self":[{"href":"https:\/\/franciscanos.org.br\/vidacrista\/wp-json\/wp\/v2\/posts\/190918"}],"collection":[{"href":"https:\/\/franciscanos.org.br\/vidacrista\/wp-json\/wp\/v2\/posts"}],"about":[{"href":"https:\/\/franciscanos.org.br\/vidacrista\/wp-json\/wp\/v2\/types\/post"}],"author":[{"embeddable":true,"href":"https:\/\/franciscanos.org.br\/vidacrista\/wp-json\/wp\/v2\/users\/3"}],"replies":[{"embeddable":true,"href":"https:\/\/franciscanos.org.br\/vidacrista\/wp-json\/wp\/v2\/comments?post=190918"}],"version-history":[{"count":1,"href":"https:\/\/franciscanos.org.br\/vidacrista\/wp-json\/wp\/v2\/posts\/190918\/revisions"}],"predecessor-version":[{"id":190920,"href":"https:\/\/franciscanos.org.br\/vidacrista\/wp-json\/wp\/v2\/posts\/190918\/revisions\/190920"}],"wp:featuredmedia":[{"embeddable":true,"href":"https:\/\/franciscanos.org.br\/vidacrista\/wp-json\/wp\/v2\/media\/190919"}],"wp:attachment":[{"href":"https:\/\/franciscanos.org.br\/vidacrista\/wp-json\/wp\/v2\/media?parent=190918"}],"wp:term":[{"taxonomy":"category","embeddable":true,"href":"https:\/\/franciscanos.org.br\/vidacrista\/wp-json\/wp\/v2\/categories?post=190918"},{"taxonomy":"post_tag","embeddable":true,"href":"https:\/\/franciscanos.org.br\/vidacrista\/wp-json\/wp\/v2\/tags?post=190918"}],"curies":[{"name":"wp","href":"https:\/\/api.w.org\/{rel}","templated":true}]}}