{"id":190915,"date":"2021-11-11T08:27:31","date_gmt":"2021-11-11T11:27:31","guid":{"rendered":"https:\/\/franciscanos.org.br\/vidacrista\/?p=190915"},"modified":"2021-11-11T08:27:31","modified_gmt":"2021-11-11T11:27:31","slug":"o-que-aprendemos-com-mais-de-610-mil-mortes-nesta-pandemia","status":"publish","type":"post","link":"https:\/\/franciscanos.org.br\/vidacrista\/o-que-aprendemos-com-mais-de-610-mil-mortes-nesta-pandemia\/","title":{"rendered":"O que aprendemos com mais de\u00a0610 mil mortes nesta pandemia?"},"content":{"rendered":"<div id=\"attachment_190916\" style=\"width: 850px\" class=\"wp-caption alignnone\"><img aria-describedby=\"caption-attachment-190916\" decoding=\"async\" loading=\"lazy\" class=\"wp-image-190916 size-full\" src=\"https:\/\/franciscanos.org.br\/vidacrista\/wp-content\/uploads\/2021\/11\/artigo_1111.png\" alt=\"\" width=\"840\" height=\"450\" srcset=\"https:\/\/franciscanos.org.br\/vidacrista\/wp-content\/uploads\/2021\/11\/artigo_1111.png 840w, https:\/\/franciscanos.org.br\/vidacrista\/wp-content\/uploads\/2021\/11\/artigo_1111-450x241.png 450w, https:\/\/franciscanos.org.br\/vidacrista\/wp-content\/uploads\/2021\/11\/artigo_1111-768x411.png 768w, https:\/\/franciscanos.org.br\/vidacrista\/wp-content\/uploads\/2021\/11\/artigo_1111-150x80.png 150w\" sizes=\"(max-width: 840px) 100vw, 840px\" \/><p id=\"caption-attachment-190916\" class=\"wp-caption-text\">\u00a0 \u00a0 \u00a0 \u00a0 \u00a0 \u00a0 \u00a0 \u00a0 \u00a0 \u00a0 \u00a0 \u00a0 \u00a0 \u00a0 \u00a0 \u00a0 \u00a0 \u00a0 \u00a0 \u00a0 \u00a0 \u00a0 \u00a0 \u00a0 \u00a0 \u00a0 \u00a0 \u00a0 \u00a0 \u00a0 \u00a0 \u00a0 \u00a0 \u00a0 \u00a0 \u00a0 \u00a0 \u00a0 \u00a0 \u00a0 \u00a0 \u00a0 \u00a0 \u00a0<em>Imagem ilustrativa: Canva (<a href=\"http:\/\/www.canva.com\/pt_br\/modelos\">www.canva.com\/pt_br\/modelos<\/a>)<\/em><\/p><\/div>\n<p><strong>Robson Ribeiro de Oliveira Castro<\/strong><\/p>\n<p>A pandemia da Covid-19, j\u00e1 fez milhares de v\u00edtimas, aos 25 de maio de 2021, ultrapassamos as 450 mil mortes. J\u00e1 ultrapassamos as 610 mil vidas que foram perdidas. Muitos podem nos indagar: o que \u00e9 poss\u00edvel fazer diante de tantas perdas? Outros ainda, podem criticar que \u00e9 um enaltecimento para a trag\u00e9dia deixando de lado os avan\u00e7os obtidos.<\/p>\n<p>As duas falas t\u00eam suas verdades, para tanto \u00e9 preciso observar que n\u00e3o podemos deixar de lado a gravidade dos acontecimentos e muito menos as mortes. Precisamos seguir em frente, mas n\u00e3o \u00e9 \u00e9tico ocultar ou virar as costas \u00e0 realidade. Pensar em \u00e9tica \u00e9 pensar em condutas e valores que possam nortear nossas a\u00e7\u00f5es.<\/p>\n<p>\u00c9 preciso, urgentemente, respeitar o outro e, portanto, respeitar a cada indiv\u00edduo, atentos \u00e0 verdadeira convers\u00e3o da consci\u00eancia atrelada ao conhecimento cient\u00edfico para pensar o bem do pr\u00f3ximo e n\u00e3o o meu pr\u00f3prio bem-estar.<\/p>\n<p>Devemos ter cuidado com a vida, respeitar o pr\u00f3ximo e, principalmente as pr\u00f3ximas gera\u00e7\u00f5es. Uma conduta moral duvidosa, sem apre\u00e7o \u00e0 vida, nos leva a deixar de vivenciar os melhores momentos. Por isso, ter esperan\u00e7a, ou esperan\u00e7ar, \u00e9 ter iniciativa, \u00e9 ir ao encontro, \u00e9 socorrer os necessitados, os fragilizados.<\/p>\n<p>Com isso, devemos fazer algo diferente, devemos ser respons\u00e1veis e \u00edntegros em nossas escolhas. N\u00e3o podemos menosprezar o n\u00famero de mortos pela pandemia, s\u00e3o vidas humanas abreviadas. N\u00e3o s\u00e3o n\u00fameros, s\u00e3o hist\u00f3rias e fam\u00edlias que se desfizeram. Essa realidade \u00e9, acima de tudo, um caminho de cuidado, de zelo \u00e9tico pelos que mais sofrem.<\/p>\n<p>Quando observamos essa realidade \u00e9 poss\u00edvel vislumbrar um caminho de grandes desafios, mas n\u00e3o podemos perder a esperan\u00e7a de dias melhores. Para tanto, s\u00f3 ser\u00e1 poss\u00edvel uma verdadeira mudan\u00e7a quando soubermos compreender as nossas necessidades e agirmos com consci\u00eancia e grande discernimento.<\/p>\n<p>Diante dos desafios, somos chamados a nos colocar no processo de reinven\u00e7\u00e3o do cotidiano, pois um mundo realmente novo s\u00f3 ser\u00e1 poss\u00edvel quando ousarmos construir, neste mundo, um bom lugar para se viver.<\/p>\n<p>\u00c9 preciso, urgentemente, se fazer ouvir e articular o maior crescimento da consci\u00eancia humana sobre o que \u00e9 ser humano. \u00c9 a partir desta concep\u00e7\u00e3o que devemos observar na realidade e como tratar o outro nos momentos de dor e perda como o que vivemos com a pandemia da Covid-19.<\/p>\n<p>Jesus deve ser nosso exemplo a ser seguido pela sua \u00e9tica; pelo seu comportamento, costumes, h\u00e1bito, car\u00e1ter, modo de ser e de agir. Ele assumiu sua conduta aut\u00eantica em uma sociedade contr\u00e1ria a tudo que ele pregava. Ele veio transformar o mundo, a come\u00e7ar com a sociedade de sua \u00e9poca, desejava faz\u00ea-la refletir e mudar seu posicionamento frente ao legalismo exacerbado. Assim, tratar o pr\u00f3ximo com respeito \u00e9 fazer valer o amor criador de Deus e sua proposta de viv\u00eancia para o ser humano.<\/p>\n<p>A condi\u00e7\u00e3o da pandemia da Covid-19 \u00e9 um convite a olhar para o nosso caminho e, acima de tudo, uma nova realidade, com novos projetos e outro jeito de viver: mais humano, mais \u00e9tico e solid\u00e1rio. De fato, o atual est\u00e1gio da pandemia no Brasil, diante da queda nos n\u00fameros de mortos por dia, causa certo otimismo, mas ainda \u00e9 preciso cautela e prud\u00eancia no retorno \u00e0s atividades.<\/p>\n<p>Assim, atrelado ao avan\u00e7o da vacina\u00e7\u00e3o, ao isolamento social e \u00e0 consci\u00eancia s\u00e3o aspectos imprescind\u00edveis para se conseguir vencer, como estamos vencendo, esta realidade. Entretanto, ainda \u00e9 necess\u00e1rio se falar em cuidado, em zelo e aten\u00e7\u00e3o a todo e qualquer sintoma ou realidade da atual pandemia.<\/p>\n<p>O contexto vivido por n\u00f3s \u00e9 um convite a olhar para esta pandemia como desafio a ser superado. N\u00e3o podemos perder a esperan\u00e7a, n\u00e3o podemos desanimar, mesmo diante das mortes. \u00c9 preciso observar que a nossa conduta seja de respeito por todos e todas, principalmente em situa\u00e7\u00f5es comprometedoras.<\/p>\n<p>Assim, mesmo com a queda dos n\u00fameros de mortos, a necessidade de cuidados ainda deve permanecer em nosso cotidiano por algum tempo. A enfermeira Thereza Maria Magalh\u00e3es Moreira, professora de Epidemiologia da Universidade Estadual do Cear\u00e1, em uma entrevista para o site \u201cEl Pais Brasil\u201d, afirmou: \u201cVai demorar para a Covid-19 ser uma doen\u00e7a end\u00eamica. Ela ainda \u00e9 pand\u00eamica. Depois teremos epidemia e, finalmente, endemia [quando circula habitualmente, sem trazer maiores riscos, como a gripe]. Ainda n\u00e3o \u00e9 poss\u00edvel estimar com seguran\u00e7a quando a pandemia deve acabar, mas como tivemos uma segunda onda gigante e temos avan\u00e7ado nas vacinas, o Brasil andar\u00e1 nessa dire\u00e7\u00e3o\u201d.<\/p>\n<p>Outro fator determinante \u00e9 que a realidade ainda requer cuidado, por isso, diante da condi\u00e7\u00e3o de controlar o avan\u00e7o da doen\u00e7a ser\u00e1 necess\u00e1rio manter alguns protocolos como o uso de m\u00e1scaras, como j\u00e1 se v\u00ea nos pa\u00edses asi\u00e1ticos diante de um surto de gripe ou outra doen\u00e7a. Por isso, ainda \u00e9 preciso observar e seguir alguns protocolos, cuidar de n\u00f3s e dos nossos, al\u00e9m de cuidar das rela\u00e7\u00f5es e das condi\u00e7\u00f5es f\u00edsicas e psicol\u00f3gicas para que os efeitos desta pandemia sejam revers\u00edveis.<\/p>\n<hr \/>\n<p><strong>Robson Ribeiro de Oliveira Castro Chaves<\/strong>\u00a0<em>\u00e9 mestre em Teologia pela Faculdade Jesu\u00edta de Filosofia e Teologia (FAJE), em BH, professor de teologia no Instituto Teol\u00f3gico Franciscano (ITF), em Petr\u00f3polis (RJ) e membro do Conselho Regional de Forma\u00e7\u00e3o (CRF) \u2013 LESTE II do CNLB.<\/em><\/p>\n","protected":false},"excerpt":{"rendered":"<p>Artigo de Robson Ribeiro de Oliveira Castro<\/p>\n","protected":false},"author":3,"featured_media":190916,"comment_status":"open","ping_status":"open","sticky":false,"template":"","format":"standard","meta":{"footnotes":""},"categories":[26],"tags":[328],"yoast_head":"<!-- This site is optimized with the Yoast SEO plugin v19.4 - https:\/\/yoast.com\/wordpress\/plugins\/seo\/ -->\n<title>O que aprendemos com mais de\u00a0610 mil mortes nesta pandemia? - Vida Crist\u00e3 - Franciscanos<\/title>\n<meta name=\"robots\" content=\"index, follow, max-snippet:-1, max-image-preview:large, max-video-preview:-1\" \/>\n<link rel=\"canonical\" href=\"https:\/\/franciscanos.org.br\/vidacrista\/o-que-aprendemos-com-mais-de-610-mil-mortes-nesta-pandemia\/\" \/>\n<meta property=\"og:locale\" content=\"pt_BR\" \/>\n<meta property=\"og:type\" content=\"article\" \/>\n<meta property=\"og:title\" content=\"O que aprendemos com mais de\u00a0610 mil mortes nesta pandemia? - Vida Crist\u00e3 - Franciscanos\" \/>\n<meta property=\"og:description\" content=\"Artigo de Robson Ribeiro de Oliveira Castro\" \/>\n<meta property=\"og:url\" content=\"https:\/\/franciscanos.org.br\/vidacrista\/o-que-aprendemos-com-mais-de-610-mil-mortes-nesta-pandemia\/\" \/>\n<meta property=\"og:site_name\" content=\"Vida Crist\u00e3 - Franciscanos\" \/>\n<meta property=\"article:published_time\" content=\"2021-11-11T11:27:31+00:00\" \/>\n<meta property=\"og:image\" content=\"https:\/\/franciscanos.org.br\/vidacrista\/wp-content\/uploads\/2021\/11\/artigo_1111.png\" \/>\n\t<meta property=\"og:image:width\" content=\"840\" \/>\n\t<meta property=\"og:image:height\" content=\"450\" \/>\n\t<meta property=\"og:image:type\" content=\"image\/png\" \/>\n<meta name=\"author\" content=\"moacir\" \/>\n<meta name=\"twitter:card\" content=\"summary_large_image\" \/>\n<meta name=\"twitter:label1\" content=\"Escrito por\" \/>\n\t<meta name=\"twitter:data1\" content=\"moacir\" \/>\n\t<meta name=\"twitter:label2\" content=\"Est. tempo de leitura\" \/>\n\t<meta name=\"twitter:data2\" content=\"5 minutos\" \/>\n<script type=\"application\/ld+json\" class=\"yoast-schema-graph\">{\"@context\":\"https:\/\/schema.org\",\"@graph\":[{\"@type\":\"WebSite\",\"@id\":\"https:\/\/franciscanos.org.br\/vidacrista\/#website\",\"url\":\"https:\/\/franciscanos.org.br\/vidacrista\/\",\"name\":\"Vida Crist\u00e3 - Franciscanos\",\"description\":\"Prov\u00edncia Franciscana da Imaculada Concei\u00e7\u00e3o do Brasil - Ordem dos Frades Menores\",\"potentialAction\":[{\"@type\":\"SearchAction\",\"target\":{\"@type\":\"EntryPoint\",\"urlTemplate\":\"https:\/\/franciscanos.org.br\/vidacrista\/?s={search_term_string}\"},\"query-input\":\"required name=search_term_string\"}],\"inLanguage\":\"pt-BR\"},{\"@type\":\"WebPage\",\"@id\":\"https:\/\/franciscanos.org.br\/vidacrista\/o-que-aprendemos-com-mais-de-610-mil-mortes-nesta-pandemia\/\",\"url\":\"https:\/\/franciscanos.org.br\/vidacrista\/o-que-aprendemos-com-mais-de-610-mil-mortes-nesta-pandemia\/\",\"name\":\"O que aprendemos com mais de\u00a0610 mil mortes nesta pandemia? - Vida Crist\u00e3 - Franciscanos\",\"isPartOf\":{\"@id\":\"https:\/\/franciscanos.org.br\/vidacrista\/#website\"},\"datePublished\":\"2021-11-11T11:27:31+00:00\",\"dateModified\":\"2021-11-11T11:27:31+00:00\",\"author\":{\"@id\":\"https:\/\/franciscanos.org.br\/vidacrista\/#\/schema\/person\/1880bdd2c350b735648725ef7614736a\"},\"breadcrumb\":{\"@id\":\"https:\/\/franciscanos.org.br\/vidacrista\/o-que-aprendemos-com-mais-de-610-mil-mortes-nesta-pandemia\/#breadcrumb\"},\"inLanguage\":\"pt-BR\",\"potentialAction\":[{\"@type\":\"ReadAction\",\"target\":[\"https:\/\/franciscanos.org.br\/vidacrista\/o-que-aprendemos-com-mais-de-610-mil-mortes-nesta-pandemia\/\"]}]},{\"@type\":\"BreadcrumbList\",\"@id\":\"https:\/\/franciscanos.org.br\/vidacrista\/o-que-aprendemos-com-mais-de-610-mil-mortes-nesta-pandemia\/#breadcrumb\",\"itemListElement\":[{\"@type\":\"ListItem\",\"position\":1,\"name\":\"Home\",\"item\":\"https:\/\/franciscanos.org.br\/vidacrista\/\"},{\"@type\":\"ListItem\",\"position\":2,\"name\":\"O que aprendemos com mais de\u00a0610 mil mortes nesta pandemia?\"}]},{\"@type\":\"Person\",\"@id\":\"https:\/\/franciscanos.org.br\/vidacrista\/#\/schema\/person\/1880bdd2c350b735648725ef7614736a\",\"name\":\"moacir\",\"image\":{\"@type\":\"ImageObject\",\"inLanguage\":\"pt-BR\",\"@id\":\"https:\/\/franciscanos.org.br\/vidacrista\/#\/schema\/person\/image\/\",\"url\":\"https:\/\/secure.gravatar.com\/avatar\/d08aa2ce4c8dd416d4479aa8536fcf64?s=96&d=mm&r=g\",\"contentUrl\":\"https:\/\/secure.gravatar.com\/avatar\/d08aa2ce4c8dd416d4479aa8536fcf64?s=96&d=mm&r=g\",\"caption\":\"moacir\"},\"url\":\"https:\/\/franciscanos.org.br\/vidacrista\/author\/moacir\/\"}]}<\/script>\n<!-- \/ Yoast SEO plugin. -->","yoast_head_json":{"title":"O que aprendemos com mais de\u00a0610 mil mortes nesta pandemia? - Vida Crist\u00e3 - Franciscanos","robots":{"index":"index","follow":"follow","max-snippet":"max-snippet:-1","max-image-preview":"max-image-preview:large","max-video-preview":"max-video-preview:-1"},"canonical":"https:\/\/franciscanos.org.br\/vidacrista\/o-que-aprendemos-com-mais-de-610-mil-mortes-nesta-pandemia\/","og_locale":"pt_BR","og_type":"article","og_title":"O que aprendemos com mais de\u00a0610 mil mortes nesta pandemia? - Vida Crist\u00e3 - Franciscanos","og_description":"Artigo de Robson Ribeiro de Oliveira Castro","og_url":"https:\/\/franciscanos.org.br\/vidacrista\/o-que-aprendemos-com-mais-de-610-mil-mortes-nesta-pandemia\/","og_site_name":"Vida Crist\u00e3 - Franciscanos","article_published_time":"2021-11-11T11:27:31+00:00","og_image":[{"width":840,"height":450,"url":"https:\/\/franciscanos.org.br\/vidacrista\/wp-content\/uploads\/2021\/11\/artigo_1111.png","type":"image\/png"}],"author":"moacir","twitter_card":"summary_large_image","twitter_misc":{"Escrito por":"moacir","Est. tempo de leitura":"5 minutos"},"schema":{"@context":"https:\/\/schema.org","@graph":[{"@type":"WebSite","@id":"https:\/\/franciscanos.org.br\/vidacrista\/#website","url":"https:\/\/franciscanos.org.br\/vidacrista\/","name":"Vida Crist\u00e3 - Franciscanos","description":"Prov\u00edncia Franciscana da Imaculada Concei\u00e7\u00e3o do Brasil - Ordem dos Frades Menores","potentialAction":[{"@type":"SearchAction","target":{"@type":"EntryPoint","urlTemplate":"https:\/\/franciscanos.org.br\/vidacrista\/?s={search_term_string}"},"query-input":"required name=search_term_string"}],"inLanguage":"pt-BR"},{"@type":"WebPage","@id":"https:\/\/franciscanos.org.br\/vidacrista\/o-que-aprendemos-com-mais-de-610-mil-mortes-nesta-pandemia\/","url":"https:\/\/franciscanos.org.br\/vidacrista\/o-que-aprendemos-com-mais-de-610-mil-mortes-nesta-pandemia\/","name":"O que aprendemos com mais de\u00a0610 mil mortes nesta pandemia? - Vida Crist\u00e3 - Franciscanos","isPartOf":{"@id":"https:\/\/franciscanos.org.br\/vidacrista\/#website"},"datePublished":"2021-11-11T11:27:31+00:00","dateModified":"2021-11-11T11:27:31+00:00","author":{"@id":"https:\/\/franciscanos.org.br\/vidacrista\/#\/schema\/person\/1880bdd2c350b735648725ef7614736a"},"breadcrumb":{"@id":"https:\/\/franciscanos.org.br\/vidacrista\/o-que-aprendemos-com-mais-de-610-mil-mortes-nesta-pandemia\/#breadcrumb"},"inLanguage":"pt-BR","potentialAction":[{"@type":"ReadAction","target":["https:\/\/franciscanos.org.br\/vidacrista\/o-que-aprendemos-com-mais-de-610-mil-mortes-nesta-pandemia\/"]}]},{"@type":"BreadcrumbList","@id":"https:\/\/franciscanos.org.br\/vidacrista\/o-que-aprendemos-com-mais-de-610-mil-mortes-nesta-pandemia\/#breadcrumb","itemListElement":[{"@type":"ListItem","position":1,"name":"Home","item":"https:\/\/franciscanos.org.br\/vidacrista\/"},{"@type":"ListItem","position":2,"name":"O que aprendemos com mais de\u00a0610 mil mortes nesta pandemia?"}]},{"@type":"Person","@id":"https:\/\/franciscanos.org.br\/vidacrista\/#\/schema\/person\/1880bdd2c350b735648725ef7614736a","name":"moacir","image":{"@type":"ImageObject","inLanguage":"pt-BR","@id":"https:\/\/franciscanos.org.br\/vidacrista\/#\/schema\/person\/image\/","url":"https:\/\/secure.gravatar.com\/avatar\/d08aa2ce4c8dd416d4479aa8536fcf64?s=96&d=mm&r=g","contentUrl":"https:\/\/secure.gravatar.com\/avatar\/d08aa2ce4c8dd416d4479aa8536fcf64?s=96&d=mm&r=g","caption":"moacir"},"url":"https:\/\/franciscanos.org.br\/vidacrista\/author\/moacir\/"}]}},"_links":{"self":[{"href":"https:\/\/franciscanos.org.br\/vidacrista\/wp-json\/wp\/v2\/posts\/190915"}],"collection":[{"href":"https:\/\/franciscanos.org.br\/vidacrista\/wp-json\/wp\/v2\/posts"}],"about":[{"href":"https:\/\/franciscanos.org.br\/vidacrista\/wp-json\/wp\/v2\/types\/post"}],"author":[{"embeddable":true,"href":"https:\/\/franciscanos.org.br\/vidacrista\/wp-json\/wp\/v2\/users\/3"}],"replies":[{"embeddable":true,"href":"https:\/\/franciscanos.org.br\/vidacrista\/wp-json\/wp\/v2\/comments?post=190915"}],"version-history":[{"count":1,"href":"https:\/\/franciscanos.org.br\/vidacrista\/wp-json\/wp\/v2\/posts\/190915\/revisions"}],"predecessor-version":[{"id":190917,"href":"https:\/\/franciscanos.org.br\/vidacrista\/wp-json\/wp\/v2\/posts\/190915\/revisions\/190917"}],"wp:featuredmedia":[{"embeddable":true,"href":"https:\/\/franciscanos.org.br\/vidacrista\/wp-json\/wp\/v2\/media\/190916"}],"wp:attachment":[{"href":"https:\/\/franciscanos.org.br\/vidacrista\/wp-json\/wp\/v2\/media?parent=190915"}],"wp:term":[{"taxonomy":"category","embeddable":true,"href":"https:\/\/franciscanos.org.br\/vidacrista\/wp-json\/wp\/v2\/categories?post=190915"},{"taxonomy":"post_tag","embeddable":true,"href":"https:\/\/franciscanos.org.br\/vidacrista\/wp-json\/wp\/v2\/tags?post=190915"}],"curies":[{"name":"wp","href":"https:\/\/api.w.org\/{rel}","templated":true}]}}