{"id":190904,"date":"2021-11-10T05:23:34","date_gmt":"2021-11-10T08:23:34","guid":{"rendered":"https:\/\/franciscanos.org.br\/vidacrista\/?p=190904"},"modified":"2021-11-10T06:54:37","modified_gmt":"2021-11-10T09:54:37","slug":"quem-e-deus-e-como-ele-agira-com-os-maus-governantes-e-os-pobres-na-inspiracao-de-sb-61-11","status":"publish","type":"post","link":"https:\/\/franciscanos.org.br\/vidacrista\/quem-e-deus-e-como-ele-agira-com-os-maus-governantes-e-os-pobres-na-inspiracao-de-sb-61-11\/","title":{"rendered":"Quem \u00e9 Deus e como ele agir\u00e1 com os maus governantes e os pobres, na inspira\u00e7\u00e3o de Sb 6,1-11?"},"content":{"rendered":"<div id=\"attachment_190905\" style=\"width: 850px\" class=\"wp-caption alignnone\"><img aria-describedby=\"caption-attachment-190905\" decoding=\"async\" loading=\"lazy\" class=\"wp-image-190905 size-full\" src=\"https:\/\/franciscanos.org.br\/vidacrista\/wp-content\/uploads\/2021\/11\/artigo_1011.png\" alt=\"\" width=\"840\" height=\"450\" srcset=\"https:\/\/franciscanos.org.br\/vidacrista\/wp-content\/uploads\/2021\/11\/artigo_1011.png 840w, https:\/\/franciscanos.org.br\/vidacrista\/wp-content\/uploads\/2021\/11\/artigo_1011-450x241.png 450w, https:\/\/franciscanos.org.br\/vidacrista\/wp-content\/uploads\/2021\/11\/artigo_1011-768x411.png 768w, https:\/\/franciscanos.org.br\/vidacrista\/wp-content\/uploads\/2021\/11\/artigo_1011-150x80.png 150w\" sizes=\"(max-width: 840px) 100vw, 840px\" \/><p id=\"caption-attachment-190905\" class=\"wp-caption-text\"><em>\u00a0 \u00a0 \u00a0 \u00a0 \u00a0 \u00a0 \u00a0 \u00a0 \u00a0 \u00a0 \u00a0 \u00a0 \u00a0 \u00a0 \u00a0 \u00a0 \u00a0 \u00a0 \u00a0 \u00a0 \u00a0 \u00a0 \u00a0 \u00a0 \u00a0 \u00a0 \u00a0 \u00a0 \u00a0 \u00a0 \u00a0 \u00a0 \u00a0Imagem ilustrativa: Canva (<a href=\"https:\/\/www.canva.com\/pt_br\/modelos\/\">www.canva.com\/pt_br\/modelos<\/a>)<\/em><\/p><\/div>\n<p><em>\u201cQuando um \u00edmpio, um abomin\u00e1vel governa, o povo geme\u201d (Pr 29,2).<\/em><\/p>\n<p><em>\u00a0<\/em><em>Frei Jacir de Freitas Faria<\/em> <a href=\"#_ftn1\" name=\"_ftnref1\">[1]<\/a><\/p>\n<p>O texto sobre o qual vamos refletir \u00e9 Sb 6,1-11. Trata-se da import\u00e2ncia da sabedoria em nossa vida e da sua rela\u00e7\u00e3o com os governantes e os pobres, seus s\u00faditos.<\/p>\n<p>O livro da Sabedoria, escrito entre os anos 30 a.E.C. a 14 E.C., tem como p\u00fablico-alvo os judeus que viviam na Di\u00e1spora, isto \u00e9, fora da Palestina, no Egito, na pr\u00f3spera cidade de cultura grega, Alexandria, e, com especial destaque, os jovens judeus que estavam sendo preparados para assumir cargos de governan\u00e7a.<\/p>\n<p><iframe loading=\"lazy\" title=\"Reflex\u00e3o b\u00edblica - Quarta - Feira da 32\u00aa Semana Do Tempo Comum (10\/11\/2021)\" width=\"500\" height=\"281\" src=\"https:\/\/www.youtube.com\/embed\/jcNVtBiEbiw?start=1&#038;feature=oembed\" frameborder=\"0\" allow=\"accelerometer; autoplay; clipboard-write; encrypted-media; gyroscope; picture-in-picture\" allowfullscreen><\/iframe><\/p>\n<p>O grande desafio para os judeus de Alexandria era continuar vivendo a f\u00e9 judaica no contexto da cultura e do pensamento gregos, os quais eram diferentes da vis\u00e3o judaica. O desafio do autor do livro, que \u00e9 um judeu fascinado pela cultura grega, foi o de responder a tr\u00eas perguntas b\u00e1sicas: quem \u00e9 Deus? quem sou eu? qual \u00e9 o nosso futuro? Essas perguntas continuam sendo feitas por n\u00f3s. Na maioria das vezes, ficamos na solid\u00e3o das respostas.<\/p>\n<p>A primeira pergunta parte do fato de que a multiplicidade de cultos e deuses gregos deixavam os judeus perdidos. A resposta encontrada foi a de que o nosso Deus \u00e9 o Deus da vida que ama a todos, \u00e9 misericordioso e universal, mas n\u00e3o tolera as injusti\u00e7as. Dele vem o poder dado aos governantes (Sb 6,2), por isso vai punir, de forma implac\u00e1vel, os governantes injustos e corruptos (Sb 6,4-6), mas tratar\u00e1 com miseric\u00f3rdia os pobres governados por eles (Sb 6,6). \u201cDeus, o dono de todos, n\u00e3o se intimida, a grandeza n\u00e3o o assusta. Ele criou o pobre e o rico e se preocupa igualmente com todos eles\u201d (Sb 6,7).<\/p>\n<p>Em rela\u00e7\u00e3o \u00e0 pergunta sobre quem sou eu, a resposta \u00e9 que, diante da dualidade, isto \u00e9, da divis\u00e3o entre corpo e alma do pensamento grego, n\u00f3s somos um, uma unidade. Corpo e alma formam o nosso modo de ser. N\u00e3o \u00e9 poss\u00edvel salvar a alma, desprezando o corpo. Historicamente, a Igreja errou quando insistiu somente na salva\u00e7\u00e3o da alma, sem se preocupar com as injusti\u00e7as sociais contra milh\u00f5es de corpos empobrecidos.<\/p>\n<p>\u00c0 terceira pergunta sobre qual \u00e9 o nosso futuro, a resposta foi a de que a nossa \u00fanica certeza \u00e9 a morte que vem para todos, mas que poderemos ser imortais em Deus, se praticarmos a justi\u00e7a em vida, n\u00e3o sendo uma pessoa ou um governante opressor.<\/p>\n<p>A imortalidade beatifica vir\u00e1 pela pr\u00e1tica da justi\u00e7a em vida. Para ser imortal \u00e9 preciso estar em comunh\u00e3o plena com Deus que se concretiza em uma vida terrena baseada na justi\u00e7a (1,15). Somente assim \u00e9 que o justo permanece vivo na hist\u00f3ria (4,1b; 8,13a). Portanto, os maus governantes ser\u00e3o punidos e desaparecer\u00e3o para sempre, mas os pobres ser\u00e3o imortais na vida em Deus. Esse foi o grande segredo do livro da Sabedoria. Os primeiros crist\u00e3os logo entenderam que Jesus, sendo justo, foi considerado um maldito ao ser pregado na cruz, mas que n\u00e3o mereceu essa pena, pois era justo. Por isso, Deus o ressuscitou dos mortos e ele continua vivo no meio de n\u00f3s. Vivendo o que ele nos ensinou, poderemos tamb\u00e9m receber o pr\u00eamio da imortalidade, a ressurrei\u00e7\u00e3o.<\/p>\n<p>Os governantes e todos n\u00f3s devemos buscar sempre a sabedoria que \u00e9 Deus. Os gregos se diziam amigos da sabedoria, da\u00ed o substantivo Filosofia. J\u00e1 para os judeus a quest\u00e3o era ser amigo de Deus que tudo fez com sabedoria, que sempre esteve ao lado de seu povo na sua trajet\u00f3ria hist\u00f3rica de liberta\u00e7\u00e3o. Deus \u00e9 santo, \u00fanico, constante e amigo dos seres humanos. Encontrar a sabedoria de viver \u00e9 ser mais belo que o sol. A noite vem, mas pessoas s\u00e1bias sempre encontrar\u00e3o a luz do dia que renasce a cada amanhecer.<\/p>\n<p>A sabedoria \u00e9 um dom que Deus concede aos que a procura. Sendo \u00fanica, tudo pode; permanecendo imut\u00e1vel, renova tudo (Sb 7,27). O grande segredo da vida s\u00e1bia \u00e9 saber que a vida \u00e9 um eterno rod\u00edzio de coisas velhas que se tornam novas com o modo como as enfrentamos. \u00c9 como algu\u00e9m que, depois de longos anos de uma vida reclusa na depress\u00e3o, redescobre o sabor da mata verde e da flor dos relacionamentos que a envolviam. Tudo muda quando decidimos recome\u00e7ar com sabedoria. N\u00e3o h\u00e1 sofrimento que dure para sempre, quando decidimos recome\u00e7ar. Isso \u00e9 sabedoria!<\/p>\n<p>A busca pela Sabedoria (Deus) e por uma vida s\u00e1bia \u00e9 uma luta di\u00e1ria. Nem todos que chegam ao fim de uma vida, repletos de cabelos brancos, reflexos de uma vida envelhecida, pode ser considerado s\u00e1bio. Poucos atingem o modo s\u00e1bio de viver! E o sofrimento \u00e9 grande quando um n\u00e3o s\u00e1bio chega ao poder. \u00c9 como diz um proverbio b\u00edblico: \u201cQuando um \u00edmpio, um abomin\u00e1vel governa, o povo geme\u201d (Pr 29,2). Olhando para os pol\u00edticos brasileiros, essa \u00e9 a nossa triste realidade, na sua quase totalidade de governantes. Pe\u00e7amos a Deus o dom da sabedoria para viver, ser justo e saber discernir o joio do trigo. Am\u00e9m!<\/p>\n<hr \/>\n<p><a href=\"#_ftnref1\" name=\"_ftn1\">[1]<\/a>Doutor em Teologia B\u00edblica pela FAJE (BH). Mestre em Ci\u00eancias B\u00edblicas (Exegese) pelo Pontif\u00edcio Instituto B\u00edblico de Roma. Professor de Exegese B\u00edblica. \u00c9 membro da Associa\u00e7\u00e3o Brasileira de Pesquisa B\u00edblica (ABIB). Sacerdote Franciscano. Autor de dez livros e coautor de quinze. Youtube: Frei Jacir B\u00edblia e Apocrifos. <a href=\"https:\/\/www.youtube.com\/channel\/UCwbSE97jnR6jQwHRigX1KlQ\">https:\/\/www.youtube.com\/channel\/UCwbSE97jnR6jQwHRigX1KlQ<\/a><\/p>\n","protected":false},"excerpt":{"rendered":"<p>Artigo de Frei Jacir de Freitas Faria<\/p>\n","protected":false},"author":3,"featured_media":190905,"comment_status":"open","ping_status":"open","sticky":false,"template":"","format":"standard","meta":{"footnotes":""},"categories":[26],"tags":[43],"yoast_head":"<!-- This site is optimized with the Yoast SEO plugin v19.4 - https:\/\/yoast.com\/wordpress\/plugins\/seo\/ -->\n<title>Quem \u00e9 Deus e como ele agir\u00e1 com os maus governantes e os pobres, na inspira\u00e7\u00e3o de Sb 6,1-11? - Vida Crist\u00e3 - Franciscanos<\/title>\n<meta name=\"robots\" content=\"index, follow, max-snippet:-1, max-image-preview:large, max-video-preview:-1\" \/>\n<link rel=\"canonical\" href=\"https:\/\/franciscanos.org.br\/vidacrista\/quem-e-deus-e-como-ele-agira-com-os-maus-governantes-e-os-pobres-na-inspiracao-de-sb-61-11\/\" \/>\n<meta property=\"og:locale\" content=\"pt_BR\" \/>\n<meta property=\"og:type\" content=\"article\" \/>\n<meta property=\"og:title\" content=\"Quem \u00e9 Deus e como ele agir\u00e1 com os maus governantes e os pobres, na inspira\u00e7\u00e3o de Sb 6,1-11? - Vida Crist\u00e3 - Franciscanos\" \/>\n<meta property=\"og:description\" content=\"Artigo de Frei Jacir de Freitas Faria\" \/>\n<meta property=\"og:url\" content=\"https:\/\/franciscanos.org.br\/vidacrista\/quem-e-deus-e-como-ele-agira-com-os-maus-governantes-e-os-pobres-na-inspiracao-de-sb-61-11\/\" \/>\n<meta property=\"og:site_name\" content=\"Vida Crist\u00e3 - Franciscanos\" \/>\n<meta property=\"article:published_time\" content=\"2021-11-10T08:23:34+00:00\" \/>\n<meta property=\"article:modified_time\" content=\"2021-11-10T09:54:37+00:00\" \/>\n<meta property=\"og:image\" content=\"https:\/\/franciscanos.org.br\/vidacrista\/wp-content\/uploads\/2021\/11\/artigo_1011.png\" \/>\n\t<meta property=\"og:image:width\" content=\"840\" \/>\n\t<meta property=\"og:image:height\" content=\"450\" \/>\n\t<meta property=\"og:image:type\" content=\"image\/png\" \/>\n<meta name=\"author\" content=\"moacir\" \/>\n<meta name=\"twitter:card\" content=\"summary_large_image\" \/>\n<meta name=\"twitter:label1\" content=\"Escrito por\" \/>\n\t<meta name=\"twitter:data1\" content=\"moacir\" \/>\n\t<meta name=\"twitter:label2\" content=\"Est. tempo de leitura\" \/>\n\t<meta name=\"twitter:data2\" content=\"5 minutos\" \/>\n<script type=\"application\/ld+json\" class=\"yoast-schema-graph\">{\"@context\":\"https:\/\/schema.org\",\"@graph\":[{\"@type\":\"WebSite\",\"@id\":\"https:\/\/franciscanos.org.br\/vidacrista\/#website\",\"url\":\"https:\/\/franciscanos.org.br\/vidacrista\/\",\"name\":\"Vida Crist\u00e3 - Franciscanos\",\"description\":\"Prov\u00edncia Franciscana da Imaculada Concei\u00e7\u00e3o do Brasil - Ordem dos Frades Menores\",\"potentialAction\":[{\"@type\":\"SearchAction\",\"target\":{\"@type\":\"EntryPoint\",\"urlTemplate\":\"https:\/\/franciscanos.org.br\/vidacrista\/?s={search_term_string}\"},\"query-input\":\"required name=search_term_string\"}],\"inLanguage\":\"pt-BR\"},{\"@type\":\"WebPage\",\"@id\":\"https:\/\/franciscanos.org.br\/vidacrista\/quem-e-deus-e-como-ele-agira-com-os-maus-governantes-e-os-pobres-na-inspiracao-de-sb-61-11\/\",\"url\":\"https:\/\/franciscanos.org.br\/vidacrista\/quem-e-deus-e-como-ele-agira-com-os-maus-governantes-e-os-pobres-na-inspiracao-de-sb-61-11\/\",\"name\":\"Quem \u00e9 Deus e como ele agir\u00e1 com os maus governantes e os pobres, na inspira\u00e7\u00e3o de Sb 6,1-11? - Vida Crist\u00e3 - Franciscanos\",\"isPartOf\":{\"@id\":\"https:\/\/franciscanos.org.br\/vidacrista\/#website\"},\"datePublished\":\"2021-11-10T08:23:34+00:00\",\"dateModified\":\"2021-11-10T09:54:37+00:00\",\"author\":{\"@id\":\"https:\/\/franciscanos.org.br\/vidacrista\/#\/schema\/person\/1880bdd2c350b735648725ef7614736a\"},\"breadcrumb\":{\"@id\":\"https:\/\/franciscanos.org.br\/vidacrista\/quem-e-deus-e-como-ele-agira-com-os-maus-governantes-e-os-pobres-na-inspiracao-de-sb-61-11\/#breadcrumb\"},\"inLanguage\":\"pt-BR\",\"potentialAction\":[{\"@type\":\"ReadAction\",\"target\":[\"https:\/\/franciscanos.org.br\/vidacrista\/quem-e-deus-e-como-ele-agira-com-os-maus-governantes-e-os-pobres-na-inspiracao-de-sb-61-11\/\"]}]},{\"@type\":\"BreadcrumbList\",\"@id\":\"https:\/\/franciscanos.org.br\/vidacrista\/quem-e-deus-e-como-ele-agira-com-os-maus-governantes-e-os-pobres-na-inspiracao-de-sb-61-11\/#breadcrumb\",\"itemListElement\":[{\"@type\":\"ListItem\",\"position\":1,\"name\":\"Home\",\"item\":\"https:\/\/franciscanos.org.br\/vidacrista\/\"},{\"@type\":\"ListItem\",\"position\":2,\"name\":\"Quem \u00e9 Deus e como ele agir\u00e1 com os maus governantes e os pobres, na inspira\u00e7\u00e3o de Sb 6,1-11?\"}]},{\"@type\":\"Person\",\"@id\":\"https:\/\/franciscanos.org.br\/vidacrista\/#\/schema\/person\/1880bdd2c350b735648725ef7614736a\",\"name\":\"moacir\",\"image\":{\"@type\":\"ImageObject\",\"inLanguage\":\"pt-BR\",\"@id\":\"https:\/\/franciscanos.org.br\/vidacrista\/#\/schema\/person\/image\/\",\"url\":\"https:\/\/secure.gravatar.com\/avatar\/d08aa2ce4c8dd416d4479aa8536fcf64?s=96&d=mm&r=g\",\"contentUrl\":\"https:\/\/secure.gravatar.com\/avatar\/d08aa2ce4c8dd416d4479aa8536fcf64?s=96&d=mm&r=g\",\"caption\":\"moacir\"},\"url\":\"https:\/\/franciscanos.org.br\/vidacrista\/author\/moacir\/\"}]}<\/script>\n<!-- \/ Yoast SEO plugin. -->","yoast_head_json":{"title":"Quem \u00e9 Deus e como ele agir\u00e1 com os maus governantes e os pobres, na inspira\u00e7\u00e3o de Sb 6,1-11? - Vida Crist\u00e3 - Franciscanos","robots":{"index":"index","follow":"follow","max-snippet":"max-snippet:-1","max-image-preview":"max-image-preview:large","max-video-preview":"max-video-preview:-1"},"canonical":"https:\/\/franciscanos.org.br\/vidacrista\/quem-e-deus-e-como-ele-agira-com-os-maus-governantes-e-os-pobres-na-inspiracao-de-sb-61-11\/","og_locale":"pt_BR","og_type":"article","og_title":"Quem \u00e9 Deus e como ele agir\u00e1 com os maus governantes e os pobres, na inspira\u00e7\u00e3o de Sb 6,1-11? - Vida Crist\u00e3 - Franciscanos","og_description":"Artigo de Frei Jacir de Freitas Faria","og_url":"https:\/\/franciscanos.org.br\/vidacrista\/quem-e-deus-e-como-ele-agira-com-os-maus-governantes-e-os-pobres-na-inspiracao-de-sb-61-11\/","og_site_name":"Vida Crist\u00e3 - Franciscanos","article_published_time":"2021-11-10T08:23:34+00:00","article_modified_time":"2021-11-10T09:54:37+00:00","og_image":[{"width":840,"height":450,"url":"https:\/\/franciscanos.org.br\/vidacrista\/wp-content\/uploads\/2021\/11\/artigo_1011.png","type":"image\/png"}],"author":"moacir","twitter_card":"summary_large_image","twitter_misc":{"Escrito por":"moacir","Est. tempo de leitura":"5 minutos"},"schema":{"@context":"https:\/\/schema.org","@graph":[{"@type":"WebSite","@id":"https:\/\/franciscanos.org.br\/vidacrista\/#website","url":"https:\/\/franciscanos.org.br\/vidacrista\/","name":"Vida Crist\u00e3 - Franciscanos","description":"Prov\u00edncia Franciscana da Imaculada Concei\u00e7\u00e3o do Brasil - Ordem dos Frades Menores","potentialAction":[{"@type":"SearchAction","target":{"@type":"EntryPoint","urlTemplate":"https:\/\/franciscanos.org.br\/vidacrista\/?s={search_term_string}"},"query-input":"required name=search_term_string"}],"inLanguage":"pt-BR"},{"@type":"WebPage","@id":"https:\/\/franciscanos.org.br\/vidacrista\/quem-e-deus-e-como-ele-agira-com-os-maus-governantes-e-os-pobres-na-inspiracao-de-sb-61-11\/","url":"https:\/\/franciscanos.org.br\/vidacrista\/quem-e-deus-e-como-ele-agira-com-os-maus-governantes-e-os-pobres-na-inspiracao-de-sb-61-11\/","name":"Quem \u00e9 Deus e como ele agir\u00e1 com os maus governantes e os pobres, na inspira\u00e7\u00e3o de Sb 6,1-11? - Vida Crist\u00e3 - Franciscanos","isPartOf":{"@id":"https:\/\/franciscanos.org.br\/vidacrista\/#website"},"datePublished":"2021-11-10T08:23:34+00:00","dateModified":"2021-11-10T09:54:37+00:00","author":{"@id":"https:\/\/franciscanos.org.br\/vidacrista\/#\/schema\/person\/1880bdd2c350b735648725ef7614736a"},"breadcrumb":{"@id":"https:\/\/franciscanos.org.br\/vidacrista\/quem-e-deus-e-como-ele-agira-com-os-maus-governantes-e-os-pobres-na-inspiracao-de-sb-61-11\/#breadcrumb"},"inLanguage":"pt-BR","potentialAction":[{"@type":"ReadAction","target":["https:\/\/franciscanos.org.br\/vidacrista\/quem-e-deus-e-como-ele-agira-com-os-maus-governantes-e-os-pobres-na-inspiracao-de-sb-61-11\/"]}]},{"@type":"BreadcrumbList","@id":"https:\/\/franciscanos.org.br\/vidacrista\/quem-e-deus-e-como-ele-agira-com-os-maus-governantes-e-os-pobres-na-inspiracao-de-sb-61-11\/#breadcrumb","itemListElement":[{"@type":"ListItem","position":1,"name":"Home","item":"https:\/\/franciscanos.org.br\/vidacrista\/"},{"@type":"ListItem","position":2,"name":"Quem \u00e9 Deus e como ele agir\u00e1 com os maus governantes e os pobres, na inspira\u00e7\u00e3o de Sb 6,1-11?"}]},{"@type":"Person","@id":"https:\/\/franciscanos.org.br\/vidacrista\/#\/schema\/person\/1880bdd2c350b735648725ef7614736a","name":"moacir","image":{"@type":"ImageObject","inLanguage":"pt-BR","@id":"https:\/\/franciscanos.org.br\/vidacrista\/#\/schema\/person\/image\/","url":"https:\/\/secure.gravatar.com\/avatar\/d08aa2ce4c8dd416d4479aa8536fcf64?s=96&d=mm&r=g","contentUrl":"https:\/\/secure.gravatar.com\/avatar\/d08aa2ce4c8dd416d4479aa8536fcf64?s=96&d=mm&r=g","caption":"moacir"},"url":"https:\/\/franciscanos.org.br\/vidacrista\/author\/moacir\/"}]}},"_links":{"self":[{"href":"https:\/\/franciscanos.org.br\/vidacrista\/wp-json\/wp\/v2\/posts\/190904"}],"collection":[{"href":"https:\/\/franciscanos.org.br\/vidacrista\/wp-json\/wp\/v2\/posts"}],"about":[{"href":"https:\/\/franciscanos.org.br\/vidacrista\/wp-json\/wp\/v2\/types\/post"}],"author":[{"embeddable":true,"href":"https:\/\/franciscanos.org.br\/vidacrista\/wp-json\/wp\/v2\/users\/3"}],"replies":[{"embeddable":true,"href":"https:\/\/franciscanos.org.br\/vidacrista\/wp-json\/wp\/v2\/comments?post=190904"}],"version-history":[{"count":2,"href":"https:\/\/franciscanos.org.br\/vidacrista\/wp-json\/wp\/v2\/posts\/190904\/revisions"}],"predecessor-version":[{"id":190907,"href":"https:\/\/franciscanos.org.br\/vidacrista\/wp-json\/wp\/v2\/posts\/190904\/revisions\/190907"}],"wp:featuredmedia":[{"embeddable":true,"href":"https:\/\/franciscanos.org.br\/vidacrista\/wp-json\/wp\/v2\/media\/190905"}],"wp:attachment":[{"href":"https:\/\/franciscanos.org.br\/vidacrista\/wp-json\/wp\/v2\/media?parent=190904"}],"wp:term":[{"taxonomy":"category","embeddable":true,"href":"https:\/\/franciscanos.org.br\/vidacrista\/wp-json\/wp\/v2\/categories?post=190904"},{"taxonomy":"post_tag","embeddable":true,"href":"https:\/\/franciscanos.org.br\/vidacrista\/wp-json\/wp\/v2\/tags?post=190904"}],"curies":[{"name":"wp","href":"https:\/\/api.w.org\/{rel}","templated":true}]}}