{"id":190892,"date":"2021-11-06T05:49:57","date_gmt":"2021-11-06T08:49:57","guid":{"rendered":"https:\/\/franciscanos.org.br\/vidacrista\/?p=190892"},"modified":"2021-11-06T05:49:57","modified_gmt":"2021-11-06T08:49:57","slug":"ecos-da-cop-26","status":"publish","type":"post","link":"https:\/\/franciscanos.org.br\/vidacrista\/ecos-da-cop-26\/","title":{"rendered":"Ecos da COP-26"},"content":{"rendered":"<div id=\"attachment_190893\" style=\"width: 850px\" class=\"wp-caption alignnone\"><img aria-describedby=\"caption-attachment-190893\" decoding=\"async\" loading=\"lazy\" class=\"wp-image-190893 size-full\" src=\"https:\/\/franciscanos.org.br\/vidacrista\/wp-content\/uploads\/2021\/11\/artigo_walmor_0611.png\" alt=\"\" width=\"840\" height=\"450\" srcset=\"https:\/\/franciscanos.org.br\/vidacrista\/wp-content\/uploads\/2021\/11\/artigo_walmor_0611.png 840w, https:\/\/franciscanos.org.br\/vidacrista\/wp-content\/uploads\/2021\/11\/artigo_walmor_0611-450x241.png 450w, https:\/\/franciscanos.org.br\/vidacrista\/wp-content\/uploads\/2021\/11\/artigo_walmor_0611-768x411.png 768w, https:\/\/franciscanos.org.br\/vidacrista\/wp-content\/uploads\/2021\/11\/artigo_walmor_0611-150x80.png 150w\" sizes=\"(max-width: 840px) 100vw, 840px\" \/><p id=\"caption-attachment-190893\" class=\"wp-caption-text\">\u00a0 \u00a0 \u00a0 \u00a0 \u00a0 \u00a0 \u00a0 \u00a0 \u00a0 \u00a0 \u00a0 \u00a0 \u00a0 \u00a0 \u00a0 \u00a0 \u00a0 \u00a0 \u00a0 \u00a0 \u00a0 \u00a0 \u00a0 \u00a0 \u00a0 \u00a0 \u00a0 \u00a0 \u00a0 \u00a0 \u00a0 \u00a0 \u00a0 <em>\u00a0 \u00a0Imagem ilustrativa: Canva (<a href=\"http:\/\/www.canva.com\/pt_br\/modelos\">www.canva.com\/pt_br\/modelos<\/a>)<\/em><\/p><\/div>\n<p><strong>Dom Walmor Oliveira de Azevedo<\/strong><\/p>\n<p>A 26\u00aa Confer\u00eancia das Na\u00e7\u00f5es Unidas sobre as Mudan\u00e7as Clim\u00e1ticas (COP-26) precisa abrir um novo ciclo em que as propostas apresentadas por l\u00edderes governamentais sejam cumpridas ante \u00e0s urg\u00eancias clim\u00e1ticas que \u201cardem na pele\u201d da popula\u00e7\u00e3o. Essas urg\u00eancias revelam trope\u00e7os da humanidade e, particularmente, da sociedade brasileira. E n\u00e3o \u00e9 suficiente delegar a responsabilidade \u00e0s autoridades. A sociedade civil precisa assumir a sua insubstitu\u00edvel tarefa de acompanhar e interpelar os governantes sobre o adequado tratamento da casa comum. Tamb\u00e9m as inst\u00e2ncias parlamentares t\u00eam a importante responsabilidade legislativa de fazer avan\u00e7ar acordos que busquem a prote\u00e7\u00e3o do planeta. Nessa miss\u00e3o, \u00e9 muito necess\u00e1rio acompanhar as movimenta\u00e7\u00f5es sobre os processos que podem inviabilizar conquistas e at\u00e9 mesmo gerar preju\u00edzos significativos. No contexto da COP-26, por exemplo, presen\u00e7as e aus\u00eancias de autoridades convidadas j\u00e1 sinalizam a disponibilidade para efetivar, ou n\u00e3o, acordos estabelecidos na Confer\u00eancia. H\u00e1 de ser considerada, ainda, a for\u00e7a do mercado, vetor determinante para avan\u00e7os ou retrocessos na luta contra as mudan\u00e7as clim\u00e1ticas. Mercado e pol\u00edtica contracenam no desafio de alcan\u00e7ar avan\u00e7os na busca por um desenvolvimento sustent\u00e1vel e integral.<\/p>\n<p>O contexto socioambiental exige interven\u00e7\u00f5es urgentes, pois a humanidade n\u00e3o pode mais permanecer envolta pela cegueira que o dinheiro provoca \u2013 o lucro ambicioso e perverso compromete muitas formas de vida no planeta. Por isso mesmo, as narrativas sobre a casa comum precisam entrar, com mais frequ\u00eancia e familiaridade, nas pautas cidad\u00e3s. \u00c9 preciso que a sociedade civil esteja bem informada para se posicionar, por meio dos mecanismos poss\u00edveis e dispon\u00edveis, a respeito dos compromissos assumidos por governos e organismos internacionais. Indispens\u00e1vel \u00e9 o horizonte rico e muito bem articulado da Carta Enc\u00edclica Laudato Si\u2019, do Papa Francisco, com arquitetura de um fundamental processo educativo. Essa aprendizagem viabilizada pela Carta Enc\u00edclica inspira sensibilidades e honestidade para as urg\u00eancias socioambientais. Um contraponto \u00e0s conveni\u00eancias e \u00e0s manipula\u00e7\u00f5es legislativas, \u00e0s leni\u00eancias e \u00e0s concess\u00f5es em desfavor do planeta, rumo \u00e0s cat\u00e1strofes clim\u00e1ticas.<\/p>\n<p>Quando se considera a realidade brasileira, os n\u00fameros, as a\u00e7\u00f5es governamentais e as tentativas de flexibiliza\u00e7\u00e3o legislativa s\u00e3o preocupantes. Lamentavelmente, os discursos ainda s\u00e3o mais demag\u00f3gicos que incidentes \u2013 n\u00e3o possuem for\u00e7a para corre\u00e7\u00f5es. Considerando as informa\u00e7\u00f5es do Painel Intergovernamental sobre Mudan\u00e7as Clim\u00e1ticas (IPCC), o aumento da emiss\u00e3o de gases de efeito estufa j\u00e1 provoca transforma\u00e7\u00f5es prejudiciais irrevers\u00edveis no Brasil. Uma realidade que exige o compromisso \u00e9tico-moral de cada cidad\u00e3o brasileiro na tarefa de promover mudan\u00e7as no tratamento dos recursos naturais do Pa\u00eds. A desarvorada \u00e2nsia por riquezas e lucros leva a situa\u00e7\u00f5es clim\u00e1ticas cada vez mais danosas em todas macrorregi\u00f5es que integram o territ\u00f3rio nacional. O enriquecimento de alguns coabita com um crescente amargor da popula\u00e7\u00e3o que pode se acentuar nos dias vindouros.<\/p>\n<p>Para se efetivar as solu\u00e7\u00f5es t\u00e9cnico-cient\u00edficas de modo a frear o aquecimento global \u00e9 preciso contar com a dedica\u00e7\u00e3o dos cidad\u00e3os e com a responsabilidade daqueles que ocupam as inst\u00e2ncias do poder. A sociedade brasileira, nos trilhos da esperada seriedade dos governantes, de coerentes escolhas legislativas e de decis\u00f5es judiciais inequ\u00edvocas, requer mais investimentos para efetivar uma educa\u00e7\u00e3o ambiental no horizonte inegoci\u00e1vel da ecologia integral. Assim, todos poder\u00e3o reconhecer que o peso dos efeitos prejudiciais das mudan\u00e7as clim\u00e1ticas alcan\u00e7a cada pessoa, mas pagam o pre\u00e7o mais alto os empobrecidos e exclu\u00eddos, especialmente castigados pelas secas, enchentes, geadas e outros fen\u00f4menos clim\u00e1ticos.<\/p>\n<p>H\u00e1 de crescer, mais aceleradamente, a sensibilidade para escutar os clamores dos pobres e da casa comum. Assim, sejam edificadas a\u00e7\u00f5es que ultrapassem a contempla\u00e7\u00e3o de interesses ego\u00edstas e a busca pelo enriquecimento predat\u00f3rio. \u00c9 hora de construir entendimentos a partir do di\u00e1logo, para corrigir descompassos que levam a um desenvolvimento parcial e excludente. Dentre os desafios, busque-se reconhecer a import\u00e2ncia dos povos ind\u00edgenas, na sua sabedoria inigual\u00e1vel na conserva\u00e7\u00e3o ambiental, para ir al\u00e9m dos interesses olig\u00e1rquicos miner\u00e1rios ou agropecu\u00e1rios. Um exerc\u00edcio urgente quando se sabe das movimenta\u00e7\u00f5es para derrubar o marco temporal constitucional, em nome de ambi\u00e7\u00f5es que desconsideram n\u00e3o somente os povos ind\u00edgenas, mas tamb\u00e9m o equil\u00edbrio do ecossistema na casa comum. A COP-26 precisa ser real sinal de esperan\u00e7a e abrir um novo ciclo no planeta, balizado por solidariedade e respeito. N\u00e3o se pode perder tempo, pois s\u00e3o urgentes novas posturas, rigoroso zelo para evitar retrocessos na preserva\u00e7\u00e3o ambiental, buscando sempre defender a vida no planeta. Os ecos da COP-26 inspirem profunda mudan\u00e7a no Brasil e no mundo, para que a humanidade viva um desenvolvimento integral e sustent\u00e1vel.<\/p>\n<hr \/>\n<p><strong>Dom Walmor Oliveira de Azevedo<\/strong> <em>\u00e9 Arcebispo de Belo Horizonte (MG) e presidente da Confer\u00eancia Nacional dos Bispos do Brasil (CNBB).<\/em><\/p>\n","protected":false},"excerpt":{"rendered":"<p>Artigo de Dom Walmor Oliveira de Azevedo<\/p>\n","protected":false},"author":3,"featured_media":190893,"comment_status":"open","ping_status":"open","sticky":false,"template":"","format":"standard","meta":{"footnotes":""},"categories":[26],"tags":[271],"yoast_head":"<!-- This site is optimized with the Yoast SEO plugin v19.4 - https:\/\/yoast.com\/wordpress\/plugins\/seo\/ -->\n<title>Ecos da COP-26 - Vida Crist\u00e3 - Franciscanos<\/title>\n<meta name=\"robots\" content=\"index, follow, max-snippet:-1, max-image-preview:large, max-video-preview:-1\" \/>\n<link rel=\"canonical\" href=\"https:\/\/franciscanos.org.br\/vidacrista\/ecos-da-cop-26\/\" \/>\n<meta property=\"og:locale\" content=\"pt_BR\" \/>\n<meta property=\"og:type\" content=\"article\" \/>\n<meta property=\"og:title\" content=\"Ecos da COP-26 - Vida Crist\u00e3 - Franciscanos\" \/>\n<meta property=\"og:description\" content=\"Artigo de Dom Walmor Oliveira de Azevedo\" \/>\n<meta property=\"og:url\" content=\"https:\/\/franciscanos.org.br\/vidacrista\/ecos-da-cop-26\/\" \/>\n<meta property=\"og:site_name\" content=\"Vida Crist\u00e3 - Franciscanos\" \/>\n<meta property=\"article:published_time\" content=\"2021-11-06T08:49:57+00:00\" \/>\n<meta property=\"og:image\" content=\"https:\/\/franciscanos.org.br\/vidacrista\/wp-content\/uploads\/2021\/11\/artigo_walmor_0611.png\" \/>\n\t<meta property=\"og:image:width\" content=\"840\" \/>\n\t<meta property=\"og:image:height\" content=\"450\" \/>\n\t<meta property=\"og:image:type\" content=\"image\/png\" \/>\n<meta name=\"author\" content=\"moacir\" \/>\n<meta name=\"twitter:card\" content=\"summary_large_image\" \/>\n<meta name=\"twitter:label1\" content=\"Escrito por\" \/>\n\t<meta name=\"twitter:data1\" content=\"moacir\" \/>\n\t<meta name=\"twitter:label2\" content=\"Est. tempo de leitura\" \/>\n\t<meta name=\"twitter:data2\" content=\"4 minutos\" \/>\n<script type=\"application\/ld+json\" class=\"yoast-schema-graph\">{\"@context\":\"https:\/\/schema.org\",\"@graph\":[{\"@type\":\"WebSite\",\"@id\":\"https:\/\/franciscanos.org.br\/vidacrista\/#website\",\"url\":\"https:\/\/franciscanos.org.br\/vidacrista\/\",\"name\":\"Vida Crist\u00e3 - Franciscanos\",\"description\":\"Prov\u00edncia Franciscana da Imaculada Concei\u00e7\u00e3o do Brasil - Ordem dos Frades Menores\",\"potentialAction\":[{\"@type\":\"SearchAction\",\"target\":{\"@type\":\"EntryPoint\",\"urlTemplate\":\"https:\/\/franciscanos.org.br\/vidacrista\/?s={search_term_string}\"},\"query-input\":\"required name=search_term_string\"}],\"inLanguage\":\"pt-BR\"},{\"@type\":\"WebPage\",\"@id\":\"https:\/\/franciscanos.org.br\/vidacrista\/ecos-da-cop-26\/\",\"url\":\"https:\/\/franciscanos.org.br\/vidacrista\/ecos-da-cop-26\/\",\"name\":\"Ecos da COP-26 - Vida Crist\u00e3 - Franciscanos\",\"isPartOf\":{\"@id\":\"https:\/\/franciscanos.org.br\/vidacrista\/#website\"},\"datePublished\":\"2021-11-06T08:49:57+00:00\",\"dateModified\":\"2021-11-06T08:49:57+00:00\",\"author\":{\"@id\":\"https:\/\/franciscanos.org.br\/vidacrista\/#\/schema\/person\/1880bdd2c350b735648725ef7614736a\"},\"breadcrumb\":{\"@id\":\"https:\/\/franciscanos.org.br\/vidacrista\/ecos-da-cop-26\/#breadcrumb\"},\"inLanguage\":\"pt-BR\",\"potentialAction\":[{\"@type\":\"ReadAction\",\"target\":[\"https:\/\/franciscanos.org.br\/vidacrista\/ecos-da-cop-26\/\"]}]},{\"@type\":\"BreadcrumbList\",\"@id\":\"https:\/\/franciscanos.org.br\/vidacrista\/ecos-da-cop-26\/#breadcrumb\",\"itemListElement\":[{\"@type\":\"ListItem\",\"position\":1,\"name\":\"Home\",\"item\":\"https:\/\/franciscanos.org.br\/vidacrista\/\"},{\"@type\":\"ListItem\",\"position\":2,\"name\":\"Ecos da COP-26\"}]},{\"@type\":\"Person\",\"@id\":\"https:\/\/franciscanos.org.br\/vidacrista\/#\/schema\/person\/1880bdd2c350b735648725ef7614736a\",\"name\":\"moacir\",\"image\":{\"@type\":\"ImageObject\",\"inLanguage\":\"pt-BR\",\"@id\":\"https:\/\/franciscanos.org.br\/vidacrista\/#\/schema\/person\/image\/\",\"url\":\"https:\/\/secure.gravatar.com\/avatar\/d08aa2ce4c8dd416d4479aa8536fcf64?s=96&d=mm&r=g\",\"contentUrl\":\"https:\/\/secure.gravatar.com\/avatar\/d08aa2ce4c8dd416d4479aa8536fcf64?s=96&d=mm&r=g\",\"caption\":\"moacir\"},\"url\":\"https:\/\/franciscanos.org.br\/vidacrista\/author\/moacir\/\"}]}<\/script>\n<!-- \/ Yoast SEO plugin. -->","yoast_head_json":{"title":"Ecos da COP-26 - Vida Crist\u00e3 - Franciscanos","robots":{"index":"index","follow":"follow","max-snippet":"max-snippet:-1","max-image-preview":"max-image-preview:large","max-video-preview":"max-video-preview:-1"},"canonical":"https:\/\/franciscanos.org.br\/vidacrista\/ecos-da-cop-26\/","og_locale":"pt_BR","og_type":"article","og_title":"Ecos da COP-26 - Vida Crist\u00e3 - Franciscanos","og_description":"Artigo de Dom Walmor Oliveira de Azevedo","og_url":"https:\/\/franciscanos.org.br\/vidacrista\/ecos-da-cop-26\/","og_site_name":"Vida Crist\u00e3 - Franciscanos","article_published_time":"2021-11-06T08:49:57+00:00","og_image":[{"width":840,"height":450,"url":"https:\/\/franciscanos.org.br\/vidacrista\/wp-content\/uploads\/2021\/11\/artigo_walmor_0611.png","type":"image\/png"}],"author":"moacir","twitter_card":"summary_large_image","twitter_misc":{"Escrito por":"moacir","Est. tempo de leitura":"4 minutos"},"schema":{"@context":"https:\/\/schema.org","@graph":[{"@type":"WebSite","@id":"https:\/\/franciscanos.org.br\/vidacrista\/#website","url":"https:\/\/franciscanos.org.br\/vidacrista\/","name":"Vida Crist\u00e3 - Franciscanos","description":"Prov\u00edncia Franciscana da Imaculada Concei\u00e7\u00e3o do Brasil - Ordem dos Frades Menores","potentialAction":[{"@type":"SearchAction","target":{"@type":"EntryPoint","urlTemplate":"https:\/\/franciscanos.org.br\/vidacrista\/?s={search_term_string}"},"query-input":"required name=search_term_string"}],"inLanguage":"pt-BR"},{"@type":"WebPage","@id":"https:\/\/franciscanos.org.br\/vidacrista\/ecos-da-cop-26\/","url":"https:\/\/franciscanos.org.br\/vidacrista\/ecos-da-cop-26\/","name":"Ecos da COP-26 - Vida Crist\u00e3 - Franciscanos","isPartOf":{"@id":"https:\/\/franciscanos.org.br\/vidacrista\/#website"},"datePublished":"2021-11-06T08:49:57+00:00","dateModified":"2021-11-06T08:49:57+00:00","author":{"@id":"https:\/\/franciscanos.org.br\/vidacrista\/#\/schema\/person\/1880bdd2c350b735648725ef7614736a"},"breadcrumb":{"@id":"https:\/\/franciscanos.org.br\/vidacrista\/ecos-da-cop-26\/#breadcrumb"},"inLanguage":"pt-BR","potentialAction":[{"@type":"ReadAction","target":["https:\/\/franciscanos.org.br\/vidacrista\/ecos-da-cop-26\/"]}]},{"@type":"BreadcrumbList","@id":"https:\/\/franciscanos.org.br\/vidacrista\/ecos-da-cop-26\/#breadcrumb","itemListElement":[{"@type":"ListItem","position":1,"name":"Home","item":"https:\/\/franciscanos.org.br\/vidacrista\/"},{"@type":"ListItem","position":2,"name":"Ecos da COP-26"}]},{"@type":"Person","@id":"https:\/\/franciscanos.org.br\/vidacrista\/#\/schema\/person\/1880bdd2c350b735648725ef7614736a","name":"moacir","image":{"@type":"ImageObject","inLanguage":"pt-BR","@id":"https:\/\/franciscanos.org.br\/vidacrista\/#\/schema\/person\/image\/","url":"https:\/\/secure.gravatar.com\/avatar\/d08aa2ce4c8dd416d4479aa8536fcf64?s=96&d=mm&r=g","contentUrl":"https:\/\/secure.gravatar.com\/avatar\/d08aa2ce4c8dd416d4479aa8536fcf64?s=96&d=mm&r=g","caption":"moacir"},"url":"https:\/\/franciscanos.org.br\/vidacrista\/author\/moacir\/"}]}},"_links":{"self":[{"href":"https:\/\/franciscanos.org.br\/vidacrista\/wp-json\/wp\/v2\/posts\/190892"}],"collection":[{"href":"https:\/\/franciscanos.org.br\/vidacrista\/wp-json\/wp\/v2\/posts"}],"about":[{"href":"https:\/\/franciscanos.org.br\/vidacrista\/wp-json\/wp\/v2\/types\/post"}],"author":[{"embeddable":true,"href":"https:\/\/franciscanos.org.br\/vidacrista\/wp-json\/wp\/v2\/users\/3"}],"replies":[{"embeddable":true,"href":"https:\/\/franciscanos.org.br\/vidacrista\/wp-json\/wp\/v2\/comments?post=190892"}],"version-history":[{"count":1,"href":"https:\/\/franciscanos.org.br\/vidacrista\/wp-json\/wp\/v2\/posts\/190892\/revisions"}],"predecessor-version":[{"id":190894,"href":"https:\/\/franciscanos.org.br\/vidacrista\/wp-json\/wp\/v2\/posts\/190892\/revisions\/190894"}],"wp:featuredmedia":[{"embeddable":true,"href":"https:\/\/franciscanos.org.br\/vidacrista\/wp-json\/wp\/v2\/media\/190893"}],"wp:attachment":[{"href":"https:\/\/franciscanos.org.br\/vidacrista\/wp-json\/wp\/v2\/media?parent=190892"}],"wp:term":[{"taxonomy":"category","embeddable":true,"href":"https:\/\/franciscanos.org.br\/vidacrista\/wp-json\/wp\/v2\/categories?post=190892"},{"taxonomy":"post_tag","embeddable":true,"href":"https:\/\/franciscanos.org.br\/vidacrista\/wp-json\/wp\/v2\/tags?post=190892"}],"curies":[{"name":"wp","href":"https:\/\/api.w.org\/{rel}","templated":true}]}}