{"id":190885,"date":"2021-11-04T17:47:38","date_gmt":"2021-11-04T20:47:38","guid":{"rendered":"https:\/\/franciscanos.org.br\/vidacrista\/?p=190885"},"modified":"2021-11-04T17:47:38","modified_gmt":"2021-11-04T20:47:38","slug":"sem-sede-somos-dominados-pela-apatia","status":"publish","type":"post","link":"https:\/\/franciscanos.org.br\/vidacrista\/sem-sede-somos-dominados-pela-apatia\/","title":{"rendered":"&#8220;Sem sede, somos dominados pela apatia&#8221;"},"content":{"rendered":"<div id=\"attachment_190886\" style=\"width: 850px\" class=\"wp-caption alignnone\"><img aria-describedby=\"caption-attachment-190886\" decoding=\"async\" loading=\"lazy\" class=\"wp-image-190886 size-full\" src=\"https:\/\/franciscanos.org.br\/vidacrista\/wp-content\/uploads\/2021\/11\/sexta_devocao_0511.jpg\" alt=\"\" width=\"840\" height=\"450\" srcset=\"https:\/\/franciscanos.org.br\/vidacrista\/wp-content\/uploads\/2021\/11\/sexta_devocao_0511.jpg 840w, https:\/\/franciscanos.org.br\/vidacrista\/wp-content\/uploads\/2021\/11\/sexta_devocao_0511-450x241.jpg 450w, https:\/\/franciscanos.org.br\/vidacrista\/wp-content\/uploads\/2021\/11\/sexta_devocao_0511-768x411.jpg 768w, https:\/\/franciscanos.org.br\/vidacrista\/wp-content\/uploads\/2021\/11\/sexta_devocao_0511-150x80.jpg 150w\" sizes=\"(max-width: 840px) 100vw, 840px\" \/><p id=\"caption-attachment-190886\" class=\"wp-caption-text\">\u00a0 \u00a0 \u00a0 \u00a0 \u00a0 \u00a0 \u00a0 \u00a0 \u00a0 \u00a0 \u00a0 \u00a0 \u00a0 \u00a0 \u00a0 \u00a0 \u00a0 \u00a0 \u00a0 \u00a0 \u00a0 \u00a0 \u00a0 \u00a0 \u00a0 \u00a0 \u00a0 \u00a0 \u00a0 \u00a0 \u00a0 \u00a0 \u00a0 \u00a0 \u00a0 \u00a0 \u00a0 \u00a0 \u00a0 \u00a0 \u00a0 \u00a0 \u00a0 \u00a0 \u00a0 \u00a0 \u00a0 \u00a0 \u00a0 \u00a0 \u00a0 \u00a0 <em>\u00a0 \u00a0 \u00a0 \u00a0Imagem: Museu de Arte Sacra da Bahia<\/em><\/p><\/div>\n<p>Sim, somos seres de desejo. N\u00e3o podemos n\u00e3o ser seres de desejo. \u00c0s vezes damos a impress\u00e3o de termos dessedentados n\u00e3o nossa sede de \u00e1gua, mas a de viver densamente. Na verdade nada est\u00e1 pronto, tudo est\u00e1 inacabado, precisa ser retomado. Em muitos momentos irrompe dentro de n\u00f3s a certeza do amor do Senhor. Por vezes, quando nos sentimos meio paralisados interiormente, relemos a Paix\u00e3o de Jesus e agarramo-nos nos bra\u00e7os do disc\u00edpulos de Ema\u00fas at\u00e9 o momento em que eles entraram na estalagem e o Senhor partiu o p\u00e3o. Ora, cada primeira sexta-feira do m\u00eas, para n\u00f3s, \u00e9 uma chamada, um despertar: \u201cVejam se existe um amor igual ao meu\u201d, nos diz o Senhor.<\/p>\n<p>Esta reflex\u00e3o se baseia em Jos\u00e9 Tolentino Mendon\u00e7a (<em>Elogio da Sede<\/em>, p. 55-57). Sede de descobrir mais densamente o Deus que se revela no olhar, nos gestos, nos sil\u00eancios, nas par\u00e1bolas, nas rea\u00e7\u00f5es de Jesus. N\u00e3o ficar apenas na religi\u00e3o do Creio em Deus Pai todo poderoso&#8230; Sede de vislumbrar meios e modos de esvaziar-nos de nossos pequenos interesses. Sede de saber a raz\u00e3o pela qual fomos inventados e quais as trilhas mais acertadas a serem percorridas para satisfazer essa urg\u00eancia de amar e ser amado. Sede de viver para&#8230; N\u00e3o podemos ser dominados pela apatia.<\/p>\n<p>A contempla\u00e7\u00e3o do peito aberto do Senhor deve nos curar de certo tipo de depress\u00e3o. Kierkegaard escreve em seu di\u00e1rio: \u201cEstranha inquieta\u00e7\u00e3o essa que me aprisiona. Parece que a vida que vivo n\u00e3o seja a minha, mas corresponda ponto por ponto a uma outra pessoa sem que eu possa fazer o que quer que seja para impedi-lo&#8230; N\u00e3o tenho vontade de nada. N\u00e3o me apetece caminhar, pois isso cansa-me; n\u00e3o me apetece deitar-me porque ou deverei passar muito tempo deitado e n\u00e3o me conv\u00e9m; ou levantar-me depressa e isso aborrece-me; e nem pensar em cavalgar, \u00e9 um exerc\u00edcio duro demais para minha apatia\u201d.<\/p>\n<p>\u201cQuando desistimos de desejar, de achar sabor nos encontros, nas conversas partilhadas, nas trocas, na sa\u00edda de n\u00f3s mesmos, nos projetos, na pr\u00f3pria ora\u00e7\u00e3o. Quando diminui a nossa curiosidade pelo outro, a nossa abertura ao in\u00e9dito e tudo nos soa um requentado<em> d\u00e9j\u00e0-vu<\/em> que advertimos como um peso in\u00fatil, incongruente e absurdo que nos esmaga. Parece ent\u00e3o que passamos a viver com uma tabuleta na frente que diz: \u201cN\u00e3o estou, ou n\u00e3o quero estar, ou n\u00e3o consigo estar com ningu\u00e9m\u201d.<\/p>\n<p>Jesus, no alto da cruz, teve sede. Sede de \u00e1gua. Sede da aten\u00e7\u00e3o cordial das pessoas. Que nos tenhamos sede dos borbot\u00f5es de vida que jorram do mais belos dos homens e que esta \u00e1gua nos arranque da apatia.<\/p>\n<hr \/>\n<p><em>Frei Almir Ribeiro Guimar\u00e3es<\/em><\/p>\n","protected":false},"excerpt":{"rendered":"<p>Primeira Sexta-feira do M\u00eas<\/p>\n","protected":false},"author":3,"featured_media":190886,"comment_status":"open","ping_status":"open","sticky":false,"template":"","format":"standard","meta":{"footnotes":""},"categories":[105],"tags":[212],"yoast_head":"<!-- This site is optimized with the Yoast SEO plugin v19.4 - https:\/\/yoast.com\/wordpress\/plugins\/seo\/ -->\n<title>&quot;Sem sede, somos dominados pela apatia&quot; - Vida Crist\u00e3 - Franciscanos<\/title>\n<meta name=\"robots\" content=\"index, follow, max-snippet:-1, max-image-preview:large, max-video-preview:-1\" \/>\n<link rel=\"canonical\" href=\"https:\/\/franciscanos.org.br\/vidacrista\/sem-sede-somos-dominados-pela-apatia\/\" \/>\n<meta property=\"og:locale\" content=\"pt_BR\" \/>\n<meta property=\"og:type\" content=\"article\" \/>\n<meta property=\"og:title\" content=\"&quot;Sem sede, somos dominados pela apatia&quot; - Vida Crist\u00e3 - Franciscanos\" \/>\n<meta property=\"og:description\" content=\"Primeira Sexta-feira do M\u00eas\" \/>\n<meta property=\"og:url\" content=\"https:\/\/franciscanos.org.br\/vidacrista\/sem-sede-somos-dominados-pela-apatia\/\" \/>\n<meta property=\"og:site_name\" content=\"Vida Crist\u00e3 - Franciscanos\" \/>\n<meta property=\"article:published_time\" content=\"2021-11-04T20:47:38+00:00\" \/>\n<meta property=\"og:image\" content=\"https:\/\/franciscanos.org.br\/vidacrista\/wp-content\/uploads\/2021\/11\/sexta_devocao_0511.jpg\" \/>\n\t<meta property=\"og:image:width\" content=\"840\" \/>\n\t<meta property=\"og:image:height\" content=\"450\" \/>\n\t<meta property=\"og:image:type\" content=\"image\/jpeg\" \/>\n<meta name=\"author\" content=\"moacir\" \/>\n<meta name=\"twitter:card\" content=\"summary_large_image\" \/>\n<meta name=\"twitter:label1\" content=\"Escrito por\" \/>\n\t<meta name=\"twitter:data1\" content=\"moacir\" \/>\n\t<meta name=\"twitter:label2\" content=\"Est. tempo de leitura\" \/>\n\t<meta name=\"twitter:data2\" content=\"2 minutos\" \/>\n<script type=\"application\/ld+json\" class=\"yoast-schema-graph\">{\"@context\":\"https:\/\/schema.org\",\"@graph\":[{\"@type\":\"WebSite\",\"@id\":\"https:\/\/franciscanos.org.br\/vidacrista\/#website\",\"url\":\"https:\/\/franciscanos.org.br\/vidacrista\/\",\"name\":\"Vida Crist\u00e3 - Franciscanos\",\"description\":\"Prov\u00edncia Franciscana da Imaculada Concei\u00e7\u00e3o do Brasil - Ordem dos Frades Menores\",\"potentialAction\":[{\"@type\":\"SearchAction\",\"target\":{\"@type\":\"EntryPoint\",\"urlTemplate\":\"https:\/\/franciscanos.org.br\/vidacrista\/?s={search_term_string}\"},\"query-input\":\"required name=search_term_string\"}],\"inLanguage\":\"pt-BR\"},{\"@type\":\"WebPage\",\"@id\":\"https:\/\/franciscanos.org.br\/vidacrista\/sem-sede-somos-dominados-pela-apatia\/\",\"url\":\"https:\/\/franciscanos.org.br\/vidacrista\/sem-sede-somos-dominados-pela-apatia\/\",\"name\":\"\\\"Sem sede, somos dominados pela apatia\\\" - Vida Crist\u00e3 - Franciscanos\",\"isPartOf\":{\"@id\":\"https:\/\/franciscanos.org.br\/vidacrista\/#website\"},\"datePublished\":\"2021-11-04T20:47:38+00:00\",\"dateModified\":\"2021-11-04T20:47:38+00:00\",\"author\":{\"@id\":\"https:\/\/franciscanos.org.br\/vidacrista\/#\/schema\/person\/1880bdd2c350b735648725ef7614736a\"},\"breadcrumb\":{\"@id\":\"https:\/\/franciscanos.org.br\/vidacrista\/sem-sede-somos-dominados-pela-apatia\/#breadcrumb\"},\"inLanguage\":\"pt-BR\",\"potentialAction\":[{\"@type\":\"ReadAction\",\"target\":[\"https:\/\/franciscanos.org.br\/vidacrista\/sem-sede-somos-dominados-pela-apatia\/\"]}]},{\"@type\":\"BreadcrumbList\",\"@id\":\"https:\/\/franciscanos.org.br\/vidacrista\/sem-sede-somos-dominados-pela-apatia\/#breadcrumb\",\"itemListElement\":[{\"@type\":\"ListItem\",\"position\":1,\"name\":\"Home\",\"item\":\"https:\/\/franciscanos.org.br\/vidacrista\/\"},{\"@type\":\"ListItem\",\"position\":2,\"name\":\"&#8220;Sem sede, somos dominados pela apatia&#8221;\"}]},{\"@type\":\"Person\",\"@id\":\"https:\/\/franciscanos.org.br\/vidacrista\/#\/schema\/person\/1880bdd2c350b735648725ef7614736a\",\"name\":\"moacir\",\"image\":{\"@type\":\"ImageObject\",\"inLanguage\":\"pt-BR\",\"@id\":\"https:\/\/franciscanos.org.br\/vidacrista\/#\/schema\/person\/image\/\",\"url\":\"https:\/\/secure.gravatar.com\/avatar\/d08aa2ce4c8dd416d4479aa8536fcf64?s=96&d=mm&r=g\",\"contentUrl\":\"https:\/\/secure.gravatar.com\/avatar\/d08aa2ce4c8dd416d4479aa8536fcf64?s=96&d=mm&r=g\",\"caption\":\"moacir\"},\"url\":\"https:\/\/franciscanos.org.br\/vidacrista\/author\/moacir\/\"}]}<\/script>\n<!-- \/ Yoast SEO plugin. -->","yoast_head_json":{"title":"\"Sem sede, somos dominados pela apatia\" - Vida Crist\u00e3 - Franciscanos","robots":{"index":"index","follow":"follow","max-snippet":"max-snippet:-1","max-image-preview":"max-image-preview:large","max-video-preview":"max-video-preview:-1"},"canonical":"https:\/\/franciscanos.org.br\/vidacrista\/sem-sede-somos-dominados-pela-apatia\/","og_locale":"pt_BR","og_type":"article","og_title":"\"Sem sede, somos dominados pela apatia\" - Vida Crist\u00e3 - Franciscanos","og_description":"Primeira Sexta-feira do M\u00eas","og_url":"https:\/\/franciscanos.org.br\/vidacrista\/sem-sede-somos-dominados-pela-apatia\/","og_site_name":"Vida Crist\u00e3 - Franciscanos","article_published_time":"2021-11-04T20:47:38+00:00","og_image":[{"width":840,"height":450,"url":"https:\/\/franciscanos.org.br\/vidacrista\/wp-content\/uploads\/2021\/11\/sexta_devocao_0511.jpg","type":"image\/jpeg"}],"author":"moacir","twitter_card":"summary_large_image","twitter_misc":{"Escrito por":"moacir","Est. tempo de leitura":"2 minutos"},"schema":{"@context":"https:\/\/schema.org","@graph":[{"@type":"WebSite","@id":"https:\/\/franciscanos.org.br\/vidacrista\/#website","url":"https:\/\/franciscanos.org.br\/vidacrista\/","name":"Vida Crist\u00e3 - Franciscanos","description":"Prov\u00edncia Franciscana da Imaculada Concei\u00e7\u00e3o do Brasil - Ordem dos Frades Menores","potentialAction":[{"@type":"SearchAction","target":{"@type":"EntryPoint","urlTemplate":"https:\/\/franciscanos.org.br\/vidacrista\/?s={search_term_string}"},"query-input":"required name=search_term_string"}],"inLanguage":"pt-BR"},{"@type":"WebPage","@id":"https:\/\/franciscanos.org.br\/vidacrista\/sem-sede-somos-dominados-pela-apatia\/","url":"https:\/\/franciscanos.org.br\/vidacrista\/sem-sede-somos-dominados-pela-apatia\/","name":"\"Sem sede, somos dominados pela apatia\" - Vida Crist\u00e3 - Franciscanos","isPartOf":{"@id":"https:\/\/franciscanos.org.br\/vidacrista\/#website"},"datePublished":"2021-11-04T20:47:38+00:00","dateModified":"2021-11-04T20:47:38+00:00","author":{"@id":"https:\/\/franciscanos.org.br\/vidacrista\/#\/schema\/person\/1880bdd2c350b735648725ef7614736a"},"breadcrumb":{"@id":"https:\/\/franciscanos.org.br\/vidacrista\/sem-sede-somos-dominados-pela-apatia\/#breadcrumb"},"inLanguage":"pt-BR","potentialAction":[{"@type":"ReadAction","target":["https:\/\/franciscanos.org.br\/vidacrista\/sem-sede-somos-dominados-pela-apatia\/"]}]},{"@type":"BreadcrumbList","@id":"https:\/\/franciscanos.org.br\/vidacrista\/sem-sede-somos-dominados-pela-apatia\/#breadcrumb","itemListElement":[{"@type":"ListItem","position":1,"name":"Home","item":"https:\/\/franciscanos.org.br\/vidacrista\/"},{"@type":"ListItem","position":2,"name":"&#8220;Sem sede, somos dominados pela apatia&#8221;"}]},{"@type":"Person","@id":"https:\/\/franciscanos.org.br\/vidacrista\/#\/schema\/person\/1880bdd2c350b735648725ef7614736a","name":"moacir","image":{"@type":"ImageObject","inLanguage":"pt-BR","@id":"https:\/\/franciscanos.org.br\/vidacrista\/#\/schema\/person\/image\/","url":"https:\/\/secure.gravatar.com\/avatar\/d08aa2ce4c8dd416d4479aa8536fcf64?s=96&d=mm&r=g","contentUrl":"https:\/\/secure.gravatar.com\/avatar\/d08aa2ce4c8dd416d4479aa8536fcf64?s=96&d=mm&r=g","caption":"moacir"},"url":"https:\/\/franciscanos.org.br\/vidacrista\/author\/moacir\/"}]}},"_links":{"self":[{"href":"https:\/\/franciscanos.org.br\/vidacrista\/wp-json\/wp\/v2\/posts\/190885"}],"collection":[{"href":"https:\/\/franciscanos.org.br\/vidacrista\/wp-json\/wp\/v2\/posts"}],"about":[{"href":"https:\/\/franciscanos.org.br\/vidacrista\/wp-json\/wp\/v2\/types\/post"}],"author":[{"embeddable":true,"href":"https:\/\/franciscanos.org.br\/vidacrista\/wp-json\/wp\/v2\/users\/3"}],"replies":[{"embeddable":true,"href":"https:\/\/franciscanos.org.br\/vidacrista\/wp-json\/wp\/v2\/comments?post=190885"}],"version-history":[{"count":1,"href":"https:\/\/franciscanos.org.br\/vidacrista\/wp-json\/wp\/v2\/posts\/190885\/revisions"}],"predecessor-version":[{"id":190887,"href":"https:\/\/franciscanos.org.br\/vidacrista\/wp-json\/wp\/v2\/posts\/190885\/revisions\/190887"}],"wp:featuredmedia":[{"embeddable":true,"href":"https:\/\/franciscanos.org.br\/vidacrista\/wp-json\/wp\/v2\/media\/190886"}],"wp:attachment":[{"href":"https:\/\/franciscanos.org.br\/vidacrista\/wp-json\/wp\/v2\/media?parent=190885"}],"wp:term":[{"taxonomy":"category","embeddable":true,"href":"https:\/\/franciscanos.org.br\/vidacrista\/wp-json\/wp\/v2\/categories?post=190885"},{"taxonomy":"post_tag","embeddable":true,"href":"https:\/\/franciscanos.org.br\/vidacrista\/wp-json\/wp\/v2\/tags?post=190885"}],"curies":[{"name":"wp","href":"https:\/\/api.w.org\/{rel}","templated":true}]}}