{"id":190817,"date":"2021-11-01T00:01:12","date_gmt":"2021-11-01T03:01:12","guid":{"rendered":"https:\/\/franciscanos.org.br\/vidacrista\/?p=190817"},"modified":"2021-11-01T05:02:29","modified_gmt":"2021-11-01T08:02:29","slug":"comemoracao-de-todos-os-fieis-defuntos","status":"publish","type":"post","link":"https:\/\/franciscanos.org.br\/vidacrista\/comemoracao-de-todos-os-fieis-defuntos\/","title":{"rendered":"Comemora\u00e7\u00e3o de Todos os Fi\u00e9is Defuntos"},"content":{"rendered":"<div style=\"width: 1290px\" class=\"wp-caption alignnone\"><img decoding=\"async\" loading=\"lazy\" src=\"https:\/\/franciscanos.org.br\/vidacrista\/wp-content\/uploads\/2021\/10\/luiz-1280.gif\" alt=\"\" width=\"1280\" height=\"720\" \/><p class=\"wp-caption-text\"><em>\u00a0 \u00a0 \u00a0 \u00a0 \u00a0 \u00a0 \u00a0 \u00a0 \u00a0 \u00a0 \u00a0 \u00a0 \u00a0 \u00a0 \u00a0 \u00a0 \u00a0 \u00a0 \u00a0 \u00a0 \u00a0 \u00a0 \u00a0 \u00a0 \u00a0 \u00a0 \u00a0 \u00a0 \u00a0 \u00a0 \u00a0 \u00a0 \u00a0 \u00a0 \u00a0 \u00a0 \u00a0 \u00a0Imagem ilustrativa: Canva (<a href=\"http:\/\/www.canva.com\/pt_br\/modelos)\">www.canva.com\/pt_br\/modelos<\/a>)<\/em><\/p><\/div>\n<p><strong>Frei Luiz Iakovacz<\/strong><\/p>\n<p>No dia 1.o de novembro, celebra-se a festa de Todos os Santos, canonizados ou n\u00e3o. \u00c9 a recorda\u00e7\u00e3o daquela \u201cmultid\u00e3o que ningu\u00e9m podia contar: gente de todas as na\u00e7\u00f5es, tribos, povos e l\u00ednguas. Estavam diante do trono do Cordeiro, com vestes brancas e palmas nas m\u00e3os\u201d (Apoc 7,9). No dia 02, mais conhecido como Finados, a Igreja comemora Todos os Fi\u00e9is Defuntos \u2013 n\u00e3o como um fim (Finados), mas como uma reafirma\u00e7\u00e3o do \u201ccreio na Ressurrei\u00e7\u00e3o da carne\u201d.<\/p>\n<p>Em todas as Missas, as 14 Ora\u00e7\u00f5es Eucar\u00edsticas fazem men\u00e7\u00e3o especial aos falecidos em geral e aos lembrados, nominalmente, por solicita\u00e7\u00e3o de pessoas vivas.<\/p>\n<p>Os crist\u00e3os de Roma costumavam reunir-se nas catacumbas e, diante dos t\u00famulos dos m\u00e1rtires, rezavam e, \u00e0s vezes, celebravam a Eucaristia, porque esta era feita, preferencialmente, nas casas (At 3,46).<\/p>\n<p>Por\u00e9m, um dia pr\u00f3prio para lembrar \u201cTodos os Fi\u00e9is Defuntos\u201d e seu sufr\u00e1gio, come\u00e7ou no s\u00e9culo X, mais exatamente em 998, quando o abade Odilon, do Mosteiro de Cluny (Fran\u00e7a), pediu que os monges deste mosteiro, e aos demais a ele pertencentes, rezassem o Of\u00edcio dos Defuntos, no dia 02, um dia depois da celebra\u00e7\u00e3o de Todos os Santos. Faz sentido esta aproxima\u00e7\u00e3o de datas entre a Igreja padecente e triunfante.<\/p>\n<p>A partir do s\u00e9culo XIII, este costume foi sendo assumido pela Igreja Cat\u00f3lica. Se a Igreja Triunfante tem seu fundamento na Ressurrei\u00e7\u00e3o de Cristo, amplamente, testificada no NT, o mesmo n\u00e3o acontece com os Fi\u00e9is Defuntos e seu sufr\u00e1gio.<\/p>\n<p>Ou melhor, h\u00e1 um relato expl\u00edcito no segundo livro de Macabeus (2Mc 12,38-45). Os sete livros deutorocan\u00f4nicos (Br, Jt, Tb, Eclo, Sb 1 e 2 Mc), considerados inspirados pela Igreja Cat\u00f3lica, n\u00e3o o s\u00e3o para a B\u00edblia Hebraica e, consequentemente, aos evang\u00e9licos. S\u00e3o ap\u00f3crifos.<\/p>\n<p>Independentemente desta quest\u00e3o, este texto faz bem aos que o meditam e nos une aos que j\u00e1 partiram.<\/p>\n<p>O seu contexto est\u00e1 relacionado com uma batalha onde morrem soldados judeus. Ao recolherem os corpos para dar-lhes sepultura junto \u201caos seus antepassados\u201d, encontraram, debaixo das vestes, \u201cobjetos consagrados aos \u00eddolos de Jamnia\u201d. Ficou claro para todos que \u201ceste foi o motivo de sua morte\u201d. Puseram-se em ora\u00e7\u00e3o e pediram que o Senhor Deus \u201cesquecesse esse pecado\u201d. Al\u00e9m disso, Judas Macabeus fez uma coleta em dinheiro e enviou-a a Jerusal\u00e9m para que se oferecesse holocaustos pelo pecado: \u201cObra bela e santa, inspirado pela cren\u00e7a da Ressurrei\u00e7\u00e3o\u201d, caso contr\u00e1rio seria \u201csup\u00e9rfluo e v\u00e3o rezar pelos falecidos; \u00e9 salutar rezar pelos mortos\u201d (cf. 2 Mc 12,38-45).<\/p>\n<p>Por fim, o relato \u2013 se ver\u00eddico ou n\u00e3o, pouco importa \u2013 dos tr\u00eas pedidos que o rei maced\u00f4nio Alexandre Magno (365 \u2013 323 aC) fez antes de morrer.<\/p>\n<p>Viveu, apenas, 42 anos, 22 deles como rei. Sempre teve sucesso nas muitas campanhas militares realizadas, formando um dos maiores imp\u00e9rios da antiguidade. Era t\u00e3o \u201cpoderoso e carism\u00e1tico que chegou a ser considerado um sem-deus\u201d. Teria sido disc\u00edpulo de Arist\u00f3teles e o motivo de sua morte foi ou por mal\u00e1ria ou envenenamento.<\/p>\n<p>Os tr\u00eas pedidos foram estes: que seu caix\u00e3o fosse transportado pelas m\u00e3os dos m\u00e9dicos; que fossem espalhados os seus tesouros conquistados no percurso do vel\u00f3rio at\u00e9 o t\u00famulo; e que suas duas m\u00e3os fossem deixadas balan\u00e7ando no ar, fora do caix\u00e3o.<\/p>\n<p>Um de seus generais, admirado com esses desejos ins\u00f3litos, perguntou quais a raz\u00f5es. Alexandre explicou: quero que os m\u00e9dicos carreguem meu caix\u00e3o para mostrar que eles n\u00e3o t\u00eam poder de cura perante a morte; quero que o ch\u00e3o seja coberto pelos meus tesouros para que as pessoas possam ver que os bens materiais aqui conquistados, aqui permanece; quero que minhas m\u00e3os balancem ao vento para que as pessoas possam ver que de m\u00e3os vazias viemos e de m\u00e3os vazias partimos.<\/p>\n<p>Assim diz um prov\u00e9rbio popular: \u201cA morte \u00e9 uma vit\u00f3ria com apar\u00eancia de derrota\u201d. O Pref\u00e1cio da Missa dos Defuntos faz eco a estas palavras quando professa esta f\u00e9: \u201cOs que creem em Deus a vida n\u00e3o \u00e9 tirada, mas transformada e, desfeito nosso corpo mortal, nos \u00e9 dado um corpo imortal\u201d.<\/p>\n<hr \/>\n<p><strong>Frei Luiz Iakovacz, OFM<\/strong>,<em>\u00a0frade desta Prov\u00edncia da Imaculada, reside na Par\u00f3quia Nossa Senhora do Ros\u00e1rio, em Conc\u00f3rdia, SC.<\/em><\/p>\n","protected":false},"excerpt":{"rendered":"<p>Artigo de Frei Luiz Iakovacz<\/p>\n","protected":false},"author":6,"featured_media":190818,"comment_status":"open","ping_status":"open","sticky":false,"template":"","format":"standard","meta":{"footnotes":""},"categories":[26],"tags":[208],"yoast_head":"<!-- This site is optimized with the Yoast SEO plugin v19.4 - https:\/\/yoast.com\/wordpress\/plugins\/seo\/ -->\n<title>Comemora\u00e7\u00e3o de Todos os Fi\u00e9is Defuntos - Vida Crist\u00e3 - Franciscanos<\/title>\n<meta name=\"robots\" content=\"index, follow, max-snippet:-1, max-image-preview:large, max-video-preview:-1\" \/>\n<link rel=\"canonical\" href=\"https:\/\/franciscanos.org.br\/vidacrista\/comemoracao-de-todos-os-fieis-defuntos\/\" \/>\n<meta property=\"og:locale\" content=\"pt_BR\" \/>\n<meta property=\"og:type\" content=\"article\" \/>\n<meta property=\"og:title\" content=\"Comemora\u00e7\u00e3o de Todos os Fi\u00e9is Defuntos - Vida Crist\u00e3 - Franciscanos\" \/>\n<meta property=\"og:description\" content=\"Artigo de Frei Luiz Iakovacz\" \/>\n<meta property=\"og:url\" content=\"https:\/\/franciscanos.org.br\/vidacrista\/comemoracao-de-todos-os-fieis-defuntos\/\" \/>\n<meta property=\"og:site_name\" content=\"Vida Crist\u00e3 - Franciscanos\" \/>\n<meta property=\"article:published_time\" content=\"2021-11-01T03:01:12+00:00\" \/>\n<meta property=\"article:modified_time\" content=\"2021-11-01T08:02:29+00:00\" \/>\n<meta property=\"og:image\" content=\"https:\/\/franciscanos.org.br\/vidacrista\/wp-content\/uploads\/2021\/10\/luiz-800.gif\" \/>\n\t<meta property=\"og:image:width\" content=\"800\" \/>\n\t<meta property=\"og:image:height\" content=\"550\" \/>\n\t<meta property=\"og:image:type\" content=\"image\/gif\" \/>\n<meta name=\"author\" content=\"Jovenal Pereira\" \/>\n<meta name=\"twitter:card\" content=\"summary_large_image\" \/>\n<meta name=\"twitter:label1\" content=\"Escrito por\" \/>\n\t<meta name=\"twitter:data1\" content=\"Jovenal Pereira\" \/>\n\t<meta name=\"twitter:label2\" content=\"Est. tempo de leitura\" \/>\n\t<meta name=\"twitter:data2\" content=\"4 minutos\" \/>\n<script type=\"application\/ld+json\" class=\"yoast-schema-graph\">{\"@context\":\"https:\/\/schema.org\",\"@graph\":[{\"@type\":\"WebSite\",\"@id\":\"https:\/\/franciscanos.org.br\/vidacrista\/#website\",\"url\":\"https:\/\/franciscanos.org.br\/vidacrista\/\",\"name\":\"Vida Crist\u00e3 - Franciscanos\",\"description\":\"Prov\u00edncia Franciscana da Imaculada Concei\u00e7\u00e3o do Brasil - Ordem dos Frades Menores\",\"potentialAction\":[{\"@type\":\"SearchAction\",\"target\":{\"@type\":\"EntryPoint\",\"urlTemplate\":\"https:\/\/franciscanos.org.br\/vidacrista\/?s={search_term_string}\"},\"query-input\":\"required name=search_term_string\"}],\"inLanguage\":\"pt-BR\"},{\"@type\":\"WebPage\",\"@id\":\"https:\/\/franciscanos.org.br\/vidacrista\/comemoracao-de-todos-os-fieis-defuntos\/\",\"url\":\"https:\/\/franciscanos.org.br\/vidacrista\/comemoracao-de-todos-os-fieis-defuntos\/\",\"name\":\"Comemora\u00e7\u00e3o de Todos os Fi\u00e9is Defuntos - Vida Crist\u00e3 - Franciscanos\",\"isPartOf\":{\"@id\":\"https:\/\/franciscanos.org.br\/vidacrista\/#website\"},\"datePublished\":\"2021-11-01T03:01:12+00:00\",\"dateModified\":\"2021-11-01T08:02:29+00:00\",\"author\":{\"@id\":\"https:\/\/franciscanos.org.br\/vidacrista\/#\/schema\/person\/c052c0d9165fa75af6e14f595d2333a0\"},\"breadcrumb\":{\"@id\":\"https:\/\/franciscanos.org.br\/vidacrista\/comemoracao-de-todos-os-fieis-defuntos\/#breadcrumb\"},\"inLanguage\":\"pt-BR\",\"potentialAction\":[{\"@type\":\"ReadAction\",\"target\":[\"https:\/\/franciscanos.org.br\/vidacrista\/comemoracao-de-todos-os-fieis-defuntos\/\"]}]},{\"@type\":\"BreadcrumbList\",\"@id\":\"https:\/\/franciscanos.org.br\/vidacrista\/comemoracao-de-todos-os-fieis-defuntos\/#breadcrumb\",\"itemListElement\":[{\"@type\":\"ListItem\",\"position\":1,\"name\":\"Home\",\"item\":\"https:\/\/franciscanos.org.br\/vidacrista\/\"},{\"@type\":\"ListItem\",\"position\":2,\"name\":\"Comemora\u00e7\u00e3o de Todos os Fi\u00e9is Defuntos\"}]},{\"@type\":\"Person\",\"@id\":\"https:\/\/franciscanos.org.br\/vidacrista\/#\/schema\/person\/c052c0d9165fa75af6e14f595d2333a0\",\"name\":\"Jovenal Pereira\",\"image\":{\"@type\":\"ImageObject\",\"inLanguage\":\"pt-BR\",\"@id\":\"https:\/\/franciscanos.org.br\/vidacrista\/#\/schema\/person\/image\/\",\"url\":\"https:\/\/secure.gravatar.com\/avatar\/e94509f531086e2eaf97e72f29ea00f9?s=96&d=mm&r=g\",\"contentUrl\":\"https:\/\/secure.gravatar.com\/avatar\/e94509f531086e2eaf97e72f29ea00f9?s=96&d=mm&r=g\",\"caption\":\"Jovenal Pereira\"},\"url\":\"https:\/\/franciscanos.org.br\/vidacrista\/author\/jovenal\/\"}]}<\/script>\n<!-- \/ Yoast SEO plugin. -->","yoast_head_json":{"title":"Comemora\u00e7\u00e3o de Todos os Fi\u00e9is Defuntos - Vida Crist\u00e3 - Franciscanos","robots":{"index":"index","follow":"follow","max-snippet":"max-snippet:-1","max-image-preview":"max-image-preview:large","max-video-preview":"max-video-preview:-1"},"canonical":"https:\/\/franciscanos.org.br\/vidacrista\/comemoracao-de-todos-os-fieis-defuntos\/","og_locale":"pt_BR","og_type":"article","og_title":"Comemora\u00e7\u00e3o de Todos os Fi\u00e9is Defuntos - Vida Crist\u00e3 - Franciscanos","og_description":"Artigo de Frei Luiz Iakovacz","og_url":"https:\/\/franciscanos.org.br\/vidacrista\/comemoracao-de-todos-os-fieis-defuntos\/","og_site_name":"Vida Crist\u00e3 - Franciscanos","article_published_time":"2021-11-01T03:01:12+00:00","article_modified_time":"2021-11-01T08:02:29+00:00","og_image":[{"width":800,"height":550,"url":"https:\/\/franciscanos.org.br\/vidacrista\/wp-content\/uploads\/2021\/10\/luiz-800.gif","type":"image\/gif"}],"author":"Jovenal Pereira","twitter_card":"summary_large_image","twitter_misc":{"Escrito por":"Jovenal Pereira","Est. tempo de leitura":"4 minutos"},"schema":{"@context":"https:\/\/schema.org","@graph":[{"@type":"WebSite","@id":"https:\/\/franciscanos.org.br\/vidacrista\/#website","url":"https:\/\/franciscanos.org.br\/vidacrista\/","name":"Vida Crist\u00e3 - Franciscanos","description":"Prov\u00edncia Franciscana da Imaculada Concei\u00e7\u00e3o do Brasil - Ordem dos Frades Menores","potentialAction":[{"@type":"SearchAction","target":{"@type":"EntryPoint","urlTemplate":"https:\/\/franciscanos.org.br\/vidacrista\/?s={search_term_string}"},"query-input":"required name=search_term_string"}],"inLanguage":"pt-BR"},{"@type":"WebPage","@id":"https:\/\/franciscanos.org.br\/vidacrista\/comemoracao-de-todos-os-fieis-defuntos\/","url":"https:\/\/franciscanos.org.br\/vidacrista\/comemoracao-de-todos-os-fieis-defuntos\/","name":"Comemora\u00e7\u00e3o de Todos os Fi\u00e9is Defuntos - Vida Crist\u00e3 - Franciscanos","isPartOf":{"@id":"https:\/\/franciscanos.org.br\/vidacrista\/#website"},"datePublished":"2021-11-01T03:01:12+00:00","dateModified":"2021-11-01T08:02:29+00:00","author":{"@id":"https:\/\/franciscanos.org.br\/vidacrista\/#\/schema\/person\/c052c0d9165fa75af6e14f595d2333a0"},"breadcrumb":{"@id":"https:\/\/franciscanos.org.br\/vidacrista\/comemoracao-de-todos-os-fieis-defuntos\/#breadcrumb"},"inLanguage":"pt-BR","potentialAction":[{"@type":"ReadAction","target":["https:\/\/franciscanos.org.br\/vidacrista\/comemoracao-de-todos-os-fieis-defuntos\/"]}]},{"@type":"BreadcrumbList","@id":"https:\/\/franciscanos.org.br\/vidacrista\/comemoracao-de-todos-os-fieis-defuntos\/#breadcrumb","itemListElement":[{"@type":"ListItem","position":1,"name":"Home","item":"https:\/\/franciscanos.org.br\/vidacrista\/"},{"@type":"ListItem","position":2,"name":"Comemora\u00e7\u00e3o de Todos os Fi\u00e9is Defuntos"}]},{"@type":"Person","@id":"https:\/\/franciscanos.org.br\/vidacrista\/#\/schema\/person\/c052c0d9165fa75af6e14f595d2333a0","name":"Jovenal Pereira","image":{"@type":"ImageObject","inLanguage":"pt-BR","@id":"https:\/\/franciscanos.org.br\/vidacrista\/#\/schema\/person\/image\/","url":"https:\/\/secure.gravatar.com\/avatar\/e94509f531086e2eaf97e72f29ea00f9?s=96&d=mm&r=g","contentUrl":"https:\/\/secure.gravatar.com\/avatar\/e94509f531086e2eaf97e72f29ea00f9?s=96&d=mm&r=g","caption":"Jovenal Pereira"},"url":"https:\/\/franciscanos.org.br\/vidacrista\/author\/jovenal\/"}]}},"_links":{"self":[{"href":"https:\/\/franciscanos.org.br\/vidacrista\/wp-json\/wp\/v2\/posts\/190817"}],"collection":[{"href":"https:\/\/franciscanos.org.br\/vidacrista\/wp-json\/wp\/v2\/posts"}],"about":[{"href":"https:\/\/franciscanos.org.br\/vidacrista\/wp-json\/wp\/v2\/types\/post"}],"author":[{"embeddable":true,"href":"https:\/\/franciscanos.org.br\/vidacrista\/wp-json\/wp\/v2\/users\/6"}],"replies":[{"embeddable":true,"href":"https:\/\/franciscanos.org.br\/vidacrista\/wp-json\/wp\/v2\/comments?post=190817"}],"version-history":[{"count":5,"href":"https:\/\/franciscanos.org.br\/vidacrista\/wp-json\/wp\/v2\/posts\/190817\/revisions"}],"predecessor-version":[{"id":190851,"href":"https:\/\/franciscanos.org.br\/vidacrista\/wp-json\/wp\/v2\/posts\/190817\/revisions\/190851"}],"wp:featuredmedia":[{"embeddable":true,"href":"https:\/\/franciscanos.org.br\/vidacrista\/wp-json\/wp\/v2\/media\/190818"}],"wp:attachment":[{"href":"https:\/\/franciscanos.org.br\/vidacrista\/wp-json\/wp\/v2\/media?parent=190817"}],"wp:term":[{"taxonomy":"category","embeddable":true,"href":"https:\/\/franciscanos.org.br\/vidacrista\/wp-json\/wp\/v2\/categories?post=190817"},{"taxonomy":"post_tag","embeddable":true,"href":"https:\/\/franciscanos.org.br\/vidacrista\/wp-json\/wp\/v2\/tags?post=190817"}],"curies":[{"name":"wp","href":"https:\/\/api.w.org\/{rel}","templated":true}]}}