{"id":190808,"date":"2021-10-27T07:53:32","date_gmt":"2021-10-27T10:53:32","guid":{"rendered":"https:\/\/franciscanos.org.br\/vidacrista\/?p=190808"},"modified":"2021-10-27T11:22:22","modified_gmt":"2021-10-27T14:22:22","slug":"sao-judas-tadeu-o-impossivel-e-a-ditadura-da-mentira","status":"publish","type":"post","link":"https:\/\/franciscanos.org.br\/vidacrista\/sao-judas-tadeu-o-impossivel-e-a-ditadura-da-mentira\/","title":{"rendered":"S\u00e3o Judas Tadeu: o imposs\u00edvel e as mentiras do Presidente!"},"content":{"rendered":"<div id=\"attachment_190809\" style=\"width: 850px\" class=\"wp-caption alignnone\"><img aria-describedby=\"caption-attachment-190809\" decoding=\"async\" loading=\"lazy\" class=\"wp-image-190809 size-full\" src=\"https:\/\/franciscanos.org.br\/vidacrista\/wp-content\/uploads\/2021\/10\/saojudastadeu_2810.jpg\" alt=\"\" width=\"840\" height=\"450\" srcset=\"https:\/\/franciscanos.org.br\/vidacrista\/wp-content\/uploads\/2021\/10\/saojudastadeu_2810.jpg 840w, https:\/\/franciscanos.org.br\/vidacrista\/wp-content\/uploads\/2021\/10\/saojudastadeu_2810-450x241.jpg 450w, https:\/\/franciscanos.org.br\/vidacrista\/wp-content\/uploads\/2021\/10\/saojudastadeu_2810-768x411.jpg 768w, https:\/\/franciscanos.org.br\/vidacrista\/wp-content\/uploads\/2021\/10\/saojudastadeu_2810-150x80.jpg 150w\" sizes=\"(max-width: 840px) 100vw, 840px\" \/><p id=\"caption-attachment-190809\" class=\"wp-caption-text\"><em>\u00a0 \u00a0 \u00a0 \u00a0 \u00a0 \u00a0 \u00a0 \u00a0 \u00a0 \u00a0 \u00a0 \u00a0 \u00a0 \u00a0 \u00a0 \u00a0 \u00a0 \u00a0 \u00a0 \u00a0 \u00a0 \u00a0 \u00a0 \u00a0 \u00a0 \u00a0 \u00a0 \u00a0 \u00a0 \u00a0 \u00a0 \u00a0 \u00a0 \u00a0 \u00a0 \u00a0 \u00a0 \u00a0 \u00a0 \u00a0 \u00a0 \u00a0 \u00a0 \u00a0 \u00a0 \u00a0 \u00a0 \u00a0 \u00a0 \u00a0 \u00a0 \u00a0 \u00a0Imagem: El Greco (Wikimedia Commons) <\/em><\/p><\/div>\n<p><em>Frei Jacir de Freitas Faria<\/em> <a href=\"#_ftn1\" name=\"_ftnref1\">[1]<\/a><\/p>\n<p>Muito popular no Brasil, S\u00e3o Judas Tadeu \u00e9 celebrado no dia 28 de outubro. Considerado o santo das causas perdidas e imposs\u00edveis de serem realizadas, como foi o caso do Flamengo na d\u00e9cada de 1950. H\u00e1 muitos anos, ele n\u00e3o ganhava um campeonato no Rio de Janeiro. Por causa da intercess\u00e3o de S\u00e3o Judas Tadeu, a pedido de um padre, o Flamengo sagrou-se tricampe\u00e3o, o que rendeu ao santo o t\u00edtulo de padroeiro do clube. Ser\u00e1 que a prece a S\u00e3o Judas vai ajudar o Galo a ser campe\u00e3o brasileiro, depois de cinquenta anos? Ser\u00e1 que S\u00e3o Judas tamb\u00e9m n\u00e3o poderia dar uma ajudinha para o Cruzeiro voltar para a Primeira Divis\u00e3o? Muitas igrejas levam o nome de S\u00e3o Judas Tadeu. Nelas, a frequ\u00eancia de fi\u00e9is \u00e9 alta e a ajuda financeira tamb\u00e9m. Ser\u00e1 por que a escolha dele como padroeiro? Quem foi S\u00e3o Judas Tadeu? Quais s\u00e3o as causas perdidas e imposs\u00edveis em nossos dias?<\/p>\n<p><iframe loading=\"lazy\" title=\"S\u00c3O JUDAS TADEU: O IMPOSS\u00cdVEL E AS MENTIRAS DO PRESIDENTE!\" width=\"500\" height=\"281\" src=\"https:\/\/www.youtube.com\/embed\/aALj2UsnkE0?feature=oembed\" frameborder=\"0\" allow=\"accelerometer; autoplay; clipboard-write; encrypted-media; gyroscope; picture-in-picture\" allowfullscreen><\/iframe><\/p>\n<p>O pen\u00faltimo ap\u00f3stolo escolhido por Jesus foi Judas Tadeu, irm\u00e3o de Tiago Menor (Lc 6,16; Mt 10,3; Mc 3,18), mas tamb\u00e9m considerado pela tradi\u00e7\u00e3o como irm\u00e3o de Jesus ou do Senhor (Mc 6,3), visto que o seu pai, Alfeu ou Cleofas, o disc\u00edpulo, ao qual Jesus ressuscitado apareceu a caminho de Ema\u00fas, era irm\u00e3o de Jos\u00e9, o esposo de Maria. J\u00e1 a m\u00e3e de Judas Tadeu, Maria de Cleofas, era prima de Maria, a m\u00e3e de Jesus.<\/p>\n<p>Cumprindo a miss\u00e3o dada por Jesus, a de ser ap\u00f3stolo, Judas Tadeu evangelizou a Mesopot\u00e2mia, a S\u00edria, a Arm\u00e9nia e a P\u00e9rsia, atual Ir\u00e3, onde se teria encontrado com Sim\u00e3o, que, antes, estava pregando no Egito. Juntos expulsaram dem\u00f4nios, curaram doentes, fundaram comunidades, consagraram Abdias como bispo etc. Os seus atos apost\u00f3licos se encontram registrados no ap\u00f3crifo <em>Mem\u00f3rias apost\u00f3licas de Abdias<\/em> ou <em>Atos ap\u00f3crifos dos Ap\u00f3stolos<\/em><a href=\"#_ftn2\" name=\"_ftnref2\">[2]<\/a><\/p>\n<p>Segundo tradi\u00e7\u00e3o ap\u00f3crifa, Judas Tadeu, assim como Sim\u00e3o, foi martirizado a golpes de bast\u00f5es, machados e lan\u00e7as a mando de sacerdotes da religi\u00e3o persa, no dia 28 de outubro do ano 70, por isso, na sua imagem tem um machado nas m\u00e3os. Foi Santa Br\u00edgida da Su\u00e9cia (1303-1373) que propagou a devo\u00e7\u00e3o a S\u00e3o Judas Tadeu como santo das causas perdidas, desesperadas e dif\u00edceis de serem resolvidas. Jesus lhe teria aparecido e aconselhado a invocar S\u00e3o Judas Tadeu para resolver os seus problemas. S\u00e3o Judas Tadeu \u00e9 tamb\u00e9m considerado padroeiro dos hospitais. Por isso, diante de doen\u00e7as incur\u00e1veis, recorre-se a S\u00e3o Judas Tadeu.<\/p>\n<p>Para al\u00e9m de toda a devo\u00e7\u00e3o a S\u00e3o Judas Tadeu, o que significa hoje uma causa imposs\u00edvel? Estamos num mundo dividido, marcado pelo \u00f3dio, pela viol\u00eancia, por governos que fazem o imposs\u00edvel para enganar o povo. Imposs\u00edvel \u00e9 n\u00e3o ver um devoto barganhando favores celestiais para saldar d\u00edvidas financeiras. Imposs\u00edvel \u00e9 n\u00e3o seguir o evangelho na sua ess\u00eancia. Imposs\u00edvel \u00e9 n\u00e3o ficar calado diante da morte genocida, do enganador que mente para n\u00e3o perder o poder e impedir a vacina\u00e7\u00e3o contra a Covid 19, que, comprovadamente, barrou as mortes. Que absurdo! Vacina desenvolve o HIV, o v\u00edrus que causa a Aids.<\/p>\n<p>Imposs\u00edvel \u00e9 n\u00e3o ficar calado diante da pobreza que assola. Imposs\u00edvel \u00e9 a falta de profetismo de igrejas que se aliam aos poderosos para tirar benef\u00edcios financeiros e pol\u00edticos. Imposs\u00edvel \u00e9 n\u00e3o perceber que a Igreja est\u00e1 longe de sua origem prof\u00e9tica.<\/p>\n<p>Valei-nos S\u00e3o Judas, pois n\u00e3o est\u00e1 sendo f\u00e1cil conviver com o (des)governo de um Presidente que vive de besteirol, desdenhando a dor humana, numa verdadeira ditadura da imbecilidade. Uma novela chamada \u201cMentira\u201d, onde a cena do pr\u00f3ximo cap\u00edtulo \u00e9 a mesma de ontem. Ajude-nos, S\u00e3o Judas Tadeu a mudar o rumo de nossa hist\u00f3ria. A causa da esperan\u00e7a n\u00e3o est\u00e1 perdida! Ainda que vale a intui\u00e7\u00e3o da pensadora alem\u00e3 e filha de fam\u00edlia judia, Hannah Arendt (1906-1975): &#8220;Vivemos tempos sombrios, onde as piores pessoas perderam o medo e as melhores perderam a esperan\u00e7a&#8221;. A transforma\u00e7\u00e3o de pessoas e sociedade, com certeza, nos devolver\u00e1 a esperan\u00e7a perdida. Isso n\u00e3o \u00e9 imposs\u00edvel.<\/p>\n<hr \/>\n<p><a href=\"#_ftnref1\" name=\"_ftn1\">[1]<\/a>Doutor em Teologia B\u00edblica pela Faje (BH). Mestre em Ci\u00eancias B\u00edblicas (Exegese) pelo Pontif\u00edcio Instituto B\u00edblico de Roma. Professor de Exegese B\u00edblica. \u00c9 membro da Associa\u00e7\u00e3o Brasileira de Pesquisa B\u00edblica (ABIB). Sacerdote Franciscano. Autor de dez livros e coautor de quinze. Youtube: Frei Jacir B\u00edblia e Apocrifos. <a href=\"https:\/\/www.youtube.com\/channel\/UCwbSE97jnR6jQwHRigX1KlQ\">https:\/\/www.youtube.com\/channel\/UCwbSE97jnR6jQwHRigX1KlQ<\/a><\/p>\n<p><a href=\"#_ftnref2\" name=\"_ftn2\">[2]<\/a> FARIA, Jacir de Freitas. <strong>A Vida Secreta dos Ap\u00f3stolos e Ap\u00f3stolas<\/strong>: \u00e0 Luz dos Atos Ap\u00f3crifos. Petr\u00f3polis: Vozes, 2005. 326p.<\/p>\n","protected":false},"excerpt":{"rendered":"<p>Artigo de Frei Jacir de Freitas Faria<\/p>\n","protected":false},"author":3,"featured_media":190809,"comment_status":"open","ping_status":"open","sticky":false,"template":"","format":"standard","meta":{"footnotes":""},"categories":[26],"tags":[43],"yoast_head":"<!-- This site is optimized with the Yoast SEO plugin v19.4 - https:\/\/yoast.com\/wordpress\/plugins\/seo\/ -->\n<title>S\u00e3o Judas Tadeu: o imposs\u00edvel e as mentiras do Presidente! - Vida Crist\u00e3 - Franciscanos<\/title>\n<meta name=\"robots\" content=\"index, follow, max-snippet:-1, max-image-preview:large, max-video-preview:-1\" \/>\n<link rel=\"canonical\" href=\"https:\/\/franciscanos.org.br\/vidacrista\/sao-judas-tadeu-o-impossivel-e-a-ditadura-da-mentira\/\" \/>\n<meta property=\"og:locale\" content=\"pt_BR\" \/>\n<meta property=\"og:type\" content=\"article\" \/>\n<meta property=\"og:title\" content=\"S\u00e3o Judas Tadeu: o imposs\u00edvel e as mentiras do Presidente! - Vida Crist\u00e3 - Franciscanos\" \/>\n<meta property=\"og:description\" content=\"Artigo de Frei Jacir de Freitas Faria\" \/>\n<meta property=\"og:url\" content=\"https:\/\/franciscanos.org.br\/vidacrista\/sao-judas-tadeu-o-impossivel-e-a-ditadura-da-mentira\/\" \/>\n<meta property=\"og:site_name\" content=\"Vida Crist\u00e3 - Franciscanos\" \/>\n<meta property=\"article:published_time\" content=\"2021-10-27T10:53:32+00:00\" \/>\n<meta property=\"article:modified_time\" content=\"2021-10-27T14:22:22+00:00\" \/>\n<meta property=\"og:image\" content=\"https:\/\/franciscanos.org.br\/vidacrista\/wp-content\/uploads\/2021\/10\/saojudastadeu_2810.jpg\" \/>\n\t<meta property=\"og:image:width\" content=\"840\" \/>\n\t<meta property=\"og:image:height\" content=\"450\" \/>\n\t<meta property=\"og:image:type\" content=\"image\/jpeg\" \/>\n<meta name=\"author\" content=\"moacir\" \/>\n<meta name=\"twitter:card\" content=\"summary_large_image\" \/>\n<meta name=\"twitter:label1\" content=\"Escrito por\" \/>\n\t<meta name=\"twitter:data1\" content=\"moacir\" \/>\n\t<meta name=\"twitter:label2\" content=\"Est. tempo de leitura\" \/>\n\t<meta name=\"twitter:data2\" content=\"4 minutos\" \/>\n<script type=\"application\/ld+json\" class=\"yoast-schema-graph\">{\"@context\":\"https:\/\/schema.org\",\"@graph\":[{\"@type\":\"WebSite\",\"@id\":\"https:\/\/franciscanos.org.br\/vidacrista\/#website\",\"url\":\"https:\/\/franciscanos.org.br\/vidacrista\/\",\"name\":\"Vida Crist\u00e3 - Franciscanos\",\"description\":\"Prov\u00edncia Franciscana da Imaculada Concei\u00e7\u00e3o do Brasil - Ordem dos Frades Menores\",\"potentialAction\":[{\"@type\":\"SearchAction\",\"target\":{\"@type\":\"EntryPoint\",\"urlTemplate\":\"https:\/\/franciscanos.org.br\/vidacrista\/?s={search_term_string}\"},\"query-input\":\"required name=search_term_string\"}],\"inLanguage\":\"pt-BR\"},{\"@type\":\"WebPage\",\"@id\":\"https:\/\/franciscanos.org.br\/vidacrista\/sao-judas-tadeu-o-impossivel-e-a-ditadura-da-mentira\/\",\"url\":\"https:\/\/franciscanos.org.br\/vidacrista\/sao-judas-tadeu-o-impossivel-e-a-ditadura-da-mentira\/\",\"name\":\"S\u00e3o Judas Tadeu: o imposs\u00edvel e as mentiras do Presidente! - Vida Crist\u00e3 - Franciscanos\",\"isPartOf\":{\"@id\":\"https:\/\/franciscanos.org.br\/vidacrista\/#website\"},\"datePublished\":\"2021-10-27T10:53:32+00:00\",\"dateModified\":\"2021-10-27T14:22:22+00:00\",\"author\":{\"@id\":\"https:\/\/franciscanos.org.br\/vidacrista\/#\/schema\/person\/1880bdd2c350b735648725ef7614736a\"},\"breadcrumb\":{\"@id\":\"https:\/\/franciscanos.org.br\/vidacrista\/sao-judas-tadeu-o-impossivel-e-a-ditadura-da-mentira\/#breadcrumb\"},\"inLanguage\":\"pt-BR\",\"potentialAction\":[{\"@type\":\"ReadAction\",\"target\":[\"https:\/\/franciscanos.org.br\/vidacrista\/sao-judas-tadeu-o-impossivel-e-a-ditadura-da-mentira\/\"]}]},{\"@type\":\"BreadcrumbList\",\"@id\":\"https:\/\/franciscanos.org.br\/vidacrista\/sao-judas-tadeu-o-impossivel-e-a-ditadura-da-mentira\/#breadcrumb\",\"itemListElement\":[{\"@type\":\"ListItem\",\"position\":1,\"name\":\"Home\",\"item\":\"https:\/\/franciscanos.org.br\/vidacrista\/\"},{\"@type\":\"ListItem\",\"position\":2,\"name\":\"S\u00e3o Judas Tadeu: o imposs\u00edvel e as mentiras do Presidente!\"}]},{\"@type\":\"Person\",\"@id\":\"https:\/\/franciscanos.org.br\/vidacrista\/#\/schema\/person\/1880bdd2c350b735648725ef7614736a\",\"name\":\"moacir\",\"image\":{\"@type\":\"ImageObject\",\"inLanguage\":\"pt-BR\",\"@id\":\"https:\/\/franciscanos.org.br\/vidacrista\/#\/schema\/person\/image\/\",\"url\":\"https:\/\/secure.gravatar.com\/avatar\/d08aa2ce4c8dd416d4479aa8536fcf64?s=96&d=mm&r=g\",\"contentUrl\":\"https:\/\/secure.gravatar.com\/avatar\/d08aa2ce4c8dd416d4479aa8536fcf64?s=96&d=mm&r=g\",\"caption\":\"moacir\"},\"url\":\"https:\/\/franciscanos.org.br\/vidacrista\/author\/moacir\/\"}]}<\/script>\n<!-- \/ Yoast SEO plugin. -->","yoast_head_json":{"title":"S\u00e3o Judas Tadeu: o imposs\u00edvel e as mentiras do Presidente! - Vida Crist\u00e3 - Franciscanos","robots":{"index":"index","follow":"follow","max-snippet":"max-snippet:-1","max-image-preview":"max-image-preview:large","max-video-preview":"max-video-preview:-1"},"canonical":"https:\/\/franciscanos.org.br\/vidacrista\/sao-judas-tadeu-o-impossivel-e-a-ditadura-da-mentira\/","og_locale":"pt_BR","og_type":"article","og_title":"S\u00e3o Judas Tadeu: o imposs\u00edvel e as mentiras do Presidente! - Vida Crist\u00e3 - Franciscanos","og_description":"Artigo de Frei Jacir de Freitas Faria","og_url":"https:\/\/franciscanos.org.br\/vidacrista\/sao-judas-tadeu-o-impossivel-e-a-ditadura-da-mentira\/","og_site_name":"Vida Crist\u00e3 - Franciscanos","article_published_time":"2021-10-27T10:53:32+00:00","article_modified_time":"2021-10-27T14:22:22+00:00","og_image":[{"width":840,"height":450,"url":"https:\/\/franciscanos.org.br\/vidacrista\/wp-content\/uploads\/2021\/10\/saojudastadeu_2810.jpg","type":"image\/jpeg"}],"author":"moacir","twitter_card":"summary_large_image","twitter_misc":{"Escrito por":"moacir","Est. tempo de leitura":"4 minutos"},"schema":{"@context":"https:\/\/schema.org","@graph":[{"@type":"WebSite","@id":"https:\/\/franciscanos.org.br\/vidacrista\/#website","url":"https:\/\/franciscanos.org.br\/vidacrista\/","name":"Vida Crist\u00e3 - Franciscanos","description":"Prov\u00edncia Franciscana da Imaculada Concei\u00e7\u00e3o do Brasil - Ordem dos Frades Menores","potentialAction":[{"@type":"SearchAction","target":{"@type":"EntryPoint","urlTemplate":"https:\/\/franciscanos.org.br\/vidacrista\/?s={search_term_string}"},"query-input":"required name=search_term_string"}],"inLanguage":"pt-BR"},{"@type":"WebPage","@id":"https:\/\/franciscanos.org.br\/vidacrista\/sao-judas-tadeu-o-impossivel-e-a-ditadura-da-mentira\/","url":"https:\/\/franciscanos.org.br\/vidacrista\/sao-judas-tadeu-o-impossivel-e-a-ditadura-da-mentira\/","name":"S\u00e3o Judas Tadeu: o imposs\u00edvel e as mentiras do Presidente! - Vida Crist\u00e3 - Franciscanos","isPartOf":{"@id":"https:\/\/franciscanos.org.br\/vidacrista\/#website"},"datePublished":"2021-10-27T10:53:32+00:00","dateModified":"2021-10-27T14:22:22+00:00","author":{"@id":"https:\/\/franciscanos.org.br\/vidacrista\/#\/schema\/person\/1880bdd2c350b735648725ef7614736a"},"breadcrumb":{"@id":"https:\/\/franciscanos.org.br\/vidacrista\/sao-judas-tadeu-o-impossivel-e-a-ditadura-da-mentira\/#breadcrumb"},"inLanguage":"pt-BR","potentialAction":[{"@type":"ReadAction","target":["https:\/\/franciscanos.org.br\/vidacrista\/sao-judas-tadeu-o-impossivel-e-a-ditadura-da-mentira\/"]}]},{"@type":"BreadcrumbList","@id":"https:\/\/franciscanos.org.br\/vidacrista\/sao-judas-tadeu-o-impossivel-e-a-ditadura-da-mentira\/#breadcrumb","itemListElement":[{"@type":"ListItem","position":1,"name":"Home","item":"https:\/\/franciscanos.org.br\/vidacrista\/"},{"@type":"ListItem","position":2,"name":"S\u00e3o Judas Tadeu: o imposs\u00edvel e as mentiras do Presidente!"}]},{"@type":"Person","@id":"https:\/\/franciscanos.org.br\/vidacrista\/#\/schema\/person\/1880bdd2c350b735648725ef7614736a","name":"moacir","image":{"@type":"ImageObject","inLanguage":"pt-BR","@id":"https:\/\/franciscanos.org.br\/vidacrista\/#\/schema\/person\/image\/","url":"https:\/\/secure.gravatar.com\/avatar\/d08aa2ce4c8dd416d4479aa8536fcf64?s=96&d=mm&r=g","contentUrl":"https:\/\/secure.gravatar.com\/avatar\/d08aa2ce4c8dd416d4479aa8536fcf64?s=96&d=mm&r=g","caption":"moacir"},"url":"https:\/\/franciscanos.org.br\/vidacrista\/author\/moacir\/"}]}},"_links":{"self":[{"href":"https:\/\/franciscanos.org.br\/vidacrista\/wp-json\/wp\/v2\/posts\/190808"}],"collection":[{"href":"https:\/\/franciscanos.org.br\/vidacrista\/wp-json\/wp\/v2\/posts"}],"about":[{"href":"https:\/\/franciscanos.org.br\/vidacrista\/wp-json\/wp\/v2\/types\/post"}],"author":[{"embeddable":true,"href":"https:\/\/franciscanos.org.br\/vidacrista\/wp-json\/wp\/v2\/users\/3"}],"replies":[{"embeddable":true,"href":"https:\/\/franciscanos.org.br\/vidacrista\/wp-json\/wp\/v2\/comments?post=190808"}],"version-history":[{"count":6,"href":"https:\/\/franciscanos.org.br\/vidacrista\/wp-json\/wp\/v2\/posts\/190808\/revisions"}],"predecessor-version":[{"id":190815,"href":"https:\/\/franciscanos.org.br\/vidacrista\/wp-json\/wp\/v2\/posts\/190808\/revisions\/190815"}],"wp:featuredmedia":[{"embeddable":true,"href":"https:\/\/franciscanos.org.br\/vidacrista\/wp-json\/wp\/v2\/media\/190809"}],"wp:attachment":[{"href":"https:\/\/franciscanos.org.br\/vidacrista\/wp-json\/wp\/v2\/media?parent=190808"}],"wp:term":[{"taxonomy":"category","embeddable":true,"href":"https:\/\/franciscanos.org.br\/vidacrista\/wp-json\/wp\/v2\/categories?post=190808"},{"taxonomy":"post_tag","embeddable":true,"href":"https:\/\/franciscanos.org.br\/vidacrista\/wp-json\/wp\/v2\/tags?post=190808"}],"curies":[{"name":"wp","href":"https:\/\/api.w.org\/{rel}","templated":true}]}}