{"id":190798,"date":"2021-10-22T08:32:36","date_gmt":"2021-10-22T11:32:36","guid":{"rendered":"https:\/\/franciscanos.org.br\/vidacrista\/?p=190798"},"modified":"2021-10-22T08:36:22","modified_gmt":"2021-10-22T11:36:22","slug":"espiritualidade-holistica-e-o-vazio-existencial","status":"publish","type":"post","link":"https:\/\/franciscanos.org.br\/vidacrista\/espiritualidade-holistica-e-o-vazio-existencial\/","title":{"rendered":"Espiritualidade hol\u00edstica e o vazio existencial"},"content":{"rendered":"<div id=\"attachment_190800\" style=\"width: 850px\" class=\"wp-caption alignnone\"><img aria-describedby=\"caption-attachment-190800\" decoding=\"async\" loading=\"lazy\" class=\"wp-image-190800 size-full\" src=\"https:\/\/franciscanos.org.br\/vidacrista\/wp-content\/uploads\/2021\/10\/artigo_221021-1.png\" alt=\"\" width=\"840\" height=\"450\" srcset=\"https:\/\/franciscanos.org.br\/vidacrista\/wp-content\/uploads\/2021\/10\/artigo_221021-1.png 840w, https:\/\/franciscanos.org.br\/vidacrista\/wp-content\/uploads\/2021\/10\/artigo_221021-1-450x241.png 450w, https:\/\/franciscanos.org.br\/vidacrista\/wp-content\/uploads\/2021\/10\/artigo_221021-1-768x411.png 768w, https:\/\/franciscanos.org.br\/vidacrista\/wp-content\/uploads\/2021\/10\/artigo_221021-1-150x80.png 150w\" sizes=\"(max-width: 840px) 100vw, 840px\" \/><p id=\"caption-attachment-190800\" class=\"wp-caption-text\"><em>\u00a0 \u00a0 \u00a0 \u00a0 \u00a0 \u00a0 \u00a0 \u00a0 \u00a0 \u00a0 \u00a0 \u00a0 \u00a0 \u00a0 \u00a0 \u00a0 \u00a0 \u00a0 \u00a0 \u00a0 \u00a0 \u00a0 \u00a0 \u00a0 \u00a0 \u00a0 \u00a0Imagem ilustrativa: Canva (<a href=\"http:\/\/www.canva.com\/pt_br\/modelos\">www.canva.com\/pt_br\/modelos<\/a>)<\/em><\/p><\/div>\n<p><em>Frei Jacir de Freitas Faria<\/em> <a href=\"#_ftn1\" name=\"_ftnref1\">[1]<\/a><\/p>\n<p>Em nossos dias, muito se fala de espiritualidade. O ser humano vive momentos de crise em rela\u00e7\u00e3o ao seu modo de existir na rela\u00e7\u00e3o com os outros, com o mundo p\u00f3s-moderno e, sobretudo, com o Sagrado. A predomin\u00e2ncia da raz\u00e3o na sociedade moderna, com seus avan\u00e7os tecnol\u00f3gicos, cient\u00edficos e a dessacraliza\u00e7\u00e3o do mundo, tem provocado crise de valores \u00e9ticos e morais. A afetividade e cren\u00e7as est\u00e3o sendo redesenhadas no Ocidente. As futuras gera\u00e7\u00f5es conviver\u00e3o com modos de ser, outrora inimagin\u00e1veis nas sociedades antigas. Como no mundo cibern\u00e9tico e nas redes sociais, onde as mudan\u00e7as e not\u00edcias correm de forma veloz, quem n\u00e3o se deixar moldar por esse modo de viver e conviver vai perder o bonde da hist\u00f3ria.<\/p>\n<p><iframe loading=\"lazy\" title=\"Retiro B\u00edblico Corporal de Purifica\u00e7\u00e3o - Uma proposta inovadora de espiritualidade hol\u00edstica.\" width=\"500\" height=\"281\" src=\"https:\/\/www.youtube.com\/embed\/LpdROtAJUQI?start=14&#038;feature=oembed\" frameborder=\"0\" allow=\"accelerometer; autoplay; clipboard-write; encrypted-media; gyroscope; picture-in-picture\" allowfullscreen><\/iframe><\/p>\n<p>Na perspectiva religiosa, pairam no ar perguntas instigantes. As espiritualidades tradicionais ainda continuam v\u00e1lidas? O Devocionismo, por exemplo, \u00e9 capaz de alimentar o vazio existencial que bate \u00e0s portas da grande maioria? A crise provocada pelo Coronav\u00edrus (Covid-19) foi capaz e de suscitar novos modos de ser? Nesse caso, h\u00e1 os que afirmam que nada mudou nem mudar\u00e1. N\u00e3o serei t\u00e3o radical, mas \u00e9 not\u00f3rio que algo acrescentou \u00e0 vida dos humanos do planeta terra, ricos e pobres mortais. A quest\u00e3o \u00e9 como ressignificar a vida sempre. O ser humano \u00e9 fruto das decis\u00f5es que vai tomando em sua vida. Mas, o que \u00e9 mesmo espiritualidade? E essa tal de espiritualidade hol\u00edstica?<\/p>\n<p>Espiritualidade \u00e9 algo que vai al\u00e9m da religi\u00e3o. Nos \u00faltimos s\u00e9culos, as religi\u00f5es passaram e passam por crises nos seus modos de ser como institui\u00e7\u00f5es. Vemos reflexos disso no Brasil, onde h\u00e1 uma volta ao conservadorismo cat\u00f3lico, agora protagonizado, defendido por leigos. No af\u00e3 de defender a Igreja Institui\u00e7\u00e3o, eles atacam at\u00e9 o Papa Francisco. A Santa Inquisi\u00e7\u00e3o medieval, que mandava para a fogueira os opositores da Igreja e da f\u00e9, tem agora novos atores no comando.<\/p>\n<p>O Papa Francisco tem exercido lideran\u00e7a mundial inconteste, justamente por sua espiritualidade inclusiva, que rompe barreiras, propondo a destitui\u00e7\u00e3o de muros que acrisolam pessoas no vazio da f\u00e9. A sua recente proposta de iniciar um processo de escuta dentro da Igreja, o que servir\u00e1 de base para o S\u00ednodo dos Bispos, em 2023, \u00e9 uma tentativa de reviver o Vaticano II e de abrir novas portas para o catolicismo mundial a partir da comunh\u00e3o, participa\u00e7\u00e3o e miss\u00e3o. A pergunta, no entanto, \u00e9: \u201cTem futuro a Igreja Cat\u00f3lica?\u201d, como escreveu Frei Betto.<a href=\"#_ftn2\" name=\"_ftnref2\">[2]<\/a><\/p>\n<p>Diante desse cen\u00e1rio, o que prop\u00f5e a Espiritualidade hol\u00edstica? Esse modo de ser se define como sendo um modo de viver a f\u00e9 e a rela\u00e7\u00e3o com o Sagrado, para al\u00e9m dos modos convencionais das religi\u00f5es institucionalizadas, isto \u00e9, de forma corp\u00f3rea, integrada e afetiva. A f\u00e9 \u00e9 a mesma, mas ela \u00e9 vivenciada de forma diferenciada, sem, necessariamente, estar vinculada \u00e0 uma religi\u00e3o. O Sagrado n\u00e3o perdeu o seu sentido, muito pelo contr\u00e1rio, Ele est\u00e1 sendo revisitado sob novo olhar, novas perspectivas. Uma pessoa hol\u00edstica, caracter\u00edstica p\u00f3s-moderna, pode at\u00e9 participar dos ritos religiosos com experimento de rela\u00e7\u00f5es, mas n\u00e3o como ades\u00e3o a essa ou \u00e0quela religi\u00e3o. Ela participa de uma celebra\u00e7\u00e3o de batizado, casamento etc. mesmo n\u00e3o sendo cat\u00f3lica ou evang\u00e9lica.<\/p>\n<p>Hol\u00edstico, substantivo grego origin\u00e1rios de <em>holos<\/em> (o todo, inteiro), \u00e9 o modo de ver a si mesmo, os outros e o mundo como um todo interligado, em rela\u00e7\u00e3o e n\u00e3o separado. Uma espiritualidade hol\u00edstica \u00e9 aquela que considera a integra\u00e7\u00e3o entre a raz\u00e3o, o corpo e os sentimentos. Desse modo, Deus deixa de ser um Ser Superior, Transcendente e Poderoso, mas pr\u00f3ximo das pessoas.<\/p>\n<p>Correlato \u00e0 espiritualidade est\u00e1 o vazio existencial, provocado pela solid\u00e3o e pelo desejo exacerbado de sempre querer consumir, comprar, ter, de conhecer para dominar, de viver sem conviver, o que ocasionou os relacionamentos virtuais, zapeados de fofocas e de Fake News. O que fazer diante da falta de sentido da vida fren\u00e9tica e vazia?<\/p>\n<p>Os psic\u00f3logos, substitutos dos padres de confession\u00e1rio que atendiam os fi\u00e9is de forma n\u00e3o tanto profissional, mas a partir da f\u00e9, veem seus consult\u00f3rios cada vez mais abarrotados de pessoas deprimidas, que perderam o sentido da vida, com as dores da alma provocadas por uma sociedade suicida. Nesse sentido, \u00e9 not\u00f3rio o fato de que os padres e religiosos, outrora orientadores espirituais, tamb\u00e9m est\u00e3o na fila dos que esperam ser atendidos por eles.<\/p>\n<p>Acrescente-se a isso o n\u00famero preocupante de padres suicidas. O vazio existencial chegou tamb\u00e9m para os \u201cprofissionais do Sagrado\u201d. Ali\u00e1s, a figura do padre como um super-homem, assexuado e sacralizado, entrou em profunda crise a partir do Conc\u00edlio Vaticano II. Urge redesenhar o perfil espiritual do padre, do religioso(a) na sociedade atual.<\/p>\n<p>Na tentativa de encontrar novos caminhos, atualmente t\u00eam surgido muitos movimentos de espiritualidade com as mais variadas propostas de cursos, din\u00e2micas, terapias corporais e musicais, massagens terap\u00eauticas e vibracionais, eneagrama, medita\u00e7\u00e3o, mandala, respira\u00e7\u00e3o, renascimento etc. Destaque para os retiros hol\u00edsticos que cuidam do corpo para cuidar do esp\u00edrito, propondo encontros de espiritualidade coletiva e individual, com reeduca\u00e7\u00e3o alimentar associada \u00e0 desintoxica\u00e7\u00e3o do corpo com jejuns, monodietas, atividades f\u00edsicas, celebra\u00e7\u00f5es da f\u00e9 etc.<\/p>\n<p>Para finalizar, diria que a espiritualidade hol\u00edstica \u00e9 como a \u00e1gua que nunca cria ra\u00edzes. Ele penetra na terra e flui sem pedir licen\u00e7a. \u00c1gua n\u00e3o foi feita para ser controlada. A \u00e1gua n\u00e3o briga com a montanha, quando a encontra. Ela refaz o seu caminho. Como um novo modo de viver a espiritualidade plena (hol\u00edstica), a \u00e1gua nos ensina a sermos irm\u00e3os na pureza da vida, na fonte cristalina e casta dos relacionamentos saud\u00e1veis no tudo e no Todo. E assim, com o salmista, no vazio existencial de nossas vidas, haveremos de rezar: \u201cMinha alma tem sede de ti, minha carne te deseja com ardor, como terra seca, esgotada, sem \u00e1gua\u201d (Sl 63,2).<\/p>\n<hr \/>\n<p><a href=\"#_ftnref1\" name=\"_ftn1\">[1]<\/a>Doutor em Teologia B\u00edblica pela Faje (BH). Mestre em Ci\u00eancias B\u00edblicas (Exegese) pelo Pontif\u00edcio Instituto B\u00edblico de Roma. Professor de Exegese B\u00edblica. \u00c9 membro da Associa\u00e7\u00e3o Brasileira de Pesquisa B\u00edblica (ABIB). Sacerdote Franciscano. Autor de dez livros e coautor de quinze. Youtube: Frei Jacir B\u00edblia e Apocrifos. <a href=\"https:\/\/www.youtube.com\/channel\/UCwbSE97jnR6jQwHRigX1KlQ\">https:\/\/www.youtube.com\/channel\/UCwbSE97jnR6jQwHRigX1KlQ<\/a><\/p>\n<p><a href=\"#_ftnref2\" name=\"_ftn2\">[2]<\/a>BETTO, Lib\u00e2nio. Tem futuro a Igreja Cat\u00f3lica? Dispon\u00edvel em: <a href=\"https:\/\/domtotal.com\/artigo\/9691\/2021\/10\/tem-futuro-a-igreja-catolica\/\">https:\/\/domtotal.com\/artigo\/9691\/2021\/10\/tem-futuro-a-igreja-catolica\/<\/a> Acesso em: 19 out. 2022.<\/p>\n","protected":false},"excerpt":{"rendered":"<p>Artigo de Frei Jacir de Freitas Faria<\/p>\n","protected":false},"author":3,"featured_media":190799,"comment_status":"open","ping_status":"open","sticky":false,"template":"","format":"standard","meta":{"footnotes":""},"categories":[26],"tags":[43],"yoast_head":"<!-- This site is optimized with the Yoast SEO plugin v19.4 - https:\/\/yoast.com\/wordpress\/plugins\/seo\/ -->\n<title>Espiritualidade hol\u00edstica e o vazio existencial - Vida Crist\u00e3 - Franciscanos<\/title>\n<meta name=\"robots\" content=\"index, follow, max-snippet:-1, max-image-preview:large, max-video-preview:-1\" \/>\n<link rel=\"canonical\" href=\"https:\/\/franciscanos.org.br\/vidacrista\/espiritualidade-holistica-e-o-vazio-existencial\/\" \/>\n<meta property=\"og:locale\" content=\"pt_BR\" \/>\n<meta property=\"og:type\" content=\"article\" \/>\n<meta property=\"og:title\" content=\"Espiritualidade hol\u00edstica e o vazio existencial - Vida Crist\u00e3 - Franciscanos\" \/>\n<meta property=\"og:description\" content=\"Artigo de Frei Jacir de Freitas Faria\" \/>\n<meta property=\"og:url\" content=\"https:\/\/franciscanos.org.br\/vidacrista\/espiritualidade-holistica-e-o-vazio-existencial\/\" \/>\n<meta property=\"og:site_name\" content=\"Vida Crist\u00e3 - Franciscanos\" \/>\n<meta property=\"article:published_time\" content=\"2021-10-22T11:32:36+00:00\" \/>\n<meta property=\"article:modified_time\" content=\"2021-10-22T11:36:22+00:00\" \/>\n<meta property=\"og:image\" content=\"https:\/\/franciscanos.org.br\/vidacrista\/wp-content\/uploads\/2021\/10\/artigo_221021.png\" \/>\n\t<meta property=\"og:image:width\" content=\"840\" \/>\n\t<meta property=\"og:image:height\" content=\"450\" \/>\n\t<meta property=\"og:image:type\" content=\"image\/png\" \/>\n<meta name=\"author\" content=\"moacir\" \/>\n<meta name=\"twitter:card\" content=\"summary_large_image\" \/>\n<meta name=\"twitter:label1\" content=\"Escrito por\" \/>\n\t<meta name=\"twitter:data1\" content=\"moacir\" \/>\n\t<meta name=\"twitter:label2\" content=\"Est. tempo de leitura\" \/>\n\t<meta name=\"twitter:data2\" content=\"6 minutos\" \/>\n<script type=\"application\/ld+json\" class=\"yoast-schema-graph\">{\"@context\":\"https:\/\/schema.org\",\"@graph\":[{\"@type\":\"WebSite\",\"@id\":\"https:\/\/franciscanos.org.br\/vidacrista\/#website\",\"url\":\"https:\/\/franciscanos.org.br\/vidacrista\/\",\"name\":\"Vida Crist\u00e3 - Franciscanos\",\"description\":\"Prov\u00edncia Franciscana da Imaculada Concei\u00e7\u00e3o do Brasil - Ordem dos Frades Menores\",\"potentialAction\":[{\"@type\":\"SearchAction\",\"target\":{\"@type\":\"EntryPoint\",\"urlTemplate\":\"https:\/\/franciscanos.org.br\/vidacrista\/?s={search_term_string}\"},\"query-input\":\"required name=search_term_string\"}],\"inLanguage\":\"pt-BR\"},{\"@type\":\"WebPage\",\"@id\":\"https:\/\/franciscanos.org.br\/vidacrista\/espiritualidade-holistica-e-o-vazio-existencial\/\",\"url\":\"https:\/\/franciscanos.org.br\/vidacrista\/espiritualidade-holistica-e-o-vazio-existencial\/\",\"name\":\"Espiritualidade hol\u00edstica e o vazio existencial - Vida Crist\u00e3 - Franciscanos\",\"isPartOf\":{\"@id\":\"https:\/\/franciscanos.org.br\/vidacrista\/#website\"},\"datePublished\":\"2021-10-22T11:32:36+00:00\",\"dateModified\":\"2021-10-22T11:36:22+00:00\",\"author\":{\"@id\":\"https:\/\/franciscanos.org.br\/vidacrista\/#\/schema\/person\/1880bdd2c350b735648725ef7614736a\"},\"breadcrumb\":{\"@id\":\"https:\/\/franciscanos.org.br\/vidacrista\/espiritualidade-holistica-e-o-vazio-existencial\/#breadcrumb\"},\"inLanguage\":\"pt-BR\",\"potentialAction\":[{\"@type\":\"ReadAction\",\"target\":[\"https:\/\/franciscanos.org.br\/vidacrista\/espiritualidade-holistica-e-o-vazio-existencial\/\"]}]},{\"@type\":\"BreadcrumbList\",\"@id\":\"https:\/\/franciscanos.org.br\/vidacrista\/espiritualidade-holistica-e-o-vazio-existencial\/#breadcrumb\",\"itemListElement\":[{\"@type\":\"ListItem\",\"position\":1,\"name\":\"Home\",\"item\":\"https:\/\/franciscanos.org.br\/vidacrista\/\"},{\"@type\":\"ListItem\",\"position\":2,\"name\":\"Espiritualidade hol\u00edstica e o vazio existencial\"}]},{\"@type\":\"Person\",\"@id\":\"https:\/\/franciscanos.org.br\/vidacrista\/#\/schema\/person\/1880bdd2c350b735648725ef7614736a\",\"name\":\"moacir\",\"image\":{\"@type\":\"ImageObject\",\"inLanguage\":\"pt-BR\",\"@id\":\"https:\/\/franciscanos.org.br\/vidacrista\/#\/schema\/person\/image\/\",\"url\":\"https:\/\/secure.gravatar.com\/avatar\/d08aa2ce4c8dd416d4479aa8536fcf64?s=96&d=mm&r=g\",\"contentUrl\":\"https:\/\/secure.gravatar.com\/avatar\/d08aa2ce4c8dd416d4479aa8536fcf64?s=96&d=mm&r=g\",\"caption\":\"moacir\"},\"url\":\"https:\/\/franciscanos.org.br\/vidacrista\/author\/moacir\/\"}]}<\/script>\n<!-- \/ Yoast SEO plugin. -->","yoast_head_json":{"title":"Espiritualidade hol\u00edstica e o vazio existencial - Vida Crist\u00e3 - Franciscanos","robots":{"index":"index","follow":"follow","max-snippet":"max-snippet:-1","max-image-preview":"max-image-preview:large","max-video-preview":"max-video-preview:-1"},"canonical":"https:\/\/franciscanos.org.br\/vidacrista\/espiritualidade-holistica-e-o-vazio-existencial\/","og_locale":"pt_BR","og_type":"article","og_title":"Espiritualidade hol\u00edstica e o vazio existencial - Vida Crist\u00e3 - Franciscanos","og_description":"Artigo de Frei Jacir de Freitas Faria","og_url":"https:\/\/franciscanos.org.br\/vidacrista\/espiritualidade-holistica-e-o-vazio-existencial\/","og_site_name":"Vida Crist\u00e3 - Franciscanos","article_published_time":"2021-10-22T11:32:36+00:00","article_modified_time":"2021-10-22T11:36:22+00:00","og_image":[{"width":840,"height":450,"url":"https:\/\/franciscanos.org.br\/vidacrista\/wp-content\/uploads\/2021\/10\/artigo_221021.png","type":"image\/png"}],"author":"moacir","twitter_card":"summary_large_image","twitter_misc":{"Escrito por":"moacir","Est. tempo de leitura":"6 minutos"},"schema":{"@context":"https:\/\/schema.org","@graph":[{"@type":"WebSite","@id":"https:\/\/franciscanos.org.br\/vidacrista\/#website","url":"https:\/\/franciscanos.org.br\/vidacrista\/","name":"Vida Crist\u00e3 - Franciscanos","description":"Prov\u00edncia Franciscana da Imaculada Concei\u00e7\u00e3o do Brasil - Ordem dos Frades Menores","potentialAction":[{"@type":"SearchAction","target":{"@type":"EntryPoint","urlTemplate":"https:\/\/franciscanos.org.br\/vidacrista\/?s={search_term_string}"},"query-input":"required name=search_term_string"}],"inLanguage":"pt-BR"},{"@type":"WebPage","@id":"https:\/\/franciscanos.org.br\/vidacrista\/espiritualidade-holistica-e-o-vazio-existencial\/","url":"https:\/\/franciscanos.org.br\/vidacrista\/espiritualidade-holistica-e-o-vazio-existencial\/","name":"Espiritualidade hol\u00edstica e o vazio existencial - Vida Crist\u00e3 - Franciscanos","isPartOf":{"@id":"https:\/\/franciscanos.org.br\/vidacrista\/#website"},"datePublished":"2021-10-22T11:32:36+00:00","dateModified":"2021-10-22T11:36:22+00:00","author":{"@id":"https:\/\/franciscanos.org.br\/vidacrista\/#\/schema\/person\/1880bdd2c350b735648725ef7614736a"},"breadcrumb":{"@id":"https:\/\/franciscanos.org.br\/vidacrista\/espiritualidade-holistica-e-o-vazio-existencial\/#breadcrumb"},"inLanguage":"pt-BR","potentialAction":[{"@type":"ReadAction","target":["https:\/\/franciscanos.org.br\/vidacrista\/espiritualidade-holistica-e-o-vazio-existencial\/"]}]},{"@type":"BreadcrumbList","@id":"https:\/\/franciscanos.org.br\/vidacrista\/espiritualidade-holistica-e-o-vazio-existencial\/#breadcrumb","itemListElement":[{"@type":"ListItem","position":1,"name":"Home","item":"https:\/\/franciscanos.org.br\/vidacrista\/"},{"@type":"ListItem","position":2,"name":"Espiritualidade hol\u00edstica e o vazio existencial"}]},{"@type":"Person","@id":"https:\/\/franciscanos.org.br\/vidacrista\/#\/schema\/person\/1880bdd2c350b735648725ef7614736a","name":"moacir","image":{"@type":"ImageObject","inLanguage":"pt-BR","@id":"https:\/\/franciscanos.org.br\/vidacrista\/#\/schema\/person\/image\/","url":"https:\/\/secure.gravatar.com\/avatar\/d08aa2ce4c8dd416d4479aa8536fcf64?s=96&d=mm&r=g","contentUrl":"https:\/\/secure.gravatar.com\/avatar\/d08aa2ce4c8dd416d4479aa8536fcf64?s=96&d=mm&r=g","caption":"moacir"},"url":"https:\/\/franciscanos.org.br\/vidacrista\/author\/moacir\/"}]}},"_links":{"self":[{"href":"https:\/\/franciscanos.org.br\/vidacrista\/wp-json\/wp\/v2\/posts\/190798"}],"collection":[{"href":"https:\/\/franciscanos.org.br\/vidacrista\/wp-json\/wp\/v2\/posts"}],"about":[{"href":"https:\/\/franciscanos.org.br\/vidacrista\/wp-json\/wp\/v2\/types\/post"}],"author":[{"embeddable":true,"href":"https:\/\/franciscanos.org.br\/vidacrista\/wp-json\/wp\/v2\/users\/3"}],"replies":[{"embeddable":true,"href":"https:\/\/franciscanos.org.br\/vidacrista\/wp-json\/wp\/v2\/comments?post=190798"}],"version-history":[{"count":2,"href":"https:\/\/franciscanos.org.br\/vidacrista\/wp-json\/wp\/v2\/posts\/190798\/revisions"}],"predecessor-version":[{"id":190802,"href":"https:\/\/franciscanos.org.br\/vidacrista\/wp-json\/wp\/v2\/posts\/190798\/revisions\/190802"}],"wp:featuredmedia":[{"embeddable":true,"href":"https:\/\/franciscanos.org.br\/vidacrista\/wp-json\/wp\/v2\/media\/190799"}],"wp:attachment":[{"href":"https:\/\/franciscanos.org.br\/vidacrista\/wp-json\/wp\/v2\/media?parent=190798"}],"wp:term":[{"taxonomy":"category","embeddable":true,"href":"https:\/\/franciscanos.org.br\/vidacrista\/wp-json\/wp\/v2\/categories?post=190798"},{"taxonomy":"post_tag","embeddable":true,"href":"https:\/\/franciscanos.org.br\/vidacrista\/wp-json\/wp\/v2\/tags?post=190798"}],"curies":[{"name":"wp","href":"https:\/\/api.w.org\/{rel}","templated":true}]}}