{"id":190720,"date":"2021-10-07T06:59:20","date_gmt":"2021-10-07T09:59:20","guid":{"rendered":"https:\/\/franciscanos.org.br\/vidacrista\/?p=190720"},"modified":"2021-10-07T07:04:18","modified_gmt":"2021-10-07T10:04:18","slug":"maria-a-senhora-do-rosario-que-inspirou-a-resistencia-de-escravos-negros-e-a-guerra-religiosa-de-lepanto-lc-126-38","status":"publish","type":"post","link":"https:\/\/franciscanos.org.br\/vidacrista\/maria-a-senhora-do-rosario-que-inspirou-a-resistencia-de-escravos-negros-e-a-guerra-religiosa-de-lepanto-lc-126-38\/","title":{"rendered":"Maria, a Senhora do Ros\u00e1rio que inspirou a resist\u00eancia de escravos negros e a guerra religiosa de Lepanto (Lc 1,26-38)"},"content":{"rendered":"<p><img decoding=\"async\" loading=\"lazy\" class=\"alignnone wp-image-190721 size-full\" src=\"https:\/\/franciscanos.org.br\/vidacrista\/wp-content\/uploads\/2021\/10\/rosario_071021.jpg\" alt=\"\" width=\"840\" height=\"450\" srcset=\"https:\/\/franciscanos.org.br\/vidacrista\/wp-content\/uploads\/2021\/10\/rosario_071021.jpg 840w, https:\/\/franciscanos.org.br\/vidacrista\/wp-content\/uploads\/2021\/10\/rosario_071021-450x241.jpg 450w, https:\/\/franciscanos.org.br\/vidacrista\/wp-content\/uploads\/2021\/10\/rosario_071021-768x411.jpg 768w, https:\/\/franciscanos.org.br\/vidacrista\/wp-content\/uploads\/2021\/10\/rosario_071021-150x80.jpg 150w\" sizes=\"(max-width: 840px) 100vw, 840px\" \/><\/p>\n<p><em>Frei Jacir de Freitas Faria<\/em> <a href=\"#_ftn1\" name=\"_ftnref1\">[1]<\/a><\/p>\n<p>O texto sobre o qual vamos refletir \u00e9 Lc 1,26-38. Trata-se da apari\u00e7\u00e3o do anjo Gabriel a Maria, uma virgem prometida (noiva) em casamento a Jos\u00e9. Ambos viviam na desprez\u00edvel cidade de Nazar\u00e9. <em>O mensageiro do \u201cDeus que se mostrou forte<\/em><em>\u201d, Gabriel, diz a Maria, nome que significa \u201ca amada de Deus<\/em><em>\u201d, que ela foi agraciada, isto \u00e9, foi a escolhida para participar do plano salvador de Deus. Por isso, Ele lhe concederia a gra\u00e7a da fertilidade para gerar, por obra do Esp\u00edrito Santo, um filho que seria chamado de \u201cDeus d\u00e1 a Salva\u00e7\u00e3o<\/em><em>\u201d, nome grego de Jesus, transliterado do hebraico <\/em><em>Yeh\u00f4\u0161\u016ba\u02bd<\/em>, resultado da jun\u00e7\u00e3o, da part\u00edcula <em>YH<\/em>, de <em>YHWH<\/em>, com <em>\u0161\u2019<\/em>, que significa salvar.<\/p>\n<p><iframe loading=\"lazy\" title=\"Reflex\u00e3o b\u00edblica - Mem\u00f3ria de Nossa Senhora do Ros\u00e1rio (07\/10\/2021)\" width=\"500\" height=\"281\" src=\"https:\/\/www.youtube.com\/embed\/HuzXvMAs4uY?feature=oembed\" frameborder=\"0\" allow=\"accelerometer; autoplay; clipboard-write; encrypted-media; gyroscope; picture-in-picture\" allowfullscreen><\/iframe><\/p>\n<p><em>Na vis\u00e3o do povo da B\u00edblia \u00e9 Deus quem concede a fertilidade \u00e0 mulher, abre seu \u00fatero para gerar a vida. Por isso, o anjo Gabriel diz a Maria que sua parenta Isabel, est\u00e9ril e idosa, estava gerando um filho. No Primeiro Testamento, as matriarcas Sara e Raquel s\u00e3o est\u00e9reis at\u00e9 o dia em que Deus decide p\u00f4r fim \u00e0s suas esterilidades (Gn 18, 13-15; 30,22). <\/em><\/p>\n<p><em>O que significa para n\u00f3s a escolha de Maria para ser a m\u00e3e do Filho de Deus? Como o cristianismo compreendeu a fun\u00e7\u00e3o de Maria na hist\u00f3ria de reinos ricos e pobres escravos negros? Por que Maria teve outros nomes?<\/em><\/p>\n<p>Come\u00e7o pela \u00faltima pergunta. Refiro-me a Nossa Senhora do Ros\u00e1rio, celebrada no dia 7 de outubro. Ros\u00e1rio significa um buqu\u00ea de rosas oferecido a Maria com a recita\u00e7\u00e3o de 150 Ave-Marias, chamado de Ros\u00e1rio.<\/p>\n<p>A escolha da Igreja pelo 7 de outubro justifica-se pelo fato de que foi nesse dia, em 1571, que a Liga Santa de cat\u00f3licos venceu a batalha naval contra os turcos Otomanos, em Lepanto, na Gr\u00e9cia, o que impediu o avan\u00e7o do islamismo, a religi\u00e3o dos mu\u00e7ulmanos, na Europa, ainda que o Mediterr\u00e2neo tenha se tornado um mar de sangue humano. A vit\u00f3ria foi atribu\u00edda a Nossa Senhora do Ros\u00e1rio, que havia aparecido a S\u00e3o Domingos de Gusm\u00e3o, fundador da Ordem do Dominicanos, em 1214, na Fran\u00e7a, e lhe oferecido um Ros\u00e1rio.<\/p>\n<p>No evangelho, \u00e9 o anjo de Deus que aparece a Maria. Na hist\u00f3ria do cristianismo \u00e9 Maria que aparece de v\u00e1rias formas, de onde prov\u00eam seus v\u00e1rios nomes, mas Maria \u00e9 uma s\u00f3. Na \u00e9poca da apari\u00e7\u00e3o de Nossa Senhora do Ros\u00e1rio, a Idade M\u00e9dia, Maria exercia forte influ\u00eancia na Igreja. Ela era considerada advogada na hora da morte, devido ao cen\u00e1rio de mortes por pestes, \u00e0 insist\u00eancia da Igreja sobre o pecado e aos medos generalizados, sobretudo aos de morrer e ir para o inferno.<\/p>\n<p>Segundo Lucas, o menino que nasceria de Maria seria \u201cFilho do Alt\u00edssimo\u201d e reinaria sobre o trono eterno de Davi (Lc 1,32-33). No contexto da Idade M\u00e9dia, Jesus se torna juiz e s\u00edmbolo do poder da Cristandade. Maria, por ser sua m\u00e3e, passa a ter o poder de interceder a Ele pelos pecadores, sobretudo os devotos do Ros\u00e1rio, visto como arma contra as ciladas do dem\u00f4nio na hora da morte e do ju\u00edzo final ou particular.<\/p>\n<p>A partir da Idade M\u00e9dia, para ajudar na evangeliza\u00e7\u00e3o da Igreja, assim como resistir ao seu modo de evangelizar, agindo de forma independente do clero, surgiram irmandades, isto \u00e9, associa\u00e7\u00f5es de leigos cat\u00f3licos, cada uma delas com seus objetivos espec\u00edficos.<a href=\"#_ftn2\" name=\"_ftnref2\">[2]<\/a> Destaque para a irmandade do Ros\u00e1rio de Col\u00f4nia, na Alemanha, criada em 1404.<\/p>\n<p>Portugal levou para os pa\u00edses que colonizou as devo\u00e7\u00f5es e as irmandades. Foi assim com a devo\u00e7\u00e3o a Nossa Senhora do Ros\u00e1rio que chegou ao Reino do Gongo, noroeste da \u00c1frica, assim como no Brasil, onde os negros, impedidos de participarem nas igrejas dos brancos, criaram suas irmandades pr\u00f3prias, como a do Ros\u00e1rio do Homens Pretos de Olinda, a mais antiga delas, no s\u00e9culo XVI. O objetivo dessa irmandade era rezar a Nossa Senhora, com o aux\u00edlio de sementes de capim, para aliviar os sofrimentos infligidos pelos Senhores brancos.<\/p>\n<p>O Congado, composto de dan\u00e7as e bailados de negros escravos vindos, sobretudo, do Reino do Congo, foi o cultuar Nossa Senhora do Ros\u00e1rio e coroar, simbolicamente, o rei e a rainha de Congo, como forma de um sincretismo religioso afro-lusitano-brasileiro de celebrar a f\u00e9 e resistir \u00e0 domina\u00e7\u00e3o branca, a partir da mistura de elementos da liturgia cat\u00f3lica e de cultos africanos.<\/p>\n<p>A presen\u00e7a de Maria na hist\u00f3ria do cristianismo foi sempre cercada de mist\u00e9rio. Muitos te\u00f3logos j\u00e1 se debru\u00e7aram nas palavras do anjo Gabriel. Como poderia o Esp\u00edrito Santo envolver a jovem de Nazar\u00e9 que ainda n\u00e3o tinha tido rela\u00e7\u00f5es com um homem? Desse mist\u00e9rio decorre que Maria, como outro anjo de Deus, apresentou Jesus \u00e0 humanidade, sendo a serva que se entregou nas m\u00e3os de Deus. O anjo Gabriel partiu para onde veio, a casa do Pai. Ela ficou para sempre como a mensageira da paz para os negros escravos do Congo de ontem e de hoje. Infelizmente, ela tamb\u00e9m usada para dominar e matar. Hoje, resta-nos estar unidos a ela pelo Ros\u00e1rio das rosas que ela plantou no meio de n\u00f3s, pelo sim que fortalece a nossa luta pelas igualdades racial e social.<\/p>\n<hr \/>\n<p><a href=\"#_ftnref1\" name=\"_ftn1\">[1]<\/a>Doutor em Teologia B\u00edblica pela Faje (BH). Mestre em Ci\u00eancias B\u00edblicas (Exegese) pelo Pontif\u00edcio Instituto B\u00edblico de Roma. Professor de Exegese B\u00edblica. \u00c9 membro da Associa\u00e7\u00e3o Brasileira de Pesquisa B\u00edblica (ABIB). Sacerdote Franciscano. Autor de dez livros e coautor de quinze. Youtube: Frei Jacir B\u00edblia e Apocrifos. <a href=\"https:\/\/www.youtube.com\/channel\/UCwbSE97jnR6jQwHRigX1KlQ\">https:\/\/www.youtube.com\/channel\/UCwbSE97jnR6jQwHRigX1KlQ<\/a><\/p>\n<p><a href=\"#_ftnref2\" name=\"_ftn2\">[2]<\/a> FARIA, Jacir de Freitas, <strong>O Medo do Inferno e arte de bem morrer<\/strong>: da devo\u00e7\u00e3o ap\u00f3crifa \u00e0 Dormi\u00e7\u00e3o de Maria \u00e0s irmandades de Nossa Senhora da Boa Morte. Petr\u00f3polis: Vozes, 2019, p. 185.<\/p>\n","protected":false},"excerpt":{"rendered":"<p>Artigo de Frei Jacir de Freitas Faria<\/p>\n","protected":false},"author":3,"featured_media":190721,"comment_status":"open","ping_status":"open","sticky":false,"template":"","format":"standard","meta":{"footnotes":""},"categories":[26],"tags":[43],"yoast_head":"<!-- This site is optimized with the Yoast SEO plugin v19.4 - https:\/\/yoast.com\/wordpress\/plugins\/seo\/ -->\n<title>Maria, a Senhora do Ros\u00e1rio que inspirou a resist\u00eancia de escravos negros e a guerra religiosa de Lepanto (Lc 1,26-38) - Vida Crist\u00e3 - Franciscanos<\/title>\n<meta name=\"robots\" content=\"index, follow, max-snippet:-1, max-image-preview:large, max-video-preview:-1\" \/>\n<link rel=\"canonical\" href=\"https:\/\/franciscanos.org.br\/vidacrista\/maria-a-senhora-do-rosario-que-inspirou-a-resistencia-de-escravos-negros-e-a-guerra-religiosa-de-lepanto-lc-126-38\/\" \/>\n<meta property=\"og:locale\" content=\"pt_BR\" \/>\n<meta property=\"og:type\" content=\"article\" \/>\n<meta property=\"og:title\" content=\"Maria, a Senhora do Ros\u00e1rio que inspirou a resist\u00eancia de escravos negros e a guerra religiosa de Lepanto (Lc 1,26-38) - Vida Crist\u00e3 - Franciscanos\" \/>\n<meta property=\"og:description\" content=\"Artigo de Frei Jacir de Freitas Faria\" \/>\n<meta property=\"og:url\" content=\"https:\/\/franciscanos.org.br\/vidacrista\/maria-a-senhora-do-rosario-que-inspirou-a-resistencia-de-escravos-negros-e-a-guerra-religiosa-de-lepanto-lc-126-38\/\" \/>\n<meta property=\"og:site_name\" content=\"Vida Crist\u00e3 - Franciscanos\" \/>\n<meta property=\"article:published_time\" content=\"2021-10-07T09:59:20+00:00\" \/>\n<meta property=\"article:modified_time\" content=\"2021-10-07T10:04:18+00:00\" \/>\n<meta property=\"og:image\" content=\"https:\/\/franciscanos.org.br\/vidacrista\/wp-content\/uploads\/2021\/10\/rosario_071021.jpg\" \/>\n\t<meta property=\"og:image:width\" content=\"840\" \/>\n\t<meta property=\"og:image:height\" content=\"450\" \/>\n\t<meta property=\"og:image:type\" content=\"image\/jpeg\" \/>\n<meta name=\"author\" content=\"moacir\" \/>\n<meta name=\"twitter:card\" content=\"summary_large_image\" \/>\n<meta name=\"twitter:label1\" content=\"Escrito por\" \/>\n\t<meta name=\"twitter:data1\" content=\"moacir\" \/>\n\t<meta name=\"twitter:label2\" content=\"Est. tempo de leitura\" \/>\n\t<meta name=\"twitter:data2\" content=\"5 minutos\" \/>\n<script type=\"application\/ld+json\" class=\"yoast-schema-graph\">{\"@context\":\"https:\/\/schema.org\",\"@graph\":[{\"@type\":\"WebSite\",\"@id\":\"https:\/\/franciscanos.org.br\/vidacrista\/#website\",\"url\":\"https:\/\/franciscanos.org.br\/vidacrista\/\",\"name\":\"Vida Crist\u00e3 - Franciscanos\",\"description\":\"Prov\u00edncia Franciscana da Imaculada Concei\u00e7\u00e3o do Brasil - Ordem dos Frades Menores\",\"potentialAction\":[{\"@type\":\"SearchAction\",\"target\":{\"@type\":\"EntryPoint\",\"urlTemplate\":\"https:\/\/franciscanos.org.br\/vidacrista\/?s={search_term_string}\"},\"query-input\":\"required name=search_term_string\"}],\"inLanguage\":\"pt-BR\"},{\"@type\":\"WebPage\",\"@id\":\"https:\/\/franciscanos.org.br\/vidacrista\/maria-a-senhora-do-rosario-que-inspirou-a-resistencia-de-escravos-negros-e-a-guerra-religiosa-de-lepanto-lc-126-38\/\",\"url\":\"https:\/\/franciscanos.org.br\/vidacrista\/maria-a-senhora-do-rosario-que-inspirou-a-resistencia-de-escravos-negros-e-a-guerra-religiosa-de-lepanto-lc-126-38\/\",\"name\":\"Maria, a Senhora do Ros\u00e1rio que inspirou a resist\u00eancia de escravos negros e a guerra religiosa de Lepanto (Lc 1,26-38) - Vida Crist\u00e3 - Franciscanos\",\"isPartOf\":{\"@id\":\"https:\/\/franciscanos.org.br\/vidacrista\/#website\"},\"datePublished\":\"2021-10-07T09:59:20+00:00\",\"dateModified\":\"2021-10-07T10:04:18+00:00\",\"author\":{\"@id\":\"https:\/\/franciscanos.org.br\/vidacrista\/#\/schema\/person\/1880bdd2c350b735648725ef7614736a\"},\"breadcrumb\":{\"@id\":\"https:\/\/franciscanos.org.br\/vidacrista\/maria-a-senhora-do-rosario-que-inspirou-a-resistencia-de-escravos-negros-e-a-guerra-religiosa-de-lepanto-lc-126-38\/#breadcrumb\"},\"inLanguage\":\"pt-BR\",\"potentialAction\":[{\"@type\":\"ReadAction\",\"target\":[\"https:\/\/franciscanos.org.br\/vidacrista\/maria-a-senhora-do-rosario-que-inspirou-a-resistencia-de-escravos-negros-e-a-guerra-religiosa-de-lepanto-lc-126-38\/\"]}]},{\"@type\":\"BreadcrumbList\",\"@id\":\"https:\/\/franciscanos.org.br\/vidacrista\/maria-a-senhora-do-rosario-que-inspirou-a-resistencia-de-escravos-negros-e-a-guerra-religiosa-de-lepanto-lc-126-38\/#breadcrumb\",\"itemListElement\":[{\"@type\":\"ListItem\",\"position\":1,\"name\":\"Home\",\"item\":\"https:\/\/franciscanos.org.br\/vidacrista\/\"},{\"@type\":\"ListItem\",\"position\":2,\"name\":\"Maria, a Senhora do Ros\u00e1rio que inspirou a resist\u00eancia de escravos negros e a guerra religiosa de Lepanto (Lc 1,26-38)\"}]},{\"@type\":\"Person\",\"@id\":\"https:\/\/franciscanos.org.br\/vidacrista\/#\/schema\/person\/1880bdd2c350b735648725ef7614736a\",\"name\":\"moacir\",\"image\":{\"@type\":\"ImageObject\",\"inLanguage\":\"pt-BR\",\"@id\":\"https:\/\/franciscanos.org.br\/vidacrista\/#\/schema\/person\/image\/\",\"url\":\"https:\/\/secure.gravatar.com\/avatar\/d08aa2ce4c8dd416d4479aa8536fcf64?s=96&d=mm&r=g\",\"contentUrl\":\"https:\/\/secure.gravatar.com\/avatar\/d08aa2ce4c8dd416d4479aa8536fcf64?s=96&d=mm&r=g\",\"caption\":\"moacir\"},\"url\":\"https:\/\/franciscanos.org.br\/vidacrista\/author\/moacir\/\"}]}<\/script>\n<!-- \/ Yoast SEO plugin. -->","yoast_head_json":{"title":"Maria, a Senhora do Ros\u00e1rio que inspirou a resist\u00eancia de escravos negros e a guerra religiosa de Lepanto (Lc 1,26-38) - Vida Crist\u00e3 - Franciscanos","robots":{"index":"index","follow":"follow","max-snippet":"max-snippet:-1","max-image-preview":"max-image-preview:large","max-video-preview":"max-video-preview:-1"},"canonical":"https:\/\/franciscanos.org.br\/vidacrista\/maria-a-senhora-do-rosario-que-inspirou-a-resistencia-de-escravos-negros-e-a-guerra-religiosa-de-lepanto-lc-126-38\/","og_locale":"pt_BR","og_type":"article","og_title":"Maria, a Senhora do Ros\u00e1rio que inspirou a resist\u00eancia de escravos negros e a guerra religiosa de Lepanto (Lc 1,26-38) - Vida Crist\u00e3 - Franciscanos","og_description":"Artigo de Frei Jacir de Freitas Faria","og_url":"https:\/\/franciscanos.org.br\/vidacrista\/maria-a-senhora-do-rosario-que-inspirou-a-resistencia-de-escravos-negros-e-a-guerra-religiosa-de-lepanto-lc-126-38\/","og_site_name":"Vida Crist\u00e3 - Franciscanos","article_published_time":"2021-10-07T09:59:20+00:00","article_modified_time":"2021-10-07T10:04:18+00:00","og_image":[{"width":840,"height":450,"url":"https:\/\/franciscanos.org.br\/vidacrista\/wp-content\/uploads\/2021\/10\/rosario_071021.jpg","type":"image\/jpeg"}],"author":"moacir","twitter_card":"summary_large_image","twitter_misc":{"Escrito por":"moacir","Est. tempo de leitura":"5 minutos"},"schema":{"@context":"https:\/\/schema.org","@graph":[{"@type":"WebSite","@id":"https:\/\/franciscanos.org.br\/vidacrista\/#website","url":"https:\/\/franciscanos.org.br\/vidacrista\/","name":"Vida Crist\u00e3 - Franciscanos","description":"Prov\u00edncia Franciscana da Imaculada Concei\u00e7\u00e3o do Brasil - Ordem dos Frades Menores","potentialAction":[{"@type":"SearchAction","target":{"@type":"EntryPoint","urlTemplate":"https:\/\/franciscanos.org.br\/vidacrista\/?s={search_term_string}"},"query-input":"required name=search_term_string"}],"inLanguage":"pt-BR"},{"@type":"WebPage","@id":"https:\/\/franciscanos.org.br\/vidacrista\/maria-a-senhora-do-rosario-que-inspirou-a-resistencia-de-escravos-negros-e-a-guerra-religiosa-de-lepanto-lc-126-38\/","url":"https:\/\/franciscanos.org.br\/vidacrista\/maria-a-senhora-do-rosario-que-inspirou-a-resistencia-de-escravos-negros-e-a-guerra-religiosa-de-lepanto-lc-126-38\/","name":"Maria, a Senhora do Ros\u00e1rio que inspirou a resist\u00eancia de escravos negros e a guerra religiosa de Lepanto (Lc 1,26-38) - Vida Crist\u00e3 - Franciscanos","isPartOf":{"@id":"https:\/\/franciscanos.org.br\/vidacrista\/#website"},"datePublished":"2021-10-07T09:59:20+00:00","dateModified":"2021-10-07T10:04:18+00:00","author":{"@id":"https:\/\/franciscanos.org.br\/vidacrista\/#\/schema\/person\/1880bdd2c350b735648725ef7614736a"},"breadcrumb":{"@id":"https:\/\/franciscanos.org.br\/vidacrista\/maria-a-senhora-do-rosario-que-inspirou-a-resistencia-de-escravos-negros-e-a-guerra-religiosa-de-lepanto-lc-126-38\/#breadcrumb"},"inLanguage":"pt-BR","potentialAction":[{"@type":"ReadAction","target":["https:\/\/franciscanos.org.br\/vidacrista\/maria-a-senhora-do-rosario-que-inspirou-a-resistencia-de-escravos-negros-e-a-guerra-religiosa-de-lepanto-lc-126-38\/"]}]},{"@type":"BreadcrumbList","@id":"https:\/\/franciscanos.org.br\/vidacrista\/maria-a-senhora-do-rosario-que-inspirou-a-resistencia-de-escravos-negros-e-a-guerra-religiosa-de-lepanto-lc-126-38\/#breadcrumb","itemListElement":[{"@type":"ListItem","position":1,"name":"Home","item":"https:\/\/franciscanos.org.br\/vidacrista\/"},{"@type":"ListItem","position":2,"name":"Maria, a Senhora do Ros\u00e1rio que inspirou a resist\u00eancia de escravos negros e a guerra religiosa de Lepanto (Lc 1,26-38)"}]},{"@type":"Person","@id":"https:\/\/franciscanos.org.br\/vidacrista\/#\/schema\/person\/1880bdd2c350b735648725ef7614736a","name":"moacir","image":{"@type":"ImageObject","inLanguage":"pt-BR","@id":"https:\/\/franciscanos.org.br\/vidacrista\/#\/schema\/person\/image\/","url":"https:\/\/secure.gravatar.com\/avatar\/d08aa2ce4c8dd416d4479aa8536fcf64?s=96&d=mm&r=g","contentUrl":"https:\/\/secure.gravatar.com\/avatar\/d08aa2ce4c8dd416d4479aa8536fcf64?s=96&d=mm&r=g","caption":"moacir"},"url":"https:\/\/franciscanos.org.br\/vidacrista\/author\/moacir\/"}]}},"_links":{"self":[{"href":"https:\/\/franciscanos.org.br\/vidacrista\/wp-json\/wp\/v2\/posts\/190720"}],"collection":[{"href":"https:\/\/franciscanos.org.br\/vidacrista\/wp-json\/wp\/v2\/posts"}],"about":[{"href":"https:\/\/franciscanos.org.br\/vidacrista\/wp-json\/wp\/v2\/types\/post"}],"author":[{"embeddable":true,"href":"https:\/\/franciscanos.org.br\/vidacrista\/wp-json\/wp\/v2\/users\/3"}],"replies":[{"embeddable":true,"href":"https:\/\/franciscanos.org.br\/vidacrista\/wp-json\/wp\/v2\/comments?post=190720"}],"version-history":[{"count":2,"href":"https:\/\/franciscanos.org.br\/vidacrista\/wp-json\/wp\/v2\/posts\/190720\/revisions"}],"predecessor-version":[{"id":190723,"href":"https:\/\/franciscanos.org.br\/vidacrista\/wp-json\/wp\/v2\/posts\/190720\/revisions\/190723"}],"wp:featuredmedia":[{"embeddable":true,"href":"https:\/\/franciscanos.org.br\/vidacrista\/wp-json\/wp\/v2\/media\/190721"}],"wp:attachment":[{"href":"https:\/\/franciscanos.org.br\/vidacrista\/wp-json\/wp\/v2\/media?parent=190720"}],"wp:term":[{"taxonomy":"category","embeddable":true,"href":"https:\/\/franciscanos.org.br\/vidacrista\/wp-json\/wp\/v2\/categories?post=190720"},{"taxonomy":"post_tag","embeddable":true,"href":"https:\/\/franciscanos.org.br\/vidacrista\/wp-json\/wp\/v2\/tags?post=190720"}],"curies":[{"name":"wp","href":"https:\/\/api.w.org\/{rel}","templated":true}]}}