{"id":190689,"date":"2023-10-04T00:32:10","date_gmt":"2023-10-04T03:32:10","guid":{"rendered":"https:\/\/franciscanos.org.br\/vidacrista\/?p=190689"},"modified":"2023-10-04T07:09:52","modified_gmt":"2023-10-04T10:09:52","slug":"sao-francisco-de-assis-e-a-conversao-ecologica","status":"publish","type":"post","link":"https:\/\/franciscanos.org.br\/vidacrista\/sao-francisco-de-assis-e-a-conversao-ecologica\/","title":{"rendered":"S\u00e3o Francisco de Assis e a convers\u00e3o ecol\u00f3gica"},"content":{"rendered":"<div id=\"attachment_190692\" style=\"width: 850px\" class=\"wp-caption alignnone\"><img aria-describedby=\"caption-attachment-190692\" decoding=\"async\" loading=\"lazy\" class=\"wp-image-190692 size-full\" src=\"https:\/\/franciscanos.org.br\/vidacrista\/wp-content\/uploads\/2021\/10\/francisco_giotto_0410.jpg\" alt=\"\" width=\"840\" height=\"450\" srcset=\"https:\/\/franciscanos.org.br\/vidacrista\/wp-content\/uploads\/2021\/10\/francisco_giotto_0410.jpg 840w, https:\/\/franciscanos.org.br\/vidacrista\/wp-content\/uploads\/2021\/10\/francisco_giotto_0410-450x241.jpg 450w, https:\/\/franciscanos.org.br\/vidacrista\/wp-content\/uploads\/2021\/10\/francisco_giotto_0410-768x411.jpg 768w, https:\/\/franciscanos.org.br\/vidacrista\/wp-content\/uploads\/2021\/10\/francisco_giotto_0410-150x80.jpg 150w\" sizes=\"(max-width: 840px) 100vw, 840px\" \/><p id=\"caption-attachment-190692\" class=\"wp-caption-text\"><em>\u00a0 \u00a0 \u00a0 \u00a0 \u00a0 \u00a0 \u00a0 \u00a0 \u00a0 \u00a0 \u00a0 \u00a0 \u00a0 \u00a0 \u00a0 \u00a0 \u00a0 \u00a0 \u00a0 \u00a0 \u00a0 \u00a0 \u00a0 \u00a0 \u00a0 \u00a0 \u00a0 \u00a0 \u00a0 \u00a0 \u00a0 \u00a0 \u00a0 \u00a0 \u00a0 \u00a0 \u00a0 \u00a0 \u00a0 Imagem: Giotto (dom\u00ednio p\u00fablico, Wikipedia)<\/em><\/p><\/div>\n<h3>&#8220;O ser humano n\u00e3o vale mais que os outros animais, as aves, os peixes e as flores!&#8221;<\/h3>\n<p><em>Frei Jacir de Freitas Faria<\/em> <a href=\"#_ftn1\" name=\"_ftnref1\">[1]<\/a><\/p>\n<p>Numa choupana, no anoitecer do outono de 03 de outubro de 1226, na buc\u00f3lica Assis, na It\u00e1lia, S\u00e3o Francisco morreu. Conforme uma tradi\u00e7\u00e3o, ele pedira para morrer nu e que fosse colocado nu sobre a terra nua. N\u00e3o sabemos se, de fato, isso aconteceu. Com esse gesto Francisco mostrou o seu desejo de morrer integrado com a m\u00e3e terra. J\u00e1 debilitado, Francisco de Assis morreu rezando e cantando louvores \u00e0s criaturas e \u00e0 irm\u00e3 morte.<\/p>\n<p>Nascido no ano de 1182, na \u00fambria italiana, Francisco foi um homem que esteve al\u00e9m do seu tempo, ao cantar o amor pela natureza no seu conhecido e eternizado em muitas vozes \u201cC\u00e2ntico do Irm\u00e3o Sol\u201d. Escolhido como patrono da It\u00e1lia e da Ecologia, por Jo\u00e3o Paulo II, em 1979, S\u00e3o Francisco \u00e9 lembrado como o homem da \u201cPaz e do Bem\u201d por proclamar que a natureza \u00e9 a mais alta glorifica\u00e7\u00e3o do Criador, e que nela somos todos irm\u00e3os. \u00c9 tamb\u00e9m a paz e n\u00e3o \u00e0s armas!<\/p>\n<p><iframe loading=\"lazy\" title=\"S\u00e3o Francisco e a convers\u00e3o ecol\u00f3gica! Reflex\u00e3o Frei Jacir\" width=\"500\" height=\"281\" src=\"https:\/\/www.youtube.com\/embed\/n-bS2NZ8nAc?feature=oembed\" frameborder=\"0\" allow=\"accelerometer; autoplay; clipboard-write; encrypted-media; gyroscope; picture-in-picture; web-share\" allowfullscreen><\/iframe><\/p>\n<p>O olhar de S\u00e3o Francisco \u00e9 ecol\u00f3gico e n\u00e3o romantizado, como querem alguns. No mundo medieval marcado pela ind\u00fastria do vidro que queimava madeira, pelos cortumes e abates de animais que polu\u00edam as \u00e1guas, Francisco clama, j\u00e1 naquela \u00e9poca, por um cosmocentrismo, isto \u00e9, a natureza e n\u00e3o o ser humano deve estar no centro da cria\u00e7\u00e3o, do mundo, do cosmos.<\/p>\n<p>Para S\u00e3o Francisco, o ser humano n\u00e3o vale mais que os outros animais, as aves, os peixes e as flores. N\u00e3o somos superiores a eles. Isso \u00e9 incr\u00edvel! Um homem medieval intuir que a vida merece respeito na sua diversidade, que somos parte da cadeia evolutiva da vida e n\u00e3o somos os atores principais, no m\u00e1ximo regentes. E quando n\u00e3o agimos assim, a natureza d\u00e1 seu recado. Que o diga a entrada do coronav\u00edrus no corpo humano.<\/p>\n<p>S\u00e3o Francisco foi um profeta que nos convoca a uma convers\u00e3o ecol\u00f3gica que inclui a natureza e o ser humano. \u00c9 como disse o Papa Francisco, num discurso na ONU, em 2020: \u201cA crise\u00a0ambiental\u00a0\u00e9 intimamente ligada \u00e0 crise social e que o cuidado com o ambiente exige uma abordagem abrangente para lidar com a pobreza e combater a exclus\u00e3o\u201d.<\/p>\n<p>N\u00e3o basta cantar com S\u00e3o Francisco: \u201cLouvado sejas meu Senhor com todas as tuas criaturas!\u201d \u00c9 preciso buscar novas rela\u00e7\u00f5es fraternas entre o ser humano e a natureza. \u201cA cria\u00e7\u00e3o geme em dores do parto\u201d (Rm 8,22). A vida no planeta depende de n\u00f3s, de uma vis\u00e3o de fraternidade universal humana e ecol\u00f3gica, sem desperd\u00edcio, sem consumismo desvairado que agride a natureza, mas protegendo o biossistema que clama por paz e bem. E isso depende de mim, depende de voc\u00ea, depende de nossa convers\u00e3o ecol\u00f3gica. Paz e Bem!<\/p>\n<hr \/>\n<p><a href=\"#_ftnref1\" name=\"_ftn1\">[1]<\/a>Doutor em Teologia B\u00edblica pela Faje (BH). Mestre em Ci\u00eancias B\u00edblicas (Exegese) pelo Pontif\u00edcio Instituto B\u00edblico de Roma. Professor de Exegese B\u00edblica. \u00c9 membro da Associa\u00e7\u00e3o Brasileira de Pesquisa B\u00edblica (ABIB). Sacerdote Franciscano. Autor de dez livros e coautor de quinze. \u00daltimo livro: <strong>O Medo do Inferno e arte de bem morrer<\/strong>: da devo\u00e7\u00e3o ap\u00f3crifa \u00e0 Dormi\u00e7\u00e3o de Maria \u00e0s irmandades de Nossa Senhora da Boa Morte (Vozes, 2019). Youtube: Frei Jacir B\u00edblia e Apocrifos. <a href=\"https:\/\/www.youtube.com\/channel\/UCwbSE97jnR6jQwHRigX1KlQ\">https:\/\/www.youtube.com\/channel\/UCwbSE97jnR6jQwHRigX1KlQ<\/a><\/p>\n","protected":false},"excerpt":{"rendered":"<p>Artigo de Frei Jacir de Freitas Faria<\/p>\n","protected":false},"author":3,"featured_media":190692,"comment_status":"open","ping_status":"open","sticky":false,"template":"","format":"standard","meta":{"footnotes":""},"categories":[26],"tags":[43],"yoast_head":"<!-- This site is optimized with the Yoast SEO plugin v19.4 - https:\/\/yoast.com\/wordpress\/plugins\/seo\/ -->\n<title>S\u00e3o Francisco de Assis e a convers\u00e3o ecol\u00f3gica - Vida Crist\u00e3 - Franciscanos<\/title>\n<meta name=\"robots\" content=\"index, follow, max-snippet:-1, max-image-preview:large, max-video-preview:-1\" \/>\n<link rel=\"canonical\" href=\"https:\/\/franciscanos.org.br\/vidacrista\/sao-francisco-de-assis-e-a-conversao-ecologica\/\" \/>\n<meta property=\"og:locale\" content=\"pt_BR\" \/>\n<meta property=\"og:type\" content=\"article\" \/>\n<meta property=\"og:title\" content=\"S\u00e3o Francisco de Assis e a convers\u00e3o ecol\u00f3gica - Vida Crist\u00e3 - Franciscanos\" \/>\n<meta property=\"og:description\" content=\"Artigo de Frei Jacir de Freitas Faria\" \/>\n<meta property=\"og:url\" content=\"https:\/\/franciscanos.org.br\/vidacrista\/sao-francisco-de-assis-e-a-conversao-ecologica\/\" \/>\n<meta property=\"og:site_name\" content=\"Vida Crist\u00e3 - Franciscanos\" \/>\n<meta property=\"article:published_time\" content=\"2023-10-04T03:32:10+00:00\" \/>\n<meta property=\"article:modified_time\" content=\"2023-10-04T10:09:52+00:00\" \/>\n<meta property=\"og:image\" content=\"https:\/\/franciscanos.org.br\/vidacrista\/wp-content\/uploads\/2021\/10\/francisco_giotto_0410.jpg\" \/>\n\t<meta property=\"og:image:width\" content=\"840\" \/>\n\t<meta property=\"og:image:height\" content=\"450\" \/>\n\t<meta property=\"og:image:type\" content=\"image\/jpeg\" \/>\n<meta name=\"author\" content=\"moacir\" \/>\n<meta name=\"twitter:card\" content=\"summary_large_image\" \/>\n<meta name=\"twitter:label1\" content=\"Escrito por\" \/>\n\t<meta name=\"twitter:data1\" content=\"moacir\" \/>\n\t<meta name=\"twitter:label2\" content=\"Est. tempo de leitura\" \/>\n\t<meta name=\"twitter:data2\" content=\"3 minutos\" \/>\n<script type=\"application\/ld+json\" class=\"yoast-schema-graph\">{\"@context\":\"https:\/\/schema.org\",\"@graph\":[{\"@type\":\"WebSite\",\"@id\":\"https:\/\/franciscanos.org.br\/vidacrista\/#website\",\"url\":\"https:\/\/franciscanos.org.br\/vidacrista\/\",\"name\":\"Vida Crist\u00e3 - Franciscanos\",\"description\":\"Prov\u00edncia Franciscana da Imaculada Concei\u00e7\u00e3o do Brasil - Ordem dos Frades Menores\",\"potentialAction\":[{\"@type\":\"SearchAction\",\"target\":{\"@type\":\"EntryPoint\",\"urlTemplate\":\"https:\/\/franciscanos.org.br\/vidacrista\/?s={search_term_string}\"},\"query-input\":\"required name=search_term_string\"}],\"inLanguage\":\"pt-BR\"},{\"@type\":\"WebPage\",\"@id\":\"https:\/\/franciscanos.org.br\/vidacrista\/sao-francisco-de-assis-e-a-conversao-ecologica\/\",\"url\":\"https:\/\/franciscanos.org.br\/vidacrista\/sao-francisco-de-assis-e-a-conversao-ecologica\/\",\"name\":\"S\u00e3o Francisco de Assis e a convers\u00e3o ecol\u00f3gica - Vida Crist\u00e3 - Franciscanos\",\"isPartOf\":{\"@id\":\"https:\/\/franciscanos.org.br\/vidacrista\/#website\"},\"datePublished\":\"2023-10-04T03:32:10+00:00\",\"dateModified\":\"2023-10-04T10:09:52+00:00\",\"author\":{\"@id\":\"https:\/\/franciscanos.org.br\/vidacrista\/#\/schema\/person\/1880bdd2c350b735648725ef7614736a\"},\"breadcrumb\":{\"@id\":\"https:\/\/franciscanos.org.br\/vidacrista\/sao-francisco-de-assis-e-a-conversao-ecologica\/#breadcrumb\"},\"inLanguage\":\"pt-BR\",\"potentialAction\":[{\"@type\":\"ReadAction\",\"target\":[\"https:\/\/franciscanos.org.br\/vidacrista\/sao-francisco-de-assis-e-a-conversao-ecologica\/\"]}]},{\"@type\":\"BreadcrumbList\",\"@id\":\"https:\/\/franciscanos.org.br\/vidacrista\/sao-francisco-de-assis-e-a-conversao-ecologica\/#breadcrumb\",\"itemListElement\":[{\"@type\":\"ListItem\",\"position\":1,\"name\":\"Home\",\"item\":\"https:\/\/franciscanos.org.br\/vidacrista\/\"},{\"@type\":\"ListItem\",\"position\":2,\"name\":\"S\u00e3o Francisco de Assis e a convers\u00e3o ecol\u00f3gica\"}]},{\"@type\":\"Person\",\"@id\":\"https:\/\/franciscanos.org.br\/vidacrista\/#\/schema\/person\/1880bdd2c350b735648725ef7614736a\",\"name\":\"moacir\",\"image\":{\"@type\":\"ImageObject\",\"inLanguage\":\"pt-BR\",\"@id\":\"https:\/\/franciscanos.org.br\/vidacrista\/#\/schema\/person\/image\/\",\"url\":\"https:\/\/secure.gravatar.com\/avatar\/d08aa2ce4c8dd416d4479aa8536fcf64?s=96&d=mm&r=g\",\"contentUrl\":\"https:\/\/secure.gravatar.com\/avatar\/d08aa2ce4c8dd416d4479aa8536fcf64?s=96&d=mm&r=g\",\"caption\":\"moacir\"},\"url\":\"https:\/\/franciscanos.org.br\/vidacrista\/author\/moacir\/\"}]}<\/script>\n<!-- \/ Yoast SEO plugin. -->","yoast_head_json":{"title":"S\u00e3o Francisco de Assis e a convers\u00e3o ecol\u00f3gica - Vida Crist\u00e3 - Franciscanos","robots":{"index":"index","follow":"follow","max-snippet":"max-snippet:-1","max-image-preview":"max-image-preview:large","max-video-preview":"max-video-preview:-1"},"canonical":"https:\/\/franciscanos.org.br\/vidacrista\/sao-francisco-de-assis-e-a-conversao-ecologica\/","og_locale":"pt_BR","og_type":"article","og_title":"S\u00e3o Francisco de Assis e a convers\u00e3o ecol\u00f3gica - Vida Crist\u00e3 - Franciscanos","og_description":"Artigo de Frei Jacir de Freitas Faria","og_url":"https:\/\/franciscanos.org.br\/vidacrista\/sao-francisco-de-assis-e-a-conversao-ecologica\/","og_site_name":"Vida Crist\u00e3 - Franciscanos","article_published_time":"2023-10-04T03:32:10+00:00","article_modified_time":"2023-10-04T10:09:52+00:00","og_image":[{"width":840,"height":450,"url":"https:\/\/franciscanos.org.br\/vidacrista\/wp-content\/uploads\/2021\/10\/francisco_giotto_0410.jpg","type":"image\/jpeg"}],"author":"moacir","twitter_card":"summary_large_image","twitter_misc":{"Escrito por":"moacir","Est. tempo de leitura":"3 minutos"},"schema":{"@context":"https:\/\/schema.org","@graph":[{"@type":"WebSite","@id":"https:\/\/franciscanos.org.br\/vidacrista\/#website","url":"https:\/\/franciscanos.org.br\/vidacrista\/","name":"Vida Crist\u00e3 - Franciscanos","description":"Prov\u00edncia Franciscana da Imaculada Concei\u00e7\u00e3o do Brasil - Ordem dos Frades Menores","potentialAction":[{"@type":"SearchAction","target":{"@type":"EntryPoint","urlTemplate":"https:\/\/franciscanos.org.br\/vidacrista\/?s={search_term_string}"},"query-input":"required name=search_term_string"}],"inLanguage":"pt-BR"},{"@type":"WebPage","@id":"https:\/\/franciscanos.org.br\/vidacrista\/sao-francisco-de-assis-e-a-conversao-ecologica\/","url":"https:\/\/franciscanos.org.br\/vidacrista\/sao-francisco-de-assis-e-a-conversao-ecologica\/","name":"S\u00e3o Francisco de Assis e a convers\u00e3o ecol\u00f3gica - Vida Crist\u00e3 - Franciscanos","isPartOf":{"@id":"https:\/\/franciscanos.org.br\/vidacrista\/#website"},"datePublished":"2023-10-04T03:32:10+00:00","dateModified":"2023-10-04T10:09:52+00:00","author":{"@id":"https:\/\/franciscanos.org.br\/vidacrista\/#\/schema\/person\/1880bdd2c350b735648725ef7614736a"},"breadcrumb":{"@id":"https:\/\/franciscanos.org.br\/vidacrista\/sao-francisco-de-assis-e-a-conversao-ecologica\/#breadcrumb"},"inLanguage":"pt-BR","potentialAction":[{"@type":"ReadAction","target":["https:\/\/franciscanos.org.br\/vidacrista\/sao-francisco-de-assis-e-a-conversao-ecologica\/"]}]},{"@type":"BreadcrumbList","@id":"https:\/\/franciscanos.org.br\/vidacrista\/sao-francisco-de-assis-e-a-conversao-ecologica\/#breadcrumb","itemListElement":[{"@type":"ListItem","position":1,"name":"Home","item":"https:\/\/franciscanos.org.br\/vidacrista\/"},{"@type":"ListItem","position":2,"name":"S\u00e3o Francisco de Assis e a convers\u00e3o ecol\u00f3gica"}]},{"@type":"Person","@id":"https:\/\/franciscanos.org.br\/vidacrista\/#\/schema\/person\/1880bdd2c350b735648725ef7614736a","name":"moacir","image":{"@type":"ImageObject","inLanguage":"pt-BR","@id":"https:\/\/franciscanos.org.br\/vidacrista\/#\/schema\/person\/image\/","url":"https:\/\/secure.gravatar.com\/avatar\/d08aa2ce4c8dd416d4479aa8536fcf64?s=96&d=mm&r=g","contentUrl":"https:\/\/secure.gravatar.com\/avatar\/d08aa2ce4c8dd416d4479aa8536fcf64?s=96&d=mm&r=g","caption":"moacir"},"url":"https:\/\/franciscanos.org.br\/vidacrista\/author\/moacir\/"}]}},"_links":{"self":[{"href":"https:\/\/franciscanos.org.br\/vidacrista\/wp-json\/wp\/v2\/posts\/190689"}],"collection":[{"href":"https:\/\/franciscanos.org.br\/vidacrista\/wp-json\/wp\/v2\/posts"}],"about":[{"href":"https:\/\/franciscanos.org.br\/vidacrista\/wp-json\/wp\/v2\/types\/post"}],"author":[{"embeddable":true,"href":"https:\/\/franciscanos.org.br\/vidacrista\/wp-json\/wp\/v2\/users\/3"}],"replies":[{"embeddable":true,"href":"https:\/\/franciscanos.org.br\/vidacrista\/wp-json\/wp\/v2\/comments?post=190689"}],"version-history":[{"count":5,"href":"https:\/\/franciscanos.org.br\/vidacrista\/wp-json\/wp\/v2\/posts\/190689\/revisions"}],"predecessor-version":[{"id":190711,"href":"https:\/\/franciscanos.org.br\/vidacrista\/wp-json\/wp\/v2\/posts\/190689\/revisions\/190711"}],"wp:featuredmedia":[{"embeddable":true,"href":"https:\/\/franciscanos.org.br\/vidacrista\/wp-json\/wp\/v2\/media\/190692"}],"wp:attachment":[{"href":"https:\/\/franciscanos.org.br\/vidacrista\/wp-json\/wp\/v2\/media?parent=190689"}],"wp:term":[{"taxonomy":"category","embeddable":true,"href":"https:\/\/franciscanos.org.br\/vidacrista\/wp-json\/wp\/v2\/categories?post=190689"},{"taxonomy":"post_tag","embeddable":true,"href":"https:\/\/franciscanos.org.br\/vidacrista\/wp-json\/wp\/v2\/tags?post=190689"}],"curies":[{"name":"wp","href":"https:\/\/api.w.org\/{rel}","templated":true}]}}