{"id":190676,"date":"2021-09-30T08:31:03","date_gmt":"2021-09-30T11:31:03","guid":{"rendered":"https:\/\/franciscanos.org.br\/vidacrista\/?p=190676"},"modified":"2021-09-30T08:31:03","modified_gmt":"2021-09-30T11:31:03","slug":"laborem-exercens-faz-40-anos-o-trabalho-e-a-promocao-da-vida","status":"publish","type":"post","link":"https:\/\/franciscanos.org.br\/vidacrista\/laborem-exercens-faz-40-anos-o-trabalho-e-a-promocao-da-vida\/","title":{"rendered":"Laborem Exercens faz 40 anos: o trabalho e a promo\u00e7\u00e3o da vida"},"content":{"rendered":"<div id=\"attachment_190677\" style=\"width: 850px\" class=\"wp-caption alignnone\"><img aria-describedby=\"caption-attachment-190677\" decoding=\"async\" loading=\"lazy\" class=\"wp-image-190677 size-full\" src=\"https:\/\/franciscanos.org.br\/vidacrista\/wp-content\/uploads\/2021\/09\/artigo_3009.png\" alt=\"\" width=\"840\" height=\"451\" srcset=\"https:\/\/franciscanos.org.br\/vidacrista\/wp-content\/uploads\/2021\/09\/artigo_3009.png 840w, https:\/\/franciscanos.org.br\/vidacrista\/wp-content\/uploads\/2021\/09\/artigo_3009-450x242.png 450w, https:\/\/franciscanos.org.br\/vidacrista\/wp-content\/uploads\/2021\/09\/artigo_3009-768x412.png 768w, https:\/\/franciscanos.org.br\/vidacrista\/wp-content\/uploads\/2021\/09\/artigo_3009-150x81.png 150w\" sizes=\"(max-width: 840px) 100vw, 840px\" \/><p id=\"caption-attachment-190677\" class=\"wp-caption-text\">\u00a0 \u00a0 \u00a0 \u00a0 \u00a0 \u00a0 \u00a0 \u00a0 \u00a0 \u00a0 \u00a0 \u00a0 \u00a0 \u00a0 \u00a0 \u00a0 \u00a0 \u00a0 \u00a0 \u00a0 \u00a0 \u00a0 \u00a0 \u00a0 \u00a0 \u00a0 \u00a0 \u00a0 \u00a0 \u00a0 \u00a0 \u00a0 \u00a0 \u00a0 \u00a0 \u00a0 \u00a0 \u00a0 \u00a0 \u00a0 <em>\u00a0 Imagem ilustrativa: Canva <a href=\"https:\/\/www.canva.com\/pt_br\/modelos\/\">(www.canva.com\/pt_br\/modelos<\/a>)<\/em><\/p><\/div>\n<p><strong>Robson Ribeiro de Oliveira Castro<\/strong><\/p>\n<p>Aos 14 de setembro de 1981, o Papa Jo\u00e3o Paulo II, em comemora\u00e7\u00e3o ao 90\u00ba anivers\u00e1rio da <em>Rerum novarum<\/em> (RN), de Le\u00e3o XIII, publicou a enc\u00edclica social <em>Laborem Exercens <\/em>(LE). Para compreender sua import\u00e2ncia e sua atualidade, o debate se faz necess\u00e1rio nos dias de hoje.<\/p>\n<p>Vivendo em um per\u00edodo de grandes desmontes e problemas causados pelos aspectos competitivos da vida, a enc\u00edclica de S\u00e3o Jo\u00e3o Paulo II tem seu desenvolvimento no tema do trabalho e a import\u00e2ncia da vida humana.<\/p>\n<p>Nesta \u00f3tica \u00e9 necess\u00e1rio compreender que \u00e9 mais do que urgente se falar da rela\u00e7\u00e3o do homem com o trabalho e sua constante desvaloriza\u00e7\u00e3o frente \u00e0 m\u00e1quina que transformou tudo e todos em meros objetos.<\/p>\n<p>Atuando neste contexto, a rela\u00e7\u00e3o humana, frente \u00e0s realidades advindas da modernidade, nos apresenta a condi\u00e7\u00e3o singular de que somos parte da cria\u00e7\u00e3o e que devemos nos atentar para a constru\u00e7\u00e3o de um mundo mais relacional e comprometido com a causa de cada um e cada uma. No documento, Jo\u00e3o Paulo II assevera que o ser humano \u201c\u00e9 sujeito do trabalho. \u00c9 como pessoa que ele trabalha e realiza diversas a\u00e7\u00f5es que fazem parte do processo do trabalho\u201d (LE, n.6).<\/p>\n<p>Destarte, \u00e9 preciso compreender a fun\u00e7\u00e3o do homem e a realidade do trabalho. Uma constata\u00e7\u00e3o na enc\u00edclica social \u00e9 a valoriza\u00e7\u00e3o do trabalhador: &#8216;O primeiro fundamento do valor do trabalho \u00e9 o mesmo homem, o seu sujeito. E relaciona-se com isto imediatamente uma conclus\u00e3o muito importante de natureza \u00e9tica: embora seja verdade que o homem est\u00e1 destinado e \u00e9 chamado ao trabalho, contudo, antes de mais nada o trabalho \u00e9 \u2018para o homem\u2019 e n\u00e3o o homem \u2018para o trabalho\u2019.\u201d (LE, n. 6)<\/p>\n<p>E, diante desta realidade e contexto do trabalho, h\u00e1 uma m\u00e1xima a ser observada: \u201ca finalidade do trabalho, de todo e qualquer trabalho realizado pelo homem (&#8230;) permanece sempre o mesmo homem\u201d. (LE, n. 6). Por isso, em tempos de pandemia, problemas sobre o trabalho e a grande desigualdade social que enfrentamos, precisamos saber viver o per\u00edodo de uma grande transforma\u00e7\u00e3o social, pol\u00edtica e econ\u00f4mica.<\/p>\n<p>Embora comemorando-se 40 anos de sua publica\u00e7\u00e3o, \u00e9 poss\u00edvel observar que o texto \u00e9 bastante atual, pois vivemos uma realidade critica, principalmente com a pandemia. Nesta dura realidade, \u00e9 urgente observar a condi\u00e7\u00e3o dos trabalhadores, em 2021, com a situa\u00e7\u00e3o pand\u00eamica que estamos vivendo. Infelizmente, com o contexto da Covid-19 temos um pa\u00eds entregue ao descaso. Muitos dos brasileiros perderam seus empregos ou tiveram que adaptar a vida para fazer algum tipo de \u201cbico\u201d para completar a renda familiar.<\/p>\n<p>Desta forma, diversos trabalhadores se sujeitam \u00e0 explora\u00e7\u00e3o para manterem seus empregos. Na atualidade, a pandemia colocou o ser humano em uma realidade complexa e dif\u00edcil. A crise do trabalho \u00e9 resultado de uma op\u00e7\u00e3o social e mostrou a sua pior face: a fome!\u00a0 Para tanto, diante desta grave crise que nos assola, devemos voltar nossos olhares e nosso esfor\u00e7o para os desamparados. \u00c9 urgente o zelo pelos mais pobres!<\/p>\n<p>S\u00e3o Jo\u00e3o Paulo II apresenta que \u201co trabalho \u00e9 um bem do homem\u201d. E mais: \u201c\u00e9 n\u00e3o s\u00f3 um bem \u2018\u00fatil\u2019 ou que se pode usufruir, mas um bem digno, ou seja, que corresponde \u00e0 dignidade do homem, um bem que exprime esta dignidade e que a aumenta\u201d. (LE, n. 9). Com esta afirma\u00e7\u00e3o \u00e9 poss\u00edvel observar que a condi\u00e7\u00e3o digna do trabalhador, sua rela\u00e7\u00e3o com o trabalho e a manuten\u00e7\u00e3o da fam\u00edlia n\u00e3o est\u00e3o no mesmo n\u00edvel de import\u00e2ncia.<\/p>\n<p>Isso se apresenta na realidade de que os postos de trabalho s\u00e3o mais valorizados que as vidas que ocupam seus lugares, independente de qual fun\u00e7\u00e3o ou setor, o trabalhador sofre com as dificuldades enfrentadas ao longo dos dias e a precariza\u00e7\u00e3o de diversos setores.<\/p>\n<p>Por isso: \u201cO trabalho \u00e9 um bem do homem \u2013 \u00e9 um bem da sua humanidade \u2013 porque, mediante o trabalho, o homem n\u00e3o somente transforma a natureza, adaptando-a \u00e0s suas pr\u00f3prias necessidades, mas tamb\u00e9m se realiza a si mesmo como homem e at\u00e9, num certo sentido, se torna mais homem\u201d (LE, n. 9).<\/p>\n<p>\u00c9lio Gasda, te\u00f3logo e professor da Faculdade Jesu\u00edta de Filosofia e Teologia, afirma que \u201ca desumaniza\u00e7\u00e3o do trabalho \u00e9 a dimens\u00e3o mais selvagem da economia. Desintegra a sociedade: explos\u00e3o do desemprego, precariedade laboral, destrui\u00e7\u00e3o ambiental, misoginia, xenofobia, racismo, destrui\u00e7\u00e3o da sa\u00fade e da educa\u00e7\u00e3o. A pandemia escancarou a brutalidade das desigualdades de classe, ra\u00e7a e sexo. A dimens\u00e3o da brutal concentra\u00e7\u00e3o da riqueza foi agravada pela pandemia\u201d.<\/p>\n<p>E sua cr\u00edtica \u00e9 certeira, pois s\u00e3o os menos favorecidos e as classes trabalhadoras mais pobres que sofrem com a pandemia e necessitam sair para trabalhar todos os dias correndo riscos. \u00c9 preciso tentar entender os desafios do distanciamento social das classes e a \u00e9tica social no desenvolvimento humano e as perdas pelo v\u00edrus ao longo dos dias.<\/p>\n<p>Assim, com uma realidade dura e fr\u00e1gil, compromete o desenvolvimento humano e sua grande rela\u00e7\u00e3o com os demais. \u00c9 preciso atentar-se para o clamor dos sinais dos tempos e ouvir os mais pobres e marginalizados, dar a eles sustento e condi\u00e7\u00f5es de vida digna; somente assim poderemos colher frutos bons e, acima de tudo, dar condi\u00e7\u00f5es a cada um e cada uma.<\/p>\n<p>Ao comemorar 40 anos de uma enc\u00edclica t\u00e3o atual, resta-nos continuar na luta e n\u00e3o desistir de fazer a diferen\u00e7a entre os que mais precisam e est\u00e3o mais fragilizados.<\/p>\n<hr \/>\n<p><strong>Robson Ribeiro de Oliveira Castro Chaves<\/strong>\u00a0<em>\u00e9 mestre em Teologia pela Faculdade Jesu\u00edta de Filosofia e Teologia (FAJE), em BH, professor de teologia no Instituto Teol\u00f3gico Franciscano (ITF), em Petr\u00f3polis (RJ) e membro do Conselho Regional de Forma\u00e7\u00e3o (CRF) \u2013 LESTE II do CNLB.<\/em><\/p>\n","protected":false},"excerpt":{"rendered":"<p>Artigo de Robson Ribeiro de Oliveira Castro<\/p>\n","protected":false},"author":3,"featured_media":190677,"comment_status":"open","ping_status":"open","sticky":false,"template":"","format":"standard","meta":{"footnotes":""},"categories":[26],"tags":[328],"yoast_head":"<!-- This site is optimized with the Yoast SEO plugin v19.4 - https:\/\/yoast.com\/wordpress\/plugins\/seo\/ -->\n<title>Laborem Exercens faz 40 anos: o trabalho e a promo\u00e7\u00e3o da vida - Vida Crist\u00e3 - Franciscanos<\/title>\n<meta name=\"robots\" content=\"index, follow, max-snippet:-1, max-image-preview:large, max-video-preview:-1\" \/>\n<link rel=\"canonical\" href=\"https:\/\/franciscanos.org.br\/vidacrista\/laborem-exercens-faz-40-anos-o-trabalho-e-a-promocao-da-vida\/\" \/>\n<meta property=\"og:locale\" content=\"pt_BR\" \/>\n<meta property=\"og:type\" content=\"article\" \/>\n<meta property=\"og:title\" content=\"Laborem Exercens faz 40 anos: o trabalho e a promo\u00e7\u00e3o da vida - Vida Crist\u00e3 - Franciscanos\" \/>\n<meta property=\"og:description\" content=\"Artigo de Robson Ribeiro de Oliveira Castro\" \/>\n<meta property=\"og:url\" content=\"https:\/\/franciscanos.org.br\/vidacrista\/laborem-exercens-faz-40-anos-o-trabalho-e-a-promocao-da-vida\/\" \/>\n<meta property=\"og:site_name\" content=\"Vida Crist\u00e3 - Franciscanos\" \/>\n<meta property=\"article:published_time\" content=\"2021-09-30T11:31:03+00:00\" \/>\n<meta property=\"og:image\" content=\"https:\/\/franciscanos.org.br\/vidacrista\/wp-content\/uploads\/2021\/09\/artigo_3009.png\" \/>\n\t<meta property=\"og:image:width\" content=\"840\" \/>\n\t<meta property=\"og:image:height\" content=\"451\" \/>\n\t<meta property=\"og:image:type\" content=\"image\/png\" \/>\n<meta name=\"author\" content=\"moacir\" \/>\n<meta name=\"twitter:card\" content=\"summary_large_image\" \/>\n<meta name=\"twitter:label1\" content=\"Escrito por\" \/>\n\t<meta name=\"twitter:data1\" content=\"moacir\" \/>\n\t<meta name=\"twitter:label2\" content=\"Est. tempo de leitura\" \/>\n\t<meta name=\"twitter:data2\" content=\"5 minutos\" \/>\n<script type=\"application\/ld+json\" class=\"yoast-schema-graph\">{\"@context\":\"https:\/\/schema.org\",\"@graph\":[{\"@type\":\"WebSite\",\"@id\":\"https:\/\/franciscanos.org.br\/vidacrista\/#website\",\"url\":\"https:\/\/franciscanos.org.br\/vidacrista\/\",\"name\":\"Vida Crist\u00e3 - Franciscanos\",\"description\":\"Prov\u00edncia Franciscana da Imaculada Concei\u00e7\u00e3o do Brasil - Ordem dos Frades Menores\",\"potentialAction\":[{\"@type\":\"SearchAction\",\"target\":{\"@type\":\"EntryPoint\",\"urlTemplate\":\"https:\/\/franciscanos.org.br\/vidacrista\/?s={search_term_string}\"},\"query-input\":\"required name=search_term_string\"}],\"inLanguage\":\"pt-BR\"},{\"@type\":\"WebPage\",\"@id\":\"https:\/\/franciscanos.org.br\/vidacrista\/laborem-exercens-faz-40-anos-o-trabalho-e-a-promocao-da-vida\/\",\"url\":\"https:\/\/franciscanos.org.br\/vidacrista\/laborem-exercens-faz-40-anos-o-trabalho-e-a-promocao-da-vida\/\",\"name\":\"Laborem Exercens faz 40 anos: o trabalho e a promo\u00e7\u00e3o da vida - Vida Crist\u00e3 - Franciscanos\",\"isPartOf\":{\"@id\":\"https:\/\/franciscanos.org.br\/vidacrista\/#website\"},\"datePublished\":\"2021-09-30T11:31:03+00:00\",\"dateModified\":\"2021-09-30T11:31:03+00:00\",\"author\":{\"@id\":\"https:\/\/franciscanos.org.br\/vidacrista\/#\/schema\/person\/1880bdd2c350b735648725ef7614736a\"},\"breadcrumb\":{\"@id\":\"https:\/\/franciscanos.org.br\/vidacrista\/laborem-exercens-faz-40-anos-o-trabalho-e-a-promocao-da-vida\/#breadcrumb\"},\"inLanguage\":\"pt-BR\",\"potentialAction\":[{\"@type\":\"ReadAction\",\"target\":[\"https:\/\/franciscanos.org.br\/vidacrista\/laborem-exercens-faz-40-anos-o-trabalho-e-a-promocao-da-vida\/\"]}]},{\"@type\":\"BreadcrumbList\",\"@id\":\"https:\/\/franciscanos.org.br\/vidacrista\/laborem-exercens-faz-40-anos-o-trabalho-e-a-promocao-da-vida\/#breadcrumb\",\"itemListElement\":[{\"@type\":\"ListItem\",\"position\":1,\"name\":\"Home\",\"item\":\"https:\/\/franciscanos.org.br\/vidacrista\/\"},{\"@type\":\"ListItem\",\"position\":2,\"name\":\"Laborem Exercens faz 40 anos: o trabalho e a promo\u00e7\u00e3o da vida\"}]},{\"@type\":\"Person\",\"@id\":\"https:\/\/franciscanos.org.br\/vidacrista\/#\/schema\/person\/1880bdd2c350b735648725ef7614736a\",\"name\":\"moacir\",\"image\":{\"@type\":\"ImageObject\",\"inLanguage\":\"pt-BR\",\"@id\":\"https:\/\/franciscanos.org.br\/vidacrista\/#\/schema\/person\/image\/\",\"url\":\"https:\/\/secure.gravatar.com\/avatar\/d08aa2ce4c8dd416d4479aa8536fcf64?s=96&d=mm&r=g\",\"contentUrl\":\"https:\/\/secure.gravatar.com\/avatar\/d08aa2ce4c8dd416d4479aa8536fcf64?s=96&d=mm&r=g\",\"caption\":\"moacir\"},\"url\":\"https:\/\/franciscanos.org.br\/vidacrista\/author\/moacir\/\"}]}<\/script>\n<!-- \/ Yoast SEO plugin. -->","yoast_head_json":{"title":"Laborem Exercens faz 40 anos: o trabalho e a promo\u00e7\u00e3o da vida - Vida Crist\u00e3 - Franciscanos","robots":{"index":"index","follow":"follow","max-snippet":"max-snippet:-1","max-image-preview":"max-image-preview:large","max-video-preview":"max-video-preview:-1"},"canonical":"https:\/\/franciscanos.org.br\/vidacrista\/laborem-exercens-faz-40-anos-o-trabalho-e-a-promocao-da-vida\/","og_locale":"pt_BR","og_type":"article","og_title":"Laborem Exercens faz 40 anos: o trabalho e a promo\u00e7\u00e3o da vida - Vida Crist\u00e3 - Franciscanos","og_description":"Artigo de Robson Ribeiro de Oliveira Castro","og_url":"https:\/\/franciscanos.org.br\/vidacrista\/laborem-exercens-faz-40-anos-o-trabalho-e-a-promocao-da-vida\/","og_site_name":"Vida Crist\u00e3 - Franciscanos","article_published_time":"2021-09-30T11:31:03+00:00","og_image":[{"width":840,"height":451,"url":"https:\/\/franciscanos.org.br\/vidacrista\/wp-content\/uploads\/2021\/09\/artigo_3009.png","type":"image\/png"}],"author":"moacir","twitter_card":"summary_large_image","twitter_misc":{"Escrito por":"moacir","Est. tempo de leitura":"5 minutos"},"schema":{"@context":"https:\/\/schema.org","@graph":[{"@type":"WebSite","@id":"https:\/\/franciscanos.org.br\/vidacrista\/#website","url":"https:\/\/franciscanos.org.br\/vidacrista\/","name":"Vida Crist\u00e3 - Franciscanos","description":"Prov\u00edncia Franciscana da Imaculada Concei\u00e7\u00e3o do Brasil - Ordem dos Frades Menores","potentialAction":[{"@type":"SearchAction","target":{"@type":"EntryPoint","urlTemplate":"https:\/\/franciscanos.org.br\/vidacrista\/?s={search_term_string}"},"query-input":"required name=search_term_string"}],"inLanguage":"pt-BR"},{"@type":"WebPage","@id":"https:\/\/franciscanos.org.br\/vidacrista\/laborem-exercens-faz-40-anos-o-trabalho-e-a-promocao-da-vida\/","url":"https:\/\/franciscanos.org.br\/vidacrista\/laborem-exercens-faz-40-anos-o-trabalho-e-a-promocao-da-vida\/","name":"Laborem Exercens faz 40 anos: o trabalho e a promo\u00e7\u00e3o da vida - Vida Crist\u00e3 - Franciscanos","isPartOf":{"@id":"https:\/\/franciscanos.org.br\/vidacrista\/#website"},"datePublished":"2021-09-30T11:31:03+00:00","dateModified":"2021-09-30T11:31:03+00:00","author":{"@id":"https:\/\/franciscanos.org.br\/vidacrista\/#\/schema\/person\/1880bdd2c350b735648725ef7614736a"},"breadcrumb":{"@id":"https:\/\/franciscanos.org.br\/vidacrista\/laborem-exercens-faz-40-anos-o-trabalho-e-a-promocao-da-vida\/#breadcrumb"},"inLanguage":"pt-BR","potentialAction":[{"@type":"ReadAction","target":["https:\/\/franciscanos.org.br\/vidacrista\/laborem-exercens-faz-40-anos-o-trabalho-e-a-promocao-da-vida\/"]}]},{"@type":"BreadcrumbList","@id":"https:\/\/franciscanos.org.br\/vidacrista\/laborem-exercens-faz-40-anos-o-trabalho-e-a-promocao-da-vida\/#breadcrumb","itemListElement":[{"@type":"ListItem","position":1,"name":"Home","item":"https:\/\/franciscanos.org.br\/vidacrista\/"},{"@type":"ListItem","position":2,"name":"Laborem Exercens faz 40 anos: o trabalho e a promo\u00e7\u00e3o da vida"}]},{"@type":"Person","@id":"https:\/\/franciscanos.org.br\/vidacrista\/#\/schema\/person\/1880bdd2c350b735648725ef7614736a","name":"moacir","image":{"@type":"ImageObject","inLanguage":"pt-BR","@id":"https:\/\/franciscanos.org.br\/vidacrista\/#\/schema\/person\/image\/","url":"https:\/\/secure.gravatar.com\/avatar\/d08aa2ce4c8dd416d4479aa8536fcf64?s=96&d=mm&r=g","contentUrl":"https:\/\/secure.gravatar.com\/avatar\/d08aa2ce4c8dd416d4479aa8536fcf64?s=96&d=mm&r=g","caption":"moacir"},"url":"https:\/\/franciscanos.org.br\/vidacrista\/author\/moacir\/"}]}},"_links":{"self":[{"href":"https:\/\/franciscanos.org.br\/vidacrista\/wp-json\/wp\/v2\/posts\/190676"}],"collection":[{"href":"https:\/\/franciscanos.org.br\/vidacrista\/wp-json\/wp\/v2\/posts"}],"about":[{"href":"https:\/\/franciscanos.org.br\/vidacrista\/wp-json\/wp\/v2\/types\/post"}],"author":[{"embeddable":true,"href":"https:\/\/franciscanos.org.br\/vidacrista\/wp-json\/wp\/v2\/users\/3"}],"replies":[{"embeddable":true,"href":"https:\/\/franciscanos.org.br\/vidacrista\/wp-json\/wp\/v2\/comments?post=190676"}],"version-history":[{"count":1,"href":"https:\/\/franciscanos.org.br\/vidacrista\/wp-json\/wp\/v2\/posts\/190676\/revisions"}],"predecessor-version":[{"id":190678,"href":"https:\/\/franciscanos.org.br\/vidacrista\/wp-json\/wp\/v2\/posts\/190676\/revisions\/190678"}],"wp:featuredmedia":[{"embeddable":true,"href":"https:\/\/franciscanos.org.br\/vidacrista\/wp-json\/wp\/v2\/media\/190677"}],"wp:attachment":[{"href":"https:\/\/franciscanos.org.br\/vidacrista\/wp-json\/wp\/v2\/media?parent=190676"}],"wp:term":[{"taxonomy":"category","embeddable":true,"href":"https:\/\/franciscanos.org.br\/vidacrista\/wp-json\/wp\/v2\/categories?post=190676"},{"taxonomy":"post_tag","embeddable":true,"href":"https:\/\/franciscanos.org.br\/vidacrista\/wp-json\/wp\/v2\/tags?post=190676"}],"curies":[{"name":"wp","href":"https:\/\/api.w.org\/{rel}","templated":true}]}}