{"id":190660,"date":"2021-09-28T07:43:34","date_gmt":"2021-09-28T10:43:34","guid":{"rendered":"https:\/\/franciscanos.org.br\/vidacrista\/?p=190660"},"modified":"2021-09-29T07:15:48","modified_gmt":"2021-09-29T10:15:48","slug":"miguel-e-a-batalha-entre-anjos-bons-e-maus-em-ap-127-12-e-hoje","status":"publish","type":"post","link":"https:\/\/franciscanos.org.br\/vidacrista\/miguel-e-a-batalha-entre-anjos-bons-e-maus-em-ap-127-12-e-hoje\/","title":{"rendered":"Miguel e a batalha entre anjos bons e maus em Ap 12,7-12 e hoje"},"content":{"rendered":"<div id=\"attachment_190661\" style=\"width: 860px\" class=\"wp-caption alignnone\"><img aria-describedby=\"caption-attachment-190661\" decoding=\"async\" loading=\"lazy\" class=\"wp-image-190661 size-full\" src=\"https:\/\/franciscanos.org.br\/vidacrista\/wp-content\/uploads\/2021\/09\/arcanjos_290921.jpg\" alt=\"\" width=\"850\" height=\"425\" srcset=\"https:\/\/franciscanos.org.br\/vidacrista\/wp-content\/uploads\/2021\/09\/arcanjos_290921.jpg 850w, https:\/\/franciscanos.org.br\/vidacrista\/wp-content\/uploads\/2021\/09\/arcanjos_290921-450x225.jpg 450w, https:\/\/franciscanos.org.br\/vidacrista\/wp-content\/uploads\/2021\/09\/arcanjos_290921-768x384.jpg 768w, https:\/\/franciscanos.org.br\/vidacrista\/wp-content\/uploads\/2021\/09\/arcanjos_290921-150x75.jpg 150w\" sizes=\"(max-width: 850px) 100vw, 850px\" \/><p id=\"caption-attachment-190661\" class=\"wp-caption-text\"><em>\u00a0 \u00a0 \u00a0 \u00a0 \u00a0 \u00a0 \u00a0 \u00a0 \u00a0 \u00a0 \u00a0 \u00a0 \u00a0 \u00a0 \u00a0 \u00a0 \u00a0 \u00a0 \u00a0 \u00a0 \u00a0 \u00a0 \u00a0 \u00a0 \u00a0 \u00a0 \u00a0 \u00a0 \u00a0 \u00a0 \u00a0 \u00a0 \u00a0 \u00a0 \u00a0 \u00a0 \u00a0 \u00a0 \u00a0 \u00a0 \u00a0 \u00a0 \u00a0 \u00a0 \u00a0 \u00a0 \u00a0 \u00a0 \u00a0 \u00a0 \u00a0 \u00a0 \u00a0 \u00a0 \u00a0 \u00a0Imagem: Arcanjos, Creative Commons<\/em><\/p><\/div>\n<p><strong>Frei Jacir de Freitas Faria<\/strong> <a href=\"#_ftn1\" name=\"_ftnref1\">[1]<\/a><\/p>\n<p><em>\u00a0<\/em>O texto sobre o qual vamos refletir \u00e9 Apocalipse 12,7-12. Trata-se de uma batalha no c\u00e9u entre o Arcanjo Miguel e o Drag\u00e3o. Esse texto \u00e9 muito prop\u00edcio no dia em que celebramos a festa dos Arcanjos Miguel, Gabriel e Rafael. Por que celebrar a mem\u00f3ria desses seres imagin\u00e1rios? Voc\u00ea concordaria se eu dissesse que anjo n\u00e3o existe? N\u00e3o? Ent\u00e3o, vamos l\u00e1. Primeiro, observe que no texto de Ap 12,7-12 aparecem o Arcanjo Miguel e seus anjos, de um lado, e do outro, o Drag\u00e3o que tamb\u00e9m tem anjos como combatentes. A luta \u00e9 vencida por Miguel e seus anjos. Quem \u00e9 esse Miguel? Quem \u00e9 esse Drag\u00e3o? Por que ele tamb\u00e9m tem anjos?<\/p>\n<p><iframe loading=\"lazy\" title=\"Reflex\u00e3o b\u00edblica - Festa dos Santos Arcanjos Miguel, Gabriel e Rafael (29\/09\/2021)\" width=\"500\" height=\"281\" src=\"https:\/\/www.youtube.com\/embed\/wp1MplfO7jc?start=104&#038;feature=oembed\" frameborder=\"0\" allow=\"accelerometer; autoplay; clipboard-write; encrypted-media; gyroscope; picture-in-picture\" allowfullscreen><\/iframe><\/p>\n<p>A B\u00edblia est\u00e1 repleta de anjos, do G\u00eanesis ao Apocalipse, da tenta\u00e7\u00e3o de Jesus, no deserto (Mt 4,11), at\u00e9 o momento de sua pris\u00e3o, quando anjos de Deus tamb\u00e9m est\u00e3o com ele (Mt 26,53). Somente no livro do Apocalipse, o substantivo anjo aparece 67 vezes, sendo 175 no Segundo Testamento.<\/p>\n<p>Os anjos t\u00eam fun\u00e7\u00f5es diversificadas. Miguel, que significa \u201cQuem \u00e9 como Deus?\u201d, \u00e9 considerado, no juda\u00edsmo, o mais importante dos anjos, isto \u00e9, o primeiro de todos. Da\u00ed o seu t\u00edtulo de Arcanjo, constitu\u00eddo, no grego por arch\u00e9, \u2018o que vem primeiro\u2019, e angelos, o mensageiro. Portanto, Miguel \u00e9 \u201canjo do princ\u00edpio\u201d, o pr\u00edncipe dos anjos.<\/p>\n<p>Na tradi\u00e7\u00e3o devocional da Igreja Cat\u00f3lica, Miguel foi associado ao poder de interven\u00e7\u00e3o de Nossa Senhora da Boa Morte na hora dos Ju\u00edzo Final ou Particular. Assim, ele se tornou, na Idade M\u00e9dia, o santo protetor das almas, o que lhe rendeu o t\u00edtulo de S\u00e3o Miguel e Almas, padroeiro da Igreja Cat\u00f3lica, guerreiro, o guarda do Para\u00edso que tem poder de ir ao Inferno para buscar almas.<a href=\"#_ftn2\" name=\"_ftnref2\">[2]<\/a> Ele tamb\u00e9m pode ajudar a alma a se redimir no momento de sua morte. <strong>A sua imagem foi<\/strong>, tamb\u00e9m, associada \u00e0 de uma balan\u00e7a que pesa as almas.<\/p>\n<p>Gabriel, isto \u00e9, \u201cDeus mostrou-se forte\u201d, \u00e9 o anjo da anuncia\u00e7\u00e3o do nascimento de Jesus, o mensageiro da boa-nova de Deus. Ali\u00e1s, anjo, em grego, angelos, significa mensageiro, o que resultou no substantivo evangelho. Gabriel \u00e9 tamb\u00e9m compassivo e paciente. Somente numa tradi\u00e7\u00e3o tardia \u00e9 que Gabriel e Rafael passaram a ser considerados arcanjos. J\u00e1 Rafael, que significa \u201cDeus curou\u201d, aparece na historiografia de Tobias (Tb 12,15). Rafael \u00e9 o anjo que cuida dos doentes e feridos.<\/p>\n<p>H\u00e1 tamb\u00e9m os anjos maus, assim como o anjo exterminador, aquele que age demonstrando a ira de Deus ao matar (Nm 167,6-15; Ex 12,23). J\u00e1 o anjo da Guarda \u00e9 aquele que protege, em nome de Deus, adultos e crian\u00e7as (Mt 18,10).<\/p>\n<p>Os anjos est\u00e3o intimamente unidos a Deus. Observe que o sufixo El, no fim do nome de cada anjo, significa Deus. Eles s\u00e3o mensageiros ou agem em nome Dele. Na verdade, anjos e Deus s\u00e3o a mesma coisa. E foi esse foi o modo encontrado pelo juda\u00edsmo para aproximar Deus da condi\u00e7\u00e3o terrena, visto que era proibido pronunciar o nome de Deus, o que poderia incorrer em idolatria. Em Jo 15,51, quando Jesus diz que h\u00e1 anjos subindo e descendo do c\u00e9u significa que Deus est\u00e1 presente no meio de n\u00f3s.<\/p>\n<p>Voltemos ao texto de Apocalipse. Vejamos a <strong>batalha final da era<\/strong> apocal\u00edptica, da luta entre o bem e mal. Miguel tem o poder de enfrentar Satan\u00e1s, aquele que divide, o imp\u00e9rio romano. Trata-se de uma luta entre os anjos bons, liderados por Miguel, e os anjos maus, os impuros, corruptos, liderados pelo grande Satan\u00e1s, em grego, Diabo, aquele que divide para imperar e matar, isto \u00e9, o imp\u00e9rio romano e seus imperadores sanguin\u00e1rios. O Drag\u00e3o \u00e9 a besta do Apocalipse.<\/p>\n<p>Miguel vence a Serpente, refer\u00eancia ao animal que enganou Eva, no G\u00eanesis, que se transformou em Satan\u00e1s, o anjo mau e protetor do imp\u00e9rio romano. No fim do livro de Apocalipse um anjo enviado por Deus acorrenta esse mesmo Satan\u00e1s e o prende, no abismo, por mil anos, quando, ent\u00e3o, seria solto (Ap 20,1-3). Pena que a Igreja transformou esse Satan\u00e1s, o opositor, em Capeta de rabo e chifre por meio de uma pastoral do medo que, infelizmente, continua at\u00e9 hoje. Foi nessa \u00e9poca, como vimos anteriormente, que o poder do Arcanjo Miguel foi retomado para garantir a salva\u00e7\u00e3o das almas, livrando-as do Inferno.<\/p>\n<p>O poder de Miguel de Ap 12,11 vem do sangue do Cordeiro (Jesus) e da Palavra (Evangelho), do testemunho das lideran\u00e7as das comunidades joaninas, as quais eram chamadas de anjos. Alguns te\u00f3logos, como Calvino, morto em 1564, acreditavam que Miguel seria a forma de pessoa, a personifica\u00e7\u00e3o de Cristo, que luta contra o Drag\u00e3o. Essa ideia fui refutada, rejeitada, na tradi\u00e7\u00e3o posterior, visto que poderia gerar uma angelolatria, isto \u00e9, adorar um anjo ao pensar que ele era Jesus.<\/p>\n<p>Os anjos bons s\u00e3o a ponte entre Deus e a humanidade, assim como ocorreu com Jac\u00f3 no seu sonho: uma escada entre o c\u00e9u e a terra possibilitava a subida de e a descida de anjos (Gn 28,12-13) Os anjos est\u00e3o ao lado dos mais fracos na luta contra o mal e a servi\u00e7o de Deus e do ser humano. Eles est\u00e3o nos planos de Deus. N\u00e3o s\u00e3o humanos, por isso n\u00e3o t\u00eam vida sexual e, caso venham a ter, s\u00e3o considerados anjos que ca\u00eddos do c\u00e9u.<a href=\"#_ftn3\" name=\"_ftnref3\">[3]<\/a> Nessa mesma linha, conforme Ap 12,8, esses anjos do mau e seu Drag\u00e3o foram expulsos para a terra. O c\u00e9u n\u00e3o lhes pertence. Lugar s\u00f3 de Deus. Na terra, eles continuam agindo.<\/p>\n<p>Fazer mem\u00f3ria do imagin\u00e1rio angelical significa acreditar que outro mundo \u00e9 poss\u00edvel, que as for\u00e7as demon\u00edacas de nosso tempo ser\u00e3o vencidas. Fa\u00e7o mem\u00f3ria de anjos bons que passaram no meio de n\u00f3s, <strong>o Cardeal Arns e Paulo Freire<\/strong>, ambos completariam 100 anos se estivessem vivos. Ambos defenderam os exclu\u00eddos e os pobres. O primeiro, na Igreja que liberta, e o segundo, na educa\u00e7\u00e3o inclusiva que forma para libertar os oprimidos do opressor. Eles entenderam que a batalha de S\u00e3o Miguel n\u00e3o \u00e9 meramente espiritual, piedosa, de uma moral intimista, mas de uma luta sem tr\u00e9gua contra os opressores do nosso tempo. Que os anjos de Deus n\u00e3o nos abandonem nessa batalha!<\/p>\n<hr \/>\n<p><a href=\"#_ftnref1\" name=\"_ftn1\">[1]<\/a>Doutor em Teologia B\u00edblica pela Faje (BH). Mestre em Ci\u00eancias B\u00edblicas (Exegese) pelo Pontif\u00edcio Instituto B\u00edblico de Roma. Professor de Exegese B\u00edblica. \u00c9 membro da Associa\u00e7\u00e3o Brasileira de Pesquisa B\u00edblica (ABIB). Sacerdote Franciscano. Autor de dez livros e coautor de quinze. \u00daltimo livro: <strong>O Medo do Inferno e arte de bem morrer<\/strong>: da devo\u00e7\u00e3o ap\u00f3crifa \u00e0 Dormi\u00e7\u00e3o de Maria \u00e0s irmandades de Nossa Senhora da Boa Morte (Vozes, 2019). Youtube: Frei Jacir B\u00edblia e Apocrifos. <a href=\"https:\/\/www.youtube.com\/channel\/UCwbSE97jnR6jQwHRigX1KlQ\">https:\/\/www.youtube.com\/channel\/UCwbSE97jnR6jQwHRigX1KlQ<\/a><\/p>\n<p><a href=\"#_ftnref2\" name=\"_ftn2\">[2]<\/a> S\u00c3O MIGUEL. In: VAN DER POEL, Francisco. <strong>Dicion\u00e1rio da religiosidade popular<\/strong><em>: <\/em>cultura e religi\u00e3o no Brasil. Curitiba: Editora Nossa Cultura LTDA, 2013, p. 992.<\/p>\n<p><a href=\"#_ftnref3\" name=\"_ftn3\">[3]<\/a> Para um estudo cr\u00edtico e acurado da quest\u00e3o na B\u00edblia e no cristianismo primitivo, sugerimos o livro de CARNEIRO, Marcelo; GOMES, Silvio (Orgs). <strong>Manual de Angeologia.<\/strong> S\u00e3o Paulo: Fonte editorial, 2017.<\/p>\n","protected":false},"excerpt":{"rendered":"<p>Artigo de Frei Jacir de Freitas Faria<\/p>\n","protected":false},"author":3,"featured_media":190661,"comment_status":"open","ping_status":"open","sticky":false,"template":"","format":"standard","meta":{"footnotes":""},"categories":[26],"tags":[43],"yoast_head":"<!-- This site is optimized with the Yoast SEO plugin v19.4 - https:\/\/yoast.com\/wordpress\/plugins\/seo\/ -->\n<title>Miguel e a batalha entre anjos bons e maus em Ap 12,7-12 e hoje - Vida Crist\u00e3 - Franciscanos<\/title>\n<meta name=\"robots\" content=\"index, follow, max-snippet:-1, max-image-preview:large, max-video-preview:-1\" \/>\n<link rel=\"canonical\" href=\"https:\/\/franciscanos.org.br\/vidacrista\/miguel-e-a-batalha-entre-anjos-bons-e-maus-em-ap-127-12-e-hoje\/\" \/>\n<meta property=\"og:locale\" content=\"pt_BR\" \/>\n<meta property=\"og:type\" content=\"article\" \/>\n<meta property=\"og:title\" content=\"Miguel e a batalha entre anjos bons e maus em Ap 12,7-12 e hoje - Vida Crist\u00e3 - Franciscanos\" \/>\n<meta property=\"og:description\" content=\"Artigo de Frei Jacir de Freitas Faria\" \/>\n<meta property=\"og:url\" content=\"https:\/\/franciscanos.org.br\/vidacrista\/miguel-e-a-batalha-entre-anjos-bons-e-maus-em-ap-127-12-e-hoje\/\" \/>\n<meta property=\"og:site_name\" content=\"Vida Crist\u00e3 - Franciscanos\" \/>\n<meta property=\"article:published_time\" content=\"2021-09-28T10:43:34+00:00\" \/>\n<meta property=\"article:modified_time\" content=\"2021-09-29T10:15:48+00:00\" \/>\n<meta property=\"og:image\" content=\"https:\/\/franciscanos.org.br\/vidacrista\/wp-content\/uploads\/2021\/09\/arcanjos_290921.jpg\" \/>\n\t<meta property=\"og:image:width\" content=\"850\" \/>\n\t<meta property=\"og:image:height\" content=\"425\" \/>\n\t<meta property=\"og:image:type\" content=\"image\/jpeg\" \/>\n<meta name=\"author\" content=\"moacir\" \/>\n<meta name=\"twitter:card\" content=\"summary_large_image\" \/>\n<meta name=\"twitter:label1\" content=\"Escrito por\" \/>\n\t<meta name=\"twitter:data1\" content=\"moacir\" \/>\n\t<meta name=\"twitter:label2\" content=\"Est. tempo de leitura\" \/>\n\t<meta name=\"twitter:data2\" content=\"6 minutos\" \/>\n<script type=\"application\/ld+json\" class=\"yoast-schema-graph\">{\"@context\":\"https:\/\/schema.org\",\"@graph\":[{\"@type\":\"WebSite\",\"@id\":\"https:\/\/franciscanos.org.br\/vidacrista\/#website\",\"url\":\"https:\/\/franciscanos.org.br\/vidacrista\/\",\"name\":\"Vida Crist\u00e3 - Franciscanos\",\"description\":\"Prov\u00edncia Franciscana da Imaculada Concei\u00e7\u00e3o do Brasil - Ordem dos Frades Menores\",\"potentialAction\":[{\"@type\":\"SearchAction\",\"target\":{\"@type\":\"EntryPoint\",\"urlTemplate\":\"https:\/\/franciscanos.org.br\/vidacrista\/?s={search_term_string}\"},\"query-input\":\"required name=search_term_string\"}],\"inLanguage\":\"pt-BR\"},{\"@type\":\"WebPage\",\"@id\":\"https:\/\/franciscanos.org.br\/vidacrista\/miguel-e-a-batalha-entre-anjos-bons-e-maus-em-ap-127-12-e-hoje\/\",\"url\":\"https:\/\/franciscanos.org.br\/vidacrista\/miguel-e-a-batalha-entre-anjos-bons-e-maus-em-ap-127-12-e-hoje\/\",\"name\":\"Miguel e a batalha entre anjos bons e maus em Ap 12,7-12 e hoje - Vida Crist\u00e3 - Franciscanos\",\"isPartOf\":{\"@id\":\"https:\/\/franciscanos.org.br\/vidacrista\/#website\"},\"datePublished\":\"2021-09-28T10:43:34+00:00\",\"dateModified\":\"2021-09-29T10:15:48+00:00\",\"author\":{\"@id\":\"https:\/\/franciscanos.org.br\/vidacrista\/#\/schema\/person\/1880bdd2c350b735648725ef7614736a\"},\"breadcrumb\":{\"@id\":\"https:\/\/franciscanos.org.br\/vidacrista\/miguel-e-a-batalha-entre-anjos-bons-e-maus-em-ap-127-12-e-hoje\/#breadcrumb\"},\"inLanguage\":\"pt-BR\",\"potentialAction\":[{\"@type\":\"ReadAction\",\"target\":[\"https:\/\/franciscanos.org.br\/vidacrista\/miguel-e-a-batalha-entre-anjos-bons-e-maus-em-ap-127-12-e-hoje\/\"]}]},{\"@type\":\"BreadcrumbList\",\"@id\":\"https:\/\/franciscanos.org.br\/vidacrista\/miguel-e-a-batalha-entre-anjos-bons-e-maus-em-ap-127-12-e-hoje\/#breadcrumb\",\"itemListElement\":[{\"@type\":\"ListItem\",\"position\":1,\"name\":\"Home\",\"item\":\"https:\/\/franciscanos.org.br\/vidacrista\/\"},{\"@type\":\"ListItem\",\"position\":2,\"name\":\"Miguel e a batalha entre anjos bons e maus em Ap 12,7-12 e hoje\"}]},{\"@type\":\"Person\",\"@id\":\"https:\/\/franciscanos.org.br\/vidacrista\/#\/schema\/person\/1880bdd2c350b735648725ef7614736a\",\"name\":\"moacir\",\"image\":{\"@type\":\"ImageObject\",\"inLanguage\":\"pt-BR\",\"@id\":\"https:\/\/franciscanos.org.br\/vidacrista\/#\/schema\/person\/image\/\",\"url\":\"https:\/\/secure.gravatar.com\/avatar\/d08aa2ce4c8dd416d4479aa8536fcf64?s=96&d=mm&r=g\",\"contentUrl\":\"https:\/\/secure.gravatar.com\/avatar\/d08aa2ce4c8dd416d4479aa8536fcf64?s=96&d=mm&r=g\",\"caption\":\"moacir\"},\"url\":\"https:\/\/franciscanos.org.br\/vidacrista\/author\/moacir\/\"}]}<\/script>\n<!-- \/ Yoast SEO plugin. -->","yoast_head_json":{"title":"Miguel e a batalha entre anjos bons e maus em Ap 12,7-12 e hoje - Vida Crist\u00e3 - Franciscanos","robots":{"index":"index","follow":"follow","max-snippet":"max-snippet:-1","max-image-preview":"max-image-preview:large","max-video-preview":"max-video-preview:-1"},"canonical":"https:\/\/franciscanos.org.br\/vidacrista\/miguel-e-a-batalha-entre-anjos-bons-e-maus-em-ap-127-12-e-hoje\/","og_locale":"pt_BR","og_type":"article","og_title":"Miguel e a batalha entre anjos bons e maus em Ap 12,7-12 e hoje - Vida Crist\u00e3 - Franciscanos","og_description":"Artigo de Frei Jacir de Freitas Faria","og_url":"https:\/\/franciscanos.org.br\/vidacrista\/miguel-e-a-batalha-entre-anjos-bons-e-maus-em-ap-127-12-e-hoje\/","og_site_name":"Vida Crist\u00e3 - Franciscanos","article_published_time":"2021-09-28T10:43:34+00:00","article_modified_time":"2021-09-29T10:15:48+00:00","og_image":[{"width":850,"height":425,"url":"https:\/\/franciscanos.org.br\/vidacrista\/wp-content\/uploads\/2021\/09\/arcanjos_290921.jpg","type":"image\/jpeg"}],"author":"moacir","twitter_card":"summary_large_image","twitter_misc":{"Escrito por":"moacir","Est. tempo de leitura":"6 minutos"},"schema":{"@context":"https:\/\/schema.org","@graph":[{"@type":"WebSite","@id":"https:\/\/franciscanos.org.br\/vidacrista\/#website","url":"https:\/\/franciscanos.org.br\/vidacrista\/","name":"Vida Crist\u00e3 - Franciscanos","description":"Prov\u00edncia Franciscana da Imaculada Concei\u00e7\u00e3o do Brasil - Ordem dos Frades Menores","potentialAction":[{"@type":"SearchAction","target":{"@type":"EntryPoint","urlTemplate":"https:\/\/franciscanos.org.br\/vidacrista\/?s={search_term_string}"},"query-input":"required name=search_term_string"}],"inLanguage":"pt-BR"},{"@type":"WebPage","@id":"https:\/\/franciscanos.org.br\/vidacrista\/miguel-e-a-batalha-entre-anjos-bons-e-maus-em-ap-127-12-e-hoje\/","url":"https:\/\/franciscanos.org.br\/vidacrista\/miguel-e-a-batalha-entre-anjos-bons-e-maus-em-ap-127-12-e-hoje\/","name":"Miguel e a batalha entre anjos bons e maus em Ap 12,7-12 e hoje - Vida Crist\u00e3 - Franciscanos","isPartOf":{"@id":"https:\/\/franciscanos.org.br\/vidacrista\/#website"},"datePublished":"2021-09-28T10:43:34+00:00","dateModified":"2021-09-29T10:15:48+00:00","author":{"@id":"https:\/\/franciscanos.org.br\/vidacrista\/#\/schema\/person\/1880bdd2c350b735648725ef7614736a"},"breadcrumb":{"@id":"https:\/\/franciscanos.org.br\/vidacrista\/miguel-e-a-batalha-entre-anjos-bons-e-maus-em-ap-127-12-e-hoje\/#breadcrumb"},"inLanguage":"pt-BR","potentialAction":[{"@type":"ReadAction","target":["https:\/\/franciscanos.org.br\/vidacrista\/miguel-e-a-batalha-entre-anjos-bons-e-maus-em-ap-127-12-e-hoje\/"]}]},{"@type":"BreadcrumbList","@id":"https:\/\/franciscanos.org.br\/vidacrista\/miguel-e-a-batalha-entre-anjos-bons-e-maus-em-ap-127-12-e-hoje\/#breadcrumb","itemListElement":[{"@type":"ListItem","position":1,"name":"Home","item":"https:\/\/franciscanos.org.br\/vidacrista\/"},{"@type":"ListItem","position":2,"name":"Miguel e a batalha entre anjos bons e maus em Ap 12,7-12 e hoje"}]},{"@type":"Person","@id":"https:\/\/franciscanos.org.br\/vidacrista\/#\/schema\/person\/1880bdd2c350b735648725ef7614736a","name":"moacir","image":{"@type":"ImageObject","inLanguage":"pt-BR","@id":"https:\/\/franciscanos.org.br\/vidacrista\/#\/schema\/person\/image\/","url":"https:\/\/secure.gravatar.com\/avatar\/d08aa2ce4c8dd416d4479aa8536fcf64?s=96&d=mm&r=g","contentUrl":"https:\/\/secure.gravatar.com\/avatar\/d08aa2ce4c8dd416d4479aa8536fcf64?s=96&d=mm&r=g","caption":"moacir"},"url":"https:\/\/franciscanos.org.br\/vidacrista\/author\/moacir\/"}]}},"_links":{"self":[{"href":"https:\/\/franciscanos.org.br\/vidacrista\/wp-json\/wp\/v2\/posts\/190660"}],"collection":[{"href":"https:\/\/franciscanos.org.br\/vidacrista\/wp-json\/wp\/v2\/posts"}],"about":[{"href":"https:\/\/franciscanos.org.br\/vidacrista\/wp-json\/wp\/v2\/types\/post"}],"author":[{"embeddable":true,"href":"https:\/\/franciscanos.org.br\/vidacrista\/wp-json\/wp\/v2\/users\/3"}],"replies":[{"embeddable":true,"href":"https:\/\/franciscanos.org.br\/vidacrista\/wp-json\/wp\/v2\/comments?post=190660"}],"version-history":[{"count":4,"href":"https:\/\/franciscanos.org.br\/vidacrista\/wp-json\/wp\/v2\/posts\/190660\/revisions"}],"predecessor-version":[{"id":190665,"href":"https:\/\/franciscanos.org.br\/vidacrista\/wp-json\/wp\/v2\/posts\/190660\/revisions\/190665"}],"wp:featuredmedia":[{"embeddable":true,"href":"https:\/\/franciscanos.org.br\/vidacrista\/wp-json\/wp\/v2\/media\/190661"}],"wp:attachment":[{"href":"https:\/\/franciscanos.org.br\/vidacrista\/wp-json\/wp\/v2\/media?parent=190660"}],"wp:term":[{"taxonomy":"category","embeddable":true,"href":"https:\/\/franciscanos.org.br\/vidacrista\/wp-json\/wp\/v2\/categories?post=190660"},{"taxonomy":"post_tag","embeddable":true,"href":"https:\/\/franciscanos.org.br\/vidacrista\/wp-json\/wp\/v2\/tags?post=190660"}],"curies":[{"name":"wp","href":"https:\/\/api.w.org\/{rel}","templated":true}]}}