{"id":190653,"date":"2021-09-25T06:41:02","date_gmt":"2021-09-25T09:41:02","guid":{"rendered":"https:\/\/franciscanos.org.br\/vidacrista\/?p=190653"},"modified":"2021-09-25T06:41:02","modified_gmt":"2021-09-25T09:41:02","slug":"viver-melhor","status":"publish","type":"post","link":"https:\/\/franciscanos.org.br\/vidacrista\/viver-melhor\/","title":{"rendered":"Viver melhor"},"content":{"rendered":"<div id=\"attachment_190655\" style=\"width: 850px\" class=\"wp-caption alignnone\"><img aria-describedby=\"caption-attachment-190655\" decoding=\"async\" loading=\"lazy\" class=\"wp-image-190655 size-full\" src=\"https:\/\/franciscanos.org.br\/vidacrista\/wp-content\/uploads\/2021\/09\/artigo_250921ve.png\" alt=\"\" width=\"840\" height=\"460\" srcset=\"https:\/\/franciscanos.org.br\/vidacrista\/wp-content\/uploads\/2021\/09\/artigo_250921ve.png 840w, https:\/\/franciscanos.org.br\/vidacrista\/wp-content\/uploads\/2021\/09\/artigo_250921ve-450x246.png 450w, https:\/\/franciscanos.org.br\/vidacrista\/wp-content\/uploads\/2021\/09\/artigo_250921ve-768x421.png 768w, https:\/\/franciscanos.org.br\/vidacrista\/wp-content\/uploads\/2021\/09\/artigo_250921ve-150x82.png 150w\" sizes=\"(max-width: 840px) 100vw, 840px\" \/><p id=\"caption-attachment-190655\" class=\"wp-caption-text\">\u00a0 \u00a0 \u00a0 \u00a0 \u00a0 \u00a0 \u00a0 \u00a0 \u00a0 \u00a0 \u00a0 \u00a0 \u00a0 \u00a0 \u00a0 \u00a0 \u00a0 \u00a0 \u00a0 \u00a0 \u00a0 \u00a0 \u00a0 \u00a0 \u00a0 \u00a0 \u00a0 \u00a0 \u00a0 \u00a0 \u00a0 \u00a0 \u00a0 \u00a0 <em>\u00a0 \u00a0 \u00a0 \u00a0 \u00a0 \u00a0Imagem ilustrativa: Canva (<a href=\"https:\/\/www.canva.com\/pt_br\/modelos\/\">www.canva.com\/pt_br\/modelos)<\/a><\/em><\/p><\/div>\n<p><strong>Dom Walmor Oliveira de Azevedo<\/strong><\/p>\n<p>Viver melhor h\u00e1 de ser mais que um simples slogan ou apelo por determinada campanha. Menos ainda deve instigar a constru\u00e7\u00e3o de um cotidiano nos limites de uma med\u00edocre \u201czona de conforto\u201d, alimentada pela ilus\u00e3o de condi\u00e7\u00f5es c\u00f4modas para um viver que n\u00e3o \u00e9 sen\u00e3o feito de mesquinhez e distanciamento da solidariedade. Esse \u00e9 um risco real e comum a empurrar indiv\u00edduos e segmentos da sociedade para as estreitezas que alimentam indiferen\u00e7as e incapacitam para a indispens\u00e1vel escuta dos clamores dos pobres e do planeta \u2013 das dores dos outros. Viver melhor seja um programa de vida correndo nos trilhos da exist\u00eancia entre as \u201cbitolas\u201d da conscientiza\u00e7\u00e3o, que ilumina o entendimento adequado da realidade em torno e no seu alcance mais amplo, e a experi\u00eancia alimentadora do vigor e da ternura que alavancam o dia a dia. O viver melhor requer a arte de n\u00e3o se desencarrilhar dessas duas e insubstitu\u00edveis bitolas na qualifica\u00e7\u00e3o da exist\u00eancia humana, para conduzi-la no horizonte de seu verdadeiro sentido. Evidente \u00e9 o desafio que revela inexistente flexibilidade existencial para n\u00e3o desligar-se de uma ou outra dessas \u201cbitolas\u201d, que t\u00eam for\u00e7a de alavanca e equil\u00edbrio.<\/p>\n<p>O viver melhor remete a quest\u00f5es cruciais e pesadas da realidade. Consider\u00e1vel e preocupante \u00e9 o n\u00famero daqueles que n\u00e3o est\u00e3o dando conta de sustentar o pr\u00f3prio viver. Reside a\u00ed importante alerta: provid\u00eancias precisam ser empregadas nos ambientes familiares, nos c\u00edrculos de trabalho, nas rela\u00e7\u00f5es interpessoais e naquelas estabelecidas no interno das institui\u00e7\u00f5es religiosas, art\u00edsticas e tantas outras. H\u00e1 um combate ferrenho a ser travado, porque as estat\u00edsticas dos que desistem de viver \u00e9 alarmante. Crescente \u00e9 o trabalho para salvar vidas, com embasamento cient\u00edfico, procedimentos terap\u00eauticos e relacionais qualificados, apontando para o sentido amplo da responsabilidade sobre a pr\u00f3pria vida e a do outro, com dedica\u00e7\u00e3o, aten\u00e7\u00e3o e ajuda. H\u00e1 uma ci\u00eancia pr\u00f3pria a aprender na capacita\u00e7\u00e3o do entendimento da alma humana, avan\u00e7ando na autocompreens\u00e3o para fecundar a compet\u00eancia do pr\u00f3prio viver. O luto ampliado no horizonte da sociedade, amalgamando, tristemente, n\u00fameros altos de v\u00edtimas da Covid-19 e dos que tiram ou tentam dar fim \u00e0 pr\u00f3pria vida, com outros indicadores relevantes dos cen\u00e1rios vergonhosos da desigualdade social, aponta para a necess\u00e1ria condi\u00e7\u00e3o de aprendizes de um aut\u00eantico viver melhor.<\/p>\n<p>As \u201cbitolas\u201d da conscientiza\u00e7\u00e3o e da experi\u00eancia cont\u00eam diferentes li\u00e7\u00f5es e indicam a necessidade de muitos exerc\u00edcios. Sua desarticula\u00e7\u00e3o produz descarrilamentos e descompassos que incidem prejudicialmente sobre a vida de todos. Por isso, \u00e9 fundamental a qualifica\u00e7\u00e3o da cidadania, considerada o conjunto equilibrado e articulado da participa\u00e7\u00e3o esperada de cada indiv\u00edduo, o que requer clareza a respeito de processos sociopol\u00edticos e econ\u00f4micos e a profundidade do viver como dom. A sociedade brasileira est\u00e1 exigindo resposta nova que haver\u00e1 de ser resultado do envolvimento de todos na compreens\u00e3o do que est\u00e1 ocorrendo. Criar, assim, a lucidez que permite identificar onde est\u00e1 o descompasso para que n\u00e3o se defenda o indefens\u00e1vel. O cidad\u00e3o precisa compreender e se preocupar \u2013 considerando novas respostas e novas escolhas \u2013 saber que o Brasil vive uma conjun\u00e7\u00e3o de crises alimentadas por muitas tens\u00f5es, alavancadas por indiv\u00edduos, segmentos e at\u00e9 institui\u00e7\u00f5es desprovidos da necess\u00e1ria qualidade de balizamento em par\u00e2metros \u00e9ticos e morais. \u00c9 preciso, sem paix\u00f5es partid\u00e1rias e entrincheiramentos em torno de nomes, reconhecer que o Brasil est\u00e1 mergulhado numa conjun\u00e7\u00e3o de crises sem precedentes.<\/p>\n<p>S\u00e3o contradi\u00e7\u00f5es irracionais, a exemplo da constata\u00e7\u00e3o de recordes de safras obtidos pelo agroneg\u00f3cio e destinadas \u00e0 exporta\u00e7\u00e3o, quando mais da metade da popula\u00e7\u00e3o se encontra em situa\u00e7\u00e3o de mis\u00e9ria e fome. N\u00e3o se pode considerar como consequ\u00eancia qualquer a grav\u00edssima crise h\u00eddrica, a pior dos \u00faltimos 90 anos. A crise ambiental pesa sobre a sociedade brasileira, aprofundada por claras manipula\u00e7\u00f5es de decis\u00f5es e escolhas pela hegemonia pecaminosa da for\u00e7a do dinheiro. H\u00e1 grave crise no \u00e2mbito dos direitos humanos \u2013 entidades de defesa dos direitos humanos, organiza\u00e7\u00f5es ind\u00edgenas e de trabalhadores, no campo e na cidade, suas lideran\u00e7as e seus t\u00e9cnicos est\u00e3o submetidos a press\u00f5es e a\u00e7\u00f5es criminosas. Preocupante \u00e9 a evidente corros\u00e3o democr\u00e1tica, com amea\u00e7as aos pilares da democracia. A vigente crise pol\u00edtico-social, que afeta o equil\u00edbrio e o desenvolvimento integral e pac\u00edfico da sociedade brasileira, precisa ser entendida pelo cidad\u00e3o, de modo a identificar seus agentes danosos, condi\u00e7\u00e3o para se elaborar novos crit\u00e9rios de ju\u00edzos. E de escolhas por uma proposta que resulte em mudan\u00e7as de lideran\u00e7as, comandos e funcionamentos pautados pela prioridade do bem comum. A escola da conscientiza\u00e7\u00e3o precisa contar com o conjunto da sociedade \u2013 iniciando um grande n\u00famero de matriculados no \u201cbeab\u00e1\u201d que poder\u00e1 salvar todos dos enquadramentos nocivos, ju\u00edzos equivocados e obscurantistas.<\/p>\n<p>A compreens\u00e3o do funcionamento complexo da sociedade \u00e9 exigente e indispens\u00e1vel, como alavanca de participa\u00e7\u00e3o cidad\u00e3 e democr\u00e1tica na constru\u00e7\u00e3o do bem comum, por meio de agentes que sejam sempre promotores da justi\u00e7a e defensores dos direitos. O desempenho desse papel, individual e conjuntamente, nos v\u00e1rios \u00e2mbitos, requer gente de envergadura human\u00edstica e comprovado equil\u00edbrio emocional. N\u00e3o se pode pretender o \u201cviver melhor\u201d dispensando ou negligenciando a \u201cbitola\u201d da experi\u00eancia que, em sua ess\u00eancia, se temperam e articulam entendimentos capazes de dar raz\u00e3o \u00e0 vida, alimentar as convic\u00e7\u00f5es da solidariedade, garantir a compet\u00eancia dialogal, n\u00e3o permitindo imposi\u00e7\u00f5es partid\u00e1rias e cartoriais comprometendo o bem maior. A experi\u00eancia \u00e9 alicerce indispens\u00e1vel para n\u00e3o se dar hegemonias a ideologias ou a escolhas comprometedoras. A conscientiza\u00e7\u00e3o \u00e9 escola que n\u00e3o se pode dispensar, para se compreender a complexidade da sociedade civil e gerar participa\u00e7\u00e3o l\u00facida. A experi\u00eancia articula o afeto emocional assentado na espiritualidade, nos valores e princ\u00edpios de inquestion\u00e1vel universalidade. A sociedade brasileira est\u00e1 desafiada a percorrer seu caminho nos trilhos do bem comum, emoldurados e impulsionados pelas \u201cbitolas\u201d de l\u00facida e prof\u00e9tica conscientiza\u00e7\u00e3o, de experi\u00eancia afetivo-emocional movida por um humanismo integral para se buscar, permanente e urgentemente, o \u201cviver melhor\u201d.<\/p>\n<hr \/>\n<p><strong>Dom Walmor Oliveira de Azevedo<\/strong> <em>\u00e9 Arcebispo de Belo Horizonte (MG) e presidente da Confer\u00eancia dos Bispos do Brasil (CNBB). Fonte: site CNBB.<\/em><\/p>\n","protected":false},"excerpt":{"rendered":"<p>Artigo de Dom Walmor Oliveira de Azevedo<\/p>\n","protected":false},"author":3,"featured_media":190655,"comment_status":"open","ping_status":"open","sticky":false,"template":"","format":"standard","meta":{"footnotes":""},"categories":[26],"tags":[271],"yoast_head":"<!-- This site is optimized with the Yoast SEO plugin v19.4 - https:\/\/yoast.com\/wordpress\/plugins\/seo\/ -->\n<title>Viver melhor - Vida Crist\u00e3 - Franciscanos<\/title>\n<meta name=\"robots\" content=\"index, follow, max-snippet:-1, max-image-preview:large, max-video-preview:-1\" \/>\n<link rel=\"canonical\" href=\"https:\/\/franciscanos.org.br\/vidacrista\/viver-melhor\/\" \/>\n<meta property=\"og:locale\" content=\"pt_BR\" \/>\n<meta property=\"og:type\" content=\"article\" \/>\n<meta property=\"og:title\" content=\"Viver melhor - Vida Crist\u00e3 - Franciscanos\" \/>\n<meta property=\"og:description\" content=\"Artigo de Dom Walmor Oliveira de Azevedo\" \/>\n<meta property=\"og:url\" content=\"https:\/\/franciscanos.org.br\/vidacrista\/viver-melhor\/\" \/>\n<meta property=\"og:site_name\" content=\"Vida Crist\u00e3 - Franciscanos\" \/>\n<meta property=\"article:published_time\" content=\"2021-09-25T09:41:02+00:00\" \/>\n<meta property=\"og:image\" content=\"https:\/\/franciscanos.org.br\/vidacrista\/wp-content\/uploads\/2021\/09\/artigo_250921ve.png\" \/>\n\t<meta property=\"og:image:width\" content=\"840\" \/>\n\t<meta property=\"og:image:height\" content=\"460\" \/>\n\t<meta property=\"og:image:type\" content=\"image\/png\" \/>\n<meta name=\"author\" content=\"moacir\" \/>\n<meta name=\"twitter:card\" content=\"summary_large_image\" \/>\n<meta name=\"twitter:label1\" content=\"Escrito por\" \/>\n\t<meta name=\"twitter:data1\" content=\"moacir\" \/>\n\t<meta name=\"twitter:label2\" content=\"Est. tempo de leitura\" \/>\n\t<meta name=\"twitter:data2\" content=\"6 minutos\" \/>\n<script type=\"application\/ld+json\" class=\"yoast-schema-graph\">{\"@context\":\"https:\/\/schema.org\",\"@graph\":[{\"@type\":\"WebSite\",\"@id\":\"https:\/\/franciscanos.org.br\/vidacrista\/#website\",\"url\":\"https:\/\/franciscanos.org.br\/vidacrista\/\",\"name\":\"Vida Crist\u00e3 - Franciscanos\",\"description\":\"Prov\u00edncia Franciscana da Imaculada Concei\u00e7\u00e3o do Brasil - Ordem dos Frades Menores\",\"potentialAction\":[{\"@type\":\"SearchAction\",\"target\":{\"@type\":\"EntryPoint\",\"urlTemplate\":\"https:\/\/franciscanos.org.br\/vidacrista\/?s={search_term_string}\"},\"query-input\":\"required name=search_term_string\"}],\"inLanguage\":\"pt-BR\"},{\"@type\":\"WebPage\",\"@id\":\"https:\/\/franciscanos.org.br\/vidacrista\/viver-melhor\/\",\"url\":\"https:\/\/franciscanos.org.br\/vidacrista\/viver-melhor\/\",\"name\":\"Viver melhor - Vida Crist\u00e3 - Franciscanos\",\"isPartOf\":{\"@id\":\"https:\/\/franciscanos.org.br\/vidacrista\/#website\"},\"datePublished\":\"2021-09-25T09:41:02+00:00\",\"dateModified\":\"2021-09-25T09:41:02+00:00\",\"author\":{\"@id\":\"https:\/\/franciscanos.org.br\/vidacrista\/#\/schema\/person\/1880bdd2c350b735648725ef7614736a\"},\"breadcrumb\":{\"@id\":\"https:\/\/franciscanos.org.br\/vidacrista\/viver-melhor\/#breadcrumb\"},\"inLanguage\":\"pt-BR\",\"potentialAction\":[{\"@type\":\"ReadAction\",\"target\":[\"https:\/\/franciscanos.org.br\/vidacrista\/viver-melhor\/\"]}]},{\"@type\":\"BreadcrumbList\",\"@id\":\"https:\/\/franciscanos.org.br\/vidacrista\/viver-melhor\/#breadcrumb\",\"itemListElement\":[{\"@type\":\"ListItem\",\"position\":1,\"name\":\"Home\",\"item\":\"https:\/\/franciscanos.org.br\/vidacrista\/\"},{\"@type\":\"ListItem\",\"position\":2,\"name\":\"Viver melhor\"}]},{\"@type\":\"Person\",\"@id\":\"https:\/\/franciscanos.org.br\/vidacrista\/#\/schema\/person\/1880bdd2c350b735648725ef7614736a\",\"name\":\"moacir\",\"image\":{\"@type\":\"ImageObject\",\"inLanguage\":\"pt-BR\",\"@id\":\"https:\/\/franciscanos.org.br\/vidacrista\/#\/schema\/person\/image\/\",\"url\":\"https:\/\/secure.gravatar.com\/avatar\/d08aa2ce4c8dd416d4479aa8536fcf64?s=96&d=mm&r=g\",\"contentUrl\":\"https:\/\/secure.gravatar.com\/avatar\/d08aa2ce4c8dd416d4479aa8536fcf64?s=96&d=mm&r=g\",\"caption\":\"moacir\"},\"url\":\"https:\/\/franciscanos.org.br\/vidacrista\/author\/moacir\/\"}]}<\/script>\n<!-- \/ Yoast SEO plugin. -->","yoast_head_json":{"title":"Viver melhor - Vida Crist\u00e3 - Franciscanos","robots":{"index":"index","follow":"follow","max-snippet":"max-snippet:-1","max-image-preview":"max-image-preview:large","max-video-preview":"max-video-preview:-1"},"canonical":"https:\/\/franciscanos.org.br\/vidacrista\/viver-melhor\/","og_locale":"pt_BR","og_type":"article","og_title":"Viver melhor - Vida Crist\u00e3 - Franciscanos","og_description":"Artigo de Dom Walmor Oliveira de Azevedo","og_url":"https:\/\/franciscanos.org.br\/vidacrista\/viver-melhor\/","og_site_name":"Vida Crist\u00e3 - Franciscanos","article_published_time":"2021-09-25T09:41:02+00:00","og_image":[{"width":840,"height":460,"url":"https:\/\/franciscanos.org.br\/vidacrista\/wp-content\/uploads\/2021\/09\/artigo_250921ve.png","type":"image\/png"}],"author":"moacir","twitter_card":"summary_large_image","twitter_misc":{"Escrito por":"moacir","Est. tempo de leitura":"6 minutos"},"schema":{"@context":"https:\/\/schema.org","@graph":[{"@type":"WebSite","@id":"https:\/\/franciscanos.org.br\/vidacrista\/#website","url":"https:\/\/franciscanos.org.br\/vidacrista\/","name":"Vida Crist\u00e3 - Franciscanos","description":"Prov\u00edncia Franciscana da Imaculada Concei\u00e7\u00e3o do Brasil - Ordem dos Frades Menores","potentialAction":[{"@type":"SearchAction","target":{"@type":"EntryPoint","urlTemplate":"https:\/\/franciscanos.org.br\/vidacrista\/?s={search_term_string}"},"query-input":"required name=search_term_string"}],"inLanguage":"pt-BR"},{"@type":"WebPage","@id":"https:\/\/franciscanos.org.br\/vidacrista\/viver-melhor\/","url":"https:\/\/franciscanos.org.br\/vidacrista\/viver-melhor\/","name":"Viver melhor - Vida Crist\u00e3 - Franciscanos","isPartOf":{"@id":"https:\/\/franciscanos.org.br\/vidacrista\/#website"},"datePublished":"2021-09-25T09:41:02+00:00","dateModified":"2021-09-25T09:41:02+00:00","author":{"@id":"https:\/\/franciscanos.org.br\/vidacrista\/#\/schema\/person\/1880bdd2c350b735648725ef7614736a"},"breadcrumb":{"@id":"https:\/\/franciscanos.org.br\/vidacrista\/viver-melhor\/#breadcrumb"},"inLanguage":"pt-BR","potentialAction":[{"@type":"ReadAction","target":["https:\/\/franciscanos.org.br\/vidacrista\/viver-melhor\/"]}]},{"@type":"BreadcrumbList","@id":"https:\/\/franciscanos.org.br\/vidacrista\/viver-melhor\/#breadcrumb","itemListElement":[{"@type":"ListItem","position":1,"name":"Home","item":"https:\/\/franciscanos.org.br\/vidacrista\/"},{"@type":"ListItem","position":2,"name":"Viver melhor"}]},{"@type":"Person","@id":"https:\/\/franciscanos.org.br\/vidacrista\/#\/schema\/person\/1880bdd2c350b735648725ef7614736a","name":"moacir","image":{"@type":"ImageObject","inLanguage":"pt-BR","@id":"https:\/\/franciscanos.org.br\/vidacrista\/#\/schema\/person\/image\/","url":"https:\/\/secure.gravatar.com\/avatar\/d08aa2ce4c8dd416d4479aa8536fcf64?s=96&d=mm&r=g","contentUrl":"https:\/\/secure.gravatar.com\/avatar\/d08aa2ce4c8dd416d4479aa8536fcf64?s=96&d=mm&r=g","caption":"moacir"},"url":"https:\/\/franciscanos.org.br\/vidacrista\/author\/moacir\/"}]}},"_links":{"self":[{"href":"https:\/\/franciscanos.org.br\/vidacrista\/wp-json\/wp\/v2\/posts\/190653"}],"collection":[{"href":"https:\/\/franciscanos.org.br\/vidacrista\/wp-json\/wp\/v2\/posts"}],"about":[{"href":"https:\/\/franciscanos.org.br\/vidacrista\/wp-json\/wp\/v2\/types\/post"}],"author":[{"embeddable":true,"href":"https:\/\/franciscanos.org.br\/vidacrista\/wp-json\/wp\/v2\/users\/3"}],"replies":[{"embeddable":true,"href":"https:\/\/franciscanos.org.br\/vidacrista\/wp-json\/wp\/v2\/comments?post=190653"}],"version-history":[{"count":1,"href":"https:\/\/franciscanos.org.br\/vidacrista\/wp-json\/wp\/v2\/posts\/190653\/revisions"}],"predecessor-version":[{"id":190656,"href":"https:\/\/franciscanos.org.br\/vidacrista\/wp-json\/wp\/v2\/posts\/190653\/revisions\/190656"}],"wp:featuredmedia":[{"embeddable":true,"href":"https:\/\/franciscanos.org.br\/vidacrista\/wp-json\/wp\/v2\/media\/190655"}],"wp:attachment":[{"href":"https:\/\/franciscanos.org.br\/vidacrista\/wp-json\/wp\/v2\/media?parent=190653"}],"wp:term":[{"taxonomy":"category","embeddable":true,"href":"https:\/\/franciscanos.org.br\/vidacrista\/wp-json\/wp\/v2\/categories?post=190653"},{"taxonomy":"post_tag","embeddable":true,"href":"https:\/\/franciscanos.org.br\/vidacrista\/wp-json\/wp\/v2\/tags?post=190653"}],"curies":[{"name":"wp","href":"https:\/\/api.w.org\/{rel}","templated":true}]}}