{"id":190630,"date":"2021-09-18T06:37:42","date_gmt":"2021-09-18T09:37:42","guid":{"rendered":"https:\/\/franciscanos.org.br\/vidacrista\/?p=190630"},"modified":"2021-09-18T06:37:42","modified_gmt":"2021-09-18T09:37:42","slug":"parlamentar-catolico","status":"publish","type":"post","link":"https:\/\/franciscanos.org.br\/vidacrista\/parlamentar-catolico\/","title":{"rendered":"Parlamentar cat\u00f3lico"},"content":{"rendered":"<div id=\"attachment_190631\" style=\"width: 850px\" class=\"wp-caption alignnone\"><img aria-describedby=\"caption-attachment-190631\" decoding=\"async\" loading=\"lazy\" class=\"wp-image-190631 size-full\" src=\"https:\/\/franciscanos.org.br\/vidacrista\/wp-content\/uploads\/2021\/09\/artigo_180921.png\" alt=\"\" width=\"840\" height=\"450\" srcset=\"https:\/\/franciscanos.org.br\/vidacrista\/wp-content\/uploads\/2021\/09\/artigo_180921.png 840w, https:\/\/franciscanos.org.br\/vidacrista\/wp-content\/uploads\/2021\/09\/artigo_180921-450x241.png 450w, https:\/\/franciscanos.org.br\/vidacrista\/wp-content\/uploads\/2021\/09\/artigo_180921-768x411.png 768w, https:\/\/franciscanos.org.br\/vidacrista\/wp-content\/uploads\/2021\/09\/artigo_180921-150x80.png 150w\" sizes=\"(max-width: 840px) 100vw, 840px\" \/><p id=\"caption-attachment-190631\" class=\"wp-caption-text\">\u00a0 \u00a0 \u00a0 \u00a0 \u00a0 \u00a0 \u00a0 \u00a0 \u00a0 \u00a0 \u00a0 \u00a0 \u00a0 \u00a0 \u00a0 \u00a0 \u00a0 \u00a0 \u00a0 \u00a0 \u00a0 \u00a0 \u00a0 \u00a0 \u00a0 \u00a0 \u00a0 \u00a0 \u00a0 \u00a0 \u00a0 \u00a0 \u00a0 \u00a0 \u00a0 \u00a0 \u00a0 \u00a0 \u00a0 \u00a0 \u00a0 \u00a0 \u00a0<em> \u00a0Imagem ilustrativa: Canva <a href=\"https:\/\/www.canva.com\/pt_br\/modelos\/\">(www.canva.com\/pt_br\/modelos<\/a>)<\/em><\/p><\/div>\n<p><strong>Dom Walmor Oliveira de Azevedo<\/strong><\/p>\n<p>A Confer\u00eancia Nacional dos Bispos do Brasil (CNBB) promoveu nesta semana, no ambiente digital, o Encontro de Parlamentares Cat\u00f3licos, importante investimento nos parlamentares que professam a f\u00e9 crist\u00e3. No horizonte est\u00e1 o desafio de iluminar o exerc\u00edcio da pol\u00edtica com os valores do Evangelho de Jesus Cristo, pois a f\u00e9 crist\u00e3 cat\u00f3lica qualifica as a\u00e7\u00f5es cidad\u00e3s e parlamentares. Compreende-se, assim, a import\u00e2ncia de articular uma frente parlamentar cat\u00f3lica \u2013 jamais para estabelecer entrincheiramento na defesa de interesses cartoriais. Ao inv\u00e9s disso, a prioridade \u00e9 a defesa do bem comum, do sentido inegoci\u00e1vel da solidariedade e da igualdade, promovendo princ\u00edpios democr\u00e1ticos.<\/p>\n<p>A f\u00e9 crist\u00e3 tem uma grandeza que emoldura e inspira o exerc\u00edcio da pol\u00edtica na sua essencialidade, de forma s\u00e9ria e sincera dedicada ao bem das pessoas, por meio de legisla\u00e7\u00f5es que garantam o direito e a justi\u00e7a, na verdade e na paz. Essa \u00e9 a raz\u00e3o de a Igreja sensibilizar homens e mulheres a participarem da pol\u00edtica, sempre seguindo o horizonte rico e inspirador de sua Doutrina Social. O servi\u00e7o \u00e0 sociedade nas inst\u00e2ncias do poder \u00e9 exigente e complexo, principalmente no atual contexto, quando h\u00e1 necessidade de ser configurado novo tecido sociopol\u00edtico no Brasil. Merecem aten\u00e7\u00e3o os desdobramentos hist\u00f3ricos da pol\u00edtica brasileira e o agravamento de muitos problemas, especialmente em raz\u00e3o da pandemia. Em curso, verifica-se a precipita\u00e7\u00e3o perigosa da cidadania no abismo das polariza\u00e7\u00f5es e extremismos, refor\u00e7ados por mudan\u00e7as culturais velozes e, especialmente, pelos impactos das redes sociais, nem sempre adequadamente administradas. Esse cen\u00e1rio desafiador emoldura o exerc\u00edcio da pol\u00edtica.<\/p>\n<p>O parlamentar cat\u00f3lico tem, pois, a responsabilidade de exercer a representa\u00e7\u00e3o dos cidad\u00e3os nos trilhos de valores e princ\u00edpios que impulsionem transforma\u00e7\u00f5es, ofere\u00e7am respostas novas para os problemas atuais e alimentem o horizonte cidad\u00e3o com as convic\u00e7\u00f5es da fraternidade universal. A partir dessa convic\u00e7\u00e3o, o encontro de parlamentares cat\u00f3licos promovido pela CNBB busca contribuir para que os pol\u00edticos fortale\u00e7am sempre, e cada vez mais, sua fidelidade aos valores do Evangelho de Jesus Cristo. Ao contar com a voca\u00e7\u00e3o pol\u00edtica de parlamentares cat\u00f3licos, na esperan\u00e7a de desempenhos qualificados, a Igreja investe para promover a \u201cpol\u00edtica melhor\u201d, conforme \u00e9 conceituada no cap\u00edtulo quinto da Carta Enc\u00edclica Fratelli Tutti, do Papa Francisco.<\/p>\n<p>O \u00e1pice do encontro organizado pela CNBB foi o di\u00e1logo da Igreja com os parlamentares \u2013 oportunidade para indicar suas expectativas e, tamb\u00e9m, para que ou\u00e7am partilhas da Igreja. Esse di\u00e1logo permite o aperfei\u00e7oamento do servi\u00e7o na pol\u00edtica e nutre a esperan\u00e7a de um novo tempo, ao possibilitar amadurecimentos, com a permanente avalia\u00e7\u00e3o dos crit\u00e9rios que podem nortear decis\u00f5es. O par\u00e2metro desses salutares e cont\u00ednuos debates, como compromisso de f\u00e9, alicer\u00e7ando a op\u00e7\u00e3o pol\u00edtica e partid\u00e1ria, ser\u00e1 sempre a Doutrina Social da Igreja, diretriz para os crist\u00e3os. A meta insubstitu\u00edvel da \u201cpol\u00edtica melhor\u201d \u00e9 o bem comum, garantia de um desenvolvimento integral e sustent\u00e1vel. N\u00e3o se trata, evidentemente, do caminho dos conchavos ou da defesa de interesses particulares, das bancadas que dificultam a configura\u00e7\u00e3o de uma realidade diferente. O parlamentar cat\u00f3lico sabe o quanto \u00e9 essencial engajar-se em um processo de mudan\u00e7a do pr\u00f3prio cora\u00e7\u00e3o, nos h\u00e1bitos e estilos de vida. Os que professam a f\u00e9 crist\u00e3 compreendem, por exemplo, que n\u00e3o se pode continuar a investir em propaganda pol\u00edtica promotora de uma cultura individualista. Essa linha de propaganda busca levar a opini\u00e3o p\u00fablica a alimentar uma economia desenfreada e patrocinadora do consumismo que torna a sociedade submissa aos que j\u00e1 acumulam demasiado poder.<\/p>\n<p>O di\u00e1logo entre Igreja e parlamentares cat\u00f3licos \u00e9 o exerc\u00edcio de uma indispens\u00e1vel e cont\u00ednua tarefa educativa para que a pol\u00edtica seja promotora da solidariedade, fortalecendo a capacidade de pensar a vida humana de forma integral, com fecundidade espiritual capaz de alavancar profundas mudan\u00e7as. N\u00e3o se trata de um processo f\u00e1cil \u2013 exige-se envergadura moral e human\u00edstica. E para que essas transforma\u00e7\u00f5es sejam efetivadas, certos princ\u00edpios precisam ser reconhecidos como \u201ccl\u00e1usula p\u00e9trea\u201d. O Papa Francisco sublinha, por exemplo, que a pol\u00edtica n\u00e3o deve submeter-se \u00e0 economia. Na Enc\u00edclica Fratelli Tutti, argumenta: a rejei\u00e7\u00e3o do mau uso do poder, o combate \u00e0 corrup\u00e7\u00e3o, ao desrespeito \u00e0s leis e \u00e0 inefici\u00eancia n\u00e3o podem justificar uma economia sem pol\u00edtica. A economia sem pol\u00edtica \u00e9 incapaz de promover outra l\u00f3gica para governar os v\u00e1rios aspectos da crise atual.<\/p>\n<p>Nessa dire\u00e7\u00e3o, compreende-se a import\u00e2ncia do qualificado exerc\u00edcio da pol\u00edtica, com vis\u00e3o ampla e abertura ao di\u00e1logo, contribuindo para que a sociedade encontre novos rumos. O caminho \u00e9 longo, com desafios, consideradas as corre\u00e7\u00f5es de equ\u00edvocos hist\u00f3ricos. Mas \u00e9 preciso persistir, em um trabalho permanente. Por isso mesmo, a Igreja Cat\u00f3lica investe e espera muito dos parlamentares cat\u00f3licos no cumprimento de sua tarefa cidad\u00e3: \u00e0 luz da f\u00e9 e dos valores do Evangelho de Jesus Cristo, possam contribuir sempre mais para a reconstru\u00e7\u00e3o do Brasil.<\/p>\n<hr \/>\n<p><strong>Dom Walmor Oliveira de Azevedo<\/strong> <em>\u00e9 Arcebispo metropolitano de Belo Horizonte e presidente da Confer\u00eancia Nacional dos Bispos do Brasil (CNBB).<\/em><\/p>\n","protected":false},"excerpt":{"rendered":"<p>Artigo de Dom Walmor Oliveira de Azevedo<\/p>\n","protected":false},"author":3,"featured_media":190632,"comment_status":"open","ping_status":"open","sticky":false,"template":"","format":"standard","meta":{"footnotes":""},"categories":[26],"tags":[271],"yoast_head":"<!-- This site is optimized with the Yoast SEO plugin v19.4 - https:\/\/yoast.com\/wordpress\/plugins\/seo\/ -->\n<title>Parlamentar cat\u00f3lico - Vida Crist\u00e3 - Franciscanos<\/title>\n<meta name=\"robots\" content=\"index, follow, max-snippet:-1, max-image-preview:large, max-video-preview:-1\" \/>\n<link rel=\"canonical\" href=\"https:\/\/franciscanos.org.br\/vidacrista\/parlamentar-catolico\/\" \/>\n<meta property=\"og:locale\" content=\"pt_BR\" \/>\n<meta property=\"og:type\" content=\"article\" \/>\n<meta property=\"og:title\" content=\"Parlamentar cat\u00f3lico - Vida Crist\u00e3 - Franciscanos\" \/>\n<meta property=\"og:description\" content=\"Artigo de Dom Walmor Oliveira de Azevedo\" \/>\n<meta property=\"og:url\" content=\"https:\/\/franciscanos.org.br\/vidacrista\/parlamentar-catolico\/\" \/>\n<meta property=\"og:site_name\" content=\"Vida Crist\u00e3 - Franciscanos\" \/>\n<meta property=\"article:published_time\" content=\"2021-09-18T09:37:42+00:00\" \/>\n<meta property=\"og:image\" content=\"https:\/\/franciscanos.org.br\/vidacrista\/wp-content\/uploads\/2021\/09\/artigo_180921d.png\" \/>\n\t<meta property=\"og:image:width\" content=\"800\" \/>\n\t<meta property=\"og:image:height\" content=\"550\" \/>\n\t<meta property=\"og:image:type\" content=\"image\/png\" \/>\n<meta name=\"author\" content=\"moacir\" \/>\n<meta name=\"twitter:card\" content=\"summary_large_image\" \/>\n<meta name=\"twitter:label1\" content=\"Escrito por\" \/>\n\t<meta name=\"twitter:data1\" content=\"moacir\" \/>\n\t<meta name=\"twitter:label2\" content=\"Est. tempo de leitura\" \/>\n\t<meta name=\"twitter:data2\" content=\"5 minutos\" \/>\n<script type=\"application\/ld+json\" class=\"yoast-schema-graph\">{\"@context\":\"https:\/\/schema.org\",\"@graph\":[{\"@type\":\"WebSite\",\"@id\":\"https:\/\/franciscanos.org.br\/vidacrista\/#website\",\"url\":\"https:\/\/franciscanos.org.br\/vidacrista\/\",\"name\":\"Vida Crist\u00e3 - Franciscanos\",\"description\":\"Prov\u00edncia Franciscana da Imaculada Concei\u00e7\u00e3o do Brasil - Ordem dos Frades Menores\",\"potentialAction\":[{\"@type\":\"SearchAction\",\"target\":{\"@type\":\"EntryPoint\",\"urlTemplate\":\"https:\/\/franciscanos.org.br\/vidacrista\/?s={search_term_string}\"},\"query-input\":\"required name=search_term_string\"}],\"inLanguage\":\"pt-BR\"},{\"@type\":\"WebPage\",\"@id\":\"https:\/\/franciscanos.org.br\/vidacrista\/parlamentar-catolico\/\",\"url\":\"https:\/\/franciscanos.org.br\/vidacrista\/parlamentar-catolico\/\",\"name\":\"Parlamentar cat\u00f3lico - Vida Crist\u00e3 - Franciscanos\",\"isPartOf\":{\"@id\":\"https:\/\/franciscanos.org.br\/vidacrista\/#website\"},\"datePublished\":\"2021-09-18T09:37:42+00:00\",\"dateModified\":\"2021-09-18T09:37:42+00:00\",\"author\":{\"@id\":\"https:\/\/franciscanos.org.br\/vidacrista\/#\/schema\/person\/1880bdd2c350b735648725ef7614736a\"},\"breadcrumb\":{\"@id\":\"https:\/\/franciscanos.org.br\/vidacrista\/parlamentar-catolico\/#breadcrumb\"},\"inLanguage\":\"pt-BR\",\"potentialAction\":[{\"@type\":\"ReadAction\",\"target\":[\"https:\/\/franciscanos.org.br\/vidacrista\/parlamentar-catolico\/\"]}]},{\"@type\":\"BreadcrumbList\",\"@id\":\"https:\/\/franciscanos.org.br\/vidacrista\/parlamentar-catolico\/#breadcrumb\",\"itemListElement\":[{\"@type\":\"ListItem\",\"position\":1,\"name\":\"Home\",\"item\":\"https:\/\/franciscanos.org.br\/vidacrista\/\"},{\"@type\":\"ListItem\",\"position\":2,\"name\":\"Parlamentar cat\u00f3lico\"}]},{\"@type\":\"Person\",\"@id\":\"https:\/\/franciscanos.org.br\/vidacrista\/#\/schema\/person\/1880bdd2c350b735648725ef7614736a\",\"name\":\"moacir\",\"image\":{\"@type\":\"ImageObject\",\"inLanguage\":\"pt-BR\",\"@id\":\"https:\/\/franciscanos.org.br\/vidacrista\/#\/schema\/person\/image\/\",\"url\":\"https:\/\/secure.gravatar.com\/avatar\/d08aa2ce4c8dd416d4479aa8536fcf64?s=96&d=mm&r=g\",\"contentUrl\":\"https:\/\/secure.gravatar.com\/avatar\/d08aa2ce4c8dd416d4479aa8536fcf64?s=96&d=mm&r=g\",\"caption\":\"moacir\"},\"url\":\"https:\/\/franciscanos.org.br\/vidacrista\/author\/moacir\/\"}]}<\/script>\n<!-- \/ Yoast SEO plugin. -->","yoast_head_json":{"title":"Parlamentar cat\u00f3lico - Vida Crist\u00e3 - Franciscanos","robots":{"index":"index","follow":"follow","max-snippet":"max-snippet:-1","max-image-preview":"max-image-preview:large","max-video-preview":"max-video-preview:-1"},"canonical":"https:\/\/franciscanos.org.br\/vidacrista\/parlamentar-catolico\/","og_locale":"pt_BR","og_type":"article","og_title":"Parlamentar cat\u00f3lico - Vida Crist\u00e3 - Franciscanos","og_description":"Artigo de Dom Walmor Oliveira de Azevedo","og_url":"https:\/\/franciscanos.org.br\/vidacrista\/parlamentar-catolico\/","og_site_name":"Vida Crist\u00e3 - Franciscanos","article_published_time":"2021-09-18T09:37:42+00:00","og_image":[{"width":800,"height":550,"url":"https:\/\/franciscanos.org.br\/vidacrista\/wp-content\/uploads\/2021\/09\/artigo_180921d.png","type":"image\/png"}],"author":"moacir","twitter_card":"summary_large_image","twitter_misc":{"Escrito por":"moacir","Est. tempo de leitura":"5 minutos"},"schema":{"@context":"https:\/\/schema.org","@graph":[{"@type":"WebSite","@id":"https:\/\/franciscanos.org.br\/vidacrista\/#website","url":"https:\/\/franciscanos.org.br\/vidacrista\/","name":"Vida Crist\u00e3 - Franciscanos","description":"Prov\u00edncia Franciscana da Imaculada Concei\u00e7\u00e3o do Brasil - Ordem dos Frades Menores","potentialAction":[{"@type":"SearchAction","target":{"@type":"EntryPoint","urlTemplate":"https:\/\/franciscanos.org.br\/vidacrista\/?s={search_term_string}"},"query-input":"required name=search_term_string"}],"inLanguage":"pt-BR"},{"@type":"WebPage","@id":"https:\/\/franciscanos.org.br\/vidacrista\/parlamentar-catolico\/","url":"https:\/\/franciscanos.org.br\/vidacrista\/parlamentar-catolico\/","name":"Parlamentar cat\u00f3lico - Vida Crist\u00e3 - Franciscanos","isPartOf":{"@id":"https:\/\/franciscanos.org.br\/vidacrista\/#website"},"datePublished":"2021-09-18T09:37:42+00:00","dateModified":"2021-09-18T09:37:42+00:00","author":{"@id":"https:\/\/franciscanos.org.br\/vidacrista\/#\/schema\/person\/1880bdd2c350b735648725ef7614736a"},"breadcrumb":{"@id":"https:\/\/franciscanos.org.br\/vidacrista\/parlamentar-catolico\/#breadcrumb"},"inLanguage":"pt-BR","potentialAction":[{"@type":"ReadAction","target":["https:\/\/franciscanos.org.br\/vidacrista\/parlamentar-catolico\/"]}]},{"@type":"BreadcrumbList","@id":"https:\/\/franciscanos.org.br\/vidacrista\/parlamentar-catolico\/#breadcrumb","itemListElement":[{"@type":"ListItem","position":1,"name":"Home","item":"https:\/\/franciscanos.org.br\/vidacrista\/"},{"@type":"ListItem","position":2,"name":"Parlamentar cat\u00f3lico"}]},{"@type":"Person","@id":"https:\/\/franciscanos.org.br\/vidacrista\/#\/schema\/person\/1880bdd2c350b735648725ef7614736a","name":"moacir","image":{"@type":"ImageObject","inLanguage":"pt-BR","@id":"https:\/\/franciscanos.org.br\/vidacrista\/#\/schema\/person\/image\/","url":"https:\/\/secure.gravatar.com\/avatar\/d08aa2ce4c8dd416d4479aa8536fcf64?s=96&d=mm&r=g","contentUrl":"https:\/\/secure.gravatar.com\/avatar\/d08aa2ce4c8dd416d4479aa8536fcf64?s=96&d=mm&r=g","caption":"moacir"},"url":"https:\/\/franciscanos.org.br\/vidacrista\/author\/moacir\/"}]}},"_links":{"self":[{"href":"https:\/\/franciscanos.org.br\/vidacrista\/wp-json\/wp\/v2\/posts\/190630"}],"collection":[{"href":"https:\/\/franciscanos.org.br\/vidacrista\/wp-json\/wp\/v2\/posts"}],"about":[{"href":"https:\/\/franciscanos.org.br\/vidacrista\/wp-json\/wp\/v2\/types\/post"}],"author":[{"embeddable":true,"href":"https:\/\/franciscanos.org.br\/vidacrista\/wp-json\/wp\/v2\/users\/3"}],"replies":[{"embeddable":true,"href":"https:\/\/franciscanos.org.br\/vidacrista\/wp-json\/wp\/v2\/comments?post=190630"}],"version-history":[{"count":1,"href":"https:\/\/franciscanos.org.br\/vidacrista\/wp-json\/wp\/v2\/posts\/190630\/revisions"}],"predecessor-version":[{"id":190633,"href":"https:\/\/franciscanos.org.br\/vidacrista\/wp-json\/wp\/v2\/posts\/190630\/revisions\/190633"}],"wp:featuredmedia":[{"embeddable":true,"href":"https:\/\/franciscanos.org.br\/vidacrista\/wp-json\/wp\/v2\/media\/190632"}],"wp:attachment":[{"href":"https:\/\/franciscanos.org.br\/vidacrista\/wp-json\/wp\/v2\/media?parent=190630"}],"wp:term":[{"taxonomy":"category","embeddable":true,"href":"https:\/\/franciscanos.org.br\/vidacrista\/wp-json\/wp\/v2\/categories?post=190630"},{"taxonomy":"post_tag","embeddable":true,"href":"https:\/\/franciscanos.org.br\/vidacrista\/wp-json\/wp\/v2\/tags?post=190630"}],"curies":[{"name":"wp","href":"https:\/\/api.w.org\/{rel}","templated":true}]}}