{"id":190596,"date":"2021-09-15T08:48:34","date_gmt":"2021-09-15T11:48:34","guid":{"rendered":"https:\/\/franciscanos.org.br\/vidacrista\/?p=190596"},"modified":"2021-09-15T08:48:56","modified_gmt":"2021-09-15T11:48:56","slug":"atos-dos-apostolos-e-o-espirito-santo","status":"publish","type":"post","link":"https:\/\/franciscanos.org.br\/vidacrista\/atos-dos-apostolos-e-o-espirito-santo\/","title":{"rendered":"Atos dos Ap\u00f3stolos e o Esp\u00edrito Santo"},"content":{"rendered":"<div id=\"attachment_190597\" style=\"width: 850px\" class=\"wp-caption alignleft\"><img aria-describedby=\"caption-attachment-190597\" decoding=\"async\" loading=\"lazy\" class=\"wp-image-190597 size-full\" src=\"https:\/\/franciscanos.org.br\/vidacrista\/wp-content\/uploads\/2021\/09\/atos_150921.jpg\" alt=\"\" width=\"840\" height=\"450\" srcset=\"https:\/\/franciscanos.org.br\/vidacrista\/wp-content\/uploads\/2021\/09\/atos_150921.jpg 840w, https:\/\/franciscanos.org.br\/vidacrista\/wp-content\/uploads\/2021\/09\/atos_150921-450x241.jpg 450w, https:\/\/franciscanos.org.br\/vidacrista\/wp-content\/uploads\/2021\/09\/atos_150921-768x411.jpg 768w, https:\/\/franciscanos.org.br\/vidacrista\/wp-content\/uploads\/2021\/09\/atos_150921-150x80.jpg 150w\" sizes=\"(max-width: 840px) 100vw, 840px\" \/><p id=\"caption-attachment-190597\" class=\"wp-caption-text\"><em>Imagem: Pedro cura aleijado\/Masolino 1338-1447 (Capela Museu Brancacci, Santa Maria del Carmine, Floren\u00e7a)<\/em><\/p><\/div>\n<p>Frei Luiz Iakovacz<\/p>\n<p>Na hist\u00f3ria da Igreja, at\u00e9 meados do S\u00e9culo II, o livro Atos dos Ap\u00f3stolos teve v\u00e1rios nomes, entre eles, o de \u201cEvangelho do Esp\u00edrito Santo\u201d. De fato, ele \u00e9 citado 55 vezes, ora animando mission\u00e1rios e comunidades, ora iluminando os passos a serem dados e, outras vezes, tomando decis\u00f5es com eles.<\/p>\n<p>Logo ap\u00f3s Pentecostes, membros do Sin\u00e9drio, intrigados com a cura de um coxo, prendem os ap\u00f3stolos Pedro e Jo\u00e3o, questionando-os em \u2018nome de quem realizaram o milagre\u2019 (cf. 3,1-11). Respondem que foi em nome de Jesus e, \u2018cheios do Esp\u00edrito Santo\u2019, os acusam de serem os autores da morte de Jesus, mas \u201cDeus O ressuscitou e disso n\u00f3s somos testemunhas\u201d (Cf. 4,5-10). Vendo a firmeza de suas palavras e a estima que o povo lhes tinha (cf. 4,13ss), o Sin\u00e9drio, mediante severa amea\u00e7a, os pro\u00edbe de \u201censinarem em nome de Jesus. Eles, por\u00e9m, respondem: julgai-o v\u00f3s mesmos se \u00e9 justo obedecer mais aos homens que a Deus. N\u00f3s n\u00e3o podemos deixar de falar das coisas que vimos e ouvimos\u201d (cf. 4,13-22). Quando este fato foi contado \u00e0 comunidade que estava em ora\u00e7\u00e3o \u201ctremeu o lugar onde estavam reunidos, ficaram cheios do Esp\u00edrito Santo e anunciavam, com firmeza, a Palavra de Deus\u201d (4,31). Assim, a comunidade inteira toma consci\u00eancia de que ela \u00e9 uma prolonga\u00e7\u00e3o do Pentecostes das 120 pessoas (1,15; 2,4).<\/p>\n<p>Por desacatarem a proibi\u00e7\u00e3o de pregar, os ap\u00f3stolos s\u00e3o, novamente, presos e a decis\u00e3o do Sin\u00e9drio \u00e9 de mat\u00e1-los. Ouvindo, por\u00e9m, o conselho de Gamaliel, deram-lhes a liberdade, mas, antes, os a\u00e7oitaram. Sa\u00edram \u201ccontentes por sofrerem afrontas em nome de Jesus. E n\u00e3o cessavam de anunciar a Boa Nova no Templo e nas casas\u201d (5,33-42).<\/p>\n<p>Na escolha dos Sete Di\u00e1conos, o principal crit\u00e9rio \u00e9 que sejam \u201ccheios do Espirito Santo e de sabedoria\u201d (6,3). Estev\u00e3o era um \u201chomem cheio de f\u00e9 e do Esp\u00edrito Santo (6,5). As lideran\u00e7as da sinagoga n\u00e3o resistiam \u201c\u00e0 sabedoria e ao Esp\u00edrito que inspiravam suas palavras\u201d. Por isso, levaram-no ao Sin\u00e9drio. Estev\u00e3o n\u00e3o se intimidou e acusou seus membros de \u201ccerviz dura, incircuncisos de cora\u00e7\u00e3o e ouvidos. V\u00f3s sempre resistis ao Esp\u00edrito\u201d (7,51). A estas palavras \u201crangeram os dentes, taparam os ouvidos, levaram-no para fora da cidade e o apedrejaram\u201d. Est\u00eav\u00e3o, cheio do Esp\u00edrito Santo os perdoou e entregou seu esp\u00edrito ao Pai (cf. 7,54-58), assim como Jesus fez, na cruz.<\/p>\n<p>O Esp\u00edrito Santo, tamb\u00e9m, ilumina as etapas da miss\u00e3o. \u00c9 ele que impele Felipe a se aproximar do et\u00edope que voltava de Jerusal\u00e9m e, em seu carro, lia as Sagradas Escrituras. Ap\u00f3s as explica\u00e7\u00f5es, pede e recebe o batismo (8,26-40).<\/p>\n<p>O mesmo sucede com o centuri\u00e3o Corn\u00e9lio e sua fam\u00edlia, descrito pormenorizadamente nos cap\u00edtulos 10 e 11.<\/p>\n<p>Ap\u00f3s os sonhos de Corn\u00e9lio e Pedro, \u00e9 o Esp\u00edrito Santo que impele este \u00faltimo dizendo: \u201cEst\u00e3o \u00e0 porta tr\u00eas homens enviados por Corn\u00e9lio. Levanta-te, v\u00e1 com eles, sem duvidar, porque fui Eu que os enviei\u201d (10,20). Corn\u00e9lio \u201creunira parentes e amigos \u00edntimos\u201d (10,24), recepcionou Pedro e pediu-lhe que lhes anunciasse \u2018o que o Senhor lhe ordenara\u00b4 (v.34). Estando a pregar, \u201ceis que o Esp\u00edrito Santo desceu sobre eles. Os fi\u00e9is circuncisos, que tinham ido com Pedro, admiravam-se de ver que a gra\u00e7a do Esp\u00edrito Santo tamb\u00e9m foi difundida sobre os gentios. E Pedro mandou que fossem batizados\u201d (vv. 44-47).<\/p>\n<p>Quando retornaram a Jerusal\u00e9m, a comunidade os questionou severamente. Pedro relatou-lhe tudo e concluiu: \u201cQuem sou eu para me opor a Deus, uma vez que o Esp\u00edrito Santo desceu sobre eles, da mesma forma que a n\u00f3s em Pentecostes\u201d (11,15-17)? A comunidade, ouvindo isso, \u201caquietou-se e glorificava a Deus dizendo: Deus concedeu, tamb\u00e9m, aos gentios a penit\u00eancia a fim de que tenham vida\u201d (11,18). \u00c9 o Pentecostes pag\u00e3o!<\/p>\n<p>O Esp\u00edrito Santo tamb\u00e9m desperta a comunidade de Antioquia para a miss\u00e3o: \u2018Separai-me Barnab\u00e9 e Paulo para a obra que os destinei\u2019 (13,1-3). Este \u00faltimo realizou quatro grandes viagens mission\u00e1rias, sendo que na segunda o Esp\u00edrito insistia para que, atrav\u00e9s da Maced\u00f4nia, come\u00e7asse a evangelizar o Ocidente. Paulo preferia ficar nas regi\u00f5es da \u00c1sia e, obstinadamente, resistia. Ap\u00f3s muita insist\u00eancia, consentiu (16,1-10). Para aqueles que lhe obedecem, o Esp\u00edrito Santo os aguarda com surpresas. Filipos, a primeira cidade evangelizada do Ocidente, tornou-se a comunidade preferida de Paulo e s\u00f3 dela e de Tessal\u00f4nica aceitava doa\u00e7\u00f5es para prover suas necessidades (Fp 2,25; 4,15-18). Por op\u00e7\u00e3o pessoal, trabalhava com \u201csuas m\u00e3os\u201d (18,1-3) e n\u00e3o queria ser \u201cpesado a ningu\u00e9m\u201d (2 Cor 11,9).<\/p>\n<p>Por fim, no Conc\u00edlio de Jerusal\u00e9m (15,1-34), o Espirito Santo e todas as lideran\u00e7as decidem que, para batizar os pag\u00e3os, n\u00e3o lhes ser\u00e1 exigido a circuncis\u00e3o e, consequentemente, a observ\u00e2ncia da Tor\u00e1 e suas tradi\u00e7\u00f5es (613 preceitos). Por\u00e9m, para uma melhor conviv\u00eancia entre os crist\u00e3os judeus e crist\u00e3os pag\u00e3os, prop\u00f5em que estes se abstenham das carnes imoladas aos \u00eddolos, dos casamentos ileg\u00edtimos e das carnes sufocadas (cf. 15,20). Na carta dirigida \u00e0 comunidade de Antioquia e, automaticamente, \u00e0s demais, escrevem: \u201cPareceu bem ao Esp\u00edrito Santo e a n\u00f3s, n\u00e3o vos impor nenhuma outra exig\u00eancia, al\u00e9m destas indispens\u00e1veis\u201d (15.28).<\/p>\n<p>O Esp\u00edrito Santo sopra onde quer, quando e como quer (cf. Jo 3,8). Umas vezes sopra com rajadas fortes como fez no Monte Sinai e em Pentecostes (Ex 19,16; At 2,2). Outras, como brisa suave, como aconteceu com Elias (1Rs 19,12). Urge estarmos atentos, pois Santo Agostinho adverte-se a si mesmo e a n\u00f3s: \u201cTenho medo que a gra\u00e7a de Deus passe por mim e eu n\u00e3o a perceba\u201d.<\/p>\n<hr \/>\n<p><strong>Frei Luiz Iakovacz, OFM<\/strong>,<em>\u00a0frade desta Prov\u00edncia da Imaculada, reside na Par\u00f3quia Nossa Senhora do Ros\u00e1rio, em Conc\u00f3rdia, SC.<\/em><\/p>\n","protected":false},"excerpt":{"rendered":"<p>Artigo de Frei Luiz Iakovacz,<\/p>\n","protected":false},"author":3,"featured_media":190597,"comment_status":"open","ping_status":"open","sticky":false,"template":"","format":"standard","meta":{"footnotes":""},"categories":[26],"tags":[208],"yoast_head":"<!-- This site is optimized with the Yoast SEO plugin v19.4 - https:\/\/yoast.com\/wordpress\/plugins\/seo\/ -->\n<title>Atos dos Ap\u00f3stolos e o Esp\u00edrito Santo - Vida Crist\u00e3 - Franciscanos<\/title>\n<meta name=\"robots\" content=\"index, follow, max-snippet:-1, max-image-preview:large, max-video-preview:-1\" \/>\n<link rel=\"canonical\" href=\"https:\/\/franciscanos.org.br\/vidacrista\/atos-dos-apostolos-e-o-espirito-santo\/\" \/>\n<meta property=\"og:locale\" content=\"pt_BR\" \/>\n<meta property=\"og:type\" content=\"article\" \/>\n<meta property=\"og:title\" content=\"Atos dos Ap\u00f3stolos e o Esp\u00edrito Santo - Vida Crist\u00e3 - Franciscanos\" \/>\n<meta property=\"og:description\" content=\"Artigo de Frei Luiz Iakovacz,\" \/>\n<meta property=\"og:url\" content=\"https:\/\/franciscanos.org.br\/vidacrista\/atos-dos-apostolos-e-o-espirito-santo\/\" \/>\n<meta property=\"og:site_name\" content=\"Vida Crist\u00e3 - Franciscanos\" \/>\n<meta property=\"article:published_time\" content=\"2021-09-15T11:48:34+00:00\" \/>\n<meta property=\"article:modified_time\" content=\"2021-09-15T11:48:56+00:00\" \/>\n<meta property=\"og:image\" content=\"https:\/\/franciscanos.org.br\/vidacrista\/wp-content\/uploads\/2021\/09\/atos_150921.jpg\" \/>\n\t<meta property=\"og:image:width\" content=\"840\" \/>\n\t<meta property=\"og:image:height\" content=\"450\" \/>\n\t<meta property=\"og:image:type\" content=\"image\/jpeg\" \/>\n<meta name=\"author\" content=\"moacir\" \/>\n<meta name=\"twitter:card\" content=\"summary_large_image\" \/>\n<meta name=\"twitter:label1\" content=\"Escrito por\" \/>\n\t<meta name=\"twitter:data1\" content=\"moacir\" \/>\n\t<meta name=\"twitter:label2\" content=\"Est. tempo de leitura\" \/>\n\t<meta name=\"twitter:data2\" content=\"5 minutos\" \/>\n<script type=\"application\/ld+json\" class=\"yoast-schema-graph\">{\"@context\":\"https:\/\/schema.org\",\"@graph\":[{\"@type\":\"WebSite\",\"@id\":\"https:\/\/franciscanos.org.br\/vidacrista\/#website\",\"url\":\"https:\/\/franciscanos.org.br\/vidacrista\/\",\"name\":\"Vida Crist\u00e3 - Franciscanos\",\"description\":\"Prov\u00edncia Franciscana da Imaculada Concei\u00e7\u00e3o do Brasil - Ordem dos Frades Menores\",\"potentialAction\":[{\"@type\":\"SearchAction\",\"target\":{\"@type\":\"EntryPoint\",\"urlTemplate\":\"https:\/\/franciscanos.org.br\/vidacrista\/?s={search_term_string}\"},\"query-input\":\"required name=search_term_string\"}],\"inLanguage\":\"pt-BR\"},{\"@type\":\"WebPage\",\"@id\":\"https:\/\/franciscanos.org.br\/vidacrista\/atos-dos-apostolos-e-o-espirito-santo\/\",\"url\":\"https:\/\/franciscanos.org.br\/vidacrista\/atos-dos-apostolos-e-o-espirito-santo\/\",\"name\":\"Atos dos Ap\u00f3stolos e o Esp\u00edrito Santo - Vida Crist\u00e3 - Franciscanos\",\"isPartOf\":{\"@id\":\"https:\/\/franciscanos.org.br\/vidacrista\/#website\"},\"datePublished\":\"2021-09-15T11:48:34+00:00\",\"dateModified\":\"2021-09-15T11:48:56+00:00\",\"author\":{\"@id\":\"https:\/\/franciscanos.org.br\/vidacrista\/#\/schema\/person\/1880bdd2c350b735648725ef7614736a\"},\"breadcrumb\":{\"@id\":\"https:\/\/franciscanos.org.br\/vidacrista\/atos-dos-apostolos-e-o-espirito-santo\/#breadcrumb\"},\"inLanguage\":\"pt-BR\",\"potentialAction\":[{\"@type\":\"ReadAction\",\"target\":[\"https:\/\/franciscanos.org.br\/vidacrista\/atos-dos-apostolos-e-o-espirito-santo\/\"]}]},{\"@type\":\"BreadcrumbList\",\"@id\":\"https:\/\/franciscanos.org.br\/vidacrista\/atos-dos-apostolos-e-o-espirito-santo\/#breadcrumb\",\"itemListElement\":[{\"@type\":\"ListItem\",\"position\":1,\"name\":\"Home\",\"item\":\"https:\/\/franciscanos.org.br\/vidacrista\/\"},{\"@type\":\"ListItem\",\"position\":2,\"name\":\"Atos dos Ap\u00f3stolos e o Esp\u00edrito Santo\"}]},{\"@type\":\"Person\",\"@id\":\"https:\/\/franciscanos.org.br\/vidacrista\/#\/schema\/person\/1880bdd2c350b735648725ef7614736a\",\"name\":\"moacir\",\"image\":{\"@type\":\"ImageObject\",\"inLanguage\":\"pt-BR\",\"@id\":\"https:\/\/franciscanos.org.br\/vidacrista\/#\/schema\/person\/image\/\",\"url\":\"https:\/\/secure.gravatar.com\/avatar\/d08aa2ce4c8dd416d4479aa8536fcf64?s=96&d=mm&r=g\",\"contentUrl\":\"https:\/\/secure.gravatar.com\/avatar\/d08aa2ce4c8dd416d4479aa8536fcf64?s=96&d=mm&r=g\",\"caption\":\"moacir\"},\"url\":\"https:\/\/franciscanos.org.br\/vidacrista\/author\/moacir\/\"}]}<\/script>\n<!-- \/ Yoast SEO plugin. -->","yoast_head_json":{"title":"Atos dos Ap\u00f3stolos e o Esp\u00edrito Santo - Vida Crist\u00e3 - Franciscanos","robots":{"index":"index","follow":"follow","max-snippet":"max-snippet:-1","max-image-preview":"max-image-preview:large","max-video-preview":"max-video-preview:-1"},"canonical":"https:\/\/franciscanos.org.br\/vidacrista\/atos-dos-apostolos-e-o-espirito-santo\/","og_locale":"pt_BR","og_type":"article","og_title":"Atos dos Ap\u00f3stolos e o Esp\u00edrito Santo - Vida Crist\u00e3 - Franciscanos","og_description":"Artigo de Frei Luiz Iakovacz,","og_url":"https:\/\/franciscanos.org.br\/vidacrista\/atos-dos-apostolos-e-o-espirito-santo\/","og_site_name":"Vida Crist\u00e3 - Franciscanos","article_published_time":"2021-09-15T11:48:34+00:00","article_modified_time":"2021-09-15T11:48:56+00:00","og_image":[{"width":840,"height":450,"url":"https:\/\/franciscanos.org.br\/vidacrista\/wp-content\/uploads\/2021\/09\/atos_150921.jpg","type":"image\/jpeg"}],"author":"moacir","twitter_card":"summary_large_image","twitter_misc":{"Escrito por":"moacir","Est. tempo de leitura":"5 minutos"},"schema":{"@context":"https:\/\/schema.org","@graph":[{"@type":"WebSite","@id":"https:\/\/franciscanos.org.br\/vidacrista\/#website","url":"https:\/\/franciscanos.org.br\/vidacrista\/","name":"Vida Crist\u00e3 - Franciscanos","description":"Prov\u00edncia Franciscana da Imaculada Concei\u00e7\u00e3o do Brasil - Ordem dos Frades Menores","potentialAction":[{"@type":"SearchAction","target":{"@type":"EntryPoint","urlTemplate":"https:\/\/franciscanos.org.br\/vidacrista\/?s={search_term_string}"},"query-input":"required name=search_term_string"}],"inLanguage":"pt-BR"},{"@type":"WebPage","@id":"https:\/\/franciscanos.org.br\/vidacrista\/atos-dos-apostolos-e-o-espirito-santo\/","url":"https:\/\/franciscanos.org.br\/vidacrista\/atos-dos-apostolos-e-o-espirito-santo\/","name":"Atos dos Ap\u00f3stolos e o Esp\u00edrito Santo - Vida Crist\u00e3 - Franciscanos","isPartOf":{"@id":"https:\/\/franciscanos.org.br\/vidacrista\/#website"},"datePublished":"2021-09-15T11:48:34+00:00","dateModified":"2021-09-15T11:48:56+00:00","author":{"@id":"https:\/\/franciscanos.org.br\/vidacrista\/#\/schema\/person\/1880bdd2c350b735648725ef7614736a"},"breadcrumb":{"@id":"https:\/\/franciscanos.org.br\/vidacrista\/atos-dos-apostolos-e-o-espirito-santo\/#breadcrumb"},"inLanguage":"pt-BR","potentialAction":[{"@type":"ReadAction","target":["https:\/\/franciscanos.org.br\/vidacrista\/atos-dos-apostolos-e-o-espirito-santo\/"]}]},{"@type":"BreadcrumbList","@id":"https:\/\/franciscanos.org.br\/vidacrista\/atos-dos-apostolos-e-o-espirito-santo\/#breadcrumb","itemListElement":[{"@type":"ListItem","position":1,"name":"Home","item":"https:\/\/franciscanos.org.br\/vidacrista\/"},{"@type":"ListItem","position":2,"name":"Atos dos Ap\u00f3stolos e o Esp\u00edrito Santo"}]},{"@type":"Person","@id":"https:\/\/franciscanos.org.br\/vidacrista\/#\/schema\/person\/1880bdd2c350b735648725ef7614736a","name":"moacir","image":{"@type":"ImageObject","inLanguage":"pt-BR","@id":"https:\/\/franciscanos.org.br\/vidacrista\/#\/schema\/person\/image\/","url":"https:\/\/secure.gravatar.com\/avatar\/d08aa2ce4c8dd416d4479aa8536fcf64?s=96&d=mm&r=g","contentUrl":"https:\/\/secure.gravatar.com\/avatar\/d08aa2ce4c8dd416d4479aa8536fcf64?s=96&d=mm&r=g","caption":"moacir"},"url":"https:\/\/franciscanos.org.br\/vidacrista\/author\/moacir\/"}]}},"_links":{"self":[{"href":"https:\/\/franciscanos.org.br\/vidacrista\/wp-json\/wp\/v2\/posts\/190596"}],"collection":[{"href":"https:\/\/franciscanos.org.br\/vidacrista\/wp-json\/wp\/v2\/posts"}],"about":[{"href":"https:\/\/franciscanos.org.br\/vidacrista\/wp-json\/wp\/v2\/types\/post"}],"author":[{"embeddable":true,"href":"https:\/\/franciscanos.org.br\/vidacrista\/wp-json\/wp\/v2\/users\/3"}],"replies":[{"embeddable":true,"href":"https:\/\/franciscanos.org.br\/vidacrista\/wp-json\/wp\/v2\/comments?post=190596"}],"version-history":[{"count":2,"href":"https:\/\/franciscanos.org.br\/vidacrista\/wp-json\/wp\/v2\/posts\/190596\/revisions"}],"predecessor-version":[{"id":190599,"href":"https:\/\/franciscanos.org.br\/vidacrista\/wp-json\/wp\/v2\/posts\/190596\/revisions\/190599"}],"wp:featuredmedia":[{"embeddable":true,"href":"https:\/\/franciscanos.org.br\/vidacrista\/wp-json\/wp\/v2\/media\/190597"}],"wp:attachment":[{"href":"https:\/\/franciscanos.org.br\/vidacrista\/wp-json\/wp\/v2\/media?parent=190596"}],"wp:term":[{"taxonomy":"category","embeddable":true,"href":"https:\/\/franciscanos.org.br\/vidacrista\/wp-json\/wp\/v2\/categories?post=190596"},{"taxonomy":"post_tag","embeddable":true,"href":"https:\/\/franciscanos.org.br\/vidacrista\/wp-json\/wp\/v2\/tags?post=190596"}],"curies":[{"name":"wp","href":"https:\/\/api.w.org\/{rel}","templated":true}]}}