{"id":190538,"date":"2021-09-06T07:21:58","date_gmt":"2021-09-06T10:21:58","guid":{"rendered":"https:\/\/franciscanos.org.br\/vidacrista\/?p=190538"},"modified":"2021-09-06T07:22:57","modified_gmt":"2021-09-06T10:22:57","slug":"sete-de-setembro-mentira-e-verdade-se-encontram-na-parabola-da-vida","status":"publish","type":"post","link":"https:\/\/franciscanos.org.br\/vidacrista\/sete-de-setembro-mentira-e-verdade-se-encontram-na-parabola-da-vida\/","title":{"rendered":"Sete de setembro: mentira e verdade se encontram na par\u00e1bola da vida"},"content":{"rendered":"<div id=\"attachment_190539\" style=\"width: 850px\" class=\"wp-caption alignnone\"><img aria-describedby=\"caption-attachment-190539\" decoding=\"async\" loading=\"lazy\" class=\"wp-image-190539 size-full\" src=\"https:\/\/franciscanos.org.br\/vidacrista\/wp-content\/uploads\/2021\/09\/Design-sem-nome.png\" alt=\"\" width=\"840\" height=\"450\" srcset=\"https:\/\/franciscanos.org.br\/vidacrista\/wp-content\/uploads\/2021\/09\/Design-sem-nome.png 840w, https:\/\/franciscanos.org.br\/vidacrista\/wp-content\/uploads\/2021\/09\/Design-sem-nome-450x241.png 450w, https:\/\/franciscanos.org.br\/vidacrista\/wp-content\/uploads\/2021\/09\/Design-sem-nome-768x411.png 768w, https:\/\/franciscanos.org.br\/vidacrista\/wp-content\/uploads\/2021\/09\/Design-sem-nome-150x80.png 150w\" sizes=\"(max-width: 840px) 100vw, 840px\" \/><p id=\"caption-attachment-190539\" class=\"wp-caption-text\"><em>\u00a0 \u00a0 \u00a0 \u00a0 \u00a0 \u00a0 \u00a0 \u00a0 \u00a0 \u00a0 \u00a0 \u00a0 \u00a0 \u00a0 \u00a0 \u00a0 \u00a0 \u00a0 \u00a0 \u00a0 \u00a0 \u00a0 \u00a0 \u00a0 \u00a0 \u00a0 \u00a0 \u00a0 \u00a0 \u00a0 \u00a0 \u00a0 \u00a0 \u00a0 \u00a0 \u00a0 \u00a0 \u00a0 \u00a0 \u00a0 \u00a0 \u00a0 \u00a0 Imagem ilustrativa: Canva (<a href=\"http:\/\/www.canva.com\/pt_br\/modelos\">www.canva.com\/pt_br\/modelos<\/a>)<\/em><\/p><\/div>\n<p><em>Frei Jacir de Freitas Faria<\/em> <a href=\"#_ftn1\" name=\"_ftnref1\">[1]<\/a><\/p>\n<p>Neste 7 de setembro t\u00e3o importante para a na\u00e7\u00e3o brasileira, me vem \u00e0 mente uma par\u00e1bola, uma hist\u00f3ria, criada no s\u00e9culo XIX, mas atual\u00edssima. Trata-se do encontro da verdade com a mentira.<\/p>\n<p>A hist\u00f3ria \u00e9 a seguinte: um belo dia a verdade e a mentira se encontraram. A Mentira disse \u00e0 Verdade: \u201cHoje o dia est\u00e1 maravilhoso!\u201d A Verdade olhou para os c\u00e9us e suspirou, pois o dia estava realmente lindo. Elas passearam muito tempo juntas, chegando finalmente ao lado de um po\u00e7o. A mentira disse \u00e0 verdade: \u201cA \u00e1gua est\u00e1 muito boa, vamos tomar um banho juntas!\u201d A verdade, mais uma vez, desconfiada, testou a \u00e1gua e descobriu que\u00a0realmente a \u00e1gua estava muito boa. Elas se despiram e come\u00e7aram a tomar banho. De repente, a Mentira saiu da \u00e1gua, vestiu as roupas da Verdade e fugiu. A Verdade, furiosa, saiu do po\u00e7o e correu para encontrar a Mentira e pegar suas roupas de volta. As pessoas, vendo a verdade nua, desviavam o olhar, com desprezo e raiva. A pobre Verdade, depois de muito tempo procurar, voltou ao po\u00e7o e desapareceu para sempre, escondendo nele a sua vergonha.<\/p>\n<p><iframe loading=\"lazy\" title=\"Sete de Setembro: Verdade e Mentira se encontram na Par\u00e1bola da vida! Reflex\u00e3o Frei Jacir\" width=\"500\" height=\"281\" src=\"https:\/\/www.youtube.com\/embed\/34xemJ4e89M?start=45&#038;feature=oembed\" frameborder=\"0\" allow=\"accelerometer; autoplay; clipboard-write; encrypted-media; gyroscope; picture-in-picture\" allowfullscreen><\/iframe><\/p>\n<p>Desde ent\u00e3o, a Mentira viaja ao redor do mundo, vestida como a Verdade, satisfazendo as necessidades da sociedade, porque percebeu, em todo caso, que Mundo n\u00e3o nutre nenhum desejo de encontrar a Verdade nua e crua, prefere a Mentira com as roupas da verdade.<\/p>\n<p>Outro final dessa hist\u00f3ria diz que a verdade, quando voltou ao po\u00e7o, recusou-se a vestir a roupas da mentira e, sem ter que se envergonhar, a verdade saiu nua a caminhar pelas ruas e cidades. Por isso, desde ent\u00e3o, para muita gente \u00e9 mais f\u00e1cil aceitar a mentira com a roupa da verdade, do que aceitar a verdade nua e crua.<\/p>\n<p>Gostou? Jean-L\u00e9on G\u00e9r\u00f4me, em 1896, eternizou essa par\u00e1bola com sua pintura: \u201cA Verdade saindo do po\u00e7o\u201d. E agora eu lhe pergunto: n\u00e3o est\u00e1 na hora de sairmos desse po\u00e7o de \u00e1guas enlameadas pelo genoc\u00eddio, agress\u00f5es aos poderes estabelecidos, injusti\u00e7a, fome e mis\u00e9ria? Sair com roupa ou sem roupa? Sair para apoiar a mentira ou a verdade? A mentira que roubou as nossas roupas anda por a\u00ed vestida de verde e amarelo. E o que \u00e9 pior, manipulando a verdade do evangelho que diz: \u201cConhecereis a verdade, e ela vos libertar\u00e1\u201d (Jo 8,32).<\/p>\n<p>Aonde chegamos? Um Brasil de imp\u00e1vido colosso \u00e0s margens de sectarismos, fascismos, radicalismos e tantos ismos de intoler\u00e2ncia pol\u00edtica e religiosa. At\u00e9 quando a mentira ficar\u00e1 solta, transvertida de verdade, vivendo nos pal\u00e1cios constru\u00eddos nos planaltos e sobre a mis\u00e9ria, a fome de 20 milh\u00f5es de brasileiros, nas plan\u00edcies de um gigante pela pr\u00f3pria natureza, que exclui, dizima, seus filhos da primeira hora, os ind\u00edgenas. A escolha \u00e9 sua! Como pede-nos o presidente da CNBB, Dom Walmor: \u201cn\u00e3o se deixe convencer por quem agride os Poderes Legislativo e Judici\u00e1rio. Independentemente de suas convic\u00e7\u00f5es pol\u00edtico-partid\u00e1rias, n\u00e3o aceite agress\u00f5es \u00e0s institui\u00e7\u00f5es que sustentam a democracia\u201d. Voc\u00ea prefere a mentira com a roupa da verdade ou a verdade nua e crua? Pare, pense e reflita.<\/p>\n<hr \/>\n<p><a href=\"#_ftnref1\" name=\"_ftn1\">[1]<\/a>Doutor em Teologia B\u00edblica pela Faje (BH). Mestre em Ci\u00eancias B\u00edblicas (Exegese) pelo Pontif\u00edcio Instituto B\u00edblico de Roma. Professor de Exegese B\u00edblica. \u00c9 membro da Associa\u00e7\u00e3o Brasileira de Pesquisa B\u00edblica (ABIB). Sacerdote Franciscano. Autor de dez livros e coautor de quinze. \u00daltimo livro: <strong>O Medo do Inferno e arte de bem morrer<\/strong>: da devo\u00e7\u00e3o ap\u00f3crifa \u00e0 Dormi\u00e7\u00e3o de Maria \u00e0s irmandades de Nossa Senhora da Boa Morte (Vozes, 2019). Youtube: Frei Jacir B\u00edblia e Apocrifos. <a href=\"https:\/\/www.youtube.com\/channel\/UCwbSE97jnR6jQwHRigX1KlQ\">https:\/\/www.youtube.com\/channel\/UCwbSE97jnR6jQwHRigX1KlQ<\/a><\/p>\n<p>&nbsp;<\/p>\n","protected":false},"excerpt":{"rendered":"<p>Artigo de Frei Jacir de Freitas Faria<\/p>\n","protected":false},"author":3,"featured_media":190539,"comment_status":"open","ping_status":"open","sticky":false,"template":"","format":"standard","meta":{"footnotes":""},"categories":[26],"tags":[43],"yoast_head":"<!-- This site is optimized with the Yoast SEO plugin v19.4 - https:\/\/yoast.com\/wordpress\/plugins\/seo\/ -->\n<title>Sete de setembro: mentira e verdade se encontram na par\u00e1bola da vida - Vida Crist\u00e3 - Franciscanos<\/title>\n<meta name=\"robots\" content=\"index, follow, max-snippet:-1, max-image-preview:large, max-video-preview:-1\" \/>\n<link rel=\"canonical\" href=\"https:\/\/franciscanos.org.br\/vidacrista\/sete-de-setembro-mentira-e-verdade-se-encontram-na-parabola-da-vida\/\" \/>\n<meta property=\"og:locale\" content=\"pt_BR\" \/>\n<meta property=\"og:type\" content=\"article\" \/>\n<meta property=\"og:title\" content=\"Sete de setembro: mentira e verdade se encontram na par\u00e1bola da vida - Vida Crist\u00e3 - Franciscanos\" \/>\n<meta property=\"og:description\" content=\"Artigo de Frei Jacir de Freitas Faria\" \/>\n<meta property=\"og:url\" content=\"https:\/\/franciscanos.org.br\/vidacrista\/sete-de-setembro-mentira-e-verdade-se-encontram-na-parabola-da-vida\/\" \/>\n<meta property=\"og:site_name\" content=\"Vida Crist\u00e3 - Franciscanos\" \/>\n<meta property=\"article:published_time\" content=\"2021-09-06T10:21:58+00:00\" \/>\n<meta property=\"article:modified_time\" content=\"2021-09-06T10:22:57+00:00\" \/>\n<meta property=\"og:image\" content=\"https:\/\/franciscanos.org.br\/vidacrista\/wp-content\/uploads\/2021\/09\/Design-sem-nome.png\" \/>\n\t<meta property=\"og:image:width\" content=\"840\" \/>\n\t<meta property=\"og:image:height\" content=\"450\" \/>\n\t<meta property=\"og:image:type\" content=\"image\/png\" \/>\n<meta name=\"author\" content=\"moacir\" \/>\n<meta name=\"twitter:card\" content=\"summary_large_image\" \/>\n<meta name=\"twitter:label1\" content=\"Escrito por\" \/>\n\t<meta name=\"twitter:data1\" content=\"moacir\" \/>\n\t<meta name=\"twitter:label2\" content=\"Est. tempo de leitura\" \/>\n\t<meta name=\"twitter:data2\" content=\"3 minutos\" \/>\n<script type=\"application\/ld+json\" class=\"yoast-schema-graph\">{\"@context\":\"https:\/\/schema.org\",\"@graph\":[{\"@type\":\"WebSite\",\"@id\":\"https:\/\/franciscanos.org.br\/vidacrista\/#website\",\"url\":\"https:\/\/franciscanos.org.br\/vidacrista\/\",\"name\":\"Vida Crist\u00e3 - Franciscanos\",\"description\":\"Prov\u00edncia Franciscana da Imaculada Concei\u00e7\u00e3o do Brasil - Ordem dos Frades Menores\",\"potentialAction\":[{\"@type\":\"SearchAction\",\"target\":{\"@type\":\"EntryPoint\",\"urlTemplate\":\"https:\/\/franciscanos.org.br\/vidacrista\/?s={search_term_string}\"},\"query-input\":\"required name=search_term_string\"}],\"inLanguage\":\"pt-BR\"},{\"@type\":\"WebPage\",\"@id\":\"https:\/\/franciscanos.org.br\/vidacrista\/sete-de-setembro-mentira-e-verdade-se-encontram-na-parabola-da-vida\/\",\"url\":\"https:\/\/franciscanos.org.br\/vidacrista\/sete-de-setembro-mentira-e-verdade-se-encontram-na-parabola-da-vida\/\",\"name\":\"Sete de setembro: mentira e verdade se encontram na par\u00e1bola da vida - Vida Crist\u00e3 - Franciscanos\",\"isPartOf\":{\"@id\":\"https:\/\/franciscanos.org.br\/vidacrista\/#website\"},\"datePublished\":\"2021-09-06T10:21:58+00:00\",\"dateModified\":\"2021-09-06T10:22:57+00:00\",\"author\":{\"@id\":\"https:\/\/franciscanos.org.br\/vidacrista\/#\/schema\/person\/1880bdd2c350b735648725ef7614736a\"},\"breadcrumb\":{\"@id\":\"https:\/\/franciscanos.org.br\/vidacrista\/sete-de-setembro-mentira-e-verdade-se-encontram-na-parabola-da-vida\/#breadcrumb\"},\"inLanguage\":\"pt-BR\",\"potentialAction\":[{\"@type\":\"ReadAction\",\"target\":[\"https:\/\/franciscanos.org.br\/vidacrista\/sete-de-setembro-mentira-e-verdade-se-encontram-na-parabola-da-vida\/\"]}]},{\"@type\":\"BreadcrumbList\",\"@id\":\"https:\/\/franciscanos.org.br\/vidacrista\/sete-de-setembro-mentira-e-verdade-se-encontram-na-parabola-da-vida\/#breadcrumb\",\"itemListElement\":[{\"@type\":\"ListItem\",\"position\":1,\"name\":\"Home\",\"item\":\"https:\/\/franciscanos.org.br\/vidacrista\/\"},{\"@type\":\"ListItem\",\"position\":2,\"name\":\"Sete de setembro: mentira e verdade se encontram na par\u00e1bola da vida\"}]},{\"@type\":\"Person\",\"@id\":\"https:\/\/franciscanos.org.br\/vidacrista\/#\/schema\/person\/1880bdd2c350b735648725ef7614736a\",\"name\":\"moacir\",\"image\":{\"@type\":\"ImageObject\",\"inLanguage\":\"pt-BR\",\"@id\":\"https:\/\/franciscanos.org.br\/vidacrista\/#\/schema\/person\/image\/\",\"url\":\"https:\/\/secure.gravatar.com\/avatar\/d08aa2ce4c8dd416d4479aa8536fcf64?s=96&d=mm&r=g\",\"contentUrl\":\"https:\/\/secure.gravatar.com\/avatar\/d08aa2ce4c8dd416d4479aa8536fcf64?s=96&d=mm&r=g\",\"caption\":\"moacir\"},\"url\":\"https:\/\/franciscanos.org.br\/vidacrista\/author\/moacir\/\"}]}<\/script>\n<!-- \/ Yoast SEO plugin. -->","yoast_head_json":{"title":"Sete de setembro: mentira e verdade se encontram na par\u00e1bola da vida - Vida Crist\u00e3 - Franciscanos","robots":{"index":"index","follow":"follow","max-snippet":"max-snippet:-1","max-image-preview":"max-image-preview:large","max-video-preview":"max-video-preview:-1"},"canonical":"https:\/\/franciscanos.org.br\/vidacrista\/sete-de-setembro-mentira-e-verdade-se-encontram-na-parabola-da-vida\/","og_locale":"pt_BR","og_type":"article","og_title":"Sete de setembro: mentira e verdade se encontram na par\u00e1bola da vida - Vida Crist\u00e3 - Franciscanos","og_description":"Artigo de Frei Jacir de Freitas Faria","og_url":"https:\/\/franciscanos.org.br\/vidacrista\/sete-de-setembro-mentira-e-verdade-se-encontram-na-parabola-da-vida\/","og_site_name":"Vida Crist\u00e3 - Franciscanos","article_published_time":"2021-09-06T10:21:58+00:00","article_modified_time":"2021-09-06T10:22:57+00:00","og_image":[{"width":840,"height":450,"url":"https:\/\/franciscanos.org.br\/vidacrista\/wp-content\/uploads\/2021\/09\/Design-sem-nome.png","type":"image\/png"}],"author":"moacir","twitter_card":"summary_large_image","twitter_misc":{"Escrito por":"moacir","Est. tempo de leitura":"3 minutos"},"schema":{"@context":"https:\/\/schema.org","@graph":[{"@type":"WebSite","@id":"https:\/\/franciscanos.org.br\/vidacrista\/#website","url":"https:\/\/franciscanos.org.br\/vidacrista\/","name":"Vida Crist\u00e3 - Franciscanos","description":"Prov\u00edncia Franciscana da Imaculada Concei\u00e7\u00e3o do Brasil - Ordem dos Frades Menores","potentialAction":[{"@type":"SearchAction","target":{"@type":"EntryPoint","urlTemplate":"https:\/\/franciscanos.org.br\/vidacrista\/?s={search_term_string}"},"query-input":"required name=search_term_string"}],"inLanguage":"pt-BR"},{"@type":"WebPage","@id":"https:\/\/franciscanos.org.br\/vidacrista\/sete-de-setembro-mentira-e-verdade-se-encontram-na-parabola-da-vida\/","url":"https:\/\/franciscanos.org.br\/vidacrista\/sete-de-setembro-mentira-e-verdade-se-encontram-na-parabola-da-vida\/","name":"Sete de setembro: mentira e verdade se encontram na par\u00e1bola da vida - Vida Crist\u00e3 - Franciscanos","isPartOf":{"@id":"https:\/\/franciscanos.org.br\/vidacrista\/#website"},"datePublished":"2021-09-06T10:21:58+00:00","dateModified":"2021-09-06T10:22:57+00:00","author":{"@id":"https:\/\/franciscanos.org.br\/vidacrista\/#\/schema\/person\/1880bdd2c350b735648725ef7614736a"},"breadcrumb":{"@id":"https:\/\/franciscanos.org.br\/vidacrista\/sete-de-setembro-mentira-e-verdade-se-encontram-na-parabola-da-vida\/#breadcrumb"},"inLanguage":"pt-BR","potentialAction":[{"@type":"ReadAction","target":["https:\/\/franciscanos.org.br\/vidacrista\/sete-de-setembro-mentira-e-verdade-se-encontram-na-parabola-da-vida\/"]}]},{"@type":"BreadcrumbList","@id":"https:\/\/franciscanos.org.br\/vidacrista\/sete-de-setembro-mentira-e-verdade-se-encontram-na-parabola-da-vida\/#breadcrumb","itemListElement":[{"@type":"ListItem","position":1,"name":"Home","item":"https:\/\/franciscanos.org.br\/vidacrista\/"},{"@type":"ListItem","position":2,"name":"Sete de setembro: mentira e verdade se encontram na par\u00e1bola da vida"}]},{"@type":"Person","@id":"https:\/\/franciscanos.org.br\/vidacrista\/#\/schema\/person\/1880bdd2c350b735648725ef7614736a","name":"moacir","image":{"@type":"ImageObject","inLanguage":"pt-BR","@id":"https:\/\/franciscanos.org.br\/vidacrista\/#\/schema\/person\/image\/","url":"https:\/\/secure.gravatar.com\/avatar\/d08aa2ce4c8dd416d4479aa8536fcf64?s=96&d=mm&r=g","contentUrl":"https:\/\/secure.gravatar.com\/avatar\/d08aa2ce4c8dd416d4479aa8536fcf64?s=96&d=mm&r=g","caption":"moacir"},"url":"https:\/\/franciscanos.org.br\/vidacrista\/author\/moacir\/"}]}},"_links":{"self":[{"href":"https:\/\/franciscanos.org.br\/vidacrista\/wp-json\/wp\/v2\/posts\/190538"}],"collection":[{"href":"https:\/\/franciscanos.org.br\/vidacrista\/wp-json\/wp\/v2\/posts"}],"about":[{"href":"https:\/\/franciscanos.org.br\/vidacrista\/wp-json\/wp\/v2\/types\/post"}],"author":[{"embeddable":true,"href":"https:\/\/franciscanos.org.br\/vidacrista\/wp-json\/wp\/v2\/users\/3"}],"replies":[{"embeddable":true,"href":"https:\/\/franciscanos.org.br\/vidacrista\/wp-json\/wp\/v2\/comments?post=190538"}],"version-history":[{"count":3,"href":"https:\/\/franciscanos.org.br\/vidacrista\/wp-json\/wp\/v2\/posts\/190538\/revisions"}],"predecessor-version":[{"id":190542,"href":"https:\/\/franciscanos.org.br\/vidacrista\/wp-json\/wp\/v2\/posts\/190538\/revisions\/190542"}],"wp:featuredmedia":[{"embeddable":true,"href":"https:\/\/franciscanos.org.br\/vidacrista\/wp-json\/wp\/v2\/media\/190539"}],"wp:attachment":[{"href":"https:\/\/franciscanos.org.br\/vidacrista\/wp-json\/wp\/v2\/media?parent=190538"}],"wp:term":[{"taxonomy":"category","embeddable":true,"href":"https:\/\/franciscanos.org.br\/vidacrista\/wp-json\/wp\/v2\/categories?post=190538"},{"taxonomy":"post_tag","embeddable":true,"href":"https:\/\/franciscanos.org.br\/vidacrista\/wp-json\/wp\/v2\/tags?post=190538"}],"curies":[{"name":"wp","href":"https:\/\/api.w.org\/{rel}","templated":true}]}}