{"id":190383,"date":"2021-09-01T07:26:53","date_gmt":"2021-09-01T10:26:53","guid":{"rendered":"https:\/\/franciscanos.org.br\/vidacrista\/?p=190383"},"modified":"2021-09-02T08:41:39","modified_gmt":"2021-09-02T11:41:39","slug":"a-promocao-de-vida-humana-na-bioetica-o-cuidado-com-o-proximo","status":"publish","type":"post","link":"https:\/\/franciscanos.org.br\/vidacrista\/a-promocao-de-vida-humana-na-bioetica-o-cuidado-com-o-proximo\/","title":{"rendered":"A promo\u00e7\u00e3o da vida humana na bio\u00e9tica: o cuidado com o pr\u00f3ximo"},"content":{"rendered":"<div id=\"attachment_190385\" style=\"width: 850px\" class=\"wp-caption alignnone\"><img aria-describedby=\"caption-attachment-190385\" decoding=\"async\" loading=\"lazy\" class=\"wp-image-190385 size-full\" src=\"https:\/\/franciscanos.org.br\/vidacrista\/wp-content\/uploads\/2021\/09\/artigo_rob010921.gif\" alt=\"\" width=\"840\" height=\"450\" \/><p id=\"caption-attachment-190385\" class=\"wp-caption-text\"><em> \u00a0 \u00a0 Imagem ilustrativa: Canva (<a href=\"http:\/\/www.canva.com\/pt_br\/modelos\">www.canva.com\/pt_br\/modelos<\/a>)<\/em><\/p><\/div>\n<p><strong>Robson Ribeiro de Oliveira Castro<\/strong><\/p>\n<p>Como seria nossa vida se n\u00e3o f\u00f4ssemos seres que vivem em rela\u00e7\u00e3o? E qual a realidade de um mundo que deve se preocupar com os outros e fazer bom uso da \u00e9tica? Pais e respons\u00e1veis demonstram carinho e zelo com a crian\u00e7a desde seu nascimento. N\u00f3s, ao crescermos, vamos fazendo escolhas e tra\u00e7ando nossos pr\u00f3prios caminhos.<\/p>\n<p>Destarte, a bio\u00e9tica nos convoca \u00e0 reflex\u00e3o de uma constru\u00e7\u00e3o de rela\u00e7\u00f5es \u00e9ticas saud\u00e1veis e humanizadas. Assim, a rela\u00e7\u00e3o entre f\u00e9 e ci\u00eancia faz parte da nossa vida e das nossas rela\u00e7\u00f5es. A ci\u00eancia, ao longo da hist\u00f3ria, tem contribu\u00eddo com o aprofundamento da f\u00e9 religiosa. Sendo assim, a ci\u00eancia bio\u00e9tica deve estar atenta \u00e0 realidade da dignidade e ao valor do ser humano.<\/p>\n<p>Por isso, \u00e9 preciso compreender a vida humana, tudo que existe merece respeito e tem dignidade de existir. Para tanto \u00e9 necess\u00e1rio que, \u00e0 luz da ci\u00eancia, estamos em uma grande obra da cria\u00e7\u00e3o e que somos seres e rela\u00e7\u00e3o.<\/p>\n<p>Infelizmente, vivemos em uma sociedade que s\u00f3 visa o lucro; o ser humano se tornou mais uma mercadoria a ser utilizada e descartada. Nossa vida se pauta em comprar ou n\u00e3o em assumir uma posi\u00e7\u00e3o econ\u00f4mico-social. As condi\u00e7\u00f5es atuais, a modernidade e a tecnologia n\u00e3o nos deixam mais ficar isolados do mundo, mesmo em uma pandemia que j\u00e1 fez milhares de mortos. Por isso, \u00e9 necess\u00e1rio mudar! \u00c9 preciso olhar para a forma como tratamos os outros e que fa\u00e7amos o caminho da \u00e9tica do cuidado, pautado no bem comum e preocupa\u00e7\u00e3o com os mais fr\u00e1geis da sociedade.<\/p>\n<p>Tal contexto nos remete \u00e0s conjunturas associadas \u00e0 Bio\u00e9tica, que tem por objetivo refletir a vida humana e todas as suas realidades, al\u00e9m de se colocar atenta em responder os questionamentos relacionados com o valor da pessoa. Desta forma, tamb\u00e9m acrescente ao debate a realidade da dignidade da vida, a valoriza\u00e7\u00e3o integral do ser humano, a sadia conviv\u00eancia social, o respeito e o cuidado com todos, sendo assim: o ser humano tem seu valor incondicional, independente de quaisquer outros aspectos.<\/p>\n<p>\u00c9 preciso, urgentemente, respeitar o outro e, portanto, respeitar a cada indiv\u00edduo, atentos \u00e0 verdadeira convers\u00e3o da consci\u00eancia atrelado ao conhecimento cientifico para pensar o bem do pr\u00f3ximo e n\u00e3o o meu pr\u00f3prio bem-estar. \u00c9 a partir desta concep\u00e7\u00e3o que devemos observar na realidade o que temos de bom e como tratar o outro.<\/p>\n<p>O Papa Francisco esteve internado recentemente. Ap\u00f3s uma cirurgia bem-sucedida, est\u00e1 de volta \u00e0s atividades. Entretanto quero chamar a aten\u00e7\u00e3o para a sua recupera\u00e7\u00e3o que foi permeada por caminhadas e visitas aos outros enfermos do Hospital Agostino Gemelli, onde estava internado.<\/p>\n<p>Entretanto, encontramos uma sociedade imersa no ego\u00edsmo, na gan\u00e2ncia e no narcisismo. Para tanto \u00e9 urgente confirmar a convoca\u00e7\u00e3o a uma \u00e9tica do cuidado e do zelo pelo pr\u00f3ximo, pois, ao se falar de vidas humanas, todos os esfor\u00e7os devem ser colocados em pr\u00e1tica para salvar.<\/p>\n<p>Infelizmente, a ganancia, o individualismo e a competi\u00e7\u00e3o desenfreada comprometem a rela\u00e7\u00e3o do ser humano com o outro. Por isso \u00e9 urgente se questionar: Quando o ser humano chegar\u00e1 ao entendimento de que \u00e9 apenas uma esp\u00e9cie entre bilh\u00f5es de outras esp\u00e9cies que existem no nosso planeta?<\/p>\n<p>Infelizmente ainda prevalece o interesse econ\u00f4mico das grandes empresas que visam o lucro e colocam em risco a vida humana. Com a atual cultura do descart\u00e1vel, como nos apresenta o Papa Francisco, h\u00e1 uma tend\u00eancia a tornar a vida humana como \u201cparte do neg\u00f3cio\u201d, algo que se pode barganhar. Estamos diante de um \u201cmercado da morte\u201d no qual o ser humano \u00e9 um artigo a mais.<\/p>\n<p>Diante desta realidade n\u00e3o \u00e9 admiss\u00edvel tal descaso dos l\u00edderes e respons\u00e1veis pela realidade, uma vez que, do ponto de vista \u00e9tico, \u00e9 inconceb\u00edvel que o valor moral da vida esteja subordinado ao poder econ\u00f4mico. Neste cen\u00e1rio, a sociedade est\u00e1 negando que a vida humana tem um valor intr\u00ednseco e sagrado desde o seu come\u00e7o at\u00e9 o seu fim. Este valor \u00e9 inalien\u00e1vel e, acima de tudo, a vida humana n\u00e3o pode ser reduzida a um item do mercado.<\/p>\n<p>\u00c9 preciso conscientizar a todos de que a bio\u00e9tica \u00e9 uma \u00e1rea da ci\u00eancia que luta pela vida, que se empenha na garantia dos direitos humanos, anseia pela garantia da dignidade da vida de todos os indiv\u00edduos. \u00c9 preciso, al\u00e9m disso, observar a consci\u00eancia do indiv\u00edduo diante do debate bio\u00e9tico, pautado em uma responsabilidade com o pr\u00f3ximo, qual o seu n\u00edvel de consci\u00eancia e de forma\u00e7\u00e3o \u00e9tica contempor\u00e2nea. Observar sempre a realidade na busca por espa\u00e7os de discuss\u00e3o diante dos desafios atuais e o descaso com a sa\u00fade p\u00fablica.<\/p>\n<p>Quando observamos essa realidade \u00e9 poss\u00edvel vislumbrar um caminho de grandes desafios, mas n\u00e3o podemos perder a esperan\u00e7a de dias melhores. Para tanto, s\u00f3 ser\u00e1 poss\u00edvel uma verdadeira mudan\u00e7a quando soubermos compreender as nossas necessidades e agir com consci\u00eancia e grande discernimento.<\/p>\n<p>Por isso, \u00e9 preciso a condu\u00e7\u00e3o do ser humano, sua \u00edndole e o zelo pelo pr\u00f3ximo. Para tanto, a ci\u00eancia tem um desempenho imprescind\u00edvel no crit\u00e9rio social, quando esta entende que tem seu lugar na sociedade.<\/p>\n<p>A realidade atual vivenciada por n\u00f3s \u00e9 um convite a olhar para esta pandemia como desafio a ser superado. Como caminho para criar esperan\u00e7a e gestar uma realidade nova, novos projetos e outro jeito de viver, mais humano, mais \u00e9tico e solid\u00e1rio. Sendo assim \u00e9 preciso observar que a nossa conduta moral seja pautada pelas regras aplicadas no cotidiano e que devem ser respeitadas por cada um, principalmente, neste per\u00edodo de distanciamento e isolamento social.<\/p>\n<hr \/>\n<p><strong>Robson Ribeiro de Oliveira Castro Chaves<\/strong>\u00a0<em>\u00e9 mestre em Teologia pela Faculdade Jesu\u00edta de Filosofia e Teologia (FAJE), em BH, professor de teologia no Instituto Teol\u00f3gico Franciscano (ITF), em Petr\u00f3polis (RJ) e membro do Conselho Regional de Forma\u00e7\u00e3o (CRF) \u2013 LESTE II do CNLB.<\/em><\/p>\n","protected":false},"excerpt":{"rendered":"<p>Artigo de Robson Ribeiro de Oliveira Castro Chaves<\/p>\n","protected":false},"author":3,"featured_media":190384,"comment_status":"open","ping_status":"open","sticky":false,"template":"","format":"standard","meta":{"footnotes":""},"categories":[26],"tags":[355],"yoast_head":"<!-- This site is optimized with the Yoast SEO plugin v19.4 - https:\/\/yoast.com\/wordpress\/plugins\/seo\/ -->\n<title>A promo\u00e7\u00e3o da vida humana na bio\u00e9tica: o cuidado com o pr\u00f3ximo - Vida Crist\u00e3 - Franciscanos<\/title>\n<meta name=\"robots\" content=\"index, follow, max-snippet:-1, max-image-preview:large, max-video-preview:-1\" \/>\n<link rel=\"canonical\" href=\"https:\/\/franciscanos.org.br\/vidacrista\/a-promocao-de-vida-humana-na-bioetica-o-cuidado-com-o-proximo\/\" \/>\n<meta property=\"og:locale\" content=\"pt_BR\" \/>\n<meta property=\"og:type\" content=\"article\" \/>\n<meta property=\"og:title\" content=\"A promo\u00e7\u00e3o da vida humana na bio\u00e9tica: o cuidado com o pr\u00f3ximo - Vida Crist\u00e3 - Franciscanos\" \/>\n<meta property=\"og:description\" content=\"Artigo de Robson Ribeiro de Oliveira Castro Chaves\" \/>\n<meta property=\"og:url\" content=\"https:\/\/franciscanos.org.br\/vidacrista\/a-promocao-de-vida-humana-na-bioetica-o-cuidado-com-o-proximo\/\" \/>\n<meta property=\"og:site_name\" content=\"Vida Crist\u00e3 - Franciscanos\" \/>\n<meta property=\"article:published_time\" content=\"2021-09-01T10:26:53+00:00\" \/>\n<meta property=\"article:modified_time\" content=\"2021-09-02T11:41:39+00:00\" \/>\n<meta property=\"og:image\" content=\"https:\/\/franciscanos.org.br\/vidacrista\/wp-content\/uploads\/2021\/09\/artigo_robson010921.gif\" \/>\n\t<meta property=\"og:image:width\" content=\"800\" \/>\n\t<meta property=\"og:image:height\" content=\"500\" \/>\n\t<meta property=\"og:image:type\" content=\"image\/gif\" \/>\n<meta name=\"author\" content=\"moacir\" \/>\n<meta name=\"twitter:card\" content=\"summary_large_image\" \/>\n<meta name=\"twitter:label1\" content=\"Escrito por\" \/>\n\t<meta name=\"twitter:data1\" content=\"moacir\" \/>\n\t<meta name=\"twitter:label2\" content=\"Est. tempo de leitura\" \/>\n\t<meta name=\"twitter:data2\" content=\"5 minutos\" \/>\n<script type=\"application\/ld+json\" class=\"yoast-schema-graph\">{\"@context\":\"https:\/\/schema.org\",\"@graph\":[{\"@type\":\"WebSite\",\"@id\":\"https:\/\/franciscanos.org.br\/vidacrista\/#website\",\"url\":\"https:\/\/franciscanos.org.br\/vidacrista\/\",\"name\":\"Vida Crist\u00e3 - Franciscanos\",\"description\":\"Prov\u00edncia Franciscana da Imaculada Concei\u00e7\u00e3o do Brasil - Ordem dos Frades Menores\",\"potentialAction\":[{\"@type\":\"SearchAction\",\"target\":{\"@type\":\"EntryPoint\",\"urlTemplate\":\"https:\/\/franciscanos.org.br\/vidacrista\/?s={search_term_string}\"},\"query-input\":\"required name=search_term_string\"}],\"inLanguage\":\"pt-BR\"},{\"@type\":\"WebPage\",\"@id\":\"https:\/\/franciscanos.org.br\/vidacrista\/a-promocao-de-vida-humana-na-bioetica-o-cuidado-com-o-proximo\/\",\"url\":\"https:\/\/franciscanos.org.br\/vidacrista\/a-promocao-de-vida-humana-na-bioetica-o-cuidado-com-o-proximo\/\",\"name\":\"A promo\u00e7\u00e3o da vida humana na bio\u00e9tica: o cuidado com o pr\u00f3ximo - Vida Crist\u00e3 - Franciscanos\",\"isPartOf\":{\"@id\":\"https:\/\/franciscanos.org.br\/vidacrista\/#website\"},\"datePublished\":\"2021-09-01T10:26:53+00:00\",\"dateModified\":\"2021-09-02T11:41:39+00:00\",\"author\":{\"@id\":\"https:\/\/franciscanos.org.br\/vidacrista\/#\/schema\/person\/1880bdd2c350b735648725ef7614736a\"},\"breadcrumb\":{\"@id\":\"https:\/\/franciscanos.org.br\/vidacrista\/a-promocao-de-vida-humana-na-bioetica-o-cuidado-com-o-proximo\/#breadcrumb\"},\"inLanguage\":\"pt-BR\",\"potentialAction\":[{\"@type\":\"ReadAction\",\"target\":[\"https:\/\/franciscanos.org.br\/vidacrista\/a-promocao-de-vida-humana-na-bioetica-o-cuidado-com-o-proximo\/\"]}]},{\"@type\":\"BreadcrumbList\",\"@id\":\"https:\/\/franciscanos.org.br\/vidacrista\/a-promocao-de-vida-humana-na-bioetica-o-cuidado-com-o-proximo\/#breadcrumb\",\"itemListElement\":[{\"@type\":\"ListItem\",\"position\":1,\"name\":\"Home\",\"item\":\"https:\/\/franciscanos.org.br\/vidacrista\/\"},{\"@type\":\"ListItem\",\"position\":2,\"name\":\"A promo\u00e7\u00e3o da vida humana na bio\u00e9tica: o cuidado com o pr\u00f3ximo\"}]},{\"@type\":\"Person\",\"@id\":\"https:\/\/franciscanos.org.br\/vidacrista\/#\/schema\/person\/1880bdd2c350b735648725ef7614736a\",\"name\":\"moacir\",\"image\":{\"@type\":\"ImageObject\",\"inLanguage\":\"pt-BR\",\"@id\":\"https:\/\/franciscanos.org.br\/vidacrista\/#\/schema\/person\/image\/\",\"url\":\"https:\/\/secure.gravatar.com\/avatar\/d08aa2ce4c8dd416d4479aa8536fcf64?s=96&d=mm&r=g\",\"contentUrl\":\"https:\/\/secure.gravatar.com\/avatar\/d08aa2ce4c8dd416d4479aa8536fcf64?s=96&d=mm&r=g\",\"caption\":\"moacir\"},\"url\":\"https:\/\/franciscanos.org.br\/vidacrista\/author\/moacir\/\"}]}<\/script>\n<!-- \/ Yoast SEO plugin. -->","yoast_head_json":{"title":"A promo\u00e7\u00e3o da vida humana na bio\u00e9tica: o cuidado com o pr\u00f3ximo - Vida Crist\u00e3 - Franciscanos","robots":{"index":"index","follow":"follow","max-snippet":"max-snippet:-1","max-image-preview":"max-image-preview:large","max-video-preview":"max-video-preview:-1"},"canonical":"https:\/\/franciscanos.org.br\/vidacrista\/a-promocao-de-vida-humana-na-bioetica-o-cuidado-com-o-proximo\/","og_locale":"pt_BR","og_type":"article","og_title":"A promo\u00e7\u00e3o da vida humana na bio\u00e9tica: o cuidado com o pr\u00f3ximo - Vida Crist\u00e3 - Franciscanos","og_description":"Artigo de Robson Ribeiro de Oliveira Castro Chaves","og_url":"https:\/\/franciscanos.org.br\/vidacrista\/a-promocao-de-vida-humana-na-bioetica-o-cuidado-com-o-proximo\/","og_site_name":"Vida Crist\u00e3 - Franciscanos","article_published_time":"2021-09-01T10:26:53+00:00","article_modified_time":"2021-09-02T11:41:39+00:00","og_image":[{"width":800,"height":500,"url":"https:\/\/franciscanos.org.br\/vidacrista\/wp-content\/uploads\/2021\/09\/artigo_robson010921.gif","type":"image\/gif"}],"author":"moacir","twitter_card":"summary_large_image","twitter_misc":{"Escrito por":"moacir","Est. tempo de leitura":"5 minutos"},"schema":{"@context":"https:\/\/schema.org","@graph":[{"@type":"WebSite","@id":"https:\/\/franciscanos.org.br\/vidacrista\/#website","url":"https:\/\/franciscanos.org.br\/vidacrista\/","name":"Vida Crist\u00e3 - Franciscanos","description":"Prov\u00edncia Franciscana da Imaculada Concei\u00e7\u00e3o do Brasil - Ordem dos Frades Menores","potentialAction":[{"@type":"SearchAction","target":{"@type":"EntryPoint","urlTemplate":"https:\/\/franciscanos.org.br\/vidacrista\/?s={search_term_string}"},"query-input":"required name=search_term_string"}],"inLanguage":"pt-BR"},{"@type":"WebPage","@id":"https:\/\/franciscanos.org.br\/vidacrista\/a-promocao-de-vida-humana-na-bioetica-o-cuidado-com-o-proximo\/","url":"https:\/\/franciscanos.org.br\/vidacrista\/a-promocao-de-vida-humana-na-bioetica-o-cuidado-com-o-proximo\/","name":"A promo\u00e7\u00e3o da vida humana na bio\u00e9tica: o cuidado com o pr\u00f3ximo - Vida Crist\u00e3 - Franciscanos","isPartOf":{"@id":"https:\/\/franciscanos.org.br\/vidacrista\/#website"},"datePublished":"2021-09-01T10:26:53+00:00","dateModified":"2021-09-02T11:41:39+00:00","author":{"@id":"https:\/\/franciscanos.org.br\/vidacrista\/#\/schema\/person\/1880bdd2c350b735648725ef7614736a"},"breadcrumb":{"@id":"https:\/\/franciscanos.org.br\/vidacrista\/a-promocao-de-vida-humana-na-bioetica-o-cuidado-com-o-proximo\/#breadcrumb"},"inLanguage":"pt-BR","potentialAction":[{"@type":"ReadAction","target":["https:\/\/franciscanos.org.br\/vidacrista\/a-promocao-de-vida-humana-na-bioetica-o-cuidado-com-o-proximo\/"]}]},{"@type":"BreadcrumbList","@id":"https:\/\/franciscanos.org.br\/vidacrista\/a-promocao-de-vida-humana-na-bioetica-o-cuidado-com-o-proximo\/#breadcrumb","itemListElement":[{"@type":"ListItem","position":1,"name":"Home","item":"https:\/\/franciscanos.org.br\/vidacrista\/"},{"@type":"ListItem","position":2,"name":"A promo\u00e7\u00e3o da vida humana na bio\u00e9tica: o cuidado com o pr\u00f3ximo"}]},{"@type":"Person","@id":"https:\/\/franciscanos.org.br\/vidacrista\/#\/schema\/person\/1880bdd2c350b735648725ef7614736a","name":"moacir","image":{"@type":"ImageObject","inLanguage":"pt-BR","@id":"https:\/\/franciscanos.org.br\/vidacrista\/#\/schema\/person\/image\/","url":"https:\/\/secure.gravatar.com\/avatar\/d08aa2ce4c8dd416d4479aa8536fcf64?s=96&d=mm&r=g","contentUrl":"https:\/\/secure.gravatar.com\/avatar\/d08aa2ce4c8dd416d4479aa8536fcf64?s=96&d=mm&r=g","caption":"moacir"},"url":"https:\/\/franciscanos.org.br\/vidacrista\/author\/moacir\/"}]}},"_links":{"self":[{"href":"https:\/\/franciscanos.org.br\/vidacrista\/wp-json\/wp\/v2\/posts\/190383"}],"collection":[{"href":"https:\/\/franciscanos.org.br\/vidacrista\/wp-json\/wp\/v2\/posts"}],"about":[{"href":"https:\/\/franciscanos.org.br\/vidacrista\/wp-json\/wp\/v2\/types\/post"}],"author":[{"embeddable":true,"href":"https:\/\/franciscanos.org.br\/vidacrista\/wp-json\/wp\/v2\/users\/3"}],"replies":[{"embeddable":true,"href":"https:\/\/franciscanos.org.br\/vidacrista\/wp-json\/wp\/v2\/comments?post=190383"}],"version-history":[{"count":2,"href":"https:\/\/franciscanos.org.br\/vidacrista\/wp-json\/wp\/v2\/posts\/190383\/revisions"}],"predecessor-version":[{"id":190407,"href":"https:\/\/franciscanos.org.br\/vidacrista\/wp-json\/wp\/v2\/posts\/190383\/revisions\/190407"}],"wp:featuredmedia":[{"embeddable":true,"href":"https:\/\/franciscanos.org.br\/vidacrista\/wp-json\/wp\/v2\/media\/190384"}],"wp:attachment":[{"href":"https:\/\/franciscanos.org.br\/vidacrista\/wp-json\/wp\/v2\/media?parent=190383"}],"wp:term":[{"taxonomy":"category","embeddable":true,"href":"https:\/\/franciscanos.org.br\/vidacrista\/wp-json\/wp\/v2\/categories?post=190383"},{"taxonomy":"post_tag","embeddable":true,"href":"https:\/\/franciscanos.org.br\/vidacrista\/wp-json\/wp\/v2\/tags?post=190383"}],"curies":[{"name":"wp","href":"https:\/\/api.w.org\/{rel}","templated":true}]}}