{"id":190354,"date":"2021-08-31T10:04:58","date_gmt":"2021-08-31T13:04:58","guid":{"rendered":"https:\/\/franciscanos.org.br\/vidacrista\/?p=190354"},"modified":"2021-08-31T10:04:58","modified_gmt":"2021-08-31T13:04:58","slug":"o-coracao-lugar-de-misterio-e-comunicacao","status":"publish","type":"post","link":"https:\/\/franciscanos.org.br\/vidacrista\/o-coracao-lugar-de-misterio-e-comunicacao\/","title":{"rendered":"O Cora\u00e7\u00e3o, lugar de mist\u00e9rio e comunica\u00e7\u00e3o"},"content":{"rendered":"<div id=\"attachment_190355\" style=\"width: 850px\" class=\"wp-caption alignnone\"><img aria-describedby=\"caption-attachment-190355\" decoding=\"async\" loading=\"lazy\" class=\"wp-image-190355 size-full\" src=\"https:\/\/franciscanos.org.br\/vidacrista\/wp-content\/uploads\/2021\/08\/primeira_sexta_310821.jpg\" alt=\"\" width=\"840\" height=\"449\" srcset=\"https:\/\/franciscanos.org.br\/vidacrista\/wp-content\/uploads\/2021\/08\/primeira_sexta_310821.jpg 840w, https:\/\/franciscanos.org.br\/vidacrista\/wp-content\/uploads\/2021\/08\/primeira_sexta_310821-450x241.jpg 450w, https:\/\/franciscanos.org.br\/vidacrista\/wp-content\/uploads\/2021\/08\/primeira_sexta_310821-768x411.jpg 768w, https:\/\/franciscanos.org.br\/vidacrista\/wp-content\/uploads\/2021\/08\/primeira_sexta_310821-150x80.jpg 150w\" sizes=\"(max-width: 840px) 100vw, 840px\" \/><p id=\"caption-attachment-190355\" class=\"wp-caption-text\">\u00a0 \u00a0 \u00a0 \u00a0 \u00a0 \u00a0 \u00a0 \u00a0 \u00a0 \u00a0 \u00a0 \u00a0 \u00a0 \u00a0 \u00a0 \u00a0 \u00a0 \u00a0 \u00a0 \u00a0 \u00a0 \u00a0 \u00a0 \u00a0 \u00a0 \u00a0 \u00a0 \u00a0 \u00a0 \u00a0 \u00a0 \u00a0<em> \u00a0 \u00a0Imagem ilustrativa: Catholic Pictures (<a href=\"https:\/\/www.cathopic.com\">https:\/\/www.cathopic.com<\/a>\/)<\/em><\/p><\/div>\n<p>As reflex\u00f5es das primeiras sextas-feiras de cada m\u00eas sempre nos reconduzem ao mist\u00e9rio de Cristo Jesus. Como \u00e9 bom pensar nele, partilhar a vida com ele, deixar que sua Palavra nos ensope e que seu P\u00e3o nos nutra, olhar o mundo a partir de seu jeito de olhar e, sobretudo, nunca perder o senso de assombro diante de seu Cora\u00e7\u00e3o aberto. O nosso cora\u00e7\u00e3o se encanta com seu Cora\u00e7\u00e3o.<\/p>\n<p>O cora\u00e7\u00e3o humano \u00e9, ao mesmo tempo, centro pessoal e espa\u00e7o de Presen\u00e7a, lugar de mist\u00e9rio e de comunica\u00e7\u00e3o. Entrar em nosso cora\u00e7\u00e3o, uma interioridade habitada, significa fazer espa\u00e7o para um Algu\u00e9m, esse Outro. Entrar no cora\u00e7\u00e3o \u00e9 penetrar no santu\u00e1rio do relacionamento e da intimidade amorosa com a Alteridade mais radical, com sua vida que se derrama em nossas entranhas e em todo o nosso ser.<\/p>\n<p>\u201cEis que estou \u00e0 porta e bato, se algu\u00e9m ouvir a minha voz e abrir a porta entrarei em sua casa e cearei com ele e ele comigo\u201d (Ap 3,20). Esse encontro, esse olhar, essa palavra silenciosa dita ao cora\u00e7\u00e3o, transforma-nos radicalmente. A interioridade se torna um acontecimento da gra\u00e7a. Um autor afirma: quem est\u00e1 nessa dimens\u00e3o do interior pode perfurar a realidade, as coisas, as pessoas, os relacionamentos tal como Deus os v\u00ea. Os que sabem viver escondidamente sob o olhar do Pai a todos t\u00eam como irm\u00e3os.<\/p>\n<p>Esse penetrar no mais profundo n\u00e3o acontece com o mera a\u00e7\u00e3o de nossas potencialidades. Nem se trata de querer alcan\u00e7ar um especialmente elevado n\u00edvel de consci\u00eancia. Depende de abrir caminho. N\u00e3o pensar-se a si mesmo como merecedor de favores. Sem atos de humildade mentirosos; \u00e9 quest\u00e3o de ser ter consci\u00eancia diante de Deus de nossa situa\u00e7\u00e3o de mendic\u00e2ncia. Mendigos, no entanto, com seu mist\u00e9rio pessoal visitado pela gra\u00e7a. Mendigos amados pelo Senhor.<\/p>\n<p>Conv\u00e9m lembrar que esse movimento de interioridade \u00e9 insepar\u00e1vel da sa\u00edda, sa\u00edda pelos caminhos, tendo nos olhos o brilho das visitas do Amado. Sair, sair em miss\u00e3o e para a miss\u00e3o. Isto se torna urgente quando o apelo vem do Cora\u00e7\u00e3o e atinge nosso cora\u00e7\u00e3o. Um autor diz que Jesus vive por dentro e por fora. N\u00e3o somos seres fechados numa interioridade narcisista. Os homens que deixam seu interior ser visitado pelo amor s\u00e3o os melhores mission\u00e1rios.<\/p>\n<hr \/>\n<p><em>Frei Almir Guimar\u00e3es<\/em><\/p>\n","protected":false},"excerpt":{"rendered":"<p>Primeira Sexta-feira do M\u00eas<\/p>\n","protected":false},"author":3,"featured_media":190356,"comment_status":"open","ping_status":"open","sticky":false,"template":"","format":"standard","meta":{"footnotes":""},"categories":[105],"tags":[106],"yoast_head":"<!-- This site is optimized with the Yoast SEO plugin v19.4 - https:\/\/yoast.com\/wordpress\/plugins\/seo\/ -->\n<title>O Cora\u00e7\u00e3o, lugar de mist\u00e9rio e comunica\u00e7\u00e3o - Vida Crist\u00e3 - Franciscanos<\/title>\n<meta name=\"robots\" content=\"index, follow, max-snippet:-1, max-image-preview:large, max-video-preview:-1\" \/>\n<link rel=\"canonical\" href=\"https:\/\/franciscanos.org.br\/vidacrista\/o-coracao-lugar-de-misterio-e-comunicacao\/\" \/>\n<meta property=\"og:locale\" content=\"pt_BR\" \/>\n<meta property=\"og:type\" content=\"article\" \/>\n<meta property=\"og:title\" content=\"O Cora\u00e7\u00e3o, lugar de mist\u00e9rio e comunica\u00e7\u00e3o - Vida Crist\u00e3 - Franciscanos\" \/>\n<meta property=\"og:description\" content=\"Primeira Sexta-feira do M\u00eas\" \/>\n<meta property=\"og:url\" content=\"https:\/\/franciscanos.org.br\/vidacrista\/o-coracao-lugar-de-misterio-e-comunicacao\/\" \/>\n<meta property=\"og:site_name\" content=\"Vida Crist\u00e3 - Franciscanos\" \/>\n<meta property=\"article:published_time\" content=\"2021-08-31T13:04:58+00:00\" \/>\n<meta property=\"og:image\" content=\"https:\/\/franciscanos.org.br\/vidacrista\/wp-content\/uploads\/2021\/08\/primeira_sexta_310821d.jpg\" \/>\n\t<meta property=\"og:image:width\" content=\"800\" \/>\n\t<meta property=\"og:image:height\" content=\"549\" \/>\n\t<meta property=\"og:image:type\" content=\"image\/jpeg\" \/>\n<meta name=\"author\" content=\"moacir\" \/>\n<meta name=\"twitter:card\" content=\"summary_large_image\" \/>\n<meta name=\"twitter:label1\" content=\"Escrito por\" \/>\n\t<meta name=\"twitter:data1\" content=\"moacir\" \/>\n\t<meta name=\"twitter:label2\" content=\"Est. tempo de leitura\" \/>\n\t<meta name=\"twitter:data2\" content=\"2 minutos\" \/>\n<script type=\"application\/ld+json\" class=\"yoast-schema-graph\">{\"@context\":\"https:\/\/schema.org\",\"@graph\":[{\"@type\":\"WebSite\",\"@id\":\"https:\/\/franciscanos.org.br\/vidacrista\/#website\",\"url\":\"https:\/\/franciscanos.org.br\/vidacrista\/\",\"name\":\"Vida Crist\u00e3 - Franciscanos\",\"description\":\"Prov\u00edncia Franciscana da Imaculada Concei\u00e7\u00e3o do Brasil - Ordem dos Frades Menores\",\"potentialAction\":[{\"@type\":\"SearchAction\",\"target\":{\"@type\":\"EntryPoint\",\"urlTemplate\":\"https:\/\/franciscanos.org.br\/vidacrista\/?s={search_term_string}\"},\"query-input\":\"required name=search_term_string\"}],\"inLanguage\":\"pt-BR\"},{\"@type\":\"WebPage\",\"@id\":\"https:\/\/franciscanos.org.br\/vidacrista\/o-coracao-lugar-de-misterio-e-comunicacao\/\",\"url\":\"https:\/\/franciscanos.org.br\/vidacrista\/o-coracao-lugar-de-misterio-e-comunicacao\/\",\"name\":\"O Cora\u00e7\u00e3o, lugar de mist\u00e9rio e comunica\u00e7\u00e3o - Vida Crist\u00e3 - Franciscanos\",\"isPartOf\":{\"@id\":\"https:\/\/franciscanos.org.br\/vidacrista\/#website\"},\"datePublished\":\"2021-08-31T13:04:58+00:00\",\"dateModified\":\"2021-08-31T13:04:58+00:00\",\"author\":{\"@id\":\"https:\/\/franciscanos.org.br\/vidacrista\/#\/schema\/person\/1880bdd2c350b735648725ef7614736a\"},\"breadcrumb\":{\"@id\":\"https:\/\/franciscanos.org.br\/vidacrista\/o-coracao-lugar-de-misterio-e-comunicacao\/#breadcrumb\"},\"inLanguage\":\"pt-BR\",\"potentialAction\":[{\"@type\":\"ReadAction\",\"target\":[\"https:\/\/franciscanos.org.br\/vidacrista\/o-coracao-lugar-de-misterio-e-comunicacao\/\"]}]},{\"@type\":\"BreadcrumbList\",\"@id\":\"https:\/\/franciscanos.org.br\/vidacrista\/o-coracao-lugar-de-misterio-e-comunicacao\/#breadcrumb\",\"itemListElement\":[{\"@type\":\"ListItem\",\"position\":1,\"name\":\"Home\",\"item\":\"https:\/\/franciscanos.org.br\/vidacrista\/\"},{\"@type\":\"ListItem\",\"position\":2,\"name\":\"O Cora\u00e7\u00e3o, lugar de mist\u00e9rio e comunica\u00e7\u00e3o\"}]},{\"@type\":\"Person\",\"@id\":\"https:\/\/franciscanos.org.br\/vidacrista\/#\/schema\/person\/1880bdd2c350b735648725ef7614736a\",\"name\":\"moacir\",\"image\":{\"@type\":\"ImageObject\",\"inLanguage\":\"pt-BR\",\"@id\":\"https:\/\/franciscanos.org.br\/vidacrista\/#\/schema\/person\/image\/\",\"url\":\"https:\/\/secure.gravatar.com\/avatar\/d08aa2ce4c8dd416d4479aa8536fcf64?s=96&d=mm&r=g\",\"contentUrl\":\"https:\/\/secure.gravatar.com\/avatar\/d08aa2ce4c8dd416d4479aa8536fcf64?s=96&d=mm&r=g\",\"caption\":\"moacir\"},\"url\":\"https:\/\/franciscanos.org.br\/vidacrista\/author\/moacir\/\"}]}<\/script>\n<!-- \/ Yoast SEO plugin. -->","yoast_head_json":{"title":"O Cora\u00e7\u00e3o, lugar de mist\u00e9rio e comunica\u00e7\u00e3o - Vida Crist\u00e3 - Franciscanos","robots":{"index":"index","follow":"follow","max-snippet":"max-snippet:-1","max-image-preview":"max-image-preview:large","max-video-preview":"max-video-preview:-1"},"canonical":"https:\/\/franciscanos.org.br\/vidacrista\/o-coracao-lugar-de-misterio-e-comunicacao\/","og_locale":"pt_BR","og_type":"article","og_title":"O Cora\u00e7\u00e3o, lugar de mist\u00e9rio e comunica\u00e7\u00e3o - Vida Crist\u00e3 - Franciscanos","og_description":"Primeira Sexta-feira do M\u00eas","og_url":"https:\/\/franciscanos.org.br\/vidacrista\/o-coracao-lugar-de-misterio-e-comunicacao\/","og_site_name":"Vida Crist\u00e3 - Franciscanos","article_published_time":"2021-08-31T13:04:58+00:00","og_image":[{"width":800,"height":549,"url":"https:\/\/franciscanos.org.br\/vidacrista\/wp-content\/uploads\/2021\/08\/primeira_sexta_310821d.jpg","type":"image\/jpeg"}],"author":"moacir","twitter_card":"summary_large_image","twitter_misc":{"Escrito por":"moacir","Est. tempo de leitura":"2 minutos"},"schema":{"@context":"https:\/\/schema.org","@graph":[{"@type":"WebSite","@id":"https:\/\/franciscanos.org.br\/vidacrista\/#website","url":"https:\/\/franciscanos.org.br\/vidacrista\/","name":"Vida Crist\u00e3 - Franciscanos","description":"Prov\u00edncia Franciscana da Imaculada Concei\u00e7\u00e3o do Brasil - Ordem dos Frades Menores","potentialAction":[{"@type":"SearchAction","target":{"@type":"EntryPoint","urlTemplate":"https:\/\/franciscanos.org.br\/vidacrista\/?s={search_term_string}"},"query-input":"required name=search_term_string"}],"inLanguage":"pt-BR"},{"@type":"WebPage","@id":"https:\/\/franciscanos.org.br\/vidacrista\/o-coracao-lugar-de-misterio-e-comunicacao\/","url":"https:\/\/franciscanos.org.br\/vidacrista\/o-coracao-lugar-de-misterio-e-comunicacao\/","name":"O Cora\u00e7\u00e3o, lugar de mist\u00e9rio e comunica\u00e7\u00e3o - Vida Crist\u00e3 - Franciscanos","isPartOf":{"@id":"https:\/\/franciscanos.org.br\/vidacrista\/#website"},"datePublished":"2021-08-31T13:04:58+00:00","dateModified":"2021-08-31T13:04:58+00:00","author":{"@id":"https:\/\/franciscanos.org.br\/vidacrista\/#\/schema\/person\/1880bdd2c350b735648725ef7614736a"},"breadcrumb":{"@id":"https:\/\/franciscanos.org.br\/vidacrista\/o-coracao-lugar-de-misterio-e-comunicacao\/#breadcrumb"},"inLanguage":"pt-BR","potentialAction":[{"@type":"ReadAction","target":["https:\/\/franciscanos.org.br\/vidacrista\/o-coracao-lugar-de-misterio-e-comunicacao\/"]}]},{"@type":"BreadcrumbList","@id":"https:\/\/franciscanos.org.br\/vidacrista\/o-coracao-lugar-de-misterio-e-comunicacao\/#breadcrumb","itemListElement":[{"@type":"ListItem","position":1,"name":"Home","item":"https:\/\/franciscanos.org.br\/vidacrista\/"},{"@type":"ListItem","position":2,"name":"O Cora\u00e7\u00e3o, lugar de mist\u00e9rio e comunica\u00e7\u00e3o"}]},{"@type":"Person","@id":"https:\/\/franciscanos.org.br\/vidacrista\/#\/schema\/person\/1880bdd2c350b735648725ef7614736a","name":"moacir","image":{"@type":"ImageObject","inLanguage":"pt-BR","@id":"https:\/\/franciscanos.org.br\/vidacrista\/#\/schema\/person\/image\/","url":"https:\/\/secure.gravatar.com\/avatar\/d08aa2ce4c8dd416d4479aa8536fcf64?s=96&d=mm&r=g","contentUrl":"https:\/\/secure.gravatar.com\/avatar\/d08aa2ce4c8dd416d4479aa8536fcf64?s=96&d=mm&r=g","caption":"moacir"},"url":"https:\/\/franciscanos.org.br\/vidacrista\/author\/moacir\/"}]}},"_links":{"self":[{"href":"https:\/\/franciscanos.org.br\/vidacrista\/wp-json\/wp\/v2\/posts\/190354"}],"collection":[{"href":"https:\/\/franciscanos.org.br\/vidacrista\/wp-json\/wp\/v2\/posts"}],"about":[{"href":"https:\/\/franciscanos.org.br\/vidacrista\/wp-json\/wp\/v2\/types\/post"}],"author":[{"embeddable":true,"href":"https:\/\/franciscanos.org.br\/vidacrista\/wp-json\/wp\/v2\/users\/3"}],"replies":[{"embeddable":true,"href":"https:\/\/franciscanos.org.br\/vidacrista\/wp-json\/wp\/v2\/comments?post=190354"}],"version-history":[{"count":1,"href":"https:\/\/franciscanos.org.br\/vidacrista\/wp-json\/wp\/v2\/posts\/190354\/revisions"}],"predecessor-version":[{"id":190357,"href":"https:\/\/franciscanos.org.br\/vidacrista\/wp-json\/wp\/v2\/posts\/190354\/revisions\/190357"}],"wp:featuredmedia":[{"embeddable":true,"href":"https:\/\/franciscanos.org.br\/vidacrista\/wp-json\/wp\/v2\/media\/190356"}],"wp:attachment":[{"href":"https:\/\/franciscanos.org.br\/vidacrista\/wp-json\/wp\/v2\/media?parent=190354"}],"wp:term":[{"taxonomy":"category","embeddable":true,"href":"https:\/\/franciscanos.org.br\/vidacrista\/wp-json\/wp\/v2\/categories?post=190354"},{"taxonomy":"post_tag","embeddable":true,"href":"https:\/\/franciscanos.org.br\/vidacrista\/wp-json\/wp\/v2\/tags?post=190354"}],"curies":[{"name":"wp","href":"https:\/\/api.w.org\/{rel}","templated":true}]}}