{"id":190321,"date":"2021-08-30T10:15:23","date_gmt":"2021-08-30T13:15:23","guid":{"rendered":"https:\/\/franciscanos.org.br\/vidacrista\/?p=190321"},"modified":"2021-08-30T10:15:23","modified_gmt":"2021-08-30T13:15:23","slug":"ainda-que-devesse-passar-pelo-vale-da-sombra-de-morte","status":"publish","type":"post","link":"https:\/\/franciscanos.org.br\/vidacrista\/ainda-que-devesse-passar-pelo-vale-da-sombra-de-morte\/","title":{"rendered":"\u201cAinda que devesse passar pelo vale da sombra de morte\u201d"},"content":{"rendered":"<div id=\"attachment_190322\" style=\"width: 810px\" class=\"wp-caption alignnone\"><img aria-describedby=\"caption-attachment-190322\" decoding=\"async\" loading=\"lazy\" class=\"wp-image-190322 size-full\" src=\"https:\/\/franciscanos.org.br\/vidacrista\/wp-content\/uploads\/2021\/08\/artigo_boff_300821_canva.png\" alt=\"\" width=\"800\" height=\"428\" srcset=\"https:\/\/franciscanos.org.br\/vidacrista\/wp-content\/uploads\/2021\/08\/artigo_boff_300821_canva.png 800w, https:\/\/franciscanos.org.br\/vidacrista\/wp-content\/uploads\/2021\/08\/artigo_boff_300821_canva-450x241.png 450w, https:\/\/franciscanos.org.br\/vidacrista\/wp-content\/uploads\/2021\/08\/artigo_boff_300821_canva-768x411.png 768w, https:\/\/franciscanos.org.br\/vidacrista\/wp-content\/uploads\/2021\/08\/artigo_boff_300821_canva-150x80.png 150w\" sizes=\"(max-width: 800px) 100vw, 800px\" \/><p id=\"caption-attachment-190322\" class=\"wp-caption-text\">\u00a0 \u00a0 \u00a0 \u00a0 \u00a0 \u00a0 \u00a0 \u00a0 \u00a0 \u00a0 \u00a0 \u00a0 \u00a0 \u00a0 \u00a0 \u00a0 \u00a0 \u00a0 \u00a0 \u00a0 \u00a0 \u00a0 \u00a0 \u00a0 \u00a0 \u00a0 \u00a0 \u00a0 \u00a0 \u00a0<em>Imagem ilustrativa: Canva<\/em> (<a href=\"https:\/\/www.canva.com\/pt_br\/modelos\/\">www.canva.com\/pt_br\/modelos<\/a>)<\/p><\/div>\n<p><strong>Leonardo Boff<\/strong><\/p>\n<p>Nestes tempos sombrios sob a a\u00e7\u00e3o perigosa da Covid-19, um manto de temor e de ang\u00fastia se estende sobre nossas vidas. Vivemos cansados existencialmente, pelas pessoas queridas que perdemos, pelas amea\u00e7as de sermos contaminados e ainda mais por n\u00e3o entrevermos quando tudo isso vai acabar. O que vir\u00e1 depois?<\/p>\n<p>Um israelita piedoso passou pela mesma ang\u00fastia e nos deixou retratada a sua situa\u00e7\u00e3o no famoso salmo 23: &#8220;O Senhor \u00e9 meu pastor e nada me falta\u201d. Nele h\u00e1 um verso que vem a calhar exatamente para a nossa situa\u00e7\u00e3o: &#8220;Ainda que devesse passar pelo vale da morte, nada temerei porque tu vais comigo\u201d.<\/p>\n<p>Morte biblicamente, deve ser entendida n\u00e3o apenas como o fim da vida, mas existencialmente como a experi\u00eancia de crises profundas como grave risco de vida, persegui\u00e7\u00e3o feroz de inimigos, humilha\u00e7\u00e3o, exclus\u00e3o e solid\u00e3o devastadora. Fala-se ent\u00e3o, de descer aos infernos da condi\u00e7\u00e3o humana.<\/p>\n<p>Quando se reza no credo crist\u00e3o que Jesus desceu aos infernos se quer expressar que ele conheceu a solid\u00e3o extrema e o absoluto abandono, at\u00e9 por parte de seu Pai (cf. Mc 15,34). Ele passou, efetivamente, pelo vale da sombra de morte, pelo inferno da condi\u00e7\u00e3o humana. \u00c9 consolador, ent\u00e3o, ouvir a palavra do Bom Pastor: &#8220;N\u00e3o temas eu estou contigo\u201d.<\/p>\n<p>Nosso grande romancista Jo\u00e3o Guimar\u00e3es Rosa em &#8220;Grande Sert\u00e3o: Veredas&#8221; bem observou: \u201cViver \u00e9 perigoso\u201d. Sentimo-nos expulsos do jardim do \u00c9den. Estamos sempre buscando construir um para\u00edso poss\u00edvel. Vivemos fazendo travessias arriscadas. Amea\u00e7as nos espreitam por todos os lados. E nesse momento com o v\u00edrus, como nunca antes.<\/p>\n<p>Por mais que nos esforcemos e as sociedades para isso se organizem, nunca podemos controlar todos os fatores de risco. A Covid-19 nos mostrou a imprevisibilidade e a nossa vulnerabilidade Por isso, \u00e9 dram\u00e1tica e, por vezes tr\u00e1gica, a travessia humana. No termo, quando se trata de assegurar nossa vida, somos for\u00e7ados a nos confiar, al\u00e9m da medicina e da t\u00e9cnica, a um Maior que pode levar-nos &#8220;a pastagens verdejantes e \u00e0 fontes tranquilas\u201d, ao Deus-Bom-Pastor. Essa entrega supera a desesperan\u00e7a.<\/p>\n<p>Alarguemos um pouco o horizonte: grande dramaticidade pesa sobre o futuro da vida e da biosfera. Milhares de esp\u00e9cies est\u00e3o desaparecendo por causa da cobi\u00e7a e da inc\u00faria humana. O aquecimento crescente do Planeta unido \u00e0 escassez de \u00e1gua pot\u00e1vel pode nos confrontar com uma crise dram\u00e1tica de alimenta\u00e7\u00e3o. Milh\u00f5es poder\u00e3o se deslocar em busca da sobreviv\u00eancia amea\u00e7ando o j\u00e1 fr\u00e1gil equil\u00edbrio pol\u00edtico e social das na\u00e7\u00f5es.<\/p>\n<p>Aqui cabe invocar de novo o Pastor do universo, Aquele que tem poder sobre o curso dos tempos e dos climas para que crie situa\u00e7\u00f5es oportunas e suscite o sentido da solidariedade e da responsabilidade nos povos e nos chefes de Estado.<\/p>\n<p>Hoje o que destr\u00f3i nossa alegria de viver \u00e9 o medo. \u00c9 consequ\u00eancia de um tipo de sociedade que se construiu nos \u00faltimos s\u00e9culos assentada sobre a competi\u00e7\u00e3o e n\u00e3o sobre a coopera\u00e7\u00e3o, sobre a vontade de acumula\u00e7\u00e3o de bens materiais, o consumismo e sobre o uso da viol\u00eancia como forma de resolver os problemas pessoais e sociais.<\/p>\n<p>O que invalida o medo e suas sequelas \u00e9 o cuidado de uns para com os outros, especialmente agora, para n\u00e3o sermos contaminados pelo v\u00edrus nem contaminar os outros. O cuidado \u00e9 fundamental para entendermos a vida e as rela\u00e7\u00f5es entre todos os seres. Sem cuidado, a vida n\u00e3o nasce nem se reproduz. Cuidar de algu\u00e9m \u00e9 mais que administrar seus interesses, \u00e9 envolver-se afetivamente com ele, importar-se pelo seu bem-estar, \u00e9 sentir-se correspons\u00e1vel pelo seu destino. Por isso, tudo o que amamos tamb\u00e9m cuidamos e tudo o que cuidamos tamb\u00e9m amamos.<\/p>\n<p>O cuidado \u00e9 tamb\u00e9m o antecipador pr\u00e9vio dos comportamentos para que seus efeitos sejam bons e fortale\u00e7am a conviv\u00eancia.<\/p>\n<p>Uma sociedade que se rege pelo cuidado, pela Casa Comum, a Terra, cuidado com os ecossistemas que garantem as condi\u00e7\u00f5es da biosfera e de nossa vida, cuidado com a seguran\u00e7a alimentar de cada um dos seres humanos, cuidado com \u00e1gua doce, o bem mais escasso da natureza, cuidado com a sa\u00fade das pessoas, especialmente das mais desprovidas, cuidado com rela\u00e7\u00f5es sociais mais participativas, equitativas, justas e pac\u00edficas, cuidado com o ambiente espiritual da cultura para que todos possam viver com sentido, vivenciar e acolher, sem maiores dramas, as limita\u00e7\u00f5es, o envelhecimento e a travessia da morte, essa sociedade de cuidado gozar\u00e1 de paz e conc\u00f3rdia, necess\u00e1rias para a convivialidade humana.<\/p>\n<p>\u00c9 confortador, no meio de nossas tribula\u00e7\u00f5es atuais, amea\u00e7ados pela Covid-19, ouvir Aquele que nos sussurra: &#8220;N\u00e3o temas, eu estou contigo\u201d (Salmo 23) e atrav\u00e9s de Isa\u00edas nos assegura: &#8220;N\u00e3o olhes apreensivo, pois eu sou teu Deus, eu te fortale\u00e7o sim, eu te ajudo, sim, eu te sustento na palma de minha m\u00e3o\u201d (Is 41,10).<\/p>\n<p>Desta forma, nossa vida pessoal ganha certa leveza e conserva, mesmo no meio de riscos e amea\u00e7as, serena jovialidade ao sentirmos que jamais estamos s\u00f3s. Deus caminha em nosso pr\u00f3prio caminhar como o Bom Pastor que cuida para que \u201cnada nos falte\u201d.<\/p>\n<hr \/>\n<p><strong>Leonardo Boff<\/strong> <em>\u00e9 te\u00f3logo e fil\u00f3sofo e escreveu: &#8220;O Senhor \u00e9 meu pastor: consolo divino para o desamparo humano&#8221;, Vozes 2013.<\/em><\/p>\n","protected":false},"excerpt":{"rendered":"<p>Artigo de Leonardo Boff<\/p>\n","protected":false},"author":3,"featured_media":190322,"comment_status":"open","ping_status":"open","sticky":false,"template":"","format":"standard","meta":{"footnotes":""},"categories":[26],"tags":[59],"yoast_head":"<!-- This site is optimized with the Yoast SEO plugin v19.4 - https:\/\/yoast.com\/wordpress\/plugins\/seo\/ -->\n<title>\u201cAinda que devesse passar pelo vale da sombra de morte\u201d - Vida Crist\u00e3 - Franciscanos<\/title>\n<meta name=\"robots\" content=\"index, follow, max-snippet:-1, max-image-preview:large, max-video-preview:-1\" \/>\n<link rel=\"canonical\" href=\"https:\/\/franciscanos.org.br\/vidacrista\/ainda-que-devesse-passar-pelo-vale-da-sombra-de-morte\/\" \/>\n<meta property=\"og:locale\" content=\"pt_BR\" \/>\n<meta property=\"og:type\" content=\"article\" \/>\n<meta property=\"og:title\" content=\"\u201cAinda que devesse passar pelo vale da sombra de morte\u201d - Vida Crist\u00e3 - Franciscanos\" \/>\n<meta property=\"og:description\" content=\"Artigo de Leonardo Boff\" \/>\n<meta property=\"og:url\" content=\"https:\/\/franciscanos.org.br\/vidacrista\/ainda-que-devesse-passar-pelo-vale-da-sombra-de-morte\/\" \/>\n<meta property=\"og:site_name\" content=\"Vida Crist\u00e3 - Franciscanos\" \/>\n<meta property=\"article:published_time\" content=\"2021-08-30T13:15:23+00:00\" \/>\n<meta property=\"og:image\" content=\"https:\/\/franciscanos.org.br\/vidacrista\/wp-content\/uploads\/2021\/08\/artigo_boff_300821_canva.png\" \/>\n\t<meta property=\"og:image:width\" content=\"800\" \/>\n\t<meta property=\"og:image:height\" content=\"428\" \/>\n\t<meta property=\"og:image:type\" content=\"image\/png\" \/>\n<meta name=\"author\" content=\"moacir\" \/>\n<meta name=\"twitter:card\" content=\"summary_large_image\" \/>\n<meta name=\"twitter:label1\" content=\"Escrito por\" \/>\n\t<meta name=\"twitter:data1\" content=\"moacir\" \/>\n\t<meta name=\"twitter:label2\" content=\"Est. tempo de leitura\" \/>\n\t<meta name=\"twitter:data2\" content=\"5 minutos\" \/>\n<script type=\"application\/ld+json\" class=\"yoast-schema-graph\">{\"@context\":\"https:\/\/schema.org\",\"@graph\":[{\"@type\":\"WebSite\",\"@id\":\"https:\/\/franciscanos.org.br\/vidacrista\/#website\",\"url\":\"https:\/\/franciscanos.org.br\/vidacrista\/\",\"name\":\"Vida Crist\u00e3 - Franciscanos\",\"description\":\"Prov\u00edncia Franciscana da Imaculada Concei\u00e7\u00e3o do Brasil - Ordem dos Frades Menores\",\"potentialAction\":[{\"@type\":\"SearchAction\",\"target\":{\"@type\":\"EntryPoint\",\"urlTemplate\":\"https:\/\/franciscanos.org.br\/vidacrista\/?s={search_term_string}\"},\"query-input\":\"required name=search_term_string\"}],\"inLanguage\":\"pt-BR\"},{\"@type\":\"WebPage\",\"@id\":\"https:\/\/franciscanos.org.br\/vidacrista\/ainda-que-devesse-passar-pelo-vale-da-sombra-de-morte\/\",\"url\":\"https:\/\/franciscanos.org.br\/vidacrista\/ainda-que-devesse-passar-pelo-vale-da-sombra-de-morte\/\",\"name\":\"\u201cAinda que devesse passar pelo vale da sombra de morte\u201d - Vida Crist\u00e3 - Franciscanos\",\"isPartOf\":{\"@id\":\"https:\/\/franciscanos.org.br\/vidacrista\/#website\"},\"datePublished\":\"2021-08-30T13:15:23+00:00\",\"dateModified\":\"2021-08-30T13:15:23+00:00\",\"author\":{\"@id\":\"https:\/\/franciscanos.org.br\/vidacrista\/#\/schema\/person\/1880bdd2c350b735648725ef7614736a\"},\"breadcrumb\":{\"@id\":\"https:\/\/franciscanos.org.br\/vidacrista\/ainda-que-devesse-passar-pelo-vale-da-sombra-de-morte\/#breadcrumb\"},\"inLanguage\":\"pt-BR\",\"potentialAction\":[{\"@type\":\"ReadAction\",\"target\":[\"https:\/\/franciscanos.org.br\/vidacrista\/ainda-que-devesse-passar-pelo-vale-da-sombra-de-morte\/\"]}]},{\"@type\":\"BreadcrumbList\",\"@id\":\"https:\/\/franciscanos.org.br\/vidacrista\/ainda-que-devesse-passar-pelo-vale-da-sombra-de-morte\/#breadcrumb\",\"itemListElement\":[{\"@type\":\"ListItem\",\"position\":1,\"name\":\"Home\",\"item\":\"https:\/\/franciscanos.org.br\/vidacrista\/\"},{\"@type\":\"ListItem\",\"position\":2,\"name\":\"\u201cAinda que devesse passar pelo vale da sombra de morte\u201d\"}]},{\"@type\":\"Person\",\"@id\":\"https:\/\/franciscanos.org.br\/vidacrista\/#\/schema\/person\/1880bdd2c350b735648725ef7614736a\",\"name\":\"moacir\",\"image\":{\"@type\":\"ImageObject\",\"inLanguage\":\"pt-BR\",\"@id\":\"https:\/\/franciscanos.org.br\/vidacrista\/#\/schema\/person\/image\/\",\"url\":\"https:\/\/secure.gravatar.com\/avatar\/d08aa2ce4c8dd416d4479aa8536fcf64?s=96&d=mm&r=g\",\"contentUrl\":\"https:\/\/secure.gravatar.com\/avatar\/d08aa2ce4c8dd416d4479aa8536fcf64?s=96&d=mm&r=g\",\"caption\":\"moacir\"},\"url\":\"https:\/\/franciscanos.org.br\/vidacrista\/author\/moacir\/\"}]}<\/script>\n<!-- \/ Yoast SEO plugin. -->","yoast_head_json":{"title":"\u201cAinda que devesse passar pelo vale da sombra de morte\u201d - Vida Crist\u00e3 - Franciscanos","robots":{"index":"index","follow":"follow","max-snippet":"max-snippet:-1","max-image-preview":"max-image-preview:large","max-video-preview":"max-video-preview:-1"},"canonical":"https:\/\/franciscanos.org.br\/vidacrista\/ainda-que-devesse-passar-pelo-vale-da-sombra-de-morte\/","og_locale":"pt_BR","og_type":"article","og_title":"\u201cAinda que devesse passar pelo vale da sombra de morte\u201d - Vida Crist\u00e3 - Franciscanos","og_description":"Artigo de Leonardo Boff","og_url":"https:\/\/franciscanos.org.br\/vidacrista\/ainda-que-devesse-passar-pelo-vale-da-sombra-de-morte\/","og_site_name":"Vida Crist\u00e3 - Franciscanos","article_published_time":"2021-08-30T13:15:23+00:00","og_image":[{"width":800,"height":428,"url":"https:\/\/franciscanos.org.br\/vidacrista\/wp-content\/uploads\/2021\/08\/artigo_boff_300821_canva.png","type":"image\/png"}],"author":"moacir","twitter_card":"summary_large_image","twitter_misc":{"Escrito por":"moacir","Est. tempo de leitura":"5 minutos"},"schema":{"@context":"https:\/\/schema.org","@graph":[{"@type":"WebSite","@id":"https:\/\/franciscanos.org.br\/vidacrista\/#website","url":"https:\/\/franciscanos.org.br\/vidacrista\/","name":"Vida Crist\u00e3 - Franciscanos","description":"Prov\u00edncia Franciscana da Imaculada Concei\u00e7\u00e3o do Brasil - Ordem dos Frades Menores","potentialAction":[{"@type":"SearchAction","target":{"@type":"EntryPoint","urlTemplate":"https:\/\/franciscanos.org.br\/vidacrista\/?s={search_term_string}"},"query-input":"required name=search_term_string"}],"inLanguage":"pt-BR"},{"@type":"WebPage","@id":"https:\/\/franciscanos.org.br\/vidacrista\/ainda-que-devesse-passar-pelo-vale-da-sombra-de-morte\/","url":"https:\/\/franciscanos.org.br\/vidacrista\/ainda-que-devesse-passar-pelo-vale-da-sombra-de-morte\/","name":"\u201cAinda que devesse passar pelo vale da sombra de morte\u201d - Vida Crist\u00e3 - Franciscanos","isPartOf":{"@id":"https:\/\/franciscanos.org.br\/vidacrista\/#website"},"datePublished":"2021-08-30T13:15:23+00:00","dateModified":"2021-08-30T13:15:23+00:00","author":{"@id":"https:\/\/franciscanos.org.br\/vidacrista\/#\/schema\/person\/1880bdd2c350b735648725ef7614736a"},"breadcrumb":{"@id":"https:\/\/franciscanos.org.br\/vidacrista\/ainda-que-devesse-passar-pelo-vale-da-sombra-de-morte\/#breadcrumb"},"inLanguage":"pt-BR","potentialAction":[{"@type":"ReadAction","target":["https:\/\/franciscanos.org.br\/vidacrista\/ainda-que-devesse-passar-pelo-vale-da-sombra-de-morte\/"]}]},{"@type":"BreadcrumbList","@id":"https:\/\/franciscanos.org.br\/vidacrista\/ainda-que-devesse-passar-pelo-vale-da-sombra-de-morte\/#breadcrumb","itemListElement":[{"@type":"ListItem","position":1,"name":"Home","item":"https:\/\/franciscanos.org.br\/vidacrista\/"},{"@type":"ListItem","position":2,"name":"\u201cAinda que devesse passar pelo vale da sombra de morte\u201d"}]},{"@type":"Person","@id":"https:\/\/franciscanos.org.br\/vidacrista\/#\/schema\/person\/1880bdd2c350b735648725ef7614736a","name":"moacir","image":{"@type":"ImageObject","inLanguage":"pt-BR","@id":"https:\/\/franciscanos.org.br\/vidacrista\/#\/schema\/person\/image\/","url":"https:\/\/secure.gravatar.com\/avatar\/d08aa2ce4c8dd416d4479aa8536fcf64?s=96&d=mm&r=g","contentUrl":"https:\/\/secure.gravatar.com\/avatar\/d08aa2ce4c8dd416d4479aa8536fcf64?s=96&d=mm&r=g","caption":"moacir"},"url":"https:\/\/franciscanos.org.br\/vidacrista\/author\/moacir\/"}]}},"_links":{"self":[{"href":"https:\/\/franciscanos.org.br\/vidacrista\/wp-json\/wp\/v2\/posts\/190321"}],"collection":[{"href":"https:\/\/franciscanos.org.br\/vidacrista\/wp-json\/wp\/v2\/posts"}],"about":[{"href":"https:\/\/franciscanos.org.br\/vidacrista\/wp-json\/wp\/v2\/types\/post"}],"author":[{"embeddable":true,"href":"https:\/\/franciscanos.org.br\/vidacrista\/wp-json\/wp\/v2\/users\/3"}],"replies":[{"embeddable":true,"href":"https:\/\/franciscanos.org.br\/vidacrista\/wp-json\/wp\/v2\/comments?post=190321"}],"version-history":[{"count":1,"href":"https:\/\/franciscanos.org.br\/vidacrista\/wp-json\/wp\/v2\/posts\/190321\/revisions"}],"predecessor-version":[{"id":190323,"href":"https:\/\/franciscanos.org.br\/vidacrista\/wp-json\/wp\/v2\/posts\/190321\/revisions\/190323"}],"wp:featuredmedia":[{"embeddable":true,"href":"https:\/\/franciscanos.org.br\/vidacrista\/wp-json\/wp\/v2\/media\/190322"}],"wp:attachment":[{"href":"https:\/\/franciscanos.org.br\/vidacrista\/wp-json\/wp\/v2\/media?parent=190321"}],"wp:term":[{"taxonomy":"category","embeddable":true,"href":"https:\/\/franciscanos.org.br\/vidacrista\/wp-json\/wp\/v2\/categories?post=190321"},{"taxonomy":"post_tag","embeddable":true,"href":"https:\/\/franciscanos.org.br\/vidacrista\/wp-json\/wp\/v2\/tags?post=190321"}],"curies":[{"name":"wp","href":"https:\/\/api.w.org\/{rel}","templated":true}]}}