{"id":190213,"date":"2021-08-24T13:02:08","date_gmt":"2021-08-24T16:02:08","guid":{"rendered":"https:\/\/franciscanos.org.br\/vidacrista\/?p=190213"},"modified":"2021-08-27T07:49:44","modified_gmt":"2021-08-27T10:49:44","slug":"santa-monica-as-virgens-do-oleo-e-o-noivo-do-dia-seguinte-na-inspiracao-de-mt-25-1-13","status":"publish","type":"post","link":"https:\/\/franciscanos.org.br\/vidacrista\/santa-monica-as-virgens-do-oleo-e-o-noivo-do-dia-seguinte-na-inspiracao-de-mt-25-1-13\/","title":{"rendered":"Santa M\u00f4nica, as virgens do \u00f3leo e o noivo do \u2018dia seguinte\u2019 na inspira\u00e7\u00e3o de Mt 25, 1-13"},"content":{"rendered":"<p>&nbsp;<\/p>\n<div id=\"attachment_190215\" style=\"width: 850px\" class=\"wp-caption alignnone\"><img aria-describedby=\"caption-attachment-190215\" decoding=\"async\" loading=\"lazy\" class=\"wp-image-190215 size-full\" src=\"https:\/\/franciscanos.org.br\/vidacrista\/wp-content\/uploads\/2021\/08\/Monica_of_Hippo_by_Gozzoli.jpg\" alt=\"\" width=\"840\" height=\"450\" srcset=\"https:\/\/franciscanos.org.br\/vidacrista\/wp-content\/uploads\/2021\/08\/Monica_of_Hippo_by_Gozzoli.jpg 840w, https:\/\/franciscanos.org.br\/vidacrista\/wp-content\/uploads\/2021\/08\/Monica_of_Hippo_by_Gozzoli-450x241.jpg 450w, https:\/\/franciscanos.org.br\/vidacrista\/wp-content\/uploads\/2021\/08\/Monica_of_Hippo_by_Gozzoli-768x411.jpg 768w, https:\/\/franciscanos.org.br\/vidacrista\/wp-content\/uploads\/2021\/08\/Monica_of_Hippo_by_Gozzoli-150x80.jpg 150w\" sizes=\"(max-width: 840px) 100vw, 840px\" \/><p id=\"caption-attachment-190215\" class=\"wp-caption-text\"><em>\u00a0 \u00a0 \u00a0 \u00a0 \u00a0 \u00a0 \u00a0 \u00a0 \u00a0 \u00a0 \u00a0 \u00a0 \u00a0 \u00a0 \u00a0 \u00a0 \u00a0 \u00a0 \u00a0 \u00a0 \u00a0 \u00a0 \u00a0 \u00a0 \u00a0 \u00a0 \u00a0 \u00a0 \u00a0 \u00a0 \u00a0 \u00a0 \u00a0 \u00a0Imagem: Santa M\u00f4nica, Gozzoli (dom\u00ednio p\u00fablico)<\/em><\/p><\/div>\n<p><strong><em>Frei Jacir de Freitas Faria, OFM<\/em><\/strong><a href=\"#_ftn1\" name=\"_ftnref1\">[1]<\/a><\/p>\n<p><strong><em>\u00a0<\/em><\/strong>O texto sobre o qual vamos refletir \u00e9 Mt 25,1-13. Trata-se de um texto muito conhecido, pr\u00f3prio de Mateus, que, com caracter\u00edsticas apocal\u00edpticas, narra a par\u00e1bola de dez virgens, dez noivas, que esperam o dia do casamento. A cena \u00e9 comparada ao Reino dos C\u00e9us. Voc\u00ea sabe qual \u00e9 o contexto cultural dessa par\u00e1bola? Por que elas t\u00eam que esperar os noivos com \u00f3leo na lamparina? Quem \u00e9 o noivo de ontem e de hoje? Quem s\u00e3o essas virgens prudentes e imprudentes?<\/p>\n<p><iframe loading=\"lazy\" title=\"Reflex\u00e3o b\u00edblica - Sexta-feira da 21\u00aa Semana do Tempo Comum (27\/08\/2021) - Mem\u00f3ria de Santa M\u00f4nica\" width=\"500\" height=\"281\" src=\"https:\/\/www.youtube.com\/embed\/9kAvdMr_0oQ?start=1&#038;feature=oembed\" frameborder=\"0\" allow=\"accelerometer; autoplay; clipboard-write; encrypted-media; gyroscope; picture-in-picture\" allowfullscreen><\/iframe><\/p>\n<p>Celebrando a mem\u00f3ria de Santa M\u00f4nica, quero lhe propor uma compara\u00e7\u00e3o, uma reflex\u00e3o que una a realidade do texto com o nosso tempo e o esperar de Santa M\u00f4nica (331-387E.C.), a m\u00e3e de Santo Agostinho. Africana de Tagaste, na atual Arg\u00e9lia, a vida de Santa M\u00f4nica ilustra o nosso texto pela sua perseveran\u00e7a na f\u00e9, na ora\u00e7\u00e3o e na dedica\u00e7\u00e3o ao marido e filhos. Vi\u00fava ainda nova, cuidou dos filhos e os educou com amor de m\u00e3e. Na prud\u00eancia, no sil\u00eancio da ora\u00e7\u00e3o persistente, ela implorou Deus e logrou a convers\u00e3o de seu filho mais velho, Agostinho, que tinha se tornado adepto da filosofia persa, chamada de Manique\u00edsmo. Para esse modo de pensar, o mundo est\u00e1 dividido em duas partes, o lado bom e o lado mau, entre Deus e o diabo. O jovem e brilhante pensador e professor Agostinho tornou-se presb\u00edtero, bispo e grande te\u00f3logo da Igreja.<\/p>\n<p>Ap\u00f3s esse pequeno relato de f\u00e9, esperan\u00e7a e prud\u00eancia de Santa M\u00f4nica, que viveu o presente acreditando que o futuro do filho seria um presente frutuoso, voltemos ao evangelho. A imagem, no contexto da par\u00e1bola, tem, como pano de fundo, o casamento no tempo de Jesus, o qual era realizado em de tr\u00eas etapas:<a href=\"#_ftn2\" name=\"_ftnref2\">[2]<\/a> namoro, noivado e n\u00fapcias.<\/p>\n<p>O namoro consistia nas preliminares de um futuro casamento, estabelecido entre os pais e o casal. Nele ficava estabelecido o valor do dote da mulher a ser pago pelo homem, o qual consistia em 200 zuz, moeda da \u00e9poca, para uma virgem, 100 para as vi\u00favas, e 500 para uma filha virgem de um sacerdote.<\/p>\n<p>A segunda etapa do casamento era o noivado, chamado tamb\u00e9m de santifica\u00e7\u00e3o da mulher. Com a celebra\u00e7\u00e3o do noivado, a mulher passava a pertencer ao povo de Deus. Podia ser celebrado de tr\u00eas modos: entrega de um objeto de valor, de um documento ou ato sexual realizado na presen\u00e7a de duas testemunhas. Na oportunidade, o noivo dizia para noiva: \u201cSeja minha mulher. Case comigo. Seja a minha propriedade! Hoje, com esse gesto, voc\u00ea passa a pertencer ao povo de Deus\u201d. Depois de celebrado o noivado, a mulher ainda n\u00e3o podia ir para a casa do marido. Ela tinha que esperar a terceira etapa, as n\u00fapcias, que era a conclus\u00e3o jur\u00eddica do casamento, seguido de festa paga pelo noivo e que podia durar sete dias. O prazo entre o noivado e as n\u00fapcias era de trinta dias para as vi\u00favas e divorciadas, e de at\u00e9 de um ano para as virgens, caso das noivas do evangelho de Mateus.<\/p>\n<p>Conhecendo esse contexto, Jesus, sabiamente, faz uso da imagem do matrim\u00f4nio para falar de um noivo que pode chegar a qualquer momento, pois a hora dependia da decis\u00e3o e do preparo dele, assim como o Reino dos C\u00e9us. A imagem de um noivo que viria para salvar e selar, definitivamente, o casamento com Israel, fazia parte do imagin\u00e1rio religioso do povo (Mc Is 62,4; Os 2,16; Ez 16,8; Mc 2,18-22).<\/p>\n<p>Sobre o simbolismo que aparece no texto, destaca-se o fato de que as noivas eram dez, n\u00famero que significa completo, tudo que posso abarcar com as m\u00e3os, o todo. Cinco delas estavam preparadas para receber o noivo, outras cinco, n\u00e3o. O cinco recorda a Carta Magna do povo de Israel, o Pentateuco, composto pelos livros de G\u00eanesis, \u00caxodo, Lev\u00edtico, N\u00fameros e Deuteron\u00f4mio. Seguir o Pentateuco \u00e9 seguir a Tor\u00e1, a Lei, \u00e9 estar preparado para o casamento definitivo com Deus. O \u00f3leo ou azeite \u00e9 o s\u00edmbolo da consagra\u00e7\u00e3o, da luz que dele emana, e nos faz ficar atentos e vigilantes, sobretudo quando \u00e9 meia-noite, hora da chegada do noivo e da vigil\u00e2ncia noturna (Pr 31,18; Jr 25,10; Ap 18,22). O ser prudente ou imprudente, dito sobre as noivas, fazia parte da imagem sapiencial do justo e do injusto de Prov\u00e9rbios e Eclesi\u00e1stico. O justo ser\u00e1 gratificado e o injusto, punido.<\/p>\n<p>Entendido o contexto e o texto, vejamos o que Mt 25,1-13 tem a nos dizer. Estamos vivendo tempos dif\u00edceis, o que exige de n\u00f3s vigil\u00e2ncia e prud\u00eancia. Os tr\u00eas Poderes, por causa de seus interesses pr\u00f3prios, est\u00e3o divididos, o povo est\u00e1 sem esperan\u00e7a. Quando chegar\u00e1 um noivo ou uma noiva para nos tirar desse lama\u00e7al de podrid\u00e3o que invade nossas casas, nossas ruas, pra\u00e7as e pessoas destru\u00eddas pelo \u00f3dio que impera? Ser\u00e1 que temos que esperar a convers\u00e3o de outros \u2018agostinhos\u2019? Eles existem? Ou precisamos de M\u00f4nicas que implorem por n\u00f3s? Melhor seria seguir o caminho das virgens prudentes, isto \u00e9, ler a nossa realidade com olhos de lucidez.<\/p>\n<p>N\u00e3o devemos esperar pelo futuro, ele j\u00e1 existe no presente transformado. N\u00e3o existe futuro. Somos uma vida a caminho, como na met\u00e1fora das virgens. A crise \u00e9, sim, maior do que imaginamos, mas n\u00e3o podemos perder a esperan\u00e7a de um azeite que ilumine nossa estrada, em todas as suas rotas. N\u00e3o basta pedir \u00f3leo emprestado, \u00e9 preciso ser luz na estrada da vida esburacada. Utopia sempre! F\u00e9 e Esperan\u00e7a! Sonho sempre! E tudo ser\u00e1 diferente. O dia seguinte do Reino est\u00e1 por vir! N\u00e3o o reino Shakesperiano da Dinamarca, mas o dos C\u00e9us na terra. Am\u00e9m! Assim seja!<\/p>\n<hr \/>\n<p><a href=\"#_ftnref1\" name=\"_ftn1\">[1]<\/a> Doutor em Teologia B\u00edblica pela FAJE-BH. Mestre em Ci\u00eancias B\u00edblicas (Exegese) pelo Pontif\u00edcio Instituto B\u00edblico de Roma. Professor de exegese b\u00edblica. Membro da Associa\u00e7\u00e3o Brasileira de Pesquisa B\u00edblica (ABIB). Sacerdote Franciscano. Autor de dez livros e coautor de quinze.<\/p>\n<p>Canal no You Tube: Frei Jacir B\u00edblia e Ap\u00f3crifos ou <a href=\"https:\/\/www.youtube.com\/c\/FreiJacirdeFreitasFariaB%C3%ADbliaAp%C3%B3crifos\">https:\/\/www.youtube.com\/c\/FreiJacirdeFreitasFariaB%C3%ADbliaAp%C3%B3crifos<\/a><\/p>\n<p><a href=\"#_ftnref2\" name=\"_ftn2\">[2]<\/a> <a href=\"http:\/\/lattes.cnpq.br\/6406884242994202\">FARIA<\/a>. <strong>Hist\u00f3ria de Maria, M\u00e3e e Ap\u00f3stola de seu Filho, nos Evangelhos Ap\u00f3crifos.<\/strong> 3. ed. Petr\u00f3polis: Vozes, 2006, p. 42-43.<\/p>\n<p>&nbsp;<\/p>\n","protected":false},"excerpt":{"rendered":"<p>Artigo de Frei Jacir de Freitas Faria<\/p>\n","protected":false},"author":3,"featured_media":190214,"comment_status":"open","ping_status":"open","sticky":false,"template":"","format":"standard","meta":{"footnotes":""},"categories":[26],"tags":[43],"yoast_head":"<!-- This site is optimized with the Yoast SEO plugin v19.4 - https:\/\/yoast.com\/wordpress\/plugins\/seo\/ -->\n<title>Santa M\u00f4nica, as virgens do \u00f3leo e o noivo do \u2018dia seguinte\u2019 na inspira\u00e7\u00e3o de Mt 25, 1-13 - Vida Crist\u00e3 - Franciscanos<\/title>\n<meta name=\"robots\" content=\"index, follow, max-snippet:-1, max-image-preview:large, max-video-preview:-1\" \/>\n<link rel=\"canonical\" href=\"https:\/\/franciscanos.org.br\/vidacrista\/santa-monica-as-virgens-do-oleo-e-o-noivo-do-dia-seguinte-na-inspiracao-de-mt-25-1-13\/\" \/>\n<meta property=\"og:locale\" content=\"pt_BR\" \/>\n<meta property=\"og:type\" content=\"article\" \/>\n<meta property=\"og:title\" content=\"Santa M\u00f4nica, as virgens do \u00f3leo e o noivo do \u2018dia seguinte\u2019 na inspira\u00e7\u00e3o de Mt 25, 1-13 - Vida Crist\u00e3 - Franciscanos\" \/>\n<meta property=\"og:description\" content=\"Artigo de Frei Jacir de Freitas Faria\" \/>\n<meta property=\"og:url\" content=\"https:\/\/franciscanos.org.br\/vidacrista\/santa-monica-as-virgens-do-oleo-e-o-noivo-do-dia-seguinte-na-inspiracao-de-mt-25-1-13\/\" \/>\n<meta property=\"og:site_name\" content=\"Vida Crist\u00e3 - Franciscanos\" \/>\n<meta property=\"article:published_time\" content=\"2021-08-24T16:02:08+00:00\" \/>\n<meta property=\"article:modified_time\" content=\"2021-08-27T10:49:44+00:00\" \/>\n<meta property=\"og:image\" content=\"https:\/\/franciscanos.org.br\/vidacrista\/wp-content\/uploads\/2021\/08\/monica_24.jpg\" \/>\n\t<meta property=\"og:image:width\" content=\"800\" \/>\n\t<meta property=\"og:image:height\" content=\"551\" \/>\n\t<meta property=\"og:image:type\" content=\"image\/jpeg\" \/>\n<meta name=\"author\" content=\"moacir\" \/>\n<meta name=\"twitter:card\" content=\"summary_large_image\" \/>\n<meta name=\"twitter:label1\" content=\"Escrito por\" \/>\n\t<meta name=\"twitter:data1\" content=\"moacir\" \/>\n\t<meta name=\"twitter:label2\" content=\"Est. tempo de leitura\" \/>\n\t<meta name=\"twitter:data2\" content=\"6 minutos\" \/>\n<script type=\"application\/ld+json\" class=\"yoast-schema-graph\">{\"@context\":\"https:\/\/schema.org\",\"@graph\":[{\"@type\":\"WebSite\",\"@id\":\"https:\/\/franciscanos.org.br\/vidacrista\/#website\",\"url\":\"https:\/\/franciscanos.org.br\/vidacrista\/\",\"name\":\"Vida Crist\u00e3 - Franciscanos\",\"description\":\"Prov\u00edncia Franciscana da Imaculada Concei\u00e7\u00e3o do Brasil - Ordem dos Frades Menores\",\"potentialAction\":[{\"@type\":\"SearchAction\",\"target\":{\"@type\":\"EntryPoint\",\"urlTemplate\":\"https:\/\/franciscanos.org.br\/vidacrista\/?s={search_term_string}\"},\"query-input\":\"required name=search_term_string\"}],\"inLanguage\":\"pt-BR\"},{\"@type\":\"WebPage\",\"@id\":\"https:\/\/franciscanos.org.br\/vidacrista\/santa-monica-as-virgens-do-oleo-e-o-noivo-do-dia-seguinte-na-inspiracao-de-mt-25-1-13\/\",\"url\":\"https:\/\/franciscanos.org.br\/vidacrista\/santa-monica-as-virgens-do-oleo-e-o-noivo-do-dia-seguinte-na-inspiracao-de-mt-25-1-13\/\",\"name\":\"Santa M\u00f4nica, as virgens do \u00f3leo e o noivo do \u2018dia seguinte\u2019 na inspira\u00e7\u00e3o de Mt 25, 1-13 - Vida Crist\u00e3 - Franciscanos\",\"isPartOf\":{\"@id\":\"https:\/\/franciscanos.org.br\/vidacrista\/#website\"},\"datePublished\":\"2021-08-24T16:02:08+00:00\",\"dateModified\":\"2021-08-27T10:49:44+00:00\",\"author\":{\"@id\":\"https:\/\/franciscanos.org.br\/vidacrista\/#\/schema\/person\/1880bdd2c350b735648725ef7614736a\"},\"breadcrumb\":{\"@id\":\"https:\/\/franciscanos.org.br\/vidacrista\/santa-monica-as-virgens-do-oleo-e-o-noivo-do-dia-seguinte-na-inspiracao-de-mt-25-1-13\/#breadcrumb\"},\"inLanguage\":\"pt-BR\",\"potentialAction\":[{\"@type\":\"ReadAction\",\"target\":[\"https:\/\/franciscanos.org.br\/vidacrista\/santa-monica-as-virgens-do-oleo-e-o-noivo-do-dia-seguinte-na-inspiracao-de-mt-25-1-13\/\"]}]},{\"@type\":\"BreadcrumbList\",\"@id\":\"https:\/\/franciscanos.org.br\/vidacrista\/santa-monica-as-virgens-do-oleo-e-o-noivo-do-dia-seguinte-na-inspiracao-de-mt-25-1-13\/#breadcrumb\",\"itemListElement\":[{\"@type\":\"ListItem\",\"position\":1,\"name\":\"Home\",\"item\":\"https:\/\/franciscanos.org.br\/vidacrista\/\"},{\"@type\":\"ListItem\",\"position\":2,\"name\":\"Santa M\u00f4nica, as virgens do \u00f3leo e o noivo do \u2018dia seguinte\u2019 na inspira\u00e7\u00e3o de Mt 25, 1-13\"}]},{\"@type\":\"Person\",\"@id\":\"https:\/\/franciscanos.org.br\/vidacrista\/#\/schema\/person\/1880bdd2c350b735648725ef7614736a\",\"name\":\"moacir\",\"image\":{\"@type\":\"ImageObject\",\"inLanguage\":\"pt-BR\",\"@id\":\"https:\/\/franciscanos.org.br\/vidacrista\/#\/schema\/person\/image\/\",\"url\":\"https:\/\/secure.gravatar.com\/avatar\/d08aa2ce4c8dd416d4479aa8536fcf64?s=96&d=mm&r=g\",\"contentUrl\":\"https:\/\/secure.gravatar.com\/avatar\/d08aa2ce4c8dd416d4479aa8536fcf64?s=96&d=mm&r=g\",\"caption\":\"moacir\"},\"url\":\"https:\/\/franciscanos.org.br\/vidacrista\/author\/moacir\/\"}]}<\/script>\n<!-- \/ Yoast SEO plugin. -->","yoast_head_json":{"title":"Santa M\u00f4nica, as virgens do \u00f3leo e o noivo do \u2018dia seguinte\u2019 na inspira\u00e7\u00e3o de Mt 25, 1-13 - Vida Crist\u00e3 - Franciscanos","robots":{"index":"index","follow":"follow","max-snippet":"max-snippet:-1","max-image-preview":"max-image-preview:large","max-video-preview":"max-video-preview:-1"},"canonical":"https:\/\/franciscanos.org.br\/vidacrista\/santa-monica-as-virgens-do-oleo-e-o-noivo-do-dia-seguinte-na-inspiracao-de-mt-25-1-13\/","og_locale":"pt_BR","og_type":"article","og_title":"Santa M\u00f4nica, as virgens do \u00f3leo e o noivo do \u2018dia seguinte\u2019 na inspira\u00e7\u00e3o de Mt 25, 1-13 - Vida Crist\u00e3 - Franciscanos","og_description":"Artigo de Frei Jacir de Freitas Faria","og_url":"https:\/\/franciscanos.org.br\/vidacrista\/santa-monica-as-virgens-do-oleo-e-o-noivo-do-dia-seguinte-na-inspiracao-de-mt-25-1-13\/","og_site_name":"Vida Crist\u00e3 - Franciscanos","article_published_time":"2021-08-24T16:02:08+00:00","article_modified_time":"2021-08-27T10:49:44+00:00","og_image":[{"width":800,"height":551,"url":"https:\/\/franciscanos.org.br\/vidacrista\/wp-content\/uploads\/2021\/08\/monica_24.jpg","type":"image\/jpeg"}],"author":"moacir","twitter_card":"summary_large_image","twitter_misc":{"Escrito por":"moacir","Est. tempo de leitura":"6 minutos"},"schema":{"@context":"https:\/\/schema.org","@graph":[{"@type":"WebSite","@id":"https:\/\/franciscanos.org.br\/vidacrista\/#website","url":"https:\/\/franciscanos.org.br\/vidacrista\/","name":"Vida Crist\u00e3 - Franciscanos","description":"Prov\u00edncia Franciscana da Imaculada Concei\u00e7\u00e3o do Brasil - Ordem dos Frades Menores","potentialAction":[{"@type":"SearchAction","target":{"@type":"EntryPoint","urlTemplate":"https:\/\/franciscanos.org.br\/vidacrista\/?s={search_term_string}"},"query-input":"required name=search_term_string"}],"inLanguage":"pt-BR"},{"@type":"WebPage","@id":"https:\/\/franciscanos.org.br\/vidacrista\/santa-monica-as-virgens-do-oleo-e-o-noivo-do-dia-seguinte-na-inspiracao-de-mt-25-1-13\/","url":"https:\/\/franciscanos.org.br\/vidacrista\/santa-monica-as-virgens-do-oleo-e-o-noivo-do-dia-seguinte-na-inspiracao-de-mt-25-1-13\/","name":"Santa M\u00f4nica, as virgens do \u00f3leo e o noivo do \u2018dia seguinte\u2019 na inspira\u00e7\u00e3o de Mt 25, 1-13 - Vida Crist\u00e3 - Franciscanos","isPartOf":{"@id":"https:\/\/franciscanos.org.br\/vidacrista\/#website"},"datePublished":"2021-08-24T16:02:08+00:00","dateModified":"2021-08-27T10:49:44+00:00","author":{"@id":"https:\/\/franciscanos.org.br\/vidacrista\/#\/schema\/person\/1880bdd2c350b735648725ef7614736a"},"breadcrumb":{"@id":"https:\/\/franciscanos.org.br\/vidacrista\/santa-monica-as-virgens-do-oleo-e-o-noivo-do-dia-seguinte-na-inspiracao-de-mt-25-1-13\/#breadcrumb"},"inLanguage":"pt-BR","potentialAction":[{"@type":"ReadAction","target":["https:\/\/franciscanos.org.br\/vidacrista\/santa-monica-as-virgens-do-oleo-e-o-noivo-do-dia-seguinte-na-inspiracao-de-mt-25-1-13\/"]}]},{"@type":"BreadcrumbList","@id":"https:\/\/franciscanos.org.br\/vidacrista\/santa-monica-as-virgens-do-oleo-e-o-noivo-do-dia-seguinte-na-inspiracao-de-mt-25-1-13\/#breadcrumb","itemListElement":[{"@type":"ListItem","position":1,"name":"Home","item":"https:\/\/franciscanos.org.br\/vidacrista\/"},{"@type":"ListItem","position":2,"name":"Santa M\u00f4nica, as virgens do \u00f3leo e o noivo do \u2018dia seguinte\u2019 na inspira\u00e7\u00e3o de Mt 25, 1-13"}]},{"@type":"Person","@id":"https:\/\/franciscanos.org.br\/vidacrista\/#\/schema\/person\/1880bdd2c350b735648725ef7614736a","name":"moacir","image":{"@type":"ImageObject","inLanguage":"pt-BR","@id":"https:\/\/franciscanos.org.br\/vidacrista\/#\/schema\/person\/image\/","url":"https:\/\/secure.gravatar.com\/avatar\/d08aa2ce4c8dd416d4479aa8536fcf64?s=96&d=mm&r=g","contentUrl":"https:\/\/secure.gravatar.com\/avatar\/d08aa2ce4c8dd416d4479aa8536fcf64?s=96&d=mm&r=g","caption":"moacir"},"url":"https:\/\/franciscanos.org.br\/vidacrista\/author\/moacir\/"}]}},"_links":{"self":[{"href":"https:\/\/franciscanos.org.br\/vidacrista\/wp-json\/wp\/v2\/posts\/190213"}],"collection":[{"href":"https:\/\/franciscanos.org.br\/vidacrista\/wp-json\/wp\/v2\/posts"}],"about":[{"href":"https:\/\/franciscanos.org.br\/vidacrista\/wp-json\/wp\/v2\/types\/post"}],"author":[{"embeddable":true,"href":"https:\/\/franciscanos.org.br\/vidacrista\/wp-json\/wp\/v2\/users\/3"}],"replies":[{"embeddable":true,"href":"https:\/\/franciscanos.org.br\/vidacrista\/wp-json\/wp\/v2\/comments?post=190213"}],"version-history":[{"count":3,"href":"https:\/\/franciscanos.org.br\/vidacrista\/wp-json\/wp\/v2\/posts\/190213\/revisions"}],"predecessor-version":[{"id":190263,"href":"https:\/\/franciscanos.org.br\/vidacrista\/wp-json\/wp\/v2\/posts\/190213\/revisions\/190263"}],"wp:featuredmedia":[{"embeddable":true,"href":"https:\/\/franciscanos.org.br\/vidacrista\/wp-json\/wp\/v2\/media\/190214"}],"wp:attachment":[{"href":"https:\/\/franciscanos.org.br\/vidacrista\/wp-json\/wp\/v2\/media?parent=190213"}],"wp:term":[{"taxonomy":"category","embeddable":true,"href":"https:\/\/franciscanos.org.br\/vidacrista\/wp-json\/wp\/v2\/categories?post=190213"},{"taxonomy":"post_tag","embeddable":true,"href":"https:\/\/franciscanos.org.br\/vidacrista\/wp-json\/wp\/v2\/tags?post=190213"}],"curies":[{"name":"wp","href":"https:\/\/api.w.org\/{rel}","templated":true}]}}