{"id":190194,"date":"2021-08-21T05:53:33","date_gmt":"2021-08-21T08:53:33","guid":{"rendered":"https:\/\/franciscanos.org.br\/vidacrista\/?p=190194"},"modified":"2021-08-21T05:55:11","modified_gmt":"2021-08-21T08:55:11","slug":"abrir-se-ao-mundo","status":"publish","type":"post","link":"https:\/\/franciscanos.org.br\/vidacrista\/abrir-se-ao-mundo\/","title":{"rendered":"&#8220;Abrir-se ao mundo&#8221;"},"content":{"rendered":"<div id=\"attachment_190195\" style=\"width: 850px\" class=\"wp-caption alignnone\"><img aria-describedby=\"caption-attachment-190195\" decoding=\"async\" loading=\"lazy\" class=\"wp-image-190195 size-full\" src=\"https:\/\/franciscanos.org.br\/vidacrista\/wp-content\/uploads\/2021\/08\/artigo_21.png\" alt=\"\" width=\"840\" height=\"449\" srcset=\"https:\/\/franciscanos.org.br\/vidacrista\/wp-content\/uploads\/2021\/08\/artigo_21.png 840w, https:\/\/franciscanos.org.br\/vidacrista\/wp-content\/uploads\/2021\/08\/artigo_21-450x241.png 450w, https:\/\/franciscanos.org.br\/vidacrista\/wp-content\/uploads\/2021\/08\/artigo_21-768x411.png 768w, https:\/\/franciscanos.org.br\/vidacrista\/wp-content\/uploads\/2021\/08\/artigo_21-150x80.png 150w\" sizes=\"(max-width: 840px) 100vw, 840px\" \/><p id=\"caption-attachment-190195\" class=\"wp-caption-text\"><em>\u00a0 \u00a0 \u00a0 \u00a0 \u00a0 \u00a0 \u00a0 \u00a0 \u00a0 \u00a0 \u00a0 \u00a0 \u00a0 \u00a0 \u00a0 \u00a0 \u00a0 \u00a0 \u00a0 \u00a0 \u00a0 \u00a0 \u00a0 \u00a0 \u00a0 \u00a0 \u00a0 \u00a0 \u00a0 \u00a0 \u00a0Imagem ilustrativa: Canva (<a href=\"https:\/\/www.canva.com\/pt_br\/modelos\/\">www.canva.com\/pt_br\/modelos<\/a>)<\/em><\/p><\/div>\n<p><strong>Dom Walmor Oliveira de Azevedo<\/strong><\/p>\n<p>Esta \u00e9 uma interpelante express\u00e3o evocada na Carta Enc\u00edclica<em> Fratelli Tutti<\/em> \u2013 sobre a fraternidade e a amizade social, do Papa Francisco, em refer\u00eancia \u00e0 busca por din\u00e2micas que superem os sombrios sinais de um \u201cmundo fechado\u201d. N\u00e3o \u00e9 exagero e nem pessimismo: os fechamentos da civiliza\u00e7\u00e3o contempor\u00e2nea mostram que a humanidade est\u00e1 na contram\u00e3o de progressos alcan\u00e7ados no campo tecnol\u00f3gico-cient\u00edfico. Torna-se dif\u00edcil encontrar raz\u00f5es para a atual configura\u00e7\u00e3o pol\u00edtica, social, econ\u00f4mica e cultural do planeta, com a hist\u00f3ria dando sinais de regress\u00e3o. Conflitos anacr\u00f4nicos \u2013 com o surgimento de nacionalismos fechados, ressentidos e agressivos \u2013 ressurgem em diferentes lugares. Medidas que buscam superar determinadas ideologias fazem surgir outras igualmente perigosas. Diante desses e de tantos outros problemas, os cidad\u00e3os est\u00e3o desafiados: \u00e9 necess\u00e1ria lucidez m\u00ednima para ir al\u00e9m de interesses pol\u00edtico-partid\u00e1rios enraizados em determinadas ideologias. Vencer, assim, os limites de fechamentos obscurantistas e os interesses mercadol\u00f3gicos ego\u00edstas \u2013 que levam poucos ao enriquecimento enquanto alimentam a exclus\u00e3o social de muitos, com cen\u00e1rios de desola\u00e7\u00e3o agravados pela pandemia da Covid-19. Torna-se inadi\u00e1vel um esfor\u00e7o de todos para que a sociedade adote o paradigma da fraternidade social, por um permanente e fecundo investimento na amizade social.<\/p>\n<p>O Papa Francisco lembra que o bem deve ser conquistado a cada dia. N\u00e3o \u00e9 poss\u00edvel, pois, contentar-se com o que j\u00e1 se obteve no passado \u2013 \u201cmuitos dos nossos irm\u00e3os ainda sofrem situa\u00e7\u00f5es de injusti\u00e7a que nos interpelam a todos\u201d. Acatar a interpela\u00e7\u00e3o que vem dos cen\u00e1rios de injusti\u00e7as, viol\u00eancias e desigualdades sociais \u00e9 contribuir na indispens\u00e1vel e urgente din\u00e2mica de \u201cabrir-se ao mundo\u201d, mas de modo bem diferente da atual concep\u00e7\u00e3o de um modelo econ\u00f4mico question\u00e1vel. No \u00e2mbito da economia e das finan\u00e7as, h\u00e1 uma equivocada compreens\u00e3o a respeito do que significa \u201cabrir-se ao mundo\u201d. Essa express\u00e3o, no contexto dos interesses econ\u00f4micos, muitas vezes se restringe \u00e0 busca por novos mercados globalizados, visando ac\u00famulo de poder. Esse exclusivo compromisso com o lucro forma um tipo de cultura que acentua divis\u00f5es entre na\u00e7\u00f5es e pessoas. Prejudica avan\u00e7os indispens\u00e1veis na promo\u00e7\u00e3o da amizade social, sem a qual n\u00e3o se alcan\u00e7ar\u00e1 a paz no mundo.<\/p>\n<p>Cada pessoa deve buscar superar a l\u00f3gica do mercado que reduz o ser humano \u00e0 condi\u00e7\u00e3o de consumidor ou espectador. A humanidade precisa reagir a esse \u201cglobalismo\u201d que tenta estabelecer uma cultura dominante, com a valoriza\u00e7\u00e3o da identidade dos mais fortes e a dissolu\u00e7\u00e3o da identidade dos mais fr\u00e1geis \u2013 um genoc\u00eddio cultural. Lament\u00e1vel \u00e9 a incapacidade da pol\u00edtica para promover essa rea\u00e7\u00e3o, pois, cada vez mais, se submete aos poderes econ\u00f4micos transnacionais. Sob o controle desses poderes, a pol\u00edtica torna-se instrumento de interesses que propiciam a negocia\u00e7\u00e3o de tudo, sem escr\u00fapulos. Essa falta de escr\u00fapulos n\u00e3o raramente tem sido camuflada pela defesa de alguns valores, sacrificando tantos outros que s\u00e3o inegoci\u00e1veis \u2013 determinantes para reequilibrar a civiliza\u00e7\u00e3o contempor\u00e2nea.<\/p>\n<p>\u201cAbrir-se ao mundo\u201d na busca pela consolida\u00e7\u00e3o da amizade social \u00e9 tarefa que exige amadurecimento nos campos antropol\u00f3gico-cultural e da espiritualidade. O momento atual, consideradas as escaladas de retrocessos, precisa de l\u00edderes e do envolvimento cidad\u00e3o para que se torne poss\u00edvel encontrar novas respostas e configurar novos cen\u00e1rios. Nesse processo, uma situa\u00e7\u00e3o merece urgente tratamento: os direitos humanos n\u00e3o s\u00e3o suficientemente universais, n\u00e3o s\u00e3o iguais para todos, e o respeito a esses direitos \u00e9 condi\u00e7\u00e3o b\u00e1sica para o progresso socioecon\u00f4mico da humanidade. O Papa Francisco sublinha que o respeito \u00e0 dignidade e aos direitos humanos fortalece a criatividade e a aud\u00e1cia, possibilitando que mais pessoas se tornem, efetivamente, protagonistas na promo\u00e7\u00e3o do bem comum. Assim, a cidadania est\u00e1 desafiada a se fortalecer construindo um mundo que seja para todos. Deve ir al\u00e9m de paix\u00f5es, alimentadas por diferentes ideologias, para efetivar uma agenda de di\u00e1logo, reflex\u00f5es e entendimentos. Ao inv\u00e9s de antecipar discuss\u00f5es partid\u00e1rias ou idolatrar determinados nomes, o caminho deveria ser o investimento nas pr\u00e1ticas culturais e sociopol\u00edticas capazes de superar o atual \u201cmundo fechado\u201d, isto \u00e9, injusto e desigual.<\/p>\n<p>\u00c9 hora de inaugurar, indicar e trilhar percursos de esperan\u00e7a \u2013 a esperan\u00e7a que est\u00e1 enraizada profundamente no cora\u00e7\u00e3o humano. Seja alimentada a sede por um tempo novo, alicer\u00e7ado na grandeza imbat\u00edvel da amizade social, fecundada pela vitalidade \u00fanica da f\u00e9. Um caminho para deixar o cora\u00e7\u00e3o repleto de alegria fraterna e emoldurar os sonhos da humanidade a partir do compromisso com o bem comum \u2013 cada pessoa vivendo e trabalhando n\u00e3o somente para si, mas para o bem de todos os irm\u00e3os e irm\u00e3s.<\/p>\n<hr \/>\n<p><strong>Dom Walmor Oliveira de Azevedo<\/strong>, <em>Arcebispo de Belo Horizonte (MG), \u00e9 presidente da Confer\u00eancia Nacional dos Bispos do Brasil (CNBB)<\/em><\/p>\n","protected":false},"excerpt":{"rendered":"<p>Artigo de Dom Walmor Oliveira de Azevedo<\/p>\n","protected":false},"author":3,"featured_media":190196,"comment_status":"open","ping_status":"open","sticky":false,"template":"","format":"standard","meta":{"footnotes":""},"categories":[26],"tags":[271],"yoast_head":"<!-- This site is optimized with the Yoast SEO plugin v19.4 - https:\/\/yoast.com\/wordpress\/plugins\/seo\/ -->\n<title>&quot;Abrir-se ao mundo&quot; - Vida Crist\u00e3 - Franciscanos<\/title>\n<meta name=\"robots\" content=\"index, follow, max-snippet:-1, max-image-preview:large, max-video-preview:-1\" \/>\n<link rel=\"canonical\" href=\"https:\/\/franciscanos.org.br\/vidacrista\/abrir-se-ao-mundo\/\" \/>\n<meta property=\"og:locale\" content=\"pt_BR\" \/>\n<meta property=\"og:type\" content=\"article\" \/>\n<meta property=\"og:title\" content=\"&quot;Abrir-se ao mundo&quot; - Vida Crist\u00e3 - Franciscanos\" \/>\n<meta property=\"og:description\" content=\"Artigo de Dom Walmor Oliveira de Azevedo\" \/>\n<meta property=\"og:url\" content=\"https:\/\/franciscanos.org.br\/vidacrista\/abrir-se-ao-mundo\/\" \/>\n<meta property=\"og:site_name\" content=\"Vida Crist\u00e3 - Franciscanos\" \/>\n<meta property=\"article:published_time\" content=\"2021-08-21T08:53:33+00:00\" \/>\n<meta property=\"article:modified_time\" content=\"2021-08-21T08:55:11+00:00\" \/>\n<meta property=\"og:image\" content=\"https:\/\/franciscanos.org.br\/vidacrista\/wp-content\/uploads\/2021\/08\/artigo_21d.png\" \/>\n\t<meta property=\"og:image:width\" content=\"800\" \/>\n\t<meta property=\"og:image:height\" content=\"550\" \/>\n\t<meta property=\"og:image:type\" content=\"image\/png\" \/>\n<meta name=\"author\" content=\"moacir\" \/>\n<meta name=\"twitter:card\" content=\"summary_large_image\" \/>\n<meta name=\"twitter:label1\" content=\"Escrito por\" \/>\n\t<meta name=\"twitter:data1\" content=\"moacir\" \/>\n\t<meta name=\"twitter:label2\" content=\"Est. tempo de leitura\" \/>\n\t<meta name=\"twitter:data2\" content=\"4 minutos\" \/>\n<script type=\"application\/ld+json\" class=\"yoast-schema-graph\">{\"@context\":\"https:\/\/schema.org\",\"@graph\":[{\"@type\":\"WebSite\",\"@id\":\"https:\/\/franciscanos.org.br\/vidacrista\/#website\",\"url\":\"https:\/\/franciscanos.org.br\/vidacrista\/\",\"name\":\"Vida Crist\u00e3 - Franciscanos\",\"description\":\"Prov\u00edncia Franciscana da Imaculada Concei\u00e7\u00e3o do Brasil - Ordem dos Frades Menores\",\"potentialAction\":[{\"@type\":\"SearchAction\",\"target\":{\"@type\":\"EntryPoint\",\"urlTemplate\":\"https:\/\/franciscanos.org.br\/vidacrista\/?s={search_term_string}\"},\"query-input\":\"required name=search_term_string\"}],\"inLanguage\":\"pt-BR\"},{\"@type\":\"WebPage\",\"@id\":\"https:\/\/franciscanos.org.br\/vidacrista\/abrir-se-ao-mundo\/\",\"url\":\"https:\/\/franciscanos.org.br\/vidacrista\/abrir-se-ao-mundo\/\",\"name\":\"\\\"Abrir-se ao mundo\\\" - Vida Crist\u00e3 - Franciscanos\",\"isPartOf\":{\"@id\":\"https:\/\/franciscanos.org.br\/vidacrista\/#website\"},\"datePublished\":\"2021-08-21T08:53:33+00:00\",\"dateModified\":\"2021-08-21T08:55:11+00:00\",\"author\":{\"@id\":\"https:\/\/franciscanos.org.br\/vidacrista\/#\/schema\/person\/1880bdd2c350b735648725ef7614736a\"},\"breadcrumb\":{\"@id\":\"https:\/\/franciscanos.org.br\/vidacrista\/abrir-se-ao-mundo\/#breadcrumb\"},\"inLanguage\":\"pt-BR\",\"potentialAction\":[{\"@type\":\"ReadAction\",\"target\":[\"https:\/\/franciscanos.org.br\/vidacrista\/abrir-se-ao-mundo\/\"]}]},{\"@type\":\"BreadcrumbList\",\"@id\":\"https:\/\/franciscanos.org.br\/vidacrista\/abrir-se-ao-mundo\/#breadcrumb\",\"itemListElement\":[{\"@type\":\"ListItem\",\"position\":1,\"name\":\"Home\",\"item\":\"https:\/\/franciscanos.org.br\/vidacrista\/\"},{\"@type\":\"ListItem\",\"position\":2,\"name\":\"&#8220;Abrir-se ao mundo&#8221;\"}]},{\"@type\":\"Person\",\"@id\":\"https:\/\/franciscanos.org.br\/vidacrista\/#\/schema\/person\/1880bdd2c350b735648725ef7614736a\",\"name\":\"moacir\",\"image\":{\"@type\":\"ImageObject\",\"inLanguage\":\"pt-BR\",\"@id\":\"https:\/\/franciscanos.org.br\/vidacrista\/#\/schema\/person\/image\/\",\"url\":\"https:\/\/secure.gravatar.com\/avatar\/d08aa2ce4c8dd416d4479aa8536fcf64?s=96&d=mm&r=g\",\"contentUrl\":\"https:\/\/secure.gravatar.com\/avatar\/d08aa2ce4c8dd416d4479aa8536fcf64?s=96&d=mm&r=g\",\"caption\":\"moacir\"},\"url\":\"https:\/\/franciscanos.org.br\/vidacrista\/author\/moacir\/\"}]}<\/script>\n<!-- \/ Yoast SEO plugin. -->","yoast_head_json":{"title":"\"Abrir-se ao mundo\" - Vida Crist\u00e3 - Franciscanos","robots":{"index":"index","follow":"follow","max-snippet":"max-snippet:-1","max-image-preview":"max-image-preview:large","max-video-preview":"max-video-preview:-1"},"canonical":"https:\/\/franciscanos.org.br\/vidacrista\/abrir-se-ao-mundo\/","og_locale":"pt_BR","og_type":"article","og_title":"\"Abrir-se ao mundo\" - Vida Crist\u00e3 - Franciscanos","og_description":"Artigo de Dom Walmor Oliveira de Azevedo","og_url":"https:\/\/franciscanos.org.br\/vidacrista\/abrir-se-ao-mundo\/","og_site_name":"Vida Crist\u00e3 - Franciscanos","article_published_time":"2021-08-21T08:53:33+00:00","article_modified_time":"2021-08-21T08:55:11+00:00","og_image":[{"width":800,"height":550,"url":"https:\/\/franciscanos.org.br\/vidacrista\/wp-content\/uploads\/2021\/08\/artigo_21d.png","type":"image\/png"}],"author":"moacir","twitter_card":"summary_large_image","twitter_misc":{"Escrito por":"moacir","Est. tempo de leitura":"4 minutos"},"schema":{"@context":"https:\/\/schema.org","@graph":[{"@type":"WebSite","@id":"https:\/\/franciscanos.org.br\/vidacrista\/#website","url":"https:\/\/franciscanos.org.br\/vidacrista\/","name":"Vida Crist\u00e3 - Franciscanos","description":"Prov\u00edncia Franciscana da Imaculada Concei\u00e7\u00e3o do Brasil - Ordem dos Frades Menores","potentialAction":[{"@type":"SearchAction","target":{"@type":"EntryPoint","urlTemplate":"https:\/\/franciscanos.org.br\/vidacrista\/?s={search_term_string}"},"query-input":"required name=search_term_string"}],"inLanguage":"pt-BR"},{"@type":"WebPage","@id":"https:\/\/franciscanos.org.br\/vidacrista\/abrir-se-ao-mundo\/","url":"https:\/\/franciscanos.org.br\/vidacrista\/abrir-se-ao-mundo\/","name":"\"Abrir-se ao mundo\" - Vida Crist\u00e3 - Franciscanos","isPartOf":{"@id":"https:\/\/franciscanos.org.br\/vidacrista\/#website"},"datePublished":"2021-08-21T08:53:33+00:00","dateModified":"2021-08-21T08:55:11+00:00","author":{"@id":"https:\/\/franciscanos.org.br\/vidacrista\/#\/schema\/person\/1880bdd2c350b735648725ef7614736a"},"breadcrumb":{"@id":"https:\/\/franciscanos.org.br\/vidacrista\/abrir-se-ao-mundo\/#breadcrumb"},"inLanguage":"pt-BR","potentialAction":[{"@type":"ReadAction","target":["https:\/\/franciscanos.org.br\/vidacrista\/abrir-se-ao-mundo\/"]}]},{"@type":"BreadcrumbList","@id":"https:\/\/franciscanos.org.br\/vidacrista\/abrir-se-ao-mundo\/#breadcrumb","itemListElement":[{"@type":"ListItem","position":1,"name":"Home","item":"https:\/\/franciscanos.org.br\/vidacrista\/"},{"@type":"ListItem","position":2,"name":"&#8220;Abrir-se ao mundo&#8221;"}]},{"@type":"Person","@id":"https:\/\/franciscanos.org.br\/vidacrista\/#\/schema\/person\/1880bdd2c350b735648725ef7614736a","name":"moacir","image":{"@type":"ImageObject","inLanguage":"pt-BR","@id":"https:\/\/franciscanos.org.br\/vidacrista\/#\/schema\/person\/image\/","url":"https:\/\/secure.gravatar.com\/avatar\/d08aa2ce4c8dd416d4479aa8536fcf64?s=96&d=mm&r=g","contentUrl":"https:\/\/secure.gravatar.com\/avatar\/d08aa2ce4c8dd416d4479aa8536fcf64?s=96&d=mm&r=g","caption":"moacir"},"url":"https:\/\/franciscanos.org.br\/vidacrista\/author\/moacir\/"}]}},"_links":{"self":[{"href":"https:\/\/franciscanos.org.br\/vidacrista\/wp-json\/wp\/v2\/posts\/190194"}],"collection":[{"href":"https:\/\/franciscanos.org.br\/vidacrista\/wp-json\/wp\/v2\/posts"}],"about":[{"href":"https:\/\/franciscanos.org.br\/vidacrista\/wp-json\/wp\/v2\/types\/post"}],"author":[{"embeddable":true,"href":"https:\/\/franciscanos.org.br\/vidacrista\/wp-json\/wp\/v2\/users\/3"}],"replies":[{"embeddable":true,"href":"https:\/\/franciscanos.org.br\/vidacrista\/wp-json\/wp\/v2\/comments?post=190194"}],"version-history":[{"count":3,"href":"https:\/\/franciscanos.org.br\/vidacrista\/wp-json\/wp\/v2\/posts\/190194\/revisions"}],"predecessor-version":[{"id":190199,"href":"https:\/\/franciscanos.org.br\/vidacrista\/wp-json\/wp\/v2\/posts\/190194\/revisions\/190199"}],"wp:featuredmedia":[{"embeddable":true,"href":"https:\/\/franciscanos.org.br\/vidacrista\/wp-json\/wp\/v2\/media\/190196"}],"wp:attachment":[{"href":"https:\/\/franciscanos.org.br\/vidacrista\/wp-json\/wp\/v2\/media?parent=190194"}],"wp:term":[{"taxonomy":"category","embeddable":true,"href":"https:\/\/franciscanos.org.br\/vidacrista\/wp-json\/wp\/v2\/categories?post=190194"},{"taxonomy":"post_tag","embeddable":true,"href":"https:\/\/franciscanos.org.br\/vidacrista\/wp-json\/wp\/v2\/tags?post=190194"}],"curies":[{"name":"wp","href":"https:\/\/api.w.org\/{rel}","templated":true}]}}