{"id":190183,"date":"2021-08-16T06:56:42","date_gmt":"2021-08-16T09:56:42","guid":{"rendered":"https:\/\/franciscanos.org.br\/vidacrista\/?p=190183"},"modified":"2021-08-16T06:56:42","modified_gmt":"2021-08-16T09:56:42","slug":"ternura-do-abraco","status":"publish","type":"post","link":"https:\/\/franciscanos.org.br\/vidacrista\/ternura-do-abraco\/","title":{"rendered":"Ternura do abra\u00e7o"},"content":{"rendered":"<div id=\"attachment_190185\" style=\"width: 850px\" class=\"wp-caption alignnone\"><img aria-describedby=\"caption-attachment-190185\" decoding=\"async\" loading=\"lazy\" class=\"wp-image-190185 size-full\" src=\"https:\/\/franciscanos.org.br\/vidacrista\/wp-content\/uploads\/2021\/08\/artigo_16.png\" alt=\"\" width=\"840\" height=\"450\" srcset=\"https:\/\/franciscanos.org.br\/vidacrista\/wp-content\/uploads\/2021\/08\/artigo_16.png 840w, https:\/\/franciscanos.org.br\/vidacrista\/wp-content\/uploads\/2021\/08\/artigo_16-450x241.png 450w, https:\/\/franciscanos.org.br\/vidacrista\/wp-content\/uploads\/2021\/08\/artigo_16-768x411.png 768w, https:\/\/franciscanos.org.br\/vidacrista\/wp-content\/uploads\/2021\/08\/artigo_16-150x80.png 150w\" sizes=\"(max-width: 840px) 100vw, 840px\" \/><p id=\"caption-attachment-190185\" class=\"wp-caption-text\">\u00a0 \u00a0 \u00a0 \u00a0 \u00a0 \u00a0 \u00a0 \u00a0 \u00a0 \u00a0 \u00a0 \u00a0 \u00a0 \u00a0 \u00a0 \u00a0 \u00a0 \u00a0 \u00a0 \u00a0 \u00a0 \u00a0 \u00a0 \u00a0 \u00a0 \u00a0 \u00a0 \u00a0 \u00a0 \u00a0 \u00a0 \u00a0 <em>\u00a0 \u00a0 Imagem ilustrativa: Canva (<a href=\"https:\/\/www.canva.com\/pt_br\/modelos\/\">www.canva.com\/pt_br\/modelos<\/a>)<\/em><\/p><\/div>\n<p><strong>Dom Walmor Oliveira de Azevedo<\/strong><\/p>\n<p>A Igreja Cat\u00f3lica, ao celebrar a Semana da Fam\u00edlia, faz coro, ainda mais fortemente, com outras institui\u00e7\u00f5es da sociedade para mostrar a import\u00e2ncia de se investir na fam\u00edlia. O contexto familiar \u00e9 escola onde se deve aprender a ternura que inscreve, em cada pessoa, o sentido da vida, dom inviol\u00e1vel. A ternura ultrapassa simples considera\u00e7\u00e3o melosa. Estrutura a conduta social na lei do amor e capacita cada ser humano para ser um dom na vida de seu semelhante. A miss\u00e3o que Jesus confiou a seus disc\u00edpulos se efetiva no testemunho de pais e m\u00e3es que, no dia a dia, permanecem fi\u00e9is ao mandamento maior, a viv\u00eancia do amor, oferecendo as suas vidas pela fam\u00edlia. Deste amor brotam a miseric\u00f3rdia e o perd\u00e3o. O resultado \u00e9 a fecunda\u00e7\u00e3o do indispens\u00e1vel tempero da ternura, com a sua luz pr\u00f3pria, direcionando cora\u00e7\u00f5es para o rumo certo. Assim, reconhece-se um Evangelho da fam\u00edlia, com cap\u00edtulos que alicer\u00e7am din\u00e2micas qualificadas no amor. A ternura do abra\u00e7o guarda, pois, um potencial estruturante \u2013 oferece \u00e0 interioridade o equil\u00edbrio nas rela\u00e7\u00f5es interpessoais, configurando-as na modula\u00e7\u00e3o do amor.<\/p>\n<p>O rem\u00e9dio da ternura leva \u00e0 cura das dores do cansa\u00e7o e das feridas, conforme ensina a fam\u00edlia de Nazar\u00e9 \u2013 oportuno se lembrar daquele doloroso epis\u00f3dio, a viol\u00eancia praticada pela arbitrariedade de Herodes. A ternura da Sagrada Fam\u00edlia projetou luzes nas sombras da persegui\u00e7\u00e3o que ainda hoje envolvem tantas pessoas \u2013 o sofrimento das fam\u00edlias de refugiados e dos descartados da sociedade. H\u00e1, pois, um Evangelho da fam\u00edlia, que deve emoldurar a experi\u00eancia de cada pessoa, garantindo la\u00e7os de fraternidade. A fam\u00edlia educa para a abertura ao outro, uma grande escola da f\u00e9, da liberdade e da conviv\u00eancia humana. Trata-se de uma escola indispens\u00e1vel. Sua aus\u00eancia representa grande lacuna, que prejudica compet\u00eancias humanas t\u00e3o necess\u00e1rias para o bem viver.<\/p>\n<p>A experi\u00eancia da fraternidade na fam\u00edlia possibilita o aprendizado sobre a necessidade do cuidado com o semelhante, desenvolvendo, ao mesmo tempo, o gosto por conseguir ajudar algu\u00e9m e a humildade para, em momento de necessidade, n\u00e3o recusar a ajuda oferecida. O Evangelho da fam\u00edlia inclui o cultivo da solicitude, da paci\u00eancia e do carinho, possibilitando chegar ao princ\u00edpio crist\u00e3o determinante: o outro, para al\u00e9m de sua condi\u00e7\u00e3o e das suas circunst\u00e2ncias, \u00e9 sempre mais importante. Torna-se, pois, evidente que nenhuma experi\u00eancia pode substituir a singularidade da fam\u00edlia com o seu Evangelho. No contexto familiar tem-se a oportunidade de crescer entre irm\u00e3os, uns cuidando dos outros, ajudando e sendo ajudados. Essa experi\u00eancia forte da irmandade, embora com fadigas e desafios, capacita o ser humano para a sociabilidade, alicer\u00e7ando a configura\u00e7\u00e3o das rela\u00e7\u00f5es pol\u00edtico-sociais. O c\u00edrculo pequeno formado pelos c\u00f4njuges e seus filhos se alarga em uma grande fam\u00edlia, possibilitando uma comunh\u00e3o sempre mais profunda.<\/p>\n<p>O Papa Francisco faz um apelo, na Carta Enc\u00edclica sobre a alegria do amor na fam\u00edlia: a fam\u00edlia ampliada de cada pessoa deveria acolher, com muito amor, as m\u00e3es solteiras, as crian\u00e7as sem pais, as mulheres abandonadas que devem continuar a educa\u00e7\u00e3o de seus filhos, as pessoas com defici\u00eancia que requerem muito carinho e proximidade, os jovens que lutam contra uma depend\u00eancia, as pessoas solteiras, separadas ou vi\u00favas que sofrem com a solid\u00e3o, os idosos e os doentes que n\u00e3o recebem o apoio de seus filhos, incluir at\u00e9 mesmo os mais desastrados na condu\u00e7\u00e3o de suas vidas. A Igreja tem a inegoci\u00e1vel tarefa de anunciar o Evangelho da fam\u00edlia, convocando para essa miss\u00e3o outras institui\u00e7\u00f5es. Uma tarefa que deve envolver, primordialmente, as fam\u00edlias crist\u00e3s, testemunhando a alegria que enche o cora\u00e7\u00e3o. Trata-se de importante semeadura, verdadeira obra de Deus. \u00c9 preciso proporcionar a todas as fam\u00edlias uma compreens\u00e3o que lhes garanta a qualifica\u00e7\u00e3o como escola de f\u00e9 e de amor. O desafio permanente \u00e9 n\u00e3o se contentar com um an\u00fancio te\u00f3rico e desligado dos problemas das pessoas. Deve-se oferecer a oportunidade do exerc\u00edcio da reciprocidade, na comunh\u00e3o e na fecundidade. Esse exerc\u00edcio \u00e9 um legado indispens\u00e1vel vivido com singularidade no contexto familiar. O equil\u00edbrio humano e a compet\u00eancia na administra\u00e7\u00e3o da vida est\u00e3o profundamente vinculados \u00e0 aprendizagem da reciprocidade.<\/p>\n<p>A ternura do abra\u00e7o \u00e9 muito mais do que uma simples situa\u00e7\u00e3o de aconchego envolvendo pais e filhos. Trata-se de li\u00e7\u00e3o que amadurece o ser humano na experi\u00eancia insubstitu\u00edvel da reciprocidade. Permite desenvolver a compet\u00eancia para o exerc\u00edcio da solidariedade, se sacrificando pelo bem do pr\u00f3ximo, vencendo a mesquinhez. Quando n\u00e3o se aprende a reciprocidade carrega-se o peso do isolamento, do ego\u00edsmo, da inabilidade para seguir princ\u00edpios morais. Reciprocidade n\u00e3o se aprende conceitualmente, mas a partir de viv\u00eancias, particularmente aquelas que caracterizam a vida em fam\u00edlia. Investir na fam\u00edlia \u00e9, assim, imprescind\u00edvel, oferecendo as condi\u00e7\u00f5es materiais e humanas, espirituais e morais para que todos tenham a oportunidade de alicer\u00e7ar a vida na rocha invenc\u00edvel do amor \u2013 experimentado na f\u00e9 e na grandeza da alma, na ternura do abra\u00e7o.<\/p>\n<hr \/>\n<p><strong>Dom Walmor Oliveira de Azevedo<\/strong>, A<em>rcebispo metropolitano de Belo Horizonte e presidente da Confer\u00eancia Nacional dos Bispos do Brasil (CNBB)<\/em><\/p>\n","protected":false},"excerpt":{"rendered":"<p>Artigo de Dom Walmor Oliveira de Azevedo<\/p>\n","protected":false},"author":3,"featured_media":190184,"comment_status":"open","ping_status":"open","sticky":false,"template":"","format":"standard","meta":{"footnotes":""},"categories":[26],"tags":[271],"yoast_head":"<!-- This site is optimized with the Yoast SEO plugin v19.4 - https:\/\/yoast.com\/wordpress\/plugins\/seo\/ -->\n<title>Ternura do abra\u00e7o - Vida Crist\u00e3 - Franciscanos<\/title>\n<meta name=\"robots\" content=\"index, follow, max-snippet:-1, max-image-preview:large, max-video-preview:-1\" \/>\n<link rel=\"canonical\" href=\"https:\/\/franciscanos.org.br\/vidacrista\/ternura-do-abraco\/\" \/>\n<meta property=\"og:locale\" content=\"pt_BR\" \/>\n<meta property=\"og:type\" content=\"article\" \/>\n<meta property=\"og:title\" content=\"Ternura do abra\u00e7o - Vida Crist\u00e3 - Franciscanos\" \/>\n<meta property=\"og:description\" content=\"Artigo de Dom Walmor Oliveira de Azevedo\" \/>\n<meta property=\"og:url\" content=\"https:\/\/franciscanos.org.br\/vidacrista\/ternura-do-abraco\/\" \/>\n<meta property=\"og:site_name\" content=\"Vida Crist\u00e3 - Franciscanos\" \/>\n<meta property=\"article:published_time\" content=\"2021-08-16T09:56:42+00:00\" \/>\n<meta property=\"og:image\" content=\"https:\/\/franciscanos.org.br\/vidacrista\/wp-content\/uploads\/2021\/08\/artigo_16d.png\" \/>\n\t<meta property=\"og:image:width\" content=\"800\" \/>\n\t<meta property=\"og:image:height\" content=\"550\" \/>\n\t<meta property=\"og:image:type\" content=\"image\/png\" \/>\n<meta name=\"author\" content=\"moacir\" \/>\n<meta name=\"twitter:card\" content=\"summary_large_image\" \/>\n<meta name=\"twitter:label1\" content=\"Escrito por\" \/>\n\t<meta name=\"twitter:data1\" content=\"moacir\" \/>\n\t<meta name=\"twitter:label2\" content=\"Est. tempo de leitura\" \/>\n\t<meta name=\"twitter:data2\" content=\"5 minutos\" \/>\n<script type=\"application\/ld+json\" class=\"yoast-schema-graph\">{\"@context\":\"https:\/\/schema.org\",\"@graph\":[{\"@type\":\"WebSite\",\"@id\":\"https:\/\/franciscanos.org.br\/vidacrista\/#website\",\"url\":\"https:\/\/franciscanos.org.br\/vidacrista\/\",\"name\":\"Vida Crist\u00e3 - Franciscanos\",\"description\":\"Prov\u00edncia Franciscana da Imaculada Concei\u00e7\u00e3o do Brasil - Ordem dos Frades Menores\",\"potentialAction\":[{\"@type\":\"SearchAction\",\"target\":{\"@type\":\"EntryPoint\",\"urlTemplate\":\"https:\/\/franciscanos.org.br\/vidacrista\/?s={search_term_string}\"},\"query-input\":\"required name=search_term_string\"}],\"inLanguage\":\"pt-BR\"},{\"@type\":\"WebPage\",\"@id\":\"https:\/\/franciscanos.org.br\/vidacrista\/ternura-do-abraco\/\",\"url\":\"https:\/\/franciscanos.org.br\/vidacrista\/ternura-do-abraco\/\",\"name\":\"Ternura do abra\u00e7o - Vida Crist\u00e3 - Franciscanos\",\"isPartOf\":{\"@id\":\"https:\/\/franciscanos.org.br\/vidacrista\/#website\"},\"datePublished\":\"2021-08-16T09:56:42+00:00\",\"dateModified\":\"2021-08-16T09:56:42+00:00\",\"author\":{\"@id\":\"https:\/\/franciscanos.org.br\/vidacrista\/#\/schema\/person\/1880bdd2c350b735648725ef7614736a\"},\"breadcrumb\":{\"@id\":\"https:\/\/franciscanos.org.br\/vidacrista\/ternura-do-abraco\/#breadcrumb\"},\"inLanguage\":\"pt-BR\",\"potentialAction\":[{\"@type\":\"ReadAction\",\"target\":[\"https:\/\/franciscanos.org.br\/vidacrista\/ternura-do-abraco\/\"]}]},{\"@type\":\"BreadcrumbList\",\"@id\":\"https:\/\/franciscanos.org.br\/vidacrista\/ternura-do-abraco\/#breadcrumb\",\"itemListElement\":[{\"@type\":\"ListItem\",\"position\":1,\"name\":\"Home\",\"item\":\"https:\/\/franciscanos.org.br\/vidacrista\/\"},{\"@type\":\"ListItem\",\"position\":2,\"name\":\"Ternura do abra\u00e7o\"}]},{\"@type\":\"Person\",\"@id\":\"https:\/\/franciscanos.org.br\/vidacrista\/#\/schema\/person\/1880bdd2c350b735648725ef7614736a\",\"name\":\"moacir\",\"image\":{\"@type\":\"ImageObject\",\"inLanguage\":\"pt-BR\",\"@id\":\"https:\/\/franciscanos.org.br\/vidacrista\/#\/schema\/person\/image\/\",\"url\":\"https:\/\/secure.gravatar.com\/avatar\/d08aa2ce4c8dd416d4479aa8536fcf64?s=96&d=mm&r=g\",\"contentUrl\":\"https:\/\/secure.gravatar.com\/avatar\/d08aa2ce4c8dd416d4479aa8536fcf64?s=96&d=mm&r=g\",\"caption\":\"moacir\"},\"url\":\"https:\/\/franciscanos.org.br\/vidacrista\/author\/moacir\/\"}]}<\/script>\n<!-- \/ Yoast SEO plugin. -->","yoast_head_json":{"title":"Ternura do abra\u00e7o - Vida Crist\u00e3 - Franciscanos","robots":{"index":"index","follow":"follow","max-snippet":"max-snippet:-1","max-image-preview":"max-image-preview:large","max-video-preview":"max-video-preview:-1"},"canonical":"https:\/\/franciscanos.org.br\/vidacrista\/ternura-do-abraco\/","og_locale":"pt_BR","og_type":"article","og_title":"Ternura do abra\u00e7o - Vida Crist\u00e3 - Franciscanos","og_description":"Artigo de Dom Walmor Oliveira de Azevedo","og_url":"https:\/\/franciscanos.org.br\/vidacrista\/ternura-do-abraco\/","og_site_name":"Vida Crist\u00e3 - Franciscanos","article_published_time":"2021-08-16T09:56:42+00:00","og_image":[{"width":800,"height":550,"url":"https:\/\/franciscanos.org.br\/vidacrista\/wp-content\/uploads\/2021\/08\/artigo_16d.png","type":"image\/png"}],"author":"moacir","twitter_card":"summary_large_image","twitter_misc":{"Escrito por":"moacir","Est. tempo de leitura":"5 minutos"},"schema":{"@context":"https:\/\/schema.org","@graph":[{"@type":"WebSite","@id":"https:\/\/franciscanos.org.br\/vidacrista\/#website","url":"https:\/\/franciscanos.org.br\/vidacrista\/","name":"Vida Crist\u00e3 - Franciscanos","description":"Prov\u00edncia Franciscana da Imaculada Concei\u00e7\u00e3o do Brasil - Ordem dos Frades Menores","potentialAction":[{"@type":"SearchAction","target":{"@type":"EntryPoint","urlTemplate":"https:\/\/franciscanos.org.br\/vidacrista\/?s={search_term_string}"},"query-input":"required name=search_term_string"}],"inLanguage":"pt-BR"},{"@type":"WebPage","@id":"https:\/\/franciscanos.org.br\/vidacrista\/ternura-do-abraco\/","url":"https:\/\/franciscanos.org.br\/vidacrista\/ternura-do-abraco\/","name":"Ternura do abra\u00e7o - Vida Crist\u00e3 - Franciscanos","isPartOf":{"@id":"https:\/\/franciscanos.org.br\/vidacrista\/#website"},"datePublished":"2021-08-16T09:56:42+00:00","dateModified":"2021-08-16T09:56:42+00:00","author":{"@id":"https:\/\/franciscanos.org.br\/vidacrista\/#\/schema\/person\/1880bdd2c350b735648725ef7614736a"},"breadcrumb":{"@id":"https:\/\/franciscanos.org.br\/vidacrista\/ternura-do-abraco\/#breadcrumb"},"inLanguage":"pt-BR","potentialAction":[{"@type":"ReadAction","target":["https:\/\/franciscanos.org.br\/vidacrista\/ternura-do-abraco\/"]}]},{"@type":"BreadcrumbList","@id":"https:\/\/franciscanos.org.br\/vidacrista\/ternura-do-abraco\/#breadcrumb","itemListElement":[{"@type":"ListItem","position":1,"name":"Home","item":"https:\/\/franciscanos.org.br\/vidacrista\/"},{"@type":"ListItem","position":2,"name":"Ternura do abra\u00e7o"}]},{"@type":"Person","@id":"https:\/\/franciscanos.org.br\/vidacrista\/#\/schema\/person\/1880bdd2c350b735648725ef7614736a","name":"moacir","image":{"@type":"ImageObject","inLanguage":"pt-BR","@id":"https:\/\/franciscanos.org.br\/vidacrista\/#\/schema\/person\/image\/","url":"https:\/\/secure.gravatar.com\/avatar\/d08aa2ce4c8dd416d4479aa8536fcf64?s=96&d=mm&r=g","contentUrl":"https:\/\/secure.gravatar.com\/avatar\/d08aa2ce4c8dd416d4479aa8536fcf64?s=96&d=mm&r=g","caption":"moacir"},"url":"https:\/\/franciscanos.org.br\/vidacrista\/author\/moacir\/"}]}},"_links":{"self":[{"href":"https:\/\/franciscanos.org.br\/vidacrista\/wp-json\/wp\/v2\/posts\/190183"}],"collection":[{"href":"https:\/\/franciscanos.org.br\/vidacrista\/wp-json\/wp\/v2\/posts"}],"about":[{"href":"https:\/\/franciscanos.org.br\/vidacrista\/wp-json\/wp\/v2\/types\/post"}],"author":[{"embeddable":true,"href":"https:\/\/franciscanos.org.br\/vidacrista\/wp-json\/wp\/v2\/users\/3"}],"replies":[{"embeddable":true,"href":"https:\/\/franciscanos.org.br\/vidacrista\/wp-json\/wp\/v2\/comments?post=190183"}],"version-history":[{"count":1,"href":"https:\/\/franciscanos.org.br\/vidacrista\/wp-json\/wp\/v2\/posts\/190183\/revisions"}],"predecessor-version":[{"id":190186,"href":"https:\/\/franciscanos.org.br\/vidacrista\/wp-json\/wp\/v2\/posts\/190183\/revisions\/190186"}],"wp:featuredmedia":[{"embeddable":true,"href":"https:\/\/franciscanos.org.br\/vidacrista\/wp-json\/wp\/v2\/media\/190184"}],"wp:attachment":[{"href":"https:\/\/franciscanos.org.br\/vidacrista\/wp-json\/wp\/v2\/media?parent=190183"}],"wp:term":[{"taxonomy":"category","embeddable":true,"href":"https:\/\/franciscanos.org.br\/vidacrista\/wp-json\/wp\/v2\/categories?post=190183"},{"taxonomy":"post_tag","embeddable":true,"href":"https:\/\/franciscanos.org.br\/vidacrista\/wp-json\/wp\/v2\/tags?post=190183"}],"curies":[{"name":"wp","href":"https:\/\/api.w.org\/{rel}","templated":true}]}}