{"id":190176,"date":"2021-08-14T00:53:34","date_gmt":"2021-08-14T03:53:34","guid":{"rendered":"https:\/\/franciscanos.org.br\/vidacrista\/?p=190176"},"modified":"2021-08-15T07:38:24","modified_gmt":"2021-08-15T10:38:24","slug":"o-poder-da-mulher-vestida-de-sol-do-apocalipse-e-de-maria-na-assuncao","status":"publish","type":"post","link":"https:\/\/franciscanos.org.br\/vidacrista\/o-poder-da-mulher-vestida-de-sol-do-apocalipse-e-de-maria-na-assuncao\/","title":{"rendered":"O \u201cpoder\u201d da mulher vestida de sol do Apocalipse e de Maria na Assun\u00e7\u00e3o"},"content":{"rendered":"<div id=\"attachment_190177\" style=\"width: 850px\" class=\"wp-caption alignnone\"><img aria-describedby=\"caption-attachment-190177\" decoding=\"async\" loading=\"lazy\" class=\"wp-image-190177 size-full\" src=\"https:\/\/franciscanos.org.br\/vidacrista\/wp-content\/uploads\/2021\/08\/assuncao_13.jpg\" alt=\"\" width=\"840\" height=\"449\" srcset=\"https:\/\/franciscanos.org.br\/vidacrista\/wp-content\/uploads\/2021\/08\/assuncao_13.jpg 840w, https:\/\/franciscanos.org.br\/vidacrista\/wp-content\/uploads\/2021\/08\/assuncao_13-450x241.jpg 450w, https:\/\/franciscanos.org.br\/vidacrista\/wp-content\/uploads\/2021\/08\/assuncao_13-768x411.jpg 768w, https:\/\/franciscanos.org.br\/vidacrista\/wp-content\/uploads\/2021\/08\/assuncao_13-150x80.jpg 150w\" sizes=\"(max-width: 840px) 100vw, 840px\" \/><p id=\"caption-attachment-190177\" class=\"wp-caption-text\"><em>\u00a0 \u00a0 \u00a0 \u00a0 \u00a0 \u00a0 \u00a0 \u00a0 \u00a0 \u00a0 \u00a0 \u00a0 \u00a0 \u00a0 \u00a0 \u00a0 \u00a0 \u00a0 \u00a0 \u00a0 Imagem: Assun\u00e7\u00e3o de Maria, Bas\u00edlica de La Macarena, Sevilha (Wikimedia Commons)<\/em><\/p><\/div>\n<p><em>Frei Jacir de Freitas Faria, OFM<\/em><a href=\"#_ftn1\" name=\"_ftnref1\">[1]<\/a><\/p>\n<p>O texto sobre o qual vamos refletir \u00e9 Ap 12,1-10. Trata-se da mulher vestida de sol, um drag\u00e3o poderoso e um filho indefeso. Qual a rela\u00e7\u00e3o dessa passagem de Apocalipse com a devo\u00e7\u00e3o celebrada na festa da Assun\u00e7\u00e3o de Maria? Existe rela\u00e7\u00e3o? Uma coisa podemos afirmar de antem\u00e3o, n\u00e3o existe um texto na B\u00edblia que fala diretamente da Assun\u00e7\u00e3o de Maria. Os relatos sobre a Dormi\u00e7\u00e3o, Tr\u00e2nsito e Assun\u00e7\u00e3o de Maria est\u00e3o nos evangelhos ap\u00f3crifos assuncionistas. Trata-se de cinco livros que foram escritos entre os s\u00e9culos III e XIII. Ah! Outra pergunta: qual o sentido de celebrar a festa da Assun\u00e7\u00e3o de Maria, hoje? Qual o contexto dessa celebra\u00e7\u00e3o?<\/p>\n<p><iframe loading=\"lazy\" title=\"Reflex\u00e3o b\u00edblica - Solenidade da Assun\u00e7\u00e3o de Nossa Senhora (15\/08\/2021)\" width=\"500\" height=\"281\" src=\"https:\/\/www.youtube.com\/embed\/C77BS1iGzQQ?feature=oembed\" frameborder=\"0\" allow=\"accelerometer; autoplay; clipboard-write; encrypted-media; gyroscope; picture-in-picture\" allowfullscreen><\/iframe><\/p>\n<p>Os evangelhos ap\u00f3crifos assuncionistas narram que tr\u00eas dias antes de morrer, Maria recebeu, de Jesus, o an\u00fancio de sua morte, no monte das Oliveiras. Outra tradi\u00e7\u00e3o diz que foi um anjo que apareceu para ela. Nesse caso, uma palma lhe \u00e9 dada como garantia da palavra de Jesus. Maria se prepara para o dia em que sua alma sairia do corpo. Os ap\u00f3stolos chegam da miss\u00e3o, primeiro Jo\u00e3o, seguido dos outros. Em sua casa, em Jerusal\u00e9m, na presen\u00e7a dos ap\u00f3stolos, ela dormiu, que pode significar morreu. Jesus, nesse momento, tendo vindo ao seu encontro, pede aos ap\u00f3stolos que preparem o corpo e o levem at\u00e9 um lugar indicado por ele, no Vale de Josaf\u00e1. A alma de Maria \u00e9 levada ao C\u00e9u pelo anjo Miguel e Jesus. Durante o cortejo, judeus querem destruir o corpo de Maria. Quando Pedro e os ap\u00f3stolos chegam a um sepulcro, eles depositam o corpo de Maria e se sentam \u00e0 sua porta.<\/p>\n<p>Jesus aparece, novamente, rodeado de anjos, sa\u00fada os ap\u00f3stolos com o desejo de paz. Exalta o fato de Maria ter sido escolhida para que dela Ele pudesse nascer. Por fim, Ele pede aos anjos que levem seu corpo para o c\u00e9u, fato que veio a ser chamado de Assun\u00e7\u00e3o de Maria. Quando o corpo chega ao c\u00e9u, Jesus coloca a alma novamente no seu corpo glorioso e a coroa como Rainha do C\u00e9u, fato celebrado nas coroa\u00e7\u00f5es de Maria no m\u00eas de maio.<\/p>\n<p>O surgimento dessa literatura ap\u00f3crifa no s\u00e9culo III marca o momento em que a Igreja passa a reconhecer com mais destaque o papel de Maria na hist\u00f3ria da Salva\u00e7\u00e3o. Dogmas sobre Jesus j\u00e1 estavam em processo de sedimenta\u00e7\u00e3o. Restava valorizar a presen\u00e7a de Maria. Por isso, alguns textos b\u00edblicos foram sendo interpretados \u00e0 luz da presen\u00e7a de Maria. Um deles \u00e9 Ap 12,1-10, que n\u00e3o \u00e9 mariano, mas foi entendido como tal a partir do s\u00e9culo IV.<\/p>\n<p>A literatura ap\u00f3crifa se expandiu e encontrou novos elementos para atribuir a Maria, a partir do in\u00edcio do segundo mil\u00eanio do cristianismo, como o medo de morrer e ir para o inferno. Na Idade M\u00e9dia, a Igreja fez de Maria a advogada dos crist\u00e3os diante de seu Filho Jesus que agia como juiz na hora da condena\u00e7\u00e3o. Quem tivesse sido fiel devoto de Maria, estando no Purgat\u00f3rio, seria libertado por ela no primeiro s\u00e1bado depois de sua morte. Surge, assim, a Maria gloriosa para fortalecer o poder da Igreja.<\/p>\n<p>O texto de Apocalipse 12,1-10 trata, em linguagem apocal\u00edptica, da realidade de persegui\u00e7\u00e3o dos primeiros crist\u00e3os. Interpret\u00e1-lo na perspectiva mariana significa atualiz\u00e1-lo. A linguagem apocal\u00edptica \u00e9 de esperan\u00e7a e n\u00e3o de medo. Os primeiros crist\u00e3os s\u00e3o chamados a resistir, e esperar diante do Drag\u00e3o, o imp\u00e9rio romano, que os perseguia. O poder do mal \u00e9 absoluto, forte, parece invenc\u00edvel, tem sete cabe\u00e7as, sete chifres e sete diademas. Sua cor \u00e9 vermelha, o que simboliza o sangue derramado por ele. O drag\u00e3o, apesar de toda a sua for\u00e7a, ser\u00e1 derrotado pela for\u00e7a do ressuscitado, que derramou sangue de vida nova.<\/p>\n<p>\u00c9 nesse contexto que surge uma mulher vestida de sol, o que significa que ela participa da integra\u00e7\u00e3o c\u00f3smica da cria\u00e7\u00e3o divina. Ela tem a lua sob seus p\u00e9s uma coroa com doze estrelas que simboliza as comunidades, e est\u00e1 gr\u00e1vida, isto \u00e9, mesmo com muito sofrimento, com dores de parto, a comunidade do Messias, filho dessa mulher, haver\u00e1 de vencer o poder do mal.<\/p>\n<p>Ainda que o poder do mal queira devorar o seu filho, ele nasce e vai para junto de Deus. A mulher foge para o deserto, lugar que simboliza a presen\u00e7a da for\u00e7a de Deus na terra. A mulher \u00e9 terrena. Seu Filho, o Messias, \u00e9 divino.<\/p>\n<p>Resta-nos, agora, entender esses simbolismos apocal\u00edpticos em nosso tempo. Quais drag\u00f5es que precisamos vencer? Quem s\u00e3o, como o Nero de ontem, as bestas imperfeitas do 666? Nero que incendiou Roma com tochas de fogo formadas por crist\u00e3os queimados vivos. Ali\u00e1s, muitos de n\u00f3s perdemos o vigor do ser crist\u00e3o hoje, mas os Neros continuam vivos, festejando a vida em avenidas e rodovias movimentadas de motos e mortes!<\/p>\n<p>Celebrar a Assun\u00e7\u00e3o de Maria significa n\u00e3o retomar o poder glorioso e triunfalista a ela atribu\u00eddo na sua Assun\u00e7\u00e3o, o que representou o poder da Igreja Medieval, mas resgatar o poder libertador que ela nos mostrou no canto <em>Magnificat,<\/em> em Lc 1,39-57. N\u00e3o o poder do mal, mas da for\u00e7a que nasce de uma vida liberta, quando os poderosos ser\u00e3o destitu\u00eddos de seus tronos. Alimentemos essa esperan\u00e7a para continuar vivendo em meio a drag\u00f5es.<\/p>\n<p>Que Maria interceda a Deus por n\u00f3s e nos cubra com seu manto de m\u00e3e. Ela que \u00e9 a nossa origem, \u00e9 nossa m\u00e3e na f\u00e9, a qual queremos voltar sempre. Ela \u00e9 desejo! Ela \u00e9 m\u00e3e! Por isso, a queremos sempre. Caminhar com ela, na f\u00e9, \u00e9 acreditar que tamb\u00e9m seremos assuntos ao c\u00e9u. Antes, por\u00e9m, devemos transformar nossa realidade de sofrimento, ang\u00fastia, dores e explora\u00e7\u00e3o social em situa\u00e7\u00f5es de vida e gl\u00f3ria. A assun\u00e7\u00e3o come\u00e7a aqui.<\/p>\n<hr \/>\n<p><a href=\"#_ftnref1\" name=\"_ftn1\">[1]<\/a> Doutor em Teologia B\u00edblica pela FAJE-BH. Mestre em Ci\u00eancias B\u00edblicas (Exegese) pelo Pontif\u00edcio Instituto B\u00edblico de Roma. Professor de exegese b\u00edblica. Membro da Associa\u00e7\u00e3o Brasileira de Pesquisa B\u00edblica (ABIB). Sacerdote Franciscano. Autor de dez livros e coautor de quinze. Canal no You Tube: Frei Jacir B\u00edblia e Ap\u00f3crifos ou <a href=\"https:\/\/www.youtube.com\/c\/FreiJacirdeFreitasFariaB%C3%ADbliaAp%C3%B3crifos\">https:\/\/www.youtube.com\/c\/FreiJacirdeFreitasFariaB%C3%ADbliaAp%C3%B3crifos<\/a><\/p>\n","protected":false},"excerpt":{"rendered":"<p>Artigo de Frei Jacir de Freitas Faria<\/p>\n","protected":false},"author":3,"featured_media":190178,"comment_status":"open","ping_status":"open","sticky":false,"template":"","format":"standard","meta":{"footnotes":""},"categories":[26],"tags":[43],"yoast_head":"<!-- This site is optimized with the Yoast SEO plugin v19.4 - https:\/\/yoast.com\/wordpress\/plugins\/seo\/ -->\n<title>O \u201cpoder\u201d da mulher vestida de sol do Apocalipse e de Maria na Assun\u00e7\u00e3o - Vida Crist\u00e3 - Franciscanos<\/title>\n<meta name=\"robots\" content=\"index, follow, max-snippet:-1, max-image-preview:large, max-video-preview:-1\" \/>\n<link rel=\"canonical\" href=\"https:\/\/franciscanos.org.br\/vidacrista\/o-poder-da-mulher-vestida-de-sol-do-apocalipse-e-de-maria-na-assuncao\/\" \/>\n<meta property=\"og:locale\" content=\"pt_BR\" \/>\n<meta property=\"og:type\" content=\"article\" \/>\n<meta property=\"og:title\" content=\"O \u201cpoder\u201d da mulher vestida de sol do Apocalipse e de Maria na Assun\u00e7\u00e3o - Vida Crist\u00e3 - Franciscanos\" \/>\n<meta property=\"og:description\" content=\"Artigo de Frei Jacir de Freitas Faria\" \/>\n<meta property=\"og:url\" content=\"https:\/\/franciscanos.org.br\/vidacrista\/o-poder-da-mulher-vestida-de-sol-do-apocalipse-e-de-maria-na-assuncao\/\" \/>\n<meta property=\"og:site_name\" content=\"Vida Crist\u00e3 - Franciscanos\" \/>\n<meta property=\"article:published_time\" content=\"2021-08-14T03:53:34+00:00\" \/>\n<meta property=\"article:modified_time\" content=\"2021-08-15T10:38:24+00:00\" \/>\n<meta property=\"og:image\" content=\"https:\/\/franciscanos.org.br\/vidacrista\/wp-content\/uploads\/2021\/08\/assuncao_13d.jpg\" \/>\n\t<meta property=\"og:image:width\" content=\"800\" \/>\n\t<meta property=\"og:image:height\" content=\"550\" \/>\n\t<meta property=\"og:image:type\" content=\"image\/jpeg\" \/>\n<meta name=\"author\" content=\"moacir\" \/>\n<meta name=\"twitter:card\" content=\"summary_large_image\" \/>\n<meta name=\"twitter:label1\" content=\"Escrito por\" \/>\n\t<meta name=\"twitter:data1\" content=\"moacir\" \/>\n\t<meta name=\"twitter:label2\" content=\"Est. tempo de leitura\" \/>\n\t<meta name=\"twitter:data2\" content=\"6 minutos\" \/>\n<script type=\"application\/ld+json\" class=\"yoast-schema-graph\">{\"@context\":\"https:\/\/schema.org\",\"@graph\":[{\"@type\":\"WebSite\",\"@id\":\"https:\/\/franciscanos.org.br\/vidacrista\/#website\",\"url\":\"https:\/\/franciscanos.org.br\/vidacrista\/\",\"name\":\"Vida Crist\u00e3 - Franciscanos\",\"description\":\"Prov\u00edncia Franciscana da Imaculada Concei\u00e7\u00e3o do Brasil - Ordem dos Frades Menores\",\"potentialAction\":[{\"@type\":\"SearchAction\",\"target\":{\"@type\":\"EntryPoint\",\"urlTemplate\":\"https:\/\/franciscanos.org.br\/vidacrista\/?s={search_term_string}\"},\"query-input\":\"required name=search_term_string\"}],\"inLanguage\":\"pt-BR\"},{\"@type\":\"WebPage\",\"@id\":\"https:\/\/franciscanos.org.br\/vidacrista\/o-poder-da-mulher-vestida-de-sol-do-apocalipse-e-de-maria-na-assuncao\/\",\"url\":\"https:\/\/franciscanos.org.br\/vidacrista\/o-poder-da-mulher-vestida-de-sol-do-apocalipse-e-de-maria-na-assuncao\/\",\"name\":\"O \u201cpoder\u201d da mulher vestida de sol do Apocalipse e de Maria na Assun\u00e7\u00e3o - Vida Crist\u00e3 - Franciscanos\",\"isPartOf\":{\"@id\":\"https:\/\/franciscanos.org.br\/vidacrista\/#website\"},\"datePublished\":\"2021-08-14T03:53:34+00:00\",\"dateModified\":\"2021-08-15T10:38:24+00:00\",\"author\":{\"@id\":\"https:\/\/franciscanos.org.br\/vidacrista\/#\/schema\/person\/1880bdd2c350b735648725ef7614736a\"},\"breadcrumb\":{\"@id\":\"https:\/\/franciscanos.org.br\/vidacrista\/o-poder-da-mulher-vestida-de-sol-do-apocalipse-e-de-maria-na-assuncao\/#breadcrumb\"},\"inLanguage\":\"pt-BR\",\"potentialAction\":[{\"@type\":\"ReadAction\",\"target\":[\"https:\/\/franciscanos.org.br\/vidacrista\/o-poder-da-mulher-vestida-de-sol-do-apocalipse-e-de-maria-na-assuncao\/\"]}]},{\"@type\":\"BreadcrumbList\",\"@id\":\"https:\/\/franciscanos.org.br\/vidacrista\/o-poder-da-mulher-vestida-de-sol-do-apocalipse-e-de-maria-na-assuncao\/#breadcrumb\",\"itemListElement\":[{\"@type\":\"ListItem\",\"position\":1,\"name\":\"Home\",\"item\":\"https:\/\/franciscanos.org.br\/vidacrista\/\"},{\"@type\":\"ListItem\",\"position\":2,\"name\":\"O \u201cpoder\u201d da mulher vestida de sol do Apocalipse e de Maria na Assun\u00e7\u00e3o\"}]},{\"@type\":\"Person\",\"@id\":\"https:\/\/franciscanos.org.br\/vidacrista\/#\/schema\/person\/1880bdd2c350b735648725ef7614736a\",\"name\":\"moacir\",\"image\":{\"@type\":\"ImageObject\",\"inLanguage\":\"pt-BR\",\"@id\":\"https:\/\/franciscanos.org.br\/vidacrista\/#\/schema\/person\/image\/\",\"url\":\"https:\/\/secure.gravatar.com\/avatar\/d08aa2ce4c8dd416d4479aa8536fcf64?s=96&d=mm&r=g\",\"contentUrl\":\"https:\/\/secure.gravatar.com\/avatar\/d08aa2ce4c8dd416d4479aa8536fcf64?s=96&d=mm&r=g\",\"caption\":\"moacir\"},\"url\":\"https:\/\/franciscanos.org.br\/vidacrista\/author\/moacir\/\"}]}<\/script>\n<!-- \/ Yoast SEO plugin. -->","yoast_head_json":{"title":"O \u201cpoder\u201d da mulher vestida de sol do Apocalipse e de Maria na Assun\u00e7\u00e3o - Vida Crist\u00e3 - Franciscanos","robots":{"index":"index","follow":"follow","max-snippet":"max-snippet:-1","max-image-preview":"max-image-preview:large","max-video-preview":"max-video-preview:-1"},"canonical":"https:\/\/franciscanos.org.br\/vidacrista\/o-poder-da-mulher-vestida-de-sol-do-apocalipse-e-de-maria-na-assuncao\/","og_locale":"pt_BR","og_type":"article","og_title":"O \u201cpoder\u201d da mulher vestida de sol do Apocalipse e de Maria na Assun\u00e7\u00e3o - Vida Crist\u00e3 - Franciscanos","og_description":"Artigo de Frei Jacir de Freitas Faria","og_url":"https:\/\/franciscanos.org.br\/vidacrista\/o-poder-da-mulher-vestida-de-sol-do-apocalipse-e-de-maria-na-assuncao\/","og_site_name":"Vida Crist\u00e3 - Franciscanos","article_published_time":"2021-08-14T03:53:34+00:00","article_modified_time":"2021-08-15T10:38:24+00:00","og_image":[{"width":800,"height":550,"url":"https:\/\/franciscanos.org.br\/vidacrista\/wp-content\/uploads\/2021\/08\/assuncao_13d.jpg","type":"image\/jpeg"}],"author":"moacir","twitter_card":"summary_large_image","twitter_misc":{"Escrito por":"moacir","Est. tempo de leitura":"6 minutos"},"schema":{"@context":"https:\/\/schema.org","@graph":[{"@type":"WebSite","@id":"https:\/\/franciscanos.org.br\/vidacrista\/#website","url":"https:\/\/franciscanos.org.br\/vidacrista\/","name":"Vida Crist\u00e3 - Franciscanos","description":"Prov\u00edncia Franciscana da Imaculada Concei\u00e7\u00e3o do Brasil - Ordem dos Frades Menores","potentialAction":[{"@type":"SearchAction","target":{"@type":"EntryPoint","urlTemplate":"https:\/\/franciscanos.org.br\/vidacrista\/?s={search_term_string}"},"query-input":"required name=search_term_string"}],"inLanguage":"pt-BR"},{"@type":"WebPage","@id":"https:\/\/franciscanos.org.br\/vidacrista\/o-poder-da-mulher-vestida-de-sol-do-apocalipse-e-de-maria-na-assuncao\/","url":"https:\/\/franciscanos.org.br\/vidacrista\/o-poder-da-mulher-vestida-de-sol-do-apocalipse-e-de-maria-na-assuncao\/","name":"O \u201cpoder\u201d da mulher vestida de sol do Apocalipse e de Maria na Assun\u00e7\u00e3o - Vida Crist\u00e3 - Franciscanos","isPartOf":{"@id":"https:\/\/franciscanos.org.br\/vidacrista\/#website"},"datePublished":"2021-08-14T03:53:34+00:00","dateModified":"2021-08-15T10:38:24+00:00","author":{"@id":"https:\/\/franciscanos.org.br\/vidacrista\/#\/schema\/person\/1880bdd2c350b735648725ef7614736a"},"breadcrumb":{"@id":"https:\/\/franciscanos.org.br\/vidacrista\/o-poder-da-mulher-vestida-de-sol-do-apocalipse-e-de-maria-na-assuncao\/#breadcrumb"},"inLanguage":"pt-BR","potentialAction":[{"@type":"ReadAction","target":["https:\/\/franciscanos.org.br\/vidacrista\/o-poder-da-mulher-vestida-de-sol-do-apocalipse-e-de-maria-na-assuncao\/"]}]},{"@type":"BreadcrumbList","@id":"https:\/\/franciscanos.org.br\/vidacrista\/o-poder-da-mulher-vestida-de-sol-do-apocalipse-e-de-maria-na-assuncao\/#breadcrumb","itemListElement":[{"@type":"ListItem","position":1,"name":"Home","item":"https:\/\/franciscanos.org.br\/vidacrista\/"},{"@type":"ListItem","position":2,"name":"O \u201cpoder\u201d da mulher vestida de sol do Apocalipse e de Maria na Assun\u00e7\u00e3o"}]},{"@type":"Person","@id":"https:\/\/franciscanos.org.br\/vidacrista\/#\/schema\/person\/1880bdd2c350b735648725ef7614736a","name":"moacir","image":{"@type":"ImageObject","inLanguage":"pt-BR","@id":"https:\/\/franciscanos.org.br\/vidacrista\/#\/schema\/person\/image\/","url":"https:\/\/secure.gravatar.com\/avatar\/d08aa2ce4c8dd416d4479aa8536fcf64?s=96&d=mm&r=g","contentUrl":"https:\/\/secure.gravatar.com\/avatar\/d08aa2ce4c8dd416d4479aa8536fcf64?s=96&d=mm&r=g","caption":"moacir"},"url":"https:\/\/franciscanos.org.br\/vidacrista\/author\/moacir\/"}]}},"_links":{"self":[{"href":"https:\/\/franciscanos.org.br\/vidacrista\/wp-json\/wp\/v2\/posts\/190176"}],"collection":[{"href":"https:\/\/franciscanos.org.br\/vidacrista\/wp-json\/wp\/v2\/posts"}],"about":[{"href":"https:\/\/franciscanos.org.br\/vidacrista\/wp-json\/wp\/v2\/types\/post"}],"author":[{"embeddable":true,"href":"https:\/\/franciscanos.org.br\/vidacrista\/wp-json\/wp\/v2\/users\/3"}],"replies":[{"embeddable":true,"href":"https:\/\/franciscanos.org.br\/vidacrista\/wp-json\/wp\/v2\/comments?post=190176"}],"version-history":[{"count":4,"href":"https:\/\/franciscanos.org.br\/vidacrista\/wp-json\/wp\/v2\/posts\/190176\/revisions"}],"predecessor-version":[{"id":190182,"href":"https:\/\/franciscanos.org.br\/vidacrista\/wp-json\/wp\/v2\/posts\/190176\/revisions\/190182"}],"wp:featuredmedia":[{"embeddable":true,"href":"https:\/\/franciscanos.org.br\/vidacrista\/wp-json\/wp\/v2\/media\/190178"}],"wp:attachment":[{"href":"https:\/\/franciscanos.org.br\/vidacrista\/wp-json\/wp\/v2\/media?parent=190176"}],"wp:term":[{"taxonomy":"category","embeddable":true,"href":"https:\/\/franciscanos.org.br\/vidacrista\/wp-json\/wp\/v2\/categories?post=190176"},{"taxonomy":"post_tag","embeddable":true,"href":"https:\/\/franciscanos.org.br\/vidacrista\/wp-json\/wp\/v2\/tags?post=190176"}],"curies":[{"name":"wp","href":"https:\/\/api.w.org\/{rel}","templated":true}]}}