{"id":190148,"date":"2021-08-10T07:40:05","date_gmt":"2021-08-10T10:40:05","guid":{"rendered":"https:\/\/franciscanos.org.br\/vidacrista\/?p=190148"},"modified":"2021-08-13T08:45:35","modified_gmt":"2021-08-13T11:45:35","slug":"o-ver-de-santa-clara-e-de-moises-e-o-nosso-nao-ver-dt-341-12","status":"publish","type":"post","link":"https:\/\/franciscanos.org.br\/vidacrista\/o-ver-de-santa-clara-e-de-moises-e-o-nosso-nao-ver-dt-341-12\/","title":{"rendered":"O ver de Santa Clara e de Mois\u00e9s e o nosso n\u00e3o ver (Dt 34,1-12)"},"content":{"rendered":"<div id=\"attachment_190150\" style=\"width: 850px\" class=\"wp-caption alignnone\"><img aria-describedby=\"caption-attachment-190150\" decoding=\"async\" loading=\"lazy\" class=\"wp-image-190150 size-full\" src=\"https:\/\/franciscanos.org.br\/vidacrista\/wp-content\/uploads\/2021\/08\/clara_assis_10.jpg\" alt=\"\" width=\"840\" height=\"473\" srcset=\"https:\/\/franciscanos.org.br\/vidacrista\/wp-content\/uploads\/2021\/08\/clara_assis_10.jpg 840w, https:\/\/franciscanos.org.br\/vidacrista\/wp-content\/uploads\/2021\/08\/clara_assis_10-450x253.jpg 450w, https:\/\/franciscanos.org.br\/vidacrista\/wp-content\/uploads\/2021\/08\/clara_assis_10-768x432.jpg 768w, https:\/\/franciscanos.org.br\/vidacrista\/wp-content\/uploads\/2021\/08\/clara_assis_10-150x84.jpg 150w\" sizes=\"(max-width: 840px) 100vw, 840px\" \/><p id=\"caption-attachment-190150\" class=\"wp-caption-text\"><em> \u00a0 \u00a0 Imagem: Clara de Assis (dom\u00ednio p\u00fablico)<\/em><\/p><\/div>\n<p><strong>Frei Jacir de Freitas Faria, OFM<a href=\"#_ftn1\" name=\"_ftnref1\">[1]<\/a><\/strong><\/p>\n<p>O texto sobre o qual vamos refletir \u00e9 Dt 34,1-12. Trata-se da morte de Mois\u00e9s na terra de Moab. Mois\u00e9s, o grande profeta e legislador, morreu avistando a terra prometida do alto do monte Nebo, ap\u00f3s liderar o povo de Deus na liberta\u00e7\u00e3o do Egito e na passagem pelo deserto.<\/p>\n<p>Hoje, celebramos a mem\u00f3ria de Santa Clara de Assis (1194-1253). Filha da alta sociedade de Assis, Clara era uma mulher de vis\u00e3o. Na tenebrosa Idade M\u00e9dia, ela viveu de forma diferenciada a vida religiosa contemplativa, isto \u00e9, n\u00e3o aceitou viver enclausurada, fechada em um convento como as beneditinas, sem a possibilidade de ter contato com os pobres e os leprosos, pessoas que viviam segregadas, separadas da sociedade, por medo do cont\u00e1gio do v\u00edrus da lepra.<\/p>\n<p><iframe loading=\"lazy\" title=\"Reflex\u00e3o b\u00edblica - Mem\u00f3ria de Santa Clara de Assis (11\/08\/2021)\" width=\"500\" height=\"281\" src=\"https:\/\/www.youtube.com\/embed\/_TSucTOeSNE?feature=oembed\" frameborder=\"0\" allow=\"accelerometer; autoplay; clipboard-write; encrypted-media; gyroscope; picture-in-picture\" allowfullscreen><\/iframe><\/p>\n<p>Seguidora de S\u00e3o Francisco, outro jovem rico assisense, os dois se uniram na f\u00e9 e no amor a Deus a partir dos desvalidos. Tudo deixaram e nunca se separaram na miss\u00e3o. Clara era tamb\u00e9m uma mulher de personalidade forte. Assim como Mois\u00e9s enfrentou o poderoso Fara\u00f3 do Egito, ela desafiou os papas que ousaram lhe impor regras que contrariavam o evangelho. Clara morreu desejando estar plenamente com Deus na vida Eterna. Francisco morreu avistando, com a ajuda dos frades, a sua amada cidade de Assis, nas bel\u00edssimas montanhas da \u00dambria italiana.<\/p>\n<p>Mois\u00e9s morreu avistando, por ordem divina, Can\u00e3a, a terra que Deus prometeu dar aos patriarcas Abra\u00e3o, Issac e Jac\u00f3. O texto diz que ele tinha 120 anos, modo figurado para dizer que ele era um s\u00e1bio. N\u00famero na B\u00edblia n\u00e3o \u00e9 sinal de quantidade, mas de sabedoria. Ningu\u00e9m podia viver tanto naquela \u00e9poca.<\/p>\n<p>Depois de Mois\u00e9s, \u201cEm Israel nunca mais surgiu um profeta como Mois\u00e9s, a quem o Senhor conhecesse face a face, nem quanto aos sinais e prod\u00edgios que o Senhor lhe mandou fazer na terra do Egito, contra o Fara\u00f3, os seus servidores e todo o seu pa\u00eds, nem quanto \u00e0 m\u00e3o poderosa e a tantos e t\u00e3o terr\u00edveis prod\u00edgios, que Mois\u00e9s fez \u00e0 vista de todo Israel\u201d (Dt 34,1-12). Mois\u00e9s permaneceu no deserto. Seu t\u00famulo nunca foi encontrado.<\/p>\n<p>Mois\u00e9s, criado no pal\u00e1cio pela filha do Fara\u00f3, conheceu o luxo. J\u00e1 adulto, vendo a opress\u00e3o contra o seu povo, cometeu o crime de matar um eg\u00edpcio que maltratava seu povo (Ex 2,11-15). Depois desse fato, com medo, ele fugiu para Madi\u00e3, onde se casou e, tempos depois, viu Deus que, da sar\u00e7a ardente, o convocou para voltar e libertar o seu povo da escravid\u00e3o do Egito (Ex 2,16\u20143,1-11). O Deus que fez Mois\u00e9s ver a terra de Can\u00e3a, antes de sua morte, \u00e9 o mesmo que viu a opress\u00e3o do seu povo e o escolheu como libertador, ainda que ele tivesse agido com viol\u00eancia. A teologia preferiu o Mois\u00e9s libertador ao violento.<\/p>\n<p>Josu\u00e9, o filho de Nun, j\u00e1 tinha sido escolhido por Mois\u00e9s para dar continuidade \u00e0 sua miss\u00e3o. A predile\u00e7\u00e3o de Mois\u00e9s por Josu\u00e9 justifica-se pelo fato de Josu\u00e9 ser considerado o seu servo desde a juventude (Ex 33,11; Nm 11,28). Josu\u00e9 estava com Mois\u00e9s no monte Sinai, quando ele recebeu as t\u00e1buas da Lei, a Tor\u00e1 (Ex 24,13). Prevendo a morte de Mois\u00e9s, Deus disse a Josu\u00e9: \u201cS\u00ea forte, e corajoso, pois tu introduzir\u00e1s os filhos de Israel na terra que eu lhes havia prometido; quanto a mim, eu estarei contigo\u201d (Dt 31,23).<\/p>\n<p>Josu\u00e9, em hebraico <em>Yehoshu\u00e1, <\/em>nome que significa <em>Jav\u00e9 \u00e9\/d\u00e1 a salva\u00e7\u00e3o,<\/em> recebeu o encargo de manter viva a mem\u00f3ria e os ensinamentos da Tor\u00e1, recebida por Mois\u00e9s. Not\u00f3rio \u00e9 o fato de que nome Jesus \u00e9 a translitera\u00e7\u00e3o grega do nome hebraico Josu\u00e9. \u00a0Como Mois\u00e9s, Jesus transferiu a continuidade de sua miss\u00e3o para os ap\u00f3stolos e ap\u00f3stolas. E eles, pelo batismo, transferiram essa miss\u00e3o para n\u00f3s, os crist\u00e3os de hoje.<\/p>\n<p>Moises e Clara convocam-nos a ver. Ali\u00e1s, Santa Clara \u00e9 padroeira da televis\u00e3o. E n\u00f3s, ser\u00e1 que estamos realmente vendo o que est\u00e1 acontecendo no Brasil? N\u00e3o estou referindo-me \u00e0 pandemia. O Brasil passa por um momento de cegueira. \u201cH\u00e1 coisas erradas no Brasil acontecendo no pa\u00eds, institui\u00e7\u00f5es e sociedade precisam estar bem alertas\u201d, afirmou o presidente do TSE. Muitos n\u00e3o querem ver o que est\u00e1 acontecendo. Outros querem fazer a sociedade ver o que n\u00e3o \u00e9 necess\u00e1rio para democracia. A liberdade democr\u00e1tica est\u00e1 sendo tolhida em nome egocentrismos desvairados de lideran\u00e7as negativas. \u201cQuem tem olhos para ver, veja!\u201d<\/p>\n<hr \/>\n<p><a href=\"#_ftnref1\" name=\"_ftn1\">[1]<\/a> Doutor em Teologia B\u00edblica pela FAJE-BH. Mestre em Ci\u00eancias B\u00edblicas (Exegese) pelo Pontif\u00edcio Instituto B\u00edblico de Roma. Professor de exegese b\u00edblica. Membro da Associa\u00e7\u00e3o Brasileira de Pesquisa B\u00edblica (ABIB). Sacerdote Franciscano. Autor de dez livros e coautor de quinze. \u00daltimo livro: <strong>O Medo do Inferno e a arte de bem morrer<\/strong>: da devo\u00e7\u00e3o ap\u00f3crifa \u00e0 Dormi\u00e7\u00e3o de Maria \u00e0s irmandades de Nossa Senhora da Boa Morte (Vozes, 2019). Canal no You Tube: Frei Jacir B\u00edblia e Ap\u00f3crifos ou <a href=\"https:\/\/www.youtube.com\/c\/FreiJacirdeFreitasFariaB%C3%ADbliaAp%C3%B3crifos\">https:\/\/www.youtube.com\/c\/FreiJacirdeFreitasFariaB%C3%ADbliaAp%C3%B3crifos<\/a><\/p>\n","protected":false},"excerpt":{"rendered":"<p>Artigo de Frei Jacir de Freitas Faria<\/p>\n","protected":false},"author":3,"featured_media":190149,"comment_status":"open","ping_status":"open","sticky":false,"template":"","format":"standard","meta":{"footnotes":""},"categories":[26],"tags":[43],"yoast_head":"<!-- This site is optimized with the Yoast SEO plugin v19.4 - https:\/\/yoast.com\/wordpress\/plugins\/seo\/ -->\n<title>O ver de Santa Clara e de Mois\u00e9s e o nosso n\u00e3o ver (Dt 34,1-12) - Vida Crist\u00e3 - Franciscanos<\/title>\n<meta name=\"robots\" content=\"index, follow, max-snippet:-1, max-image-preview:large, max-video-preview:-1\" \/>\n<link rel=\"canonical\" href=\"https:\/\/franciscanos.org.br\/vidacrista\/o-ver-de-santa-clara-e-de-moises-e-o-nosso-nao-ver-dt-341-12\/\" \/>\n<meta property=\"og:locale\" content=\"pt_BR\" \/>\n<meta property=\"og:type\" content=\"article\" \/>\n<meta property=\"og:title\" content=\"O ver de Santa Clara e de Mois\u00e9s e o nosso n\u00e3o ver (Dt 34,1-12) - Vida Crist\u00e3 - Franciscanos\" \/>\n<meta property=\"og:description\" content=\"Artigo de Frei Jacir de Freitas Faria\" \/>\n<meta property=\"og:url\" content=\"https:\/\/franciscanos.org.br\/vidacrista\/o-ver-de-santa-clara-e-de-moises-e-o-nosso-nao-ver-dt-341-12\/\" \/>\n<meta property=\"og:site_name\" content=\"Vida Crist\u00e3 - Franciscanos\" \/>\n<meta property=\"article:published_time\" content=\"2021-08-10T10:40:05+00:00\" \/>\n<meta property=\"article:modified_time\" content=\"2021-08-13T11:45:35+00:00\" \/>\n<meta property=\"og:image\" content=\"https:\/\/franciscanos.org.br\/vidacrista\/wp-content\/uploads\/2021\/08\/clara_assis_10d.jpg\" \/>\n\t<meta property=\"og:image:width\" content=\"770\" \/>\n\t<meta property=\"og:image:height\" content=\"529\" \/>\n\t<meta property=\"og:image:type\" content=\"image\/jpeg\" \/>\n<meta name=\"author\" content=\"moacir\" \/>\n<meta name=\"twitter:card\" content=\"summary_large_image\" \/>\n<meta name=\"twitter:label1\" content=\"Escrito por\" \/>\n\t<meta name=\"twitter:data1\" content=\"moacir\" \/>\n\t<meta name=\"twitter:label2\" content=\"Est. tempo de leitura\" \/>\n\t<meta name=\"twitter:data2\" content=\"5 minutos\" \/>\n<script type=\"application\/ld+json\" class=\"yoast-schema-graph\">{\"@context\":\"https:\/\/schema.org\",\"@graph\":[{\"@type\":\"WebSite\",\"@id\":\"https:\/\/franciscanos.org.br\/vidacrista\/#website\",\"url\":\"https:\/\/franciscanos.org.br\/vidacrista\/\",\"name\":\"Vida Crist\u00e3 - Franciscanos\",\"description\":\"Prov\u00edncia Franciscana da Imaculada Concei\u00e7\u00e3o do Brasil - Ordem dos Frades Menores\",\"potentialAction\":[{\"@type\":\"SearchAction\",\"target\":{\"@type\":\"EntryPoint\",\"urlTemplate\":\"https:\/\/franciscanos.org.br\/vidacrista\/?s={search_term_string}\"},\"query-input\":\"required name=search_term_string\"}],\"inLanguage\":\"pt-BR\"},{\"@type\":\"WebPage\",\"@id\":\"https:\/\/franciscanos.org.br\/vidacrista\/o-ver-de-santa-clara-e-de-moises-e-o-nosso-nao-ver-dt-341-12\/\",\"url\":\"https:\/\/franciscanos.org.br\/vidacrista\/o-ver-de-santa-clara-e-de-moises-e-o-nosso-nao-ver-dt-341-12\/\",\"name\":\"O ver de Santa Clara e de Mois\u00e9s e o nosso n\u00e3o ver (Dt 34,1-12) - Vida Crist\u00e3 - Franciscanos\",\"isPartOf\":{\"@id\":\"https:\/\/franciscanos.org.br\/vidacrista\/#website\"},\"datePublished\":\"2021-08-10T10:40:05+00:00\",\"dateModified\":\"2021-08-13T11:45:35+00:00\",\"author\":{\"@id\":\"https:\/\/franciscanos.org.br\/vidacrista\/#\/schema\/person\/1880bdd2c350b735648725ef7614736a\"},\"breadcrumb\":{\"@id\":\"https:\/\/franciscanos.org.br\/vidacrista\/o-ver-de-santa-clara-e-de-moises-e-o-nosso-nao-ver-dt-341-12\/#breadcrumb\"},\"inLanguage\":\"pt-BR\",\"potentialAction\":[{\"@type\":\"ReadAction\",\"target\":[\"https:\/\/franciscanos.org.br\/vidacrista\/o-ver-de-santa-clara-e-de-moises-e-o-nosso-nao-ver-dt-341-12\/\"]}]},{\"@type\":\"BreadcrumbList\",\"@id\":\"https:\/\/franciscanos.org.br\/vidacrista\/o-ver-de-santa-clara-e-de-moises-e-o-nosso-nao-ver-dt-341-12\/#breadcrumb\",\"itemListElement\":[{\"@type\":\"ListItem\",\"position\":1,\"name\":\"Home\",\"item\":\"https:\/\/franciscanos.org.br\/vidacrista\/\"},{\"@type\":\"ListItem\",\"position\":2,\"name\":\"O ver de Santa Clara e de Mois\u00e9s e o nosso n\u00e3o ver (Dt 34,1-12)\"}]},{\"@type\":\"Person\",\"@id\":\"https:\/\/franciscanos.org.br\/vidacrista\/#\/schema\/person\/1880bdd2c350b735648725ef7614736a\",\"name\":\"moacir\",\"image\":{\"@type\":\"ImageObject\",\"inLanguage\":\"pt-BR\",\"@id\":\"https:\/\/franciscanos.org.br\/vidacrista\/#\/schema\/person\/image\/\",\"url\":\"https:\/\/secure.gravatar.com\/avatar\/d08aa2ce4c8dd416d4479aa8536fcf64?s=96&d=mm&r=g\",\"contentUrl\":\"https:\/\/secure.gravatar.com\/avatar\/d08aa2ce4c8dd416d4479aa8536fcf64?s=96&d=mm&r=g\",\"caption\":\"moacir\"},\"url\":\"https:\/\/franciscanos.org.br\/vidacrista\/author\/moacir\/\"}]}<\/script>\n<!-- \/ Yoast SEO plugin. -->","yoast_head_json":{"title":"O ver de Santa Clara e de Mois\u00e9s e o nosso n\u00e3o ver (Dt 34,1-12) - Vida Crist\u00e3 - Franciscanos","robots":{"index":"index","follow":"follow","max-snippet":"max-snippet:-1","max-image-preview":"max-image-preview:large","max-video-preview":"max-video-preview:-1"},"canonical":"https:\/\/franciscanos.org.br\/vidacrista\/o-ver-de-santa-clara-e-de-moises-e-o-nosso-nao-ver-dt-341-12\/","og_locale":"pt_BR","og_type":"article","og_title":"O ver de Santa Clara e de Mois\u00e9s e o nosso n\u00e3o ver (Dt 34,1-12) - Vida Crist\u00e3 - Franciscanos","og_description":"Artigo de Frei Jacir de Freitas Faria","og_url":"https:\/\/franciscanos.org.br\/vidacrista\/o-ver-de-santa-clara-e-de-moises-e-o-nosso-nao-ver-dt-341-12\/","og_site_name":"Vida Crist\u00e3 - Franciscanos","article_published_time":"2021-08-10T10:40:05+00:00","article_modified_time":"2021-08-13T11:45:35+00:00","og_image":[{"width":770,"height":529,"url":"https:\/\/franciscanos.org.br\/vidacrista\/wp-content\/uploads\/2021\/08\/clara_assis_10d.jpg","type":"image\/jpeg"}],"author":"moacir","twitter_card":"summary_large_image","twitter_misc":{"Escrito por":"moacir","Est. tempo de leitura":"5 minutos"},"schema":{"@context":"https:\/\/schema.org","@graph":[{"@type":"WebSite","@id":"https:\/\/franciscanos.org.br\/vidacrista\/#website","url":"https:\/\/franciscanos.org.br\/vidacrista\/","name":"Vida Crist\u00e3 - Franciscanos","description":"Prov\u00edncia Franciscana da Imaculada Concei\u00e7\u00e3o do Brasil - Ordem dos Frades Menores","potentialAction":[{"@type":"SearchAction","target":{"@type":"EntryPoint","urlTemplate":"https:\/\/franciscanos.org.br\/vidacrista\/?s={search_term_string}"},"query-input":"required name=search_term_string"}],"inLanguage":"pt-BR"},{"@type":"WebPage","@id":"https:\/\/franciscanos.org.br\/vidacrista\/o-ver-de-santa-clara-e-de-moises-e-o-nosso-nao-ver-dt-341-12\/","url":"https:\/\/franciscanos.org.br\/vidacrista\/o-ver-de-santa-clara-e-de-moises-e-o-nosso-nao-ver-dt-341-12\/","name":"O ver de Santa Clara e de Mois\u00e9s e o nosso n\u00e3o ver (Dt 34,1-12) - Vida Crist\u00e3 - Franciscanos","isPartOf":{"@id":"https:\/\/franciscanos.org.br\/vidacrista\/#website"},"datePublished":"2021-08-10T10:40:05+00:00","dateModified":"2021-08-13T11:45:35+00:00","author":{"@id":"https:\/\/franciscanos.org.br\/vidacrista\/#\/schema\/person\/1880bdd2c350b735648725ef7614736a"},"breadcrumb":{"@id":"https:\/\/franciscanos.org.br\/vidacrista\/o-ver-de-santa-clara-e-de-moises-e-o-nosso-nao-ver-dt-341-12\/#breadcrumb"},"inLanguage":"pt-BR","potentialAction":[{"@type":"ReadAction","target":["https:\/\/franciscanos.org.br\/vidacrista\/o-ver-de-santa-clara-e-de-moises-e-o-nosso-nao-ver-dt-341-12\/"]}]},{"@type":"BreadcrumbList","@id":"https:\/\/franciscanos.org.br\/vidacrista\/o-ver-de-santa-clara-e-de-moises-e-o-nosso-nao-ver-dt-341-12\/#breadcrumb","itemListElement":[{"@type":"ListItem","position":1,"name":"Home","item":"https:\/\/franciscanos.org.br\/vidacrista\/"},{"@type":"ListItem","position":2,"name":"O ver de Santa Clara e de Mois\u00e9s e o nosso n\u00e3o ver (Dt 34,1-12)"}]},{"@type":"Person","@id":"https:\/\/franciscanos.org.br\/vidacrista\/#\/schema\/person\/1880bdd2c350b735648725ef7614736a","name":"moacir","image":{"@type":"ImageObject","inLanguage":"pt-BR","@id":"https:\/\/franciscanos.org.br\/vidacrista\/#\/schema\/person\/image\/","url":"https:\/\/secure.gravatar.com\/avatar\/d08aa2ce4c8dd416d4479aa8536fcf64?s=96&d=mm&r=g","contentUrl":"https:\/\/secure.gravatar.com\/avatar\/d08aa2ce4c8dd416d4479aa8536fcf64?s=96&d=mm&r=g","caption":"moacir"},"url":"https:\/\/franciscanos.org.br\/vidacrista\/author\/moacir\/"}]}},"_links":{"self":[{"href":"https:\/\/franciscanos.org.br\/vidacrista\/wp-json\/wp\/v2\/posts\/190148"}],"collection":[{"href":"https:\/\/franciscanos.org.br\/vidacrista\/wp-json\/wp\/v2\/posts"}],"about":[{"href":"https:\/\/franciscanos.org.br\/vidacrista\/wp-json\/wp\/v2\/types\/post"}],"author":[{"embeddable":true,"href":"https:\/\/franciscanos.org.br\/vidacrista\/wp-json\/wp\/v2\/users\/3"}],"replies":[{"embeddable":true,"href":"https:\/\/franciscanos.org.br\/vidacrista\/wp-json\/wp\/v2\/comments?post=190148"}],"version-history":[{"count":3,"href":"https:\/\/franciscanos.org.br\/vidacrista\/wp-json\/wp\/v2\/posts\/190148\/revisions"}],"predecessor-version":[{"id":190175,"href":"https:\/\/franciscanos.org.br\/vidacrista\/wp-json\/wp\/v2\/posts\/190148\/revisions\/190175"}],"wp:featuredmedia":[{"embeddable":true,"href":"https:\/\/franciscanos.org.br\/vidacrista\/wp-json\/wp\/v2\/media\/190149"}],"wp:attachment":[{"href":"https:\/\/franciscanos.org.br\/vidacrista\/wp-json\/wp\/v2\/media?parent=190148"}],"wp:term":[{"taxonomy":"category","embeddable":true,"href":"https:\/\/franciscanos.org.br\/vidacrista\/wp-json\/wp\/v2\/categories?post=190148"},{"taxonomy":"post_tag","embeddable":true,"href":"https:\/\/franciscanos.org.br\/vidacrista\/wp-json\/wp\/v2\/tags?post=190148"}],"curies":[{"name":"wp","href":"https:\/\/api.w.org\/{rel}","templated":true}]}}