{"id":190144,"date":"2021-08-09T09:08:36","date_gmt":"2021-08-09T12:08:36","guid":{"rendered":"https:\/\/franciscanos.org.br\/vidacrista\/?p=190144"},"modified":"2021-08-09T09:08:36","modified_gmt":"2021-08-09T12:08:36","slug":"a-vitoria-da-indiferenca-diante-das-mortes-pela-covid-19-no-brasil","status":"publish","type":"post","link":"https:\/\/franciscanos.org.br\/vidacrista\/a-vitoria-da-indiferenca-diante-das-mortes-pela-covid-19-no-brasil\/","title":{"rendered":"A vit\u00f3ria da indiferen\u00e7a diante das mortes pela Covid-19 no Brasil"},"content":{"rendered":"<div id=\"attachment_190145\" style=\"width: 850px\" class=\"wp-caption alignnone\"><img aria-describedby=\"caption-attachment-190145\" decoding=\"async\" loading=\"lazy\" class=\"wp-image-190145 size-full\" src=\"https:\/\/franciscanos.org.br\/vidacrista\/wp-content\/uploads\/2021\/08\/artigo_9.jpg\" alt=\"\" width=\"840\" height=\"450\" srcset=\"https:\/\/franciscanos.org.br\/vidacrista\/wp-content\/uploads\/2021\/08\/artigo_9.jpg 840w, https:\/\/franciscanos.org.br\/vidacrista\/wp-content\/uploads\/2021\/08\/artigo_9-450x241.jpg 450w, https:\/\/franciscanos.org.br\/vidacrista\/wp-content\/uploads\/2021\/08\/artigo_9-768x411.jpg 768w, https:\/\/franciscanos.org.br\/vidacrista\/wp-content\/uploads\/2021\/08\/artigo_9-150x80.jpg 150w\" sizes=\"(max-width: 840px) 100vw, 840px\" \/><p id=\"caption-attachment-190145\" class=\"wp-caption-text\">\u00a0 \u00a0 \u00a0 \u00a0 \u00a0 \u00a0 \u00a0 \u00a0 \u00a0 \u00a0 \u00a0 \u00a0 \u00a0 <em>\u00a0Imagem: arte da Cebes (Centro Brasileiro de Estudos de Sa\u00fade) e Frente pela Vida <\/em><\/p><\/div>\n<p><strong>Robson Ribeiro de Oliveira Castro<\/strong><\/p>\n<p>H\u00e1 um ano e quatro meses, estamos lidando com a pandemia do novo coronav\u00edrus! O isolamento social, agravado com os problemas sociais, comprometem nossa vida e a dignidade humana. A pandemia da Covid-19 j\u00e1 fez milhares de v\u00edtimas e o n\u00famero de vidas perdidas n\u00e3o para de crescer. At\u00f4nitos, observamos quando aos 19\/06\/21 chegamos \u00e0 chocante marca de 500.000 mortos pela pandemia.<\/p>\n<p>O Brasil tem se mostrado despreparado para enfrentar a pandemia. Apesar do empenho e dedica\u00e7\u00e3o de muitos profissionais da sa\u00fade, nos deparamos com a postura equivocada que ignora a gravidade dos problemas e se esfor\u00e7a para escond\u00ea-la em uma onda de negacionismos. N\u00e3o podemos nos acostumar com as mortes, nem ignorar as v\u00edtimas desta pandemia, muito menos negar os fatos. \u00c9 preciso ter presente a dignidade da vida humana, pois vidas importam, sim!<\/p>\n<p>Diante de esc\u00e2ndalos de desvio de verba e superfaturamento na compra das vacinas, o Brasil j\u00e1 supera a marca de 540 mil mortes registradas pela pandemia. N\u00e3o podemos deixar de lado a gravidade dos acontecimentos e tamb\u00e9m n\u00e3o se pode menosprezar o n\u00famero de mortos. N\u00e3o s\u00e3o somente n\u00fameros, s\u00e3o pessoas, s\u00e3o vidas humanas abreviadas pela Covid-19.<\/p>\n<p>A CNBB em nota, aos 9 de julho de 2021, diante do atual cen\u00e1rio brasileiro asseverou: <em>\u201cA tr\u00e1gica perda de mais de meio milh\u00e3o de vidas est\u00e1 agravada pelas den\u00fancias de prevarica\u00e7\u00e3o e corrup\u00e7\u00e3o no enfrentamento da pandemia da Covid-19\u201d.<\/em><\/p>\n<p>Contra fatos e muitos relatos, a realidade fala por si. Diante de grav\u00edssimos problemas enfrentados na sociedade, a CNBB manifesta seu posicionamento e corrobora para que sejam investigadas todas as den\u00fancias, e acrescenta: \u201cApoiamos e conclamamos as institui\u00e7\u00f5es da Rep\u00fablica para que, sob o olhar da sociedade civil, sem se esquivar, efetivem procedimentos em favor da apura\u00e7\u00e3o, irrestrita e imparcial, de todas as den\u00fancias, com consequ\u00eancias para quem quer que seja, em vista de imediata corre\u00e7\u00e3o pol\u00edtica e social dos descompassos\u201d.<\/p>\n<p>Infelizmente as vidas se tornaram mercadorias; o ser humano \u00e9 algo descart\u00e1vel diante do capitalismo que consome tudo e todos. A vida foi reduzida a nada, principalmente em uma vis\u00e3o consumista e anti\u00e9tica de um capitalismo que s\u00f3 visa o lucro e descuida dos direitos humanos. Parece que nos acostumamos com a pandemia e com os milhares de mortos. Esse \u00e9 um dos piores erros que, atrelados ao descaso das autoridades federais com a sa\u00fade, t\u00eam ceifado vidas e fam\u00edlias inteiras.<\/p>\n<p>Desta forma, diante de in\u00fameras perdas e grandes problemas sociais, como o aumento da pobreza, \u00e9 necess\u00e1rio buscar o encontro com o outro, escut\u00e1-lo e consol\u00e1-lo, mas \u00e9 preciso lutar por direitos e dignidade humana.<\/p>\n<p>Em um per\u00edodo t\u00e3o complicado, em que a morte bate \u00e0 nossa porta, \u00e9 preciso refletir a nossa atitude de crist\u00e3o e o verdadeiro amor pelo pr\u00f3ximo. Al\u00e9m disso, \u00e9 urgente olhar para os que sofrem e lhes apresentar uma gota de esperan\u00e7a, mesmo quando parece n\u00e3o ter mais solu\u00e7\u00e3o.<\/p>\n<p>Hoje, ao contabilizarmos os mortos &#8211; os pobres e aqueles que sofrem com o descaso das autoridades -, \u00e9 necess\u00e1rio observar como \u00e9 dura a realidade, principalmente por saber que vidas poderiam ser salvas se as lideran\u00e7as pol\u00edticas tivessem tomado as devidas precau\u00e7\u00f5es e agido para conter o avan\u00e7o do v\u00edrus, al\u00e9m de uma campanha de vacina\u00e7\u00e3o \u00e1gil e eficiente, atendendo a toda a popula\u00e7\u00e3o.<\/p>\n<p>Contudo, atentos \u00e0 realidade e ao contexto da pandemia, \u00e9 preciso fugir da indiferen\u00e7a diante das mortes, principalmente com o descaso do poder p\u00fablico frente \u00e0 crise sanit\u00e1ria que vivemos e \u00e0s centenas de mortos diariamente.<\/p>\n<p>A jornalista, cientista pol\u00edtica e pesquisadora Bertha Maakaroun escreveu em seu artigo <em>A morte da empatia e a vit\u00f3ria da indiferen\u00e7a<\/em> que \u201cO Brasil fracassou no enfrentamento \u00e0 pandemia da Covid-19\u201d e nos coloca a seguinte pergunta ao nos depararmos com os alarmantes n\u00fameros de mortos diariamente: \u201cSer\u00e1 a morte da empatia?\u201d<\/p>\n<p>Maakaroun utiliza-se de uma fala do cientista pol\u00edtico Luiz Eduardo Soares, que afirma: \u201cA sociedade de uma forma geral n\u00e3o se comove, n\u00e3o se revolta, n\u00e3o se transporta para o lugar dessas fam\u00edlias enlutadas\u201d. Essa afirma\u00e7\u00e3o \u00e9 muito dura e muito complexa, pois nos faz refletir sobre o caminho que estamos seguindo e a falta de amor e miseric\u00f3rdia para com aqueles que sofrem.<\/p>\n<p>Para tanto, \u00e9 necess\u00e1rio fazer ecoar a palavra de Deus em todos os lugares e que ela seja para n\u00f3s a for\u00e7a necess\u00e1ria para seguir em frente. Assim, a vida deve valer mais que meros procedimentos econ\u00f4micos de manuten\u00e7\u00e3o do poder, pois cada membro da sociedade \u00e9 importante. Cada vida perdida \u00e9 hist\u00f3ria e sonhos que se v\u00e3o.<\/p>\n<p>A CNBB, ainda na nota do dia 9, manifestou a sua indigna\u00e7\u00e3o diante do descaso no atual momento: <em>\u201cPara defender vidas amea\u00e7adas, direitos desrespeitados e para apoiar a restaura\u00e7\u00e3o da justi\u00e7a, fazendo valer a verdade. A sociedade democr\u00e1tica brasileira est\u00e1 atravessando um dos per\u00edodos mais desafiadores da sua hist\u00f3ria. A gravidade deste momento exige de todos coragem, sensatez e pronta corre\u00e7\u00e3o de rumos\u201d.<\/em> Destarte, \u00e9 urgente sensibilizar a todos para as perdas e a realidade em que vivemos. As mortes n\u00e3o podem ser em v\u00e3o, s\u00e3o hist\u00f3rias e a vida \u00e9 muito al\u00e9m do que parece.<\/p>\n<p>Para que haja uma verdadeira mudan\u00e7a, de forma concreta, s\u00f3 ser\u00e1 poss\u00edvel se se buscar, conscientemente, compreender a realidade em que vivemos, sendo cr\u00edticos ao que estamos passando e, atrelados a uma mudan\u00e7a de comportamento, respons\u00e1veis por ajudar a construir a mudan\u00e7a que esperamos. Assim, \u00e9 necess\u00e1rio ousar mudar para edificar reais transforma\u00e7\u00f5es e promover a esperan\u00e7a. Por isso, \u00e9 preciso buscar uma realidade nova e outro jeito novo de viver: mais humano, \u00e9tico e solid\u00e1rio.<\/p>\n<p>Na condi\u00e7\u00e3o de indiv\u00edduo &#8211; pessoa que se relaciona e que est\u00e1 atenta ao clamor dos mais necessitados -, seria o momento de refletir as palavras de um profeta de nosso tempo que nos deixou recentemente &#8211; Dom Pedro Casald\u00e1liga, Bispo Em\u00e9rito da Prelazia de S\u00e3o F\u00e9lix do Araguaia &#8211; que afirmava: <em>\u201cNo final do meu caminho me dir\u00e3o: &#8211; E tu, viveste? Amaste? E eu, sem dizer nada, abrirei o cora\u00e7\u00e3o cheio de nomes\u201d.<\/em> Vivemos um per\u00edodo de grandes mudan\u00e7as, principalmente com as mortes que batem \u00e0 nossa porta, entretanto \u00e9 necess\u00e1rio se apegar \u00e0 esperan\u00e7a de um mundo melhor. Que possamos ser anunciadores da Justi\u00e7a e da Paz e n\u00e3o propagadores de discursos vazios ou como sepulcros caiados, como Jesus criticava os fariseus.<\/p>\n<hr \/>\n<p><strong>Robson Ribeiro de Oliveira Castro Chaves<\/strong>\u00a0<em>\u00e9 mestre em Teologia pela Faculdade Jesu\u00edta de Filosofia e Teologia (FAJE), em BH, professor de teologia no Instituto Teol\u00f3gico Franciscano (ITF), em Petr\u00f3polis (RJ) e membro do Conselho Regional de Forma\u00e7\u00e3o (CRF) \u2013 LESTE II do CNLB.<\/em><\/p>\n","protected":false},"excerpt":{"rendered":"<p>Artigo de Robson Ribeiro de Oliveira Castro<\/p>\n","protected":false},"author":3,"featured_media":190146,"comment_status":"open","ping_status":"open","sticky":false,"template":"","format":"standard","meta":{"footnotes":""},"categories":[26],"tags":[328],"yoast_head":"<!-- This site is optimized with the Yoast SEO plugin v19.4 - https:\/\/yoast.com\/wordpress\/plugins\/seo\/ -->\n<title>A vit\u00f3ria da indiferen\u00e7a diante das mortes pela Covid-19 no Brasil - Vida Crist\u00e3 - Franciscanos<\/title>\n<meta name=\"robots\" content=\"index, follow, max-snippet:-1, max-image-preview:large, max-video-preview:-1\" \/>\n<link rel=\"canonical\" href=\"https:\/\/franciscanos.org.br\/vidacrista\/a-vitoria-da-indiferenca-diante-das-mortes-pela-covid-19-no-brasil\/\" \/>\n<meta property=\"og:locale\" content=\"pt_BR\" \/>\n<meta property=\"og:type\" content=\"article\" \/>\n<meta property=\"og:title\" content=\"A vit\u00f3ria da indiferen\u00e7a diante das mortes pela Covid-19 no Brasil - Vida Crist\u00e3 - Franciscanos\" \/>\n<meta property=\"og:description\" content=\"Artigo de Robson Ribeiro de Oliveira Castro\" \/>\n<meta property=\"og:url\" content=\"https:\/\/franciscanos.org.br\/vidacrista\/a-vitoria-da-indiferenca-diante-das-mortes-pela-covid-19-no-brasil\/\" \/>\n<meta property=\"og:site_name\" content=\"Vida Crist\u00e3 - Franciscanos\" \/>\n<meta property=\"article:published_time\" content=\"2021-08-09T12:08:36+00:00\" \/>\n<meta property=\"og:image\" content=\"https:\/\/franciscanos.org.br\/vidacrista\/wp-content\/uploads\/2021\/08\/arte_luto_d.jpg\" \/>\n\t<meta property=\"og:image:width\" content=\"800\" \/>\n\t<meta property=\"og:image:height\" content=\"550\" \/>\n\t<meta property=\"og:image:type\" content=\"image\/jpeg\" \/>\n<meta name=\"author\" content=\"moacir\" \/>\n<meta name=\"twitter:card\" content=\"summary_large_image\" \/>\n<meta name=\"twitter:label1\" content=\"Escrito por\" \/>\n\t<meta name=\"twitter:data1\" content=\"moacir\" \/>\n\t<meta name=\"twitter:label2\" content=\"Est. tempo de leitura\" \/>\n\t<meta name=\"twitter:data2\" content=\"6 minutos\" \/>\n<script type=\"application\/ld+json\" class=\"yoast-schema-graph\">{\"@context\":\"https:\/\/schema.org\",\"@graph\":[{\"@type\":\"WebSite\",\"@id\":\"https:\/\/franciscanos.org.br\/vidacrista\/#website\",\"url\":\"https:\/\/franciscanos.org.br\/vidacrista\/\",\"name\":\"Vida Crist\u00e3 - Franciscanos\",\"description\":\"Prov\u00edncia Franciscana da Imaculada Concei\u00e7\u00e3o do Brasil - Ordem dos Frades Menores\",\"potentialAction\":[{\"@type\":\"SearchAction\",\"target\":{\"@type\":\"EntryPoint\",\"urlTemplate\":\"https:\/\/franciscanos.org.br\/vidacrista\/?s={search_term_string}\"},\"query-input\":\"required name=search_term_string\"}],\"inLanguage\":\"pt-BR\"},{\"@type\":\"WebPage\",\"@id\":\"https:\/\/franciscanos.org.br\/vidacrista\/a-vitoria-da-indiferenca-diante-das-mortes-pela-covid-19-no-brasil\/\",\"url\":\"https:\/\/franciscanos.org.br\/vidacrista\/a-vitoria-da-indiferenca-diante-das-mortes-pela-covid-19-no-brasil\/\",\"name\":\"A vit\u00f3ria da indiferen\u00e7a diante das mortes pela Covid-19 no Brasil - Vida Crist\u00e3 - Franciscanos\",\"isPartOf\":{\"@id\":\"https:\/\/franciscanos.org.br\/vidacrista\/#website\"},\"datePublished\":\"2021-08-09T12:08:36+00:00\",\"dateModified\":\"2021-08-09T12:08:36+00:00\",\"author\":{\"@id\":\"https:\/\/franciscanos.org.br\/vidacrista\/#\/schema\/person\/1880bdd2c350b735648725ef7614736a\"},\"breadcrumb\":{\"@id\":\"https:\/\/franciscanos.org.br\/vidacrista\/a-vitoria-da-indiferenca-diante-das-mortes-pela-covid-19-no-brasil\/#breadcrumb\"},\"inLanguage\":\"pt-BR\",\"potentialAction\":[{\"@type\":\"ReadAction\",\"target\":[\"https:\/\/franciscanos.org.br\/vidacrista\/a-vitoria-da-indiferenca-diante-das-mortes-pela-covid-19-no-brasil\/\"]}]},{\"@type\":\"BreadcrumbList\",\"@id\":\"https:\/\/franciscanos.org.br\/vidacrista\/a-vitoria-da-indiferenca-diante-das-mortes-pela-covid-19-no-brasil\/#breadcrumb\",\"itemListElement\":[{\"@type\":\"ListItem\",\"position\":1,\"name\":\"Home\",\"item\":\"https:\/\/franciscanos.org.br\/vidacrista\/\"},{\"@type\":\"ListItem\",\"position\":2,\"name\":\"A vit\u00f3ria da indiferen\u00e7a diante das mortes pela Covid-19 no Brasil\"}]},{\"@type\":\"Person\",\"@id\":\"https:\/\/franciscanos.org.br\/vidacrista\/#\/schema\/person\/1880bdd2c350b735648725ef7614736a\",\"name\":\"moacir\",\"image\":{\"@type\":\"ImageObject\",\"inLanguage\":\"pt-BR\",\"@id\":\"https:\/\/franciscanos.org.br\/vidacrista\/#\/schema\/person\/image\/\",\"url\":\"https:\/\/secure.gravatar.com\/avatar\/d08aa2ce4c8dd416d4479aa8536fcf64?s=96&d=mm&r=g\",\"contentUrl\":\"https:\/\/secure.gravatar.com\/avatar\/d08aa2ce4c8dd416d4479aa8536fcf64?s=96&d=mm&r=g\",\"caption\":\"moacir\"},\"url\":\"https:\/\/franciscanos.org.br\/vidacrista\/author\/moacir\/\"}]}<\/script>\n<!-- \/ Yoast SEO plugin. -->","yoast_head_json":{"title":"A vit\u00f3ria da indiferen\u00e7a diante das mortes pela Covid-19 no Brasil - Vida Crist\u00e3 - Franciscanos","robots":{"index":"index","follow":"follow","max-snippet":"max-snippet:-1","max-image-preview":"max-image-preview:large","max-video-preview":"max-video-preview:-1"},"canonical":"https:\/\/franciscanos.org.br\/vidacrista\/a-vitoria-da-indiferenca-diante-das-mortes-pela-covid-19-no-brasil\/","og_locale":"pt_BR","og_type":"article","og_title":"A vit\u00f3ria da indiferen\u00e7a diante das mortes pela Covid-19 no Brasil - Vida Crist\u00e3 - Franciscanos","og_description":"Artigo de Robson Ribeiro de Oliveira Castro","og_url":"https:\/\/franciscanos.org.br\/vidacrista\/a-vitoria-da-indiferenca-diante-das-mortes-pela-covid-19-no-brasil\/","og_site_name":"Vida Crist\u00e3 - Franciscanos","article_published_time":"2021-08-09T12:08:36+00:00","og_image":[{"width":800,"height":550,"url":"https:\/\/franciscanos.org.br\/vidacrista\/wp-content\/uploads\/2021\/08\/arte_luto_d.jpg","type":"image\/jpeg"}],"author":"moacir","twitter_card":"summary_large_image","twitter_misc":{"Escrito por":"moacir","Est. tempo de leitura":"6 minutos"},"schema":{"@context":"https:\/\/schema.org","@graph":[{"@type":"WebSite","@id":"https:\/\/franciscanos.org.br\/vidacrista\/#website","url":"https:\/\/franciscanos.org.br\/vidacrista\/","name":"Vida Crist\u00e3 - Franciscanos","description":"Prov\u00edncia Franciscana da Imaculada Concei\u00e7\u00e3o do Brasil - Ordem dos Frades Menores","potentialAction":[{"@type":"SearchAction","target":{"@type":"EntryPoint","urlTemplate":"https:\/\/franciscanos.org.br\/vidacrista\/?s={search_term_string}"},"query-input":"required name=search_term_string"}],"inLanguage":"pt-BR"},{"@type":"WebPage","@id":"https:\/\/franciscanos.org.br\/vidacrista\/a-vitoria-da-indiferenca-diante-das-mortes-pela-covid-19-no-brasil\/","url":"https:\/\/franciscanos.org.br\/vidacrista\/a-vitoria-da-indiferenca-diante-das-mortes-pela-covid-19-no-brasil\/","name":"A vit\u00f3ria da indiferen\u00e7a diante das mortes pela Covid-19 no Brasil - Vida Crist\u00e3 - Franciscanos","isPartOf":{"@id":"https:\/\/franciscanos.org.br\/vidacrista\/#website"},"datePublished":"2021-08-09T12:08:36+00:00","dateModified":"2021-08-09T12:08:36+00:00","author":{"@id":"https:\/\/franciscanos.org.br\/vidacrista\/#\/schema\/person\/1880bdd2c350b735648725ef7614736a"},"breadcrumb":{"@id":"https:\/\/franciscanos.org.br\/vidacrista\/a-vitoria-da-indiferenca-diante-das-mortes-pela-covid-19-no-brasil\/#breadcrumb"},"inLanguage":"pt-BR","potentialAction":[{"@type":"ReadAction","target":["https:\/\/franciscanos.org.br\/vidacrista\/a-vitoria-da-indiferenca-diante-das-mortes-pela-covid-19-no-brasil\/"]}]},{"@type":"BreadcrumbList","@id":"https:\/\/franciscanos.org.br\/vidacrista\/a-vitoria-da-indiferenca-diante-das-mortes-pela-covid-19-no-brasil\/#breadcrumb","itemListElement":[{"@type":"ListItem","position":1,"name":"Home","item":"https:\/\/franciscanos.org.br\/vidacrista\/"},{"@type":"ListItem","position":2,"name":"A vit\u00f3ria da indiferen\u00e7a diante das mortes pela Covid-19 no Brasil"}]},{"@type":"Person","@id":"https:\/\/franciscanos.org.br\/vidacrista\/#\/schema\/person\/1880bdd2c350b735648725ef7614736a","name":"moacir","image":{"@type":"ImageObject","inLanguage":"pt-BR","@id":"https:\/\/franciscanos.org.br\/vidacrista\/#\/schema\/person\/image\/","url":"https:\/\/secure.gravatar.com\/avatar\/d08aa2ce4c8dd416d4479aa8536fcf64?s=96&d=mm&r=g","contentUrl":"https:\/\/secure.gravatar.com\/avatar\/d08aa2ce4c8dd416d4479aa8536fcf64?s=96&d=mm&r=g","caption":"moacir"},"url":"https:\/\/franciscanos.org.br\/vidacrista\/author\/moacir\/"}]}},"_links":{"self":[{"href":"https:\/\/franciscanos.org.br\/vidacrista\/wp-json\/wp\/v2\/posts\/190144"}],"collection":[{"href":"https:\/\/franciscanos.org.br\/vidacrista\/wp-json\/wp\/v2\/posts"}],"about":[{"href":"https:\/\/franciscanos.org.br\/vidacrista\/wp-json\/wp\/v2\/types\/post"}],"author":[{"embeddable":true,"href":"https:\/\/franciscanos.org.br\/vidacrista\/wp-json\/wp\/v2\/users\/3"}],"replies":[{"embeddable":true,"href":"https:\/\/franciscanos.org.br\/vidacrista\/wp-json\/wp\/v2\/comments?post=190144"}],"version-history":[{"count":1,"href":"https:\/\/franciscanos.org.br\/vidacrista\/wp-json\/wp\/v2\/posts\/190144\/revisions"}],"predecessor-version":[{"id":190147,"href":"https:\/\/franciscanos.org.br\/vidacrista\/wp-json\/wp\/v2\/posts\/190144\/revisions\/190147"}],"wp:featuredmedia":[{"embeddable":true,"href":"https:\/\/franciscanos.org.br\/vidacrista\/wp-json\/wp\/v2\/media\/190146"}],"wp:attachment":[{"href":"https:\/\/franciscanos.org.br\/vidacrista\/wp-json\/wp\/v2\/media?parent=190144"}],"wp:term":[{"taxonomy":"category","embeddable":true,"href":"https:\/\/franciscanos.org.br\/vidacrista\/wp-json\/wp\/v2\/categories?post=190144"},{"taxonomy":"post_tag","embeddable":true,"href":"https:\/\/franciscanos.org.br\/vidacrista\/wp-json\/wp\/v2\/tags?post=190144"}],"curies":[{"name":"wp","href":"https:\/\/api.w.org\/{rel}","templated":true}]}}