{"id":190130,"date":"2021-08-06T07:50:05","date_gmt":"2021-08-06T10:50:05","guid":{"rendered":"https:\/\/franciscanos.org.br\/vidacrista\/?p=190130"},"modified":"2021-08-06T07:56:00","modified_gmt":"2021-08-06T10:56:00","slug":"amorjesus","status":"publish","type":"post","link":"https:\/\/franciscanos.org.br\/vidacrista\/amorjesus\/","title":{"rendered":"Viemos do amor e para o amor nos dirigimos"},"content":{"rendered":"<div id=\"attachment_190131\" style=\"width: 850px\" class=\"wp-caption alignnone\"><img aria-describedby=\"caption-attachment-190131\" decoding=\"async\" loading=\"lazy\" class=\"wp-image-190131 size-full\" src=\"https:\/\/franciscanos.org.br\/vidacrista\/wp-content\/uploads\/2021\/08\/primeirasexta_01.jpg\" alt=\"\" width=\"840\" height=\"450\" srcset=\"https:\/\/franciscanos.org.br\/vidacrista\/wp-content\/uploads\/2021\/08\/primeirasexta_01.jpg 840w, https:\/\/franciscanos.org.br\/vidacrista\/wp-content\/uploads\/2021\/08\/primeirasexta_01-450x241.jpg 450w, https:\/\/franciscanos.org.br\/vidacrista\/wp-content\/uploads\/2021\/08\/primeirasexta_01-768x411.jpg 768w, https:\/\/franciscanos.org.br\/vidacrista\/wp-content\/uploads\/2021\/08\/primeirasexta_01-150x80.jpg 150w\" sizes=\"(max-width: 840px) 100vw, 840px\" \/><p id=\"caption-attachment-190131\" class=\"wp-caption-text\"><em>\u00a0 \u00a0 \u00a0 \u00a0 Imagem: El Greco (Wikimedia Commons) <\/em><\/p><\/div>\n<p>Quando tentamos compreender a Deus (compreender o incompreens\u00edvel!), vemo-lo como fonte de todo o ser e, ao mesmo tempo, aquele que ama com paix\u00e3o. Bento XVI, na Deus caritas est, quando come\u00e7a a dissertar sobre o Mist\u00e9rio de Deus escreve: \u201c&#8230;por um lado, nos encontramos diante de uma imagem estritamente metaf\u00edsica de Deus: Deus \u00e9 absolutamente a fonte origin\u00e1ria de todo ser; mas esse princ\u00edpio criador de todas as coisas, o Logos, a raz\u00e3o primordial \u2013 e, ao mesmo tempo um amante com toda paix\u00e3o de um verdadeiro amor\u201d (Deus caritas est, n.10).<\/p>\n<p>Somos buscadores do Mist\u00e9rio, peregrinos do Alt\u00edssimo, gente que tem perguntas a arder no peito. Triste quando acabam as perguntas que queimam a garganta e ficam apenas respostas secas, frias e mortas, sempre solu\u00e7\u00f5es do momento, provis\u00f3rias. E a gente se acostuma com as respostas que se coloca em caixinhas fechadas. N\u00e3o h\u00e1 mais surpresas. O problema da religi\u00e3o est\u00e1 resolvido. N\u00e3o se fala mais. Vai assim e pronto.<\/p>\n<p>Os homens e mulheres de todos os tempos sempre sentiram saudade de Deus. As Escrituras falam dessa presen\u00e7a do Deus amor. Oseias nos leva para o deserto, somos a esposa que o Esposo atrai. Ele quer falar ao nosso interior. N\u00fapcias de amor. E amam os que fazem delicadamente a sua vontade. Buscar a Deus, viver com Deus \u00e9 escrever a dois e a muitos uma hist\u00f3ria de amor.<\/p>\n<p>\u201cComo te abandonarei, \u00f3 Efraim? Entregar-te-ei, \u00f3 Israel? O meu cora\u00e7\u00e3o d\u00e1 voltas dentro de mim, comove-se a minha compaix\u00e3o. N\u00e3o desafogarei o furor de minha c\u00f3lera, n\u00e3o destruirei Efraim; porque sou Deus e n\u00e3o um ser humano, sou o santo no meio de ti\u201d (Os 11, 8-9).<\/p>\n<p>Viemos do amor e para o amor nos dirigimos. O Deus belo que procuramos no sil\u00eancio das grutas, na l\u00edmpida e persistente leitura das Escrituras, o Deus que resolveu ter carne, ser gente, beber de nossas fontes e sonhar nossos sonhos, nasce e \u00e9 colocado numa estrebaria. Vive falando do Pai, falando com amor sem controle. Morre na cruz. Que mais poderia ter feito? Quer saber a raz\u00e3o de uma certa e grande indiferen\u00e7a de nossa parte.<\/p>\n<p>O segredo de uma vida profundamente feliz s\u00f3 \u00e9 poss\u00edvel quando se consegue entabular um di\u00e1logo com aquele cujo cora\u00e7\u00e3o d\u00e1 voltas dentro do peito.<\/p>\n<hr \/>\n<p><em>Frei Almir Guimar\u00e3es<\/em><\/p>\n","protected":false},"excerpt":{"rendered":"<p>Primeira Sexta-feira do M\u00eas<\/p>\n","protected":false},"author":3,"featured_media":190132,"comment_status":"open","ping_status":"open","sticky":false,"template":"","format":"standard","meta":{"footnotes":""},"categories":[105],"tags":[106],"yoast_head":"<!-- This site is optimized with the Yoast SEO plugin v19.4 - https:\/\/yoast.com\/wordpress\/plugins\/seo\/ -->\n<title>Viemos do amor e para o amor nos dirigimos - Vida Crist\u00e3 - Franciscanos<\/title>\n<meta name=\"robots\" content=\"index, follow, max-snippet:-1, max-image-preview:large, max-video-preview:-1\" \/>\n<link rel=\"canonical\" href=\"https:\/\/franciscanos.org.br\/vidacrista\/amorjesus\/\" \/>\n<meta property=\"og:locale\" content=\"pt_BR\" \/>\n<meta property=\"og:type\" content=\"article\" \/>\n<meta property=\"og:title\" content=\"Viemos do amor e para o amor nos dirigimos - Vida Crist\u00e3 - Franciscanos\" \/>\n<meta property=\"og:description\" content=\"Primeira Sexta-feira do M\u00eas\" \/>\n<meta property=\"og:url\" content=\"https:\/\/franciscanos.org.br\/vidacrista\/amorjesus\/\" \/>\n<meta property=\"og:site_name\" content=\"Vida Crist\u00e3 - Franciscanos\" \/>\n<meta property=\"article:published_time\" content=\"2021-08-06T10:50:05+00:00\" \/>\n<meta property=\"article:modified_time\" content=\"2021-08-06T10:56:00+00:00\" \/>\n<meta property=\"og:image\" content=\"https:\/\/franciscanos.org.br\/vidacrista\/wp-content\/uploads\/2021\/08\/primeirasexta_01d.jpg\" \/>\n\t<meta property=\"og:image:width\" content=\"800\" \/>\n\t<meta property=\"og:image:height\" content=\"550\" \/>\n\t<meta property=\"og:image:type\" content=\"image\/jpeg\" \/>\n<meta name=\"author\" content=\"moacir\" \/>\n<meta name=\"twitter:card\" content=\"summary_large_image\" \/>\n<meta name=\"twitter:label1\" content=\"Escrito por\" \/>\n\t<meta name=\"twitter:data1\" content=\"moacir\" \/>\n\t<meta name=\"twitter:label2\" content=\"Est. tempo de leitura\" \/>\n\t<meta name=\"twitter:data2\" content=\"2 minutos\" \/>\n<script type=\"application\/ld+json\" class=\"yoast-schema-graph\">{\"@context\":\"https:\/\/schema.org\",\"@graph\":[{\"@type\":\"WebSite\",\"@id\":\"https:\/\/franciscanos.org.br\/vidacrista\/#website\",\"url\":\"https:\/\/franciscanos.org.br\/vidacrista\/\",\"name\":\"Vida Crist\u00e3 - Franciscanos\",\"description\":\"Prov\u00edncia Franciscana da Imaculada Concei\u00e7\u00e3o do Brasil - Ordem dos Frades Menores\",\"potentialAction\":[{\"@type\":\"SearchAction\",\"target\":{\"@type\":\"EntryPoint\",\"urlTemplate\":\"https:\/\/franciscanos.org.br\/vidacrista\/?s={search_term_string}\"},\"query-input\":\"required name=search_term_string\"}],\"inLanguage\":\"pt-BR\"},{\"@type\":\"WebPage\",\"@id\":\"https:\/\/franciscanos.org.br\/vidacrista\/amorjesus\/\",\"url\":\"https:\/\/franciscanos.org.br\/vidacrista\/amorjesus\/\",\"name\":\"Viemos do amor e para o amor nos dirigimos - Vida Crist\u00e3 - Franciscanos\",\"isPartOf\":{\"@id\":\"https:\/\/franciscanos.org.br\/vidacrista\/#website\"},\"datePublished\":\"2021-08-06T10:50:05+00:00\",\"dateModified\":\"2021-08-06T10:56:00+00:00\",\"author\":{\"@id\":\"https:\/\/franciscanos.org.br\/vidacrista\/#\/schema\/person\/1880bdd2c350b735648725ef7614736a\"},\"breadcrumb\":{\"@id\":\"https:\/\/franciscanos.org.br\/vidacrista\/amorjesus\/#breadcrumb\"},\"inLanguage\":\"pt-BR\",\"potentialAction\":[{\"@type\":\"ReadAction\",\"target\":[\"https:\/\/franciscanos.org.br\/vidacrista\/amorjesus\/\"]}]},{\"@type\":\"BreadcrumbList\",\"@id\":\"https:\/\/franciscanos.org.br\/vidacrista\/amorjesus\/#breadcrumb\",\"itemListElement\":[{\"@type\":\"ListItem\",\"position\":1,\"name\":\"Home\",\"item\":\"https:\/\/franciscanos.org.br\/vidacrista\/\"},{\"@type\":\"ListItem\",\"position\":2,\"name\":\"Viemos do amor e para o amor nos dirigimos\"}]},{\"@type\":\"Person\",\"@id\":\"https:\/\/franciscanos.org.br\/vidacrista\/#\/schema\/person\/1880bdd2c350b735648725ef7614736a\",\"name\":\"moacir\",\"image\":{\"@type\":\"ImageObject\",\"inLanguage\":\"pt-BR\",\"@id\":\"https:\/\/franciscanos.org.br\/vidacrista\/#\/schema\/person\/image\/\",\"url\":\"https:\/\/secure.gravatar.com\/avatar\/d08aa2ce4c8dd416d4479aa8536fcf64?s=96&d=mm&r=g\",\"contentUrl\":\"https:\/\/secure.gravatar.com\/avatar\/d08aa2ce4c8dd416d4479aa8536fcf64?s=96&d=mm&r=g\",\"caption\":\"moacir\"},\"url\":\"https:\/\/franciscanos.org.br\/vidacrista\/author\/moacir\/\"}]}<\/script>\n<!-- \/ Yoast SEO plugin. -->","yoast_head_json":{"title":"Viemos do amor e para o amor nos dirigimos - Vida Crist\u00e3 - Franciscanos","robots":{"index":"index","follow":"follow","max-snippet":"max-snippet:-1","max-image-preview":"max-image-preview:large","max-video-preview":"max-video-preview:-1"},"canonical":"https:\/\/franciscanos.org.br\/vidacrista\/amorjesus\/","og_locale":"pt_BR","og_type":"article","og_title":"Viemos do amor e para o amor nos dirigimos - Vida Crist\u00e3 - Franciscanos","og_description":"Primeira Sexta-feira do M\u00eas","og_url":"https:\/\/franciscanos.org.br\/vidacrista\/amorjesus\/","og_site_name":"Vida Crist\u00e3 - Franciscanos","article_published_time":"2021-08-06T10:50:05+00:00","article_modified_time":"2021-08-06T10:56:00+00:00","og_image":[{"width":800,"height":550,"url":"https:\/\/franciscanos.org.br\/vidacrista\/wp-content\/uploads\/2021\/08\/primeirasexta_01d.jpg","type":"image\/jpeg"}],"author":"moacir","twitter_card":"summary_large_image","twitter_misc":{"Escrito por":"moacir","Est. tempo de leitura":"2 minutos"},"schema":{"@context":"https:\/\/schema.org","@graph":[{"@type":"WebSite","@id":"https:\/\/franciscanos.org.br\/vidacrista\/#website","url":"https:\/\/franciscanos.org.br\/vidacrista\/","name":"Vida Crist\u00e3 - Franciscanos","description":"Prov\u00edncia Franciscana da Imaculada Concei\u00e7\u00e3o do Brasil - Ordem dos Frades Menores","potentialAction":[{"@type":"SearchAction","target":{"@type":"EntryPoint","urlTemplate":"https:\/\/franciscanos.org.br\/vidacrista\/?s={search_term_string}"},"query-input":"required name=search_term_string"}],"inLanguage":"pt-BR"},{"@type":"WebPage","@id":"https:\/\/franciscanos.org.br\/vidacrista\/amorjesus\/","url":"https:\/\/franciscanos.org.br\/vidacrista\/amorjesus\/","name":"Viemos do amor e para o amor nos dirigimos - Vida Crist\u00e3 - Franciscanos","isPartOf":{"@id":"https:\/\/franciscanos.org.br\/vidacrista\/#website"},"datePublished":"2021-08-06T10:50:05+00:00","dateModified":"2021-08-06T10:56:00+00:00","author":{"@id":"https:\/\/franciscanos.org.br\/vidacrista\/#\/schema\/person\/1880bdd2c350b735648725ef7614736a"},"breadcrumb":{"@id":"https:\/\/franciscanos.org.br\/vidacrista\/amorjesus\/#breadcrumb"},"inLanguage":"pt-BR","potentialAction":[{"@type":"ReadAction","target":["https:\/\/franciscanos.org.br\/vidacrista\/amorjesus\/"]}]},{"@type":"BreadcrumbList","@id":"https:\/\/franciscanos.org.br\/vidacrista\/amorjesus\/#breadcrumb","itemListElement":[{"@type":"ListItem","position":1,"name":"Home","item":"https:\/\/franciscanos.org.br\/vidacrista\/"},{"@type":"ListItem","position":2,"name":"Viemos do amor e para o amor nos dirigimos"}]},{"@type":"Person","@id":"https:\/\/franciscanos.org.br\/vidacrista\/#\/schema\/person\/1880bdd2c350b735648725ef7614736a","name":"moacir","image":{"@type":"ImageObject","inLanguage":"pt-BR","@id":"https:\/\/franciscanos.org.br\/vidacrista\/#\/schema\/person\/image\/","url":"https:\/\/secure.gravatar.com\/avatar\/d08aa2ce4c8dd416d4479aa8536fcf64?s=96&d=mm&r=g","contentUrl":"https:\/\/secure.gravatar.com\/avatar\/d08aa2ce4c8dd416d4479aa8536fcf64?s=96&d=mm&r=g","caption":"moacir"},"url":"https:\/\/franciscanos.org.br\/vidacrista\/author\/moacir\/"}]}},"_links":{"self":[{"href":"https:\/\/franciscanos.org.br\/vidacrista\/wp-json\/wp\/v2\/posts\/190130"}],"collection":[{"href":"https:\/\/franciscanos.org.br\/vidacrista\/wp-json\/wp\/v2\/posts"}],"about":[{"href":"https:\/\/franciscanos.org.br\/vidacrista\/wp-json\/wp\/v2\/types\/post"}],"author":[{"embeddable":true,"href":"https:\/\/franciscanos.org.br\/vidacrista\/wp-json\/wp\/v2\/users\/3"}],"replies":[{"embeddable":true,"href":"https:\/\/franciscanos.org.br\/vidacrista\/wp-json\/wp\/v2\/comments?post=190130"}],"version-history":[{"count":4,"href":"https:\/\/franciscanos.org.br\/vidacrista\/wp-json\/wp\/v2\/posts\/190130\/revisions"}],"predecessor-version":[{"id":190136,"href":"https:\/\/franciscanos.org.br\/vidacrista\/wp-json\/wp\/v2\/posts\/190130\/revisions\/190136"}],"wp:featuredmedia":[{"embeddable":true,"href":"https:\/\/franciscanos.org.br\/vidacrista\/wp-json\/wp\/v2\/media\/190132"}],"wp:attachment":[{"href":"https:\/\/franciscanos.org.br\/vidacrista\/wp-json\/wp\/v2\/media?parent=190130"}],"wp:term":[{"taxonomy":"category","embeddable":true,"href":"https:\/\/franciscanos.org.br\/vidacrista\/wp-json\/wp\/v2\/categories?post=190130"},{"taxonomy":"post_tag","embeddable":true,"href":"https:\/\/franciscanos.org.br\/vidacrista\/wp-json\/wp\/v2\/tags?post=190130"}],"curies":[{"name":"wp","href":"https:\/\/api.w.org\/{rel}","templated":true}]}}