{"id":190023,"date":"2021-07-23T07:19:10","date_gmt":"2021-07-23T10:19:10","guid":{"rendered":"https:\/\/franciscanos.org.br\/vidacrista\/?p=190023"},"modified":"2021-07-23T07:19:10","modified_gmt":"2021-07-23T10:19:10","slug":"o-pior-esta-ainda-por-chegar","status":"publish","type":"post","link":"https:\/\/franciscanos.org.br\/vidacrista\/o-pior-esta-ainda-por-chegar\/","title":{"rendered":"O pior est\u00e1 ainda por chegar"},"content":{"rendered":"<div id=\"attachment_190025\" style=\"width: 850px\" class=\"wp-caption alignnone\"><img aria-describedby=\"caption-attachment-190025\" decoding=\"async\" loading=\"lazy\" class=\"wp-image-190025 size-full\" src=\"https:\/\/franciscanos.org.br\/vidacrista\/wp-content\/uploads\/2021\/07\/aquecimento_23.png\" alt=\"\" width=\"840\" height=\"450\" srcset=\"https:\/\/franciscanos.org.br\/vidacrista\/wp-content\/uploads\/2021\/07\/aquecimento_23.png 840w, https:\/\/franciscanos.org.br\/vidacrista\/wp-content\/uploads\/2021\/07\/aquecimento_23-450x241.png 450w, https:\/\/franciscanos.org.br\/vidacrista\/wp-content\/uploads\/2021\/07\/aquecimento_23-768x411.png 768w, https:\/\/franciscanos.org.br\/vidacrista\/wp-content\/uploads\/2021\/07\/aquecimento_23-150x80.png 150w\" sizes=\"(max-width: 840px) 100vw, 840px\" \/><p id=\"caption-attachment-190025\" class=\"wp-caption-text\">\u00a0 \u00a0 \u00a0 \u00a0 \u00a0 \u00a0 \u00a0 \u00a0 \u00a0 \u00a0 \u00a0 \u00a0 \u00a0 \u00a0 \u00a0 \u00a0 \u00a0 \u00a0 \u00a0 \u00a0 \u00a0 \u00a0 \u00a0 \u00a0 \u00a0 \u00a0 \u00a0 \u00a0 \u00a0 \u00a0 \u00a0 \u00a0 \u00a0 \u00a0 \u00a0 \u00a0<em> \u00a0 \u00a0 \u00a0Imagem ilustrativa: Canva (<a href=\"https:\/\/www.canva.com\/pt_br\/modelos\/\">www.canva.com\/pt_br\/modelos<\/a>)<\/em><\/p><\/div>\n<p><strong>Leonardo Boff<\/strong><\/p>\n<p>As grandes enchentes ocorridas na Alemanha e na B\u00e9lgica em julho, m\u00eas do ver\u00e3o europeu, causando centenas de v\u00edtimas, associadas a um aquecimento abrupto que chegou em alguns lugares a mais de 50 graus, nos obriga a pensar e a tomar decis\u00f5es em vista do equil\u00edbrio da Terra. Alguns analistas chegaram a dizer: a Terra n\u00e3o se aqueceu; ela se tornou, em alguns lugares, uma fornalha.<\/p>\n<p>Isso significa que dezenas de organismos vivos n\u00e3o conseguem se adaptar e acabam morrendo. Atualmente, com o atual aquecimento que no \u00faltimo s\u00e9culo cresceu em mais de um grau Celsius, e se chegar, como previsto, a dois graus cerca de um milh\u00e3o de esp\u00e9cies vivas estar\u00e3o \u00e0 borda de seu desaparecimento depois de milh\u00f5es de anos vivendo neste planeta.<\/p>\n<p>Entendemos a resigna\u00e7\u00e3o e o ceticismo de muitos meteor\u00f3logos e cosm\u00f3logos que afirmam termos chegado tarde demais no combate ao aquecimento global. N\u00e3o estamos indo ao encontro dele. Estamos gravemente dentro dele. Argumentam, desolados, temos pouco que fazer, pois o di\u00f3xido de carbono j\u00e1 est\u00e1 excessivamente acumulado, pois, permanece na atmosfera entre 100 a 120 anos, agravado pelo metano, 20 vezes mais t\u00f3xico, embora fique por pouco tempo no ar. Por surpresa geral, ele irrompeu, devido ao degelo das calotas polares e do<em> parmafrost<\/em> que vai do Canad\u00e1 e atravessa toda a Sib\u00e9ria. E fez crescer o aquecimento global.<\/p>\n<p>A intrus\u00e3o da Covid-19, por ser planet\u00e1ria, nos obriga a pensar e a agir de modo diferente. \u00c9 not\u00f3rio que a pandemia \u00e9 consequ\u00eancia do antropoceno, quer dizer, do excessivo avan\u00e7o agressivo do sistema imperante, baseado no lucro ilimitado. Ele ultrapassou os limites suport\u00e1veis pela Terra. Pelo desmatamento \u00e0 la Ricardo Salles\/Bolsonaro, pelo cultivo de monoculturas e pela geral polui\u00e7\u00e3o do meio ambiente, chegou-se a destruir o habitat dos v\u00edrus. Sem saber para onde ir, saltaram para outros animais, imunes dos v\u00edrus e deles passaram a n\u00f3s que n\u00e3o possu\u00edmos esta imunidade.<\/p>\n<p>Vale pensar o que significa o fato de que o inteiro planeta foi afetado, por um lado igualando a todos, e por outro aumentando as desigualdades porque a grande maioria n\u00e3o consegue viver o isolamento social, evitar as conglomera\u00e7\u00f5es, especialmente, no transporte coletivo e nas lojas. N\u00e3o afetou os demais seres vivos, nossos animais dom\u00e9sticos.<\/p>\n<p>Devemos reconhecer: os visados fomos n\u00f3s humanos. A M\u00e3e Terra, desde os anos 70 do s\u00e9culo passado, reconhecida como um organismo vivo, Gaia, e pela ONU (no dia 22 de abril de 2009) aprovada verdadeiramente como M\u00e3e-Terra, nos enviou um sinal e uma advert\u00eancia: \u201cParem de agredir todos os ecossistemas que me comp\u00f5em; j\u00e1 n\u00e3o me concedem o tempo suficiente para repor o que me tiram durante um ano e de me regenerar\u201d.<\/p>\n<p>Como o paradigma vigente considera a Terra ainda como um mero meio de produ\u00e7\u00e3o, num sentido utilitarista, n\u00e3o est\u00e3o prestando aten\u00e7\u00e3o a suas advert\u00eancias. Ela, como superorgnismo vivo, nos d\u00e1 sinais inequ\u00edvocos, como agora, com as grandes enchentes na Europa, o excessivo frio no hemisf\u00e9rio sul e a gama de v\u00edrus j\u00e1 enviados (zica, ebola, chikungunya e outros).<\/p>\n<p>Como somos cabe\u00e7as duras e gozamos de uma clamorosa aus\u00eancia de consci\u00eancia ecol\u00f3gica, podemos ir ao encontro de um caminho sem retorno.<\/p>\n<p>Curiosamente, como j\u00e1 foi comentado por outros, \u201cos profetas do neoliberalismo est\u00e3o se transformando em promotores da economia social porque concebem, diante da cat\u00e1strofe atual, que j\u00e1 n\u00e3o ser\u00e1 poss\u00edvel fazer o mesmo que antes e que ser\u00e1 necess\u00e1rio voltar aos imperativos sociais\u201d. O pior que nos poderia acontecer \u00e9 voltar ao antes, cheio de contradi\u00e7\u00f5es perversas, inimigo da vida da natureza e indiferente ao destino das grandes maioria pobres e se armando at\u00e9 os dentes com armas de destrui\u00e7\u00e3o em massa, absolutamente in\u00fateis face aos v\u00edrus.<\/p>\n<p>Temos que for\u00e7osamente mudar, superar os velhos soberanismos que tornava os outros pa\u00edses at\u00e9 hostis ou submetidos \u00e0 feroz competi\u00e7\u00e3o. O v\u00edrus mostrou que n\u00e3o contam para nada os limites das na\u00e7\u00f5es. O que, realmente, conta \u00e9 a solidariedade entre todos e o cuidado de uns com os outros e para com a natureza, para que, preservada, n\u00e3o nos envie v\u00edrus ainda piores. Agora \u00e9 da nova era da Casa Comum dentro da qual est\u00e3o as na\u00e7\u00f5es.<\/p>\n<p>David Quamen, o grande especialista em v\u00edrus, deixou esta advert\u00eancia: ou mudamos nossa rela\u00e7\u00e3o para com a natureza sendo respeitosos, sinerg\u00e9ticos e cuidadosos, caso contr\u00e1rio ela nos enviar\u00e1 outros v\u00edrus, quem sabe um t\u00e3o letal que nossas vacinas n\u00e3o poder\u00e3o atac\u00e1-los e levar\u00e3o grande parte da humanidade.<\/p>\n<p>Ao n\u00e3o determos o aquecimento global e ao n\u00e3o mudarmos de paradigma para com a natureza, conheceremos dias piores. Se n\u00e3o podemos mais deter o aumento do aquecimento global, com a ci\u00eancia e a t\u00e9cnica que possu\u00edmos, podemos pelo menos mitigar seus efeitos delet\u00e9rios e salvar o m\u00e1ximo da imensa biodiversidade do planeta.<\/p>\n<p>Como nunca antes na hist\u00f3ria, o destino comum est\u00e1 em nossas m\u00e3os: devemos escolher entre seguir a mesma rota que nos leva a um abismo ou mudar for\u00e7osamente e garantir um futuro para todos, mais frugal, mais solid\u00e1rio e mais cuidadoso para com a natureza e a Casa Comum.<\/p>\n<p>J\u00e1 h\u00e1 30 anos repito esta li\u00e7\u00e3o e sinto-me um profeta no deserto. Mas cumpro o meu dever que \u00e9 de todos os que despertaram um dia. Devemos falar e agora j\u00e1 gritar.<\/p>\n<hr \/>\n<p><strong>Leonardo Boff,<\/strong> <em>ecofil\u00f3sofo e escreveu &#8220;Habitar a Terra: a via para a fraternidade universal&#8221;, a sair pela Vozes dentro de pouco; &#8220;Covid-19, a M\u00e3e Terra contra-ataque a Humanidade&#8221;, Vozes 2020.<\/em><\/p>\n","protected":false},"excerpt":{"rendered":"<p>Artigo de Leonardo Boff<\/p>\n","protected":false},"author":3,"featured_media":190024,"comment_status":"open","ping_status":"open","sticky":false,"template":"","format":"standard","meta":{"footnotes":""},"categories":[26],"tags":[59],"yoast_head":"<!-- This site is optimized with the Yoast SEO plugin v19.4 - https:\/\/yoast.com\/wordpress\/plugins\/seo\/ -->\n<title>O pior est\u00e1 ainda por chegar - Vida Crist\u00e3 - Franciscanos<\/title>\n<meta name=\"robots\" content=\"index, follow, max-snippet:-1, max-image-preview:large, max-video-preview:-1\" \/>\n<link rel=\"canonical\" href=\"https:\/\/franciscanos.org.br\/vidacrista\/o-pior-esta-ainda-por-chegar\/\" \/>\n<meta property=\"og:locale\" content=\"pt_BR\" \/>\n<meta property=\"og:type\" content=\"article\" \/>\n<meta property=\"og:title\" content=\"O pior est\u00e1 ainda por chegar - Vida Crist\u00e3 - Franciscanos\" \/>\n<meta property=\"og:description\" content=\"Artigo de Leonardo Boff\" \/>\n<meta property=\"og:url\" content=\"https:\/\/franciscanos.org.br\/vidacrista\/o-pior-esta-ainda-por-chegar\/\" \/>\n<meta property=\"og:site_name\" content=\"Vida Crist\u00e3 - Franciscanos\" \/>\n<meta property=\"article:published_time\" content=\"2021-07-23T10:19:10+00:00\" \/>\n<meta property=\"og:image\" content=\"https:\/\/franciscanos.org.br\/vidacrista\/wp-content\/uploads\/2021\/07\/aquecimento_23d.png\" \/>\n\t<meta property=\"og:image:width\" content=\"800\" \/>\n\t<meta property=\"og:image:height\" content=\"550\" \/>\n\t<meta property=\"og:image:type\" content=\"image\/png\" \/>\n<meta name=\"author\" content=\"moacir\" \/>\n<meta name=\"twitter:card\" content=\"summary_large_image\" \/>\n<meta name=\"twitter:label1\" content=\"Escrito por\" \/>\n\t<meta name=\"twitter:data1\" content=\"moacir\" \/>\n\t<meta name=\"twitter:label2\" content=\"Est. tempo de leitura\" \/>\n\t<meta name=\"twitter:data2\" content=\"5 minutos\" \/>\n<script type=\"application\/ld+json\" class=\"yoast-schema-graph\">{\"@context\":\"https:\/\/schema.org\",\"@graph\":[{\"@type\":\"WebSite\",\"@id\":\"https:\/\/franciscanos.org.br\/vidacrista\/#website\",\"url\":\"https:\/\/franciscanos.org.br\/vidacrista\/\",\"name\":\"Vida Crist\u00e3 - Franciscanos\",\"description\":\"Prov\u00edncia Franciscana da Imaculada Concei\u00e7\u00e3o do Brasil - Ordem dos Frades Menores\",\"potentialAction\":[{\"@type\":\"SearchAction\",\"target\":{\"@type\":\"EntryPoint\",\"urlTemplate\":\"https:\/\/franciscanos.org.br\/vidacrista\/?s={search_term_string}\"},\"query-input\":\"required name=search_term_string\"}],\"inLanguage\":\"pt-BR\"},{\"@type\":\"WebPage\",\"@id\":\"https:\/\/franciscanos.org.br\/vidacrista\/o-pior-esta-ainda-por-chegar\/\",\"url\":\"https:\/\/franciscanos.org.br\/vidacrista\/o-pior-esta-ainda-por-chegar\/\",\"name\":\"O pior est\u00e1 ainda por chegar - Vida Crist\u00e3 - Franciscanos\",\"isPartOf\":{\"@id\":\"https:\/\/franciscanos.org.br\/vidacrista\/#website\"},\"datePublished\":\"2021-07-23T10:19:10+00:00\",\"dateModified\":\"2021-07-23T10:19:10+00:00\",\"author\":{\"@id\":\"https:\/\/franciscanos.org.br\/vidacrista\/#\/schema\/person\/1880bdd2c350b735648725ef7614736a\"},\"breadcrumb\":{\"@id\":\"https:\/\/franciscanos.org.br\/vidacrista\/o-pior-esta-ainda-por-chegar\/#breadcrumb\"},\"inLanguage\":\"pt-BR\",\"potentialAction\":[{\"@type\":\"ReadAction\",\"target\":[\"https:\/\/franciscanos.org.br\/vidacrista\/o-pior-esta-ainda-por-chegar\/\"]}]},{\"@type\":\"BreadcrumbList\",\"@id\":\"https:\/\/franciscanos.org.br\/vidacrista\/o-pior-esta-ainda-por-chegar\/#breadcrumb\",\"itemListElement\":[{\"@type\":\"ListItem\",\"position\":1,\"name\":\"Home\",\"item\":\"https:\/\/franciscanos.org.br\/vidacrista\/\"},{\"@type\":\"ListItem\",\"position\":2,\"name\":\"O pior est\u00e1 ainda por chegar\"}]},{\"@type\":\"Person\",\"@id\":\"https:\/\/franciscanos.org.br\/vidacrista\/#\/schema\/person\/1880bdd2c350b735648725ef7614736a\",\"name\":\"moacir\",\"image\":{\"@type\":\"ImageObject\",\"inLanguage\":\"pt-BR\",\"@id\":\"https:\/\/franciscanos.org.br\/vidacrista\/#\/schema\/person\/image\/\",\"url\":\"https:\/\/secure.gravatar.com\/avatar\/d08aa2ce4c8dd416d4479aa8536fcf64?s=96&d=mm&r=g\",\"contentUrl\":\"https:\/\/secure.gravatar.com\/avatar\/d08aa2ce4c8dd416d4479aa8536fcf64?s=96&d=mm&r=g\",\"caption\":\"moacir\"},\"url\":\"https:\/\/franciscanos.org.br\/vidacrista\/author\/moacir\/\"}]}<\/script>\n<!-- \/ Yoast SEO plugin. -->","yoast_head_json":{"title":"O pior est\u00e1 ainda por chegar - Vida Crist\u00e3 - Franciscanos","robots":{"index":"index","follow":"follow","max-snippet":"max-snippet:-1","max-image-preview":"max-image-preview:large","max-video-preview":"max-video-preview:-1"},"canonical":"https:\/\/franciscanos.org.br\/vidacrista\/o-pior-esta-ainda-por-chegar\/","og_locale":"pt_BR","og_type":"article","og_title":"O pior est\u00e1 ainda por chegar - Vida Crist\u00e3 - Franciscanos","og_description":"Artigo de Leonardo Boff","og_url":"https:\/\/franciscanos.org.br\/vidacrista\/o-pior-esta-ainda-por-chegar\/","og_site_name":"Vida Crist\u00e3 - Franciscanos","article_published_time":"2021-07-23T10:19:10+00:00","og_image":[{"width":800,"height":550,"url":"https:\/\/franciscanos.org.br\/vidacrista\/wp-content\/uploads\/2021\/07\/aquecimento_23d.png","type":"image\/png"}],"author":"moacir","twitter_card":"summary_large_image","twitter_misc":{"Escrito por":"moacir","Est. tempo de leitura":"5 minutos"},"schema":{"@context":"https:\/\/schema.org","@graph":[{"@type":"WebSite","@id":"https:\/\/franciscanos.org.br\/vidacrista\/#website","url":"https:\/\/franciscanos.org.br\/vidacrista\/","name":"Vida Crist\u00e3 - Franciscanos","description":"Prov\u00edncia Franciscana da Imaculada Concei\u00e7\u00e3o do Brasil - Ordem dos Frades Menores","potentialAction":[{"@type":"SearchAction","target":{"@type":"EntryPoint","urlTemplate":"https:\/\/franciscanos.org.br\/vidacrista\/?s={search_term_string}"},"query-input":"required name=search_term_string"}],"inLanguage":"pt-BR"},{"@type":"WebPage","@id":"https:\/\/franciscanos.org.br\/vidacrista\/o-pior-esta-ainda-por-chegar\/","url":"https:\/\/franciscanos.org.br\/vidacrista\/o-pior-esta-ainda-por-chegar\/","name":"O pior est\u00e1 ainda por chegar - Vida Crist\u00e3 - Franciscanos","isPartOf":{"@id":"https:\/\/franciscanos.org.br\/vidacrista\/#website"},"datePublished":"2021-07-23T10:19:10+00:00","dateModified":"2021-07-23T10:19:10+00:00","author":{"@id":"https:\/\/franciscanos.org.br\/vidacrista\/#\/schema\/person\/1880bdd2c350b735648725ef7614736a"},"breadcrumb":{"@id":"https:\/\/franciscanos.org.br\/vidacrista\/o-pior-esta-ainda-por-chegar\/#breadcrumb"},"inLanguage":"pt-BR","potentialAction":[{"@type":"ReadAction","target":["https:\/\/franciscanos.org.br\/vidacrista\/o-pior-esta-ainda-por-chegar\/"]}]},{"@type":"BreadcrumbList","@id":"https:\/\/franciscanos.org.br\/vidacrista\/o-pior-esta-ainda-por-chegar\/#breadcrumb","itemListElement":[{"@type":"ListItem","position":1,"name":"Home","item":"https:\/\/franciscanos.org.br\/vidacrista\/"},{"@type":"ListItem","position":2,"name":"O pior est\u00e1 ainda por chegar"}]},{"@type":"Person","@id":"https:\/\/franciscanos.org.br\/vidacrista\/#\/schema\/person\/1880bdd2c350b735648725ef7614736a","name":"moacir","image":{"@type":"ImageObject","inLanguage":"pt-BR","@id":"https:\/\/franciscanos.org.br\/vidacrista\/#\/schema\/person\/image\/","url":"https:\/\/secure.gravatar.com\/avatar\/d08aa2ce4c8dd416d4479aa8536fcf64?s=96&d=mm&r=g","contentUrl":"https:\/\/secure.gravatar.com\/avatar\/d08aa2ce4c8dd416d4479aa8536fcf64?s=96&d=mm&r=g","caption":"moacir"},"url":"https:\/\/franciscanos.org.br\/vidacrista\/author\/moacir\/"}]}},"_links":{"self":[{"href":"https:\/\/franciscanos.org.br\/vidacrista\/wp-json\/wp\/v2\/posts\/190023"}],"collection":[{"href":"https:\/\/franciscanos.org.br\/vidacrista\/wp-json\/wp\/v2\/posts"}],"about":[{"href":"https:\/\/franciscanos.org.br\/vidacrista\/wp-json\/wp\/v2\/types\/post"}],"author":[{"embeddable":true,"href":"https:\/\/franciscanos.org.br\/vidacrista\/wp-json\/wp\/v2\/users\/3"}],"replies":[{"embeddable":true,"href":"https:\/\/franciscanos.org.br\/vidacrista\/wp-json\/wp\/v2\/comments?post=190023"}],"version-history":[{"count":1,"href":"https:\/\/franciscanos.org.br\/vidacrista\/wp-json\/wp\/v2\/posts\/190023\/revisions"}],"predecessor-version":[{"id":190026,"href":"https:\/\/franciscanos.org.br\/vidacrista\/wp-json\/wp\/v2\/posts\/190023\/revisions\/190026"}],"wp:featuredmedia":[{"embeddable":true,"href":"https:\/\/franciscanos.org.br\/vidacrista\/wp-json\/wp\/v2\/media\/190024"}],"wp:attachment":[{"href":"https:\/\/franciscanos.org.br\/vidacrista\/wp-json\/wp\/v2\/media?parent=190023"}],"wp:term":[{"taxonomy":"category","embeddable":true,"href":"https:\/\/franciscanos.org.br\/vidacrista\/wp-json\/wp\/v2\/categories?post=190023"},{"taxonomy":"post_tag","embeddable":true,"href":"https:\/\/franciscanos.org.br\/vidacrista\/wp-json\/wp\/v2\/tags?post=190023"}],"curies":[{"name":"wp","href":"https:\/\/api.w.org\/{rel}","templated":true}]}}