{"id":190013,"date":"2021-07-21T16:41:05","date_gmt":"2021-07-21T19:41:05","guid":{"rendered":"https:\/\/franciscanos.org.br\/vidacrista\/?p=190013"},"modified":"2021-07-22T06:24:00","modified_gmt":"2021-07-22T09:24:00","slug":"evangelho-de-maria-madalena-passo-a-posso","status":"publish","type":"post","link":"https:\/\/franciscanos.org.br\/vidacrista\/evangelho-de-maria-madalena-passo-a-posso\/","title":{"rendered":"Evangelho de Maria Madalena passo a posso"},"content":{"rendered":"<div id=\"attachment_190014\" style=\"width: 850px\" class=\"wp-caption alignnone\"><img aria-describedby=\"caption-attachment-190014\" decoding=\"async\" loading=\"lazy\" class=\"wp-image-190014 size-full\" src=\"https:\/\/franciscanos.org.br\/vidacrista\/wp-content\/uploads\/2021\/07\/madalena_21.jpg\" alt=\"\" width=\"840\" height=\"450\" srcset=\"https:\/\/franciscanos.org.br\/vidacrista\/wp-content\/uploads\/2021\/07\/madalena_21.jpg 840w, https:\/\/franciscanos.org.br\/vidacrista\/wp-content\/uploads\/2021\/07\/madalena_21-450x241.jpg 450w, https:\/\/franciscanos.org.br\/vidacrista\/wp-content\/uploads\/2021\/07\/madalena_21-768x411.jpg 768w, https:\/\/franciscanos.org.br\/vidacrista\/wp-content\/uploads\/2021\/07\/madalena_21-150x80.jpg 150w\" sizes=\"(max-width: 840px) 100vw, 840px\" \/><p id=\"caption-attachment-190014\" class=\"wp-caption-text\"><em>\u00a0Imagem: Pintura na Bas\u00edlica de San Nicola de Tolentino, Italy (Wikipedia)<\/em><\/p><\/div>\n<h3><strong>MM 7, 1-10: a mat\u00e9ria e suas origens espirituais<\/strong><\/h3>\n<p><em><sup>\u00a0<\/sup><\/em><em>Frei Jacir de Freitas Faria, OFM<\/em><a href=\"#_ftn1\" name=\"_ftnref1\">[1]<\/a><\/p>\n<p>O evangelho de Maria Madalena, a mulher que n\u00e3o foi prostituta, mas ap\u00f3stola da primeira hora do cristianismo, \u00e9, com grande probabilidade, um texto fundador do cristianismo.<a href=\"#_ftn2\" name=\"_ftnref2\">[2]<\/a><\/p>\n<p>Ele foi encontrado em dois papiros escritos em grego, datados nos s\u00e9culos II e III, e outro traduzido do grego do ano 150 E.C para o dialeto copta sa\u00eddico, no s\u00e9c.V. Esse papiro foi descoberto no Alto Egito, em 1945, na biblioteca de Nag-Hammadi. Ele est\u00e1 organizado em forma de p\u00e1ginas, faltando as de n\u00fameros 1 a 6 e 11 a 14.<\/p>\n<p>O objetivo principal do evangelho de Maria Madalena \u00e9 o de reagir contra a institucionaliza\u00e7\u00e3o do cristianismo na linha hier\u00e1rquica e masculina. Jesus esteve sempre pr\u00f3ximo das mulheres, dos pecadores e enfermos, conforme atestam os evangelhos can\u00f4nicos, os quais, por outro lado, minimizaram a lideran\u00e7a de mulheres ap\u00f3stolas, como Maria Madalena.<\/p>\n<p>As discuss\u00f5es teol\u00f3gicas entre Maria Madalena, Pedro, Levi e Andr\u00e9 sobre a pessoa de Jesus e as revela\u00e7\u00f5es que Ele fez a Maria Madalena, narradas no evangelho de Maia Madalena, s\u00e3o de fundamental import\u00e2ncia para compreender as disputas entre as lideran\u00e7as crist\u00e3s sobre o papel das mulheres no cristianismo no fim do s\u00e9culo primeiro e durante o segundo.<\/p>\n<p>Vamos ler e interpretar o Evangelho de Maria Madalena tendo em vista o di\u00e1logo com esses textos primitivos com objetivo de beber dessa fonte de espiritualidade a partir da leitura de g\u00eanero, isto \u00e9, a rela\u00e7\u00e3o de poder entre o homem e a mulher.<\/p>\n<p>O evangelho gn\u00f3stico de Maria Madalena come\u00e7a com as seguintes palavras: <a href=\"#_ftn3\" name=\"_ftnref3\">[3]<\/a><\/p>\n<p><em><sup>1(&#8230;) <\/sup>\u201cO que \u00e9 a mat\u00e9ria?<\/em> <em><sup>2<\/sup>Ela durar\u00e1 sempre?\u201d <sup>3<\/sup>O Mestre respondeu: <sup>4<\/sup>\u201cTudo o que nasceu, tudo o que foi criado <sup>5<\/sup>todos os elementos da natureza <sup>6<\/sup>est\u00e3o estreitamente ligados e unidos entre si. <sup>7<\/sup>Tudo o que \u00e9 composto se decompor\u00e1; <sup>8<\/sup>Tudo retornar\u00e1 \u00e0s suas ra\u00edzes: <sup>9<\/sup>A mat\u00e9ria retornar\u00e1 \u00e0s origens da mat\u00e9ria. <sup>10<\/sup>Que aquele que tem ouvidos para ouvir, ou\u00e7a\u201d.<\/em><\/p>\n<p>Assim como nessa passagem, em todo o evangelho, Maria Madalena repassa os ensinamentos do Mestre Jesus para os ap\u00f3stolos.<\/p>\n<p><iframe loading=\"lazy\" title=\"Evangelho de Maria Madalena 7,1-10 comentado por Frei Jacir - As origens da mat\u00e9ria - Aula 1\" width=\"500\" height=\"281\" src=\"https:\/\/www.youtube.com\/embed\/cOm-OHZpln0?feature=oembed\" frameborder=\"0\" allow=\"accelerometer; autoplay; clipboard-write; encrypted-media; gyroscope; picture-in-picture\" allowfullscreen><\/iframe><\/p>\n<p>O coment\u00e1rio completo dessa passagem encontra-se em nossa p\u00e1gina: <a href=\"http:\/\/www.bibliaeapocrifos.com\">www.bibliaeapocrifos.com<\/a>.<\/p>\n<p><strong><em>\u201cO que \u00e9 a mat\u00e9ria?<\/em> <em><sup>2<\/sup>Ela durar\u00e1 sempre?\u201d<\/em><\/strong> O texto come\u00e7a com perguntas. Perguntar \u00e9 j\u00e1 a arte de aprender. Quem pergunta j\u00e1 sabe a resposta, diz a sabedoria popular. Perguntar pela durabilidade da mat\u00e9ria \u00e9 afirmar que ela n\u00e3o \u00e9 eterna. Tudo passa, tudo passar\u00e1. \u201cN\u00e3o existe nada de novo debaixo do c\u00e9u\u201d, escreveu o autor de Eclesiastes (1,9).<\/p>\n<p><strong>O <em>mestre <\/em>respondeu<\/strong>. O mestre \u00e9 aquele que pergunta e responde, mas que tamb\u00e9m deixa o aprendiz encontrar a sua resposta. No juda\u00edsmo temos o pai espiritual e o carnal. Mais vale o pai espiritual, pois esse conduz o disc\u00edpulo para a vida em Deus. Ele \u00e9 o mestre. Jesus aqui \u00e9 chamado de mestre. Segundo o testemunho da comunidade joanina (Jo 20,16), Maria Madalena chamou Jesus de <em>Rabbuni, <\/em>que em hebraico quer dizer: <em>meu Mestre<\/em>. E poder\u00edamos acrescentar: <em>amado<\/em>, pois Rabbuni era o modo como a mulher chamava o seu marido. Assim, chamar algu\u00e9m de meu mestre era j\u00e1 afirmar um carinho especial por algu\u00e9m. No mundo antigo temos escolas em torno a um mestre, os quais, no juda\u00edsmo, eram chamados de Rabino. Jesus foi um rabino e ensinava como um deles. Muitos de seus ensinamentos s\u00e3o tamb\u00e9m encontrados em textos dos mestres do juda\u00edsmo, como, por exemplo, Hillel, o qual, possivelmente, Jesus ter\u00e1 conhecido pessoalmente. O mestre, no texto de MM, \u00e9 aquele que nos tira da ignor\u00e2ncia, reconduzindo-nos ao caminho do Sagrado.<\/p>\n<p><strong><em>Tudo o que nasceu&#8230;<\/em><\/strong><em> <strong>ligados entre si<\/strong><\/em>. O mestre ensina que na natureza tudo est\u00e1 ligado entre si. Nada vive separado. Todos dependemos de todos. Em nossos dias assistimos a uma degrada\u00e7\u00e3o r\u00e1pida da natureza. O Papa Francisco alerta-nos que somos todos irm\u00e3os, integrando ser humano e cosmos. Ser humano e natureza salvam-se juntos. Urge \u201creumanizar o humano e reabitar a terra. Isso s\u00f3 ser\u00e1 poss\u00edvel quando homens, animais e natureza conseguirem viver em harmonia\u201d.<a href=\"#_ftn4\" name=\"_ftnref4\">[4]<\/a> Retornar \u00e0 origem \u00e9 voltar para Deus, nossa origem integradora.<\/p>\n<p><strong><em>Tudo o que \u00e9 composto se decompor\u00e1<\/em><\/strong><em>. <\/em>Nada \u00e9 eterno. Somente Deus permanecer\u00e1 para sempre. Nada que \u00e9 composto, mat\u00e9ria, \u00e9 absoluto. Falando a partir da condi\u00e7\u00e3o humana, no absolutismo reside a origem de muitos dos nossos sofrimentos. Achamos que as pessoas e seus modos de proceder e pensar s\u00e3o absolutos. Uma opini\u00e3o ser\u00e1 sempre uma opini\u00e3o, mesmo que ela passe a ser uma decis\u00e3o. Pode demorar dias e at\u00e9 anos para a conclus\u00e3o chegar e outra opini\u00e3o ser\u00e1 formada: N\u00e3o \u00e9 que eu estava equivocado? N\u00e3o \u00e9 que eu estava certo? O mestre, em MM, ensina-nos a n\u00e3o absolutizar o relativo e n\u00e3o relativizar o absoluto. Libertar-se desse modo de agir confere-nos a liberdade do ser.<\/p>\n<p><strong><em>Tudo retornar\u00e1 a suas ra\u00edzes:<\/em><\/strong><em> a mat\u00e9ria retornar\u00e1 \u00e0s origens da mat\u00e9ria. <\/em>Voltar \u00e0s ra\u00edzes significa voltar ao princ\u00edpio de cada ser, na sua dignidade de filho e filha de Deus. Jesus \u00e9 raiz no evangelho de MM. Ele tudo integra. Ele, o ressuscitado, \u00e9 o princ\u00edpio e o fim de tudo e de todos. Viver nele \u00e9 o mesmo que encontrar a dignidade perdida.<\/p>\n<p><strong><em>Que aquele que tem ouvido para ouvir, ou\u00e7a.<\/em><\/strong> A fala do Mestre, como nos evangelhos sin\u00f3ticos, \u00e9 enigm\u00e1tica. Quem tem ouvidos para ouvir ou\u00e7a. E quem tem ouvido, mas n\u00e3o sabe ouvir, que aprenda. Ouvir n\u00e3o \u00e9 f\u00e1cil. Tem gente que pensa que ouve, mas n\u00e3o ouve. Ouvir exige uma disposi\u00e7\u00e3o para tal. A diferen\u00e7a dos judeus crist\u00e3os que tamb\u00e9m precisaram ver o Jesus ressuscitado e seus milagres, Israel se pautou pelo ouvir. Qual israelita n\u00e3o conhece o <em>Shem\u00e1 Israel<\/em> (Ouve, \u00f3 Israel)? Shem\u00e1 significa ouvir e ouvir \u00e9 o mesmo que interpretar a Tor\u00e1 oral e escrita. <a href=\"#_ftn5\" name=\"_ftnref5\">[5]<\/a> A <em>Tor\u00e1<\/em> sem ser comentada \u00e9 morta. \u00c9 um texto de vida. O segredo, ao comentar a <em>Tor\u00e1 escrita,<\/em> est\u00e1 em lig\u00e1-lo com a <em>Tor\u00e1<\/em> oral. As homilias, prega\u00e7\u00f5es ou serm\u00f5es em nossas Igrejas deveriam seguir esse princ\u00edpio judaico de interpreta\u00e7\u00e3o. Portanto, a homilia bem-feita \u00e9 a que est\u00e1 em sintonia com a vida. Os judeus chamam homilia de <em>Midraxe. <\/em>O m\u00e9todo usado por Jesus para falar da presen\u00e7a de Deus foi esse. Ele sempre falava a partir da vida em forma de par\u00e1bolas, compara\u00e7\u00f5es com as situa\u00e7\u00f5es do cotidiano da vida.<\/p>\n<p>O ouvir nessa passagem do evangelho de Maria Madalena consiste em entender que tudo retornar\u00e1 \u00e0s suas origens. Na continuidade do evangelho, isso ficar\u00e1 mais evidente.<\/p>\n<hr \/>\n<p><a href=\"#_ftnref1\" name=\"_ftn1\">[1]<\/a> Doutor em Teologia B\u00edblica pela FAJE-BH. Mestre em Ci\u00eancias B\u00edblicas (Exegese) pelo Pontif\u00edcio Instituto B\u00edblico de Roma. Professor de exegese b\u00edblica. Membro da Associa\u00e7\u00e3o Brasileira de Pesquisa B\u00edblica (ABIB). Sacerdote Franciscano. Autor de dez livros e coautor de quinze. \u00daltimo livro: <strong>O Medo do Inferno e a arte de bem morrer<\/strong>: da devo\u00e7\u00e3o ap\u00f3crifa \u00e0 Dormi\u00e7\u00e3o de Maria \u00e0s irmandades de Nossa Senhora da Boa Morte (Vozes, 2019). Canal no You Tube: Frei Jacir B\u00edblia e Ap\u00f3crifos ou <a href=\"https:\/\/www.youtube.com\/c\/FreiJacirdeFreitasFariaB%C3%ADbliaAp%C3%B3crifos\">https:\/\/www.youtube.com\/c\/FreiJacirdeFreitasFariaB%C3%ADbliaAp%C3%B3crifos<\/a><\/p>\n<p><a href=\"#_ftnref2\" name=\"_ftn2\">[2]<\/a> LELOUP, Jean-Yves. <strong>O Evangelho de Maria<\/strong>: Miriam de M\u00e1gdala<em>, <\/em>Petr\u00f3polis: Vozes, 1998 p. 9.<\/p>\n<p><a href=\"#_ftnref3\" name=\"_ftn3\">[3]<\/a> FARIA, Jacir de Freitas. <strong>As origens ap\u00f3crifas do cristianismo<\/strong>: coment\u00e1rio aos evangelhos de Maria Madalena e Tom\u00e9. 3 ed. S\u00e3o Paulo: Paulinas, 2004, p. 47.<\/p>\n<p><a href=\"#_ftnref4\" name=\"_ftn4\">[4]<\/a> FARIA, Jacir de Freitas. O mito do dil\u00favio contado pelos Maxakalis, israelitas e babil\u00f4nios &#8211; No conto um projeto que salva a terra, \u00e1gua, animais e seres humanos. Petr\u00f3polis, <strong>Estudos B\u00edblicos<\/strong> n. 68, 2000, p. 41.<\/p>\n<p><a href=\"#_ftnref5\" name=\"_ftn5\">[5]<\/a> FARIA, Jacir de Freitas. A releitura do Shem\u00e1 nos Evangelhos e Atos dos Ap\u00f3stolos. Petr\u00f3polis, <strong>RIBLA<\/strong><em>, <\/em>n. 40, 2001.<\/p>\n","protected":false},"excerpt":{"rendered":"<p>Artigo de Frei Jacir de Freitas Faria<\/p>\n","protected":false},"author":3,"featured_media":190015,"comment_status":"open","ping_status":"open","sticky":false,"template":"","format":"standard","meta":{"footnotes":""},"categories":[26],"tags":[43],"yoast_head":"<!-- This site is optimized with the Yoast SEO plugin v19.4 - https:\/\/yoast.com\/wordpress\/plugins\/seo\/ -->\n<title>Evangelho de Maria Madalena passo a posso - Vida Crist\u00e3 - Franciscanos<\/title>\n<meta name=\"robots\" content=\"index, follow, max-snippet:-1, max-image-preview:large, max-video-preview:-1\" \/>\n<link rel=\"canonical\" href=\"https:\/\/franciscanos.org.br\/vidacrista\/evangelho-de-maria-madalena-passo-a-posso\/\" \/>\n<meta property=\"og:locale\" content=\"pt_BR\" \/>\n<meta property=\"og:type\" content=\"article\" \/>\n<meta property=\"og:title\" content=\"Evangelho de Maria Madalena passo a posso - Vida Crist\u00e3 - Franciscanos\" \/>\n<meta property=\"og:description\" content=\"Artigo de Frei Jacir de Freitas Faria\" \/>\n<meta property=\"og:url\" content=\"https:\/\/franciscanos.org.br\/vidacrista\/evangelho-de-maria-madalena-passo-a-posso\/\" \/>\n<meta property=\"og:site_name\" content=\"Vida Crist\u00e3 - Franciscanos\" \/>\n<meta property=\"article:published_time\" content=\"2021-07-21T19:41:05+00:00\" \/>\n<meta property=\"article:modified_time\" content=\"2021-07-22T09:24:00+00:00\" \/>\n<meta property=\"og:image\" content=\"https:\/\/franciscanos.org.br\/vidacrista\/wp-content\/uploads\/2021\/07\/madalena_21d.jpg\" \/>\n\t<meta property=\"og:image:width\" content=\"800\" \/>\n\t<meta property=\"og:image:height\" content=\"550\" \/>\n\t<meta property=\"og:image:type\" content=\"image\/jpeg\" \/>\n<meta name=\"author\" content=\"moacir\" \/>\n<meta name=\"twitter:card\" content=\"summary_large_image\" \/>\n<meta name=\"twitter:label1\" content=\"Escrito por\" \/>\n\t<meta name=\"twitter:data1\" content=\"moacir\" \/>\n\t<meta name=\"twitter:label2\" content=\"Est. tempo de leitura\" \/>\n\t<meta name=\"twitter:data2\" content=\"7 minutos\" \/>\n<script type=\"application\/ld+json\" class=\"yoast-schema-graph\">{\"@context\":\"https:\/\/schema.org\",\"@graph\":[{\"@type\":\"WebSite\",\"@id\":\"https:\/\/franciscanos.org.br\/vidacrista\/#website\",\"url\":\"https:\/\/franciscanos.org.br\/vidacrista\/\",\"name\":\"Vida Crist\u00e3 - Franciscanos\",\"description\":\"Prov\u00edncia Franciscana da Imaculada Concei\u00e7\u00e3o do Brasil - Ordem dos Frades Menores\",\"potentialAction\":[{\"@type\":\"SearchAction\",\"target\":{\"@type\":\"EntryPoint\",\"urlTemplate\":\"https:\/\/franciscanos.org.br\/vidacrista\/?s={search_term_string}\"},\"query-input\":\"required name=search_term_string\"}],\"inLanguage\":\"pt-BR\"},{\"@type\":\"WebPage\",\"@id\":\"https:\/\/franciscanos.org.br\/vidacrista\/evangelho-de-maria-madalena-passo-a-posso\/\",\"url\":\"https:\/\/franciscanos.org.br\/vidacrista\/evangelho-de-maria-madalena-passo-a-posso\/\",\"name\":\"Evangelho de Maria Madalena passo a posso - Vida Crist\u00e3 - Franciscanos\",\"isPartOf\":{\"@id\":\"https:\/\/franciscanos.org.br\/vidacrista\/#website\"},\"datePublished\":\"2021-07-21T19:41:05+00:00\",\"dateModified\":\"2021-07-22T09:24:00+00:00\",\"author\":{\"@id\":\"https:\/\/franciscanos.org.br\/vidacrista\/#\/schema\/person\/1880bdd2c350b735648725ef7614736a\"},\"breadcrumb\":{\"@id\":\"https:\/\/franciscanos.org.br\/vidacrista\/evangelho-de-maria-madalena-passo-a-posso\/#breadcrumb\"},\"inLanguage\":\"pt-BR\",\"potentialAction\":[{\"@type\":\"ReadAction\",\"target\":[\"https:\/\/franciscanos.org.br\/vidacrista\/evangelho-de-maria-madalena-passo-a-posso\/\"]}]},{\"@type\":\"BreadcrumbList\",\"@id\":\"https:\/\/franciscanos.org.br\/vidacrista\/evangelho-de-maria-madalena-passo-a-posso\/#breadcrumb\",\"itemListElement\":[{\"@type\":\"ListItem\",\"position\":1,\"name\":\"Home\",\"item\":\"https:\/\/franciscanos.org.br\/vidacrista\/\"},{\"@type\":\"ListItem\",\"position\":2,\"name\":\"Evangelho de Maria Madalena passo a posso\"}]},{\"@type\":\"Person\",\"@id\":\"https:\/\/franciscanos.org.br\/vidacrista\/#\/schema\/person\/1880bdd2c350b735648725ef7614736a\",\"name\":\"moacir\",\"image\":{\"@type\":\"ImageObject\",\"inLanguage\":\"pt-BR\",\"@id\":\"https:\/\/franciscanos.org.br\/vidacrista\/#\/schema\/person\/image\/\",\"url\":\"https:\/\/secure.gravatar.com\/avatar\/d08aa2ce4c8dd416d4479aa8536fcf64?s=96&d=mm&r=g\",\"contentUrl\":\"https:\/\/secure.gravatar.com\/avatar\/d08aa2ce4c8dd416d4479aa8536fcf64?s=96&d=mm&r=g\",\"caption\":\"moacir\"},\"url\":\"https:\/\/franciscanos.org.br\/vidacrista\/author\/moacir\/\"}]}<\/script>\n<!-- \/ Yoast SEO plugin. -->","yoast_head_json":{"title":"Evangelho de Maria Madalena passo a posso - Vida Crist\u00e3 - Franciscanos","robots":{"index":"index","follow":"follow","max-snippet":"max-snippet:-1","max-image-preview":"max-image-preview:large","max-video-preview":"max-video-preview:-1"},"canonical":"https:\/\/franciscanos.org.br\/vidacrista\/evangelho-de-maria-madalena-passo-a-posso\/","og_locale":"pt_BR","og_type":"article","og_title":"Evangelho de Maria Madalena passo a posso - Vida Crist\u00e3 - Franciscanos","og_description":"Artigo de Frei Jacir de Freitas Faria","og_url":"https:\/\/franciscanos.org.br\/vidacrista\/evangelho-de-maria-madalena-passo-a-posso\/","og_site_name":"Vida Crist\u00e3 - Franciscanos","article_published_time":"2021-07-21T19:41:05+00:00","article_modified_time":"2021-07-22T09:24:00+00:00","og_image":[{"width":800,"height":550,"url":"https:\/\/franciscanos.org.br\/vidacrista\/wp-content\/uploads\/2021\/07\/madalena_21d.jpg","type":"image\/jpeg"}],"author":"moacir","twitter_card":"summary_large_image","twitter_misc":{"Escrito por":"moacir","Est. tempo de leitura":"7 minutos"},"schema":{"@context":"https:\/\/schema.org","@graph":[{"@type":"WebSite","@id":"https:\/\/franciscanos.org.br\/vidacrista\/#website","url":"https:\/\/franciscanos.org.br\/vidacrista\/","name":"Vida Crist\u00e3 - Franciscanos","description":"Prov\u00edncia Franciscana da Imaculada Concei\u00e7\u00e3o do Brasil - Ordem dos Frades Menores","potentialAction":[{"@type":"SearchAction","target":{"@type":"EntryPoint","urlTemplate":"https:\/\/franciscanos.org.br\/vidacrista\/?s={search_term_string}"},"query-input":"required name=search_term_string"}],"inLanguage":"pt-BR"},{"@type":"WebPage","@id":"https:\/\/franciscanos.org.br\/vidacrista\/evangelho-de-maria-madalena-passo-a-posso\/","url":"https:\/\/franciscanos.org.br\/vidacrista\/evangelho-de-maria-madalena-passo-a-posso\/","name":"Evangelho de Maria Madalena passo a posso - Vida Crist\u00e3 - Franciscanos","isPartOf":{"@id":"https:\/\/franciscanos.org.br\/vidacrista\/#website"},"datePublished":"2021-07-21T19:41:05+00:00","dateModified":"2021-07-22T09:24:00+00:00","author":{"@id":"https:\/\/franciscanos.org.br\/vidacrista\/#\/schema\/person\/1880bdd2c350b735648725ef7614736a"},"breadcrumb":{"@id":"https:\/\/franciscanos.org.br\/vidacrista\/evangelho-de-maria-madalena-passo-a-posso\/#breadcrumb"},"inLanguage":"pt-BR","potentialAction":[{"@type":"ReadAction","target":["https:\/\/franciscanos.org.br\/vidacrista\/evangelho-de-maria-madalena-passo-a-posso\/"]}]},{"@type":"BreadcrumbList","@id":"https:\/\/franciscanos.org.br\/vidacrista\/evangelho-de-maria-madalena-passo-a-posso\/#breadcrumb","itemListElement":[{"@type":"ListItem","position":1,"name":"Home","item":"https:\/\/franciscanos.org.br\/vidacrista\/"},{"@type":"ListItem","position":2,"name":"Evangelho de Maria Madalena passo a posso"}]},{"@type":"Person","@id":"https:\/\/franciscanos.org.br\/vidacrista\/#\/schema\/person\/1880bdd2c350b735648725ef7614736a","name":"moacir","image":{"@type":"ImageObject","inLanguage":"pt-BR","@id":"https:\/\/franciscanos.org.br\/vidacrista\/#\/schema\/person\/image\/","url":"https:\/\/secure.gravatar.com\/avatar\/d08aa2ce4c8dd416d4479aa8536fcf64?s=96&d=mm&r=g","contentUrl":"https:\/\/secure.gravatar.com\/avatar\/d08aa2ce4c8dd416d4479aa8536fcf64?s=96&d=mm&r=g","caption":"moacir"},"url":"https:\/\/franciscanos.org.br\/vidacrista\/author\/moacir\/"}]}},"_links":{"self":[{"href":"https:\/\/franciscanos.org.br\/vidacrista\/wp-json\/wp\/v2\/posts\/190013"}],"collection":[{"href":"https:\/\/franciscanos.org.br\/vidacrista\/wp-json\/wp\/v2\/posts"}],"about":[{"href":"https:\/\/franciscanos.org.br\/vidacrista\/wp-json\/wp\/v2\/types\/post"}],"author":[{"embeddable":true,"href":"https:\/\/franciscanos.org.br\/vidacrista\/wp-json\/wp\/v2\/users\/3"}],"replies":[{"embeddable":true,"href":"https:\/\/franciscanos.org.br\/vidacrista\/wp-json\/wp\/v2\/comments?post=190013"}],"version-history":[{"count":2,"href":"https:\/\/franciscanos.org.br\/vidacrista\/wp-json\/wp\/v2\/posts\/190013\/revisions"}],"predecessor-version":[{"id":190021,"href":"https:\/\/franciscanos.org.br\/vidacrista\/wp-json\/wp\/v2\/posts\/190013\/revisions\/190021"}],"wp:featuredmedia":[{"embeddable":true,"href":"https:\/\/franciscanos.org.br\/vidacrista\/wp-json\/wp\/v2\/media\/190015"}],"wp:attachment":[{"href":"https:\/\/franciscanos.org.br\/vidacrista\/wp-json\/wp\/v2\/media?parent=190013"}],"wp:term":[{"taxonomy":"category","embeddable":true,"href":"https:\/\/franciscanos.org.br\/vidacrista\/wp-json\/wp\/v2\/categories?post=190013"},{"taxonomy":"post_tag","embeddable":true,"href":"https:\/\/franciscanos.org.br\/vidacrista\/wp-json\/wp\/v2\/tags?post=190013"}],"curies":[{"name":"wp","href":"https:\/\/api.w.org\/{rel}","templated":true}]}}